{"id":1281,"date":"2023-01-05T09:48:00","date_gmt":"2023-01-05T09:48:00","guid":{"rendered":"https:\/\/aridane.org\/ciudad\/?p=1281"},"modified":"2023-01-05T09:48:00","modified_gmt":"2023-01-05T09:48:00","slug":"el-ayuntamiento-de-los-llanos-de-aridane-otorga-casi-100-licencias-en-suelo-rustico-en-apena-7-meses","status":"publish","type":"post","link":"https:\/\/www.aridane.org\/city\/2023\/01\/05\/el-ayuntamiento-de-los-llanos-de-aridane-otorga-casi-100-licencias-en-suelo-rustico-en-apena-7-meses\/","title":{"rendered":"El Ayuntamiento de Los Llanos de Aridane otorga casi 100 licencias en suelo r\u00fastico en apena 7 meses"},"content":{"rendered":"<section class=\"wpb-content-wrapper\"><p>[vc_row css_animation=\u00bb\u00bb row_type=\u00bbrow\u00bb use_row_as_full_screen_section=\u00bbno\u00bb type=\u00bbfull_width\u00bb angled_section=\u00bbno\u00bb text_align=\u00bbleft\u00bb background_image_as_pattern=\u00bbwithout_pattern\u00bb][vc_column][vc_row_inner row_type=\u00bbrow\u00bb type=\u00bbgrid\u00bb text_align=\u00bbleft\u00bb css_animation=\u00bb\u00bb][vc_column_inner][vc_empty_space height=\u00bb20px\u00bb][vc_column_text]<\/p>\n<ul>\n<li style=\"text-align: justify;\"><em>Garc\u00eda Leal pone en valor el coraje y el esfuerzo de estas familias que volver\u00e1n a construir su hogar en el municipio.<\/em><\/li>\n<li style=\"text-align: justify;\"><em>Mientras, el concejal de Urbanismo, Manuel Perera, agradece el trabajo y la agilidad de los empleados de la Oficina de Atenci\u00f3n a los Damnificados y del propio personal del Consistorio para poder llevar a cabo este trabajo en tiempo r\u00e9cord.<\/em><\/li>\n<\/ul>\n<p>&nbsp;<\/p>\n<p style=\"text-align: justify;\"><strong>Los Llanos de Aridane, 5 de enero de 2023.-<\/strong> El Ayuntamiento de Los Llanos de Aridane a trav\u00e9s del concejal de Urbanismo, Manuel Perera, ha confirmado que \u201cya se han otorgado casi 100 licencias, concretamente 90, en suelo r\u00fastico en apena 7 meses, \u00a0a los damnificados que perdieron su primera vivienda como consecuencia de la erupci\u00f3n del volc\u00e1n\u201d, se\u00f1ala.<\/p>\n<p style=\"text-align: justify;\">La alcaldesa del municipio, Noelia Garc\u00eda Leal, agradece el esfuerzo y el coraje de estas familias que van a volver \u00a0a construir sus viviendas en el municipio, y reconoce que \u201csu empe\u00f1o y sacrificio ha sido clave para que hayamos podido conceder este importante n\u00famero de licencias en tan poco tiempo\u201d.<\/p>\n<p style=\"text-align: justify;\">Por su parte, Perera tambi\u00e9n ha tenido palabras de agradecimiento para todos los profesionales contratados en el \u00e1rea de Urbanismo a trav\u00e9s del Plan de Empleo y Formaci\u00f3n, financiado por el Gobierno de Espa\u00f1a y el Gobierno de Canarias, y que han desempe\u00f1ado sus funciones en la Oficina de Atenci\u00f3n a los Damnificados, \u201cconcretamente 3 arquitectos, 2 aparejadores, 1 ingeniero de caminos, 2 auxiliares administrativo, y 2 juristas, que desde la apertura de esta Oficina han atendido e informado a m\u00e1s de 1.500 afectados, y cuya dedicaci\u00f3n ha sido de especial importancia, junto a la de los empleados del propio Consistorio, para poder llevar a cabo este trabajo en tiempo r\u00e9cord\u201d, asegura.<\/p>\n<p style=\"text-align: justify;\">Adem\u00e1s, el concejal reconoce que es de vital importancia que se reactive cuanto antes el nuevo Plan de Empleo, \u201cporque la labor que desarrollan estos profesionales contribuye y permite que seamos una administraci\u00f3n m\u00e1s \u00e1gil, algo que es primordial en estos momentos para estas familias del municipio\u201d, afirma.<\/p>\n<p style=\"text-align: justify;\">Por \u00faltimo, desde el Ayuntamiento de Los Llanos de Aridane se recuerda que \u201cahora m\u00e1s que nunca, y en plena reconstrucci\u00f3n, es vital importancia que las administraciones sigamos trabajando juntas para poder ofrecer soluciones a nuestros vecinos\u201d, se\u00f1ala.<\/p>\n<p>[\/vc_column_text][vc_empty_space height=\u00bb20px\u00bb][\/vc_column_inner][\/vc_row_inner][\/vc_column][\/vc_row]<\/p>\n<\/section>","protected":false},"excerpt":{"rendered":"<p>[vc_row css_animation=\u00bb\u00bb row_type=\u00bbrow\u00bb use_row_as_full_screen_section=\u00bbno\u00bb type=\u00bbfull_width\u00bb angled_section=\u00bbno\u00bb text_align=\u00bbleft\u00bb background_image_as_pattern=\u00bbwithout_pattern\u00bb][vc_column][vc_row_inner row_type=\u00bbrow\u00bb type=\u00bbgrid\u00bb text_align=\u00bbleft\u00bb css_animation=\u00bb\u00bb][vc_column_inner][vc_empty_space height=\u00bb20px\u00bb][vc_column_text] Garc\u00eda Leal pone en valor el coraje y el esfuerzo de estas familias que volver\u00e1n a construir su hogar en el municipio. Mientras, el concejal de Urbanismo, Manuel Perera, agradece el trabajo&#8230;<\/p>\n","protected":false},"author":1,"featured_media":0,"comment_status":"closed","ping_status":"open","sticky":false,"template":"","format":"standard","meta":{"footnotes":""},"categories":[6],"tags":[],"class_list":["post-1281","post","type-post","status-publish","format-standard","hentry","category-prensa"],"yoast_head":"<!-- This site is optimized with the Yoast SEO plugin v22.7 - https:\/\/yoast.com\/wordpress\/plugins\/seo\/ -->\n<title>El Ayuntamiento de Los Llanos de Aridane otorga casi 100 licencias en suelo r\u00fastico en apena 7 meses - Ayuntamiento de Los Llanos de Aridane<\/title>\n<meta name=\"description\" content=\"El Ayuntamiento de Los Llanos de Aridane presenta el cartel y el programa de La Patrona 2021 con el lema \u201cRemedios, m\u00e1s que un nombre.\u201d\" \/>\n<meta name=\"robots\" content=\"index, follow, max-snippet:-1, max-image-preview:large, max-video-preview:-1\" \/>\n<link rel=\"canonical\" href=\"https:\/\/www.aridane.org\/city\/2023\/01\/05\/el-ayuntamiento-de-los-llanos-de-aridane-otorga-casi-100-licencias-en-suelo-rustico-en-apena-7-meses\/\" \/>\n<meta property=\"og:locale\" content=\"es_ES\" \/>\n<meta property=\"og:type\" content=\"article\" \/>\n<meta property=\"og:title\" content=\"El Ayuntamiento de Los Llanos de Aridane otorga casi 100 licencias en suelo r\u00fastico en apena 7 meses - Ayuntamiento de Los Llanos de Aridane\" \/>\n<meta property=\"og:description\" content=\"El Ayuntamiento de Los Llanos de Aridane presenta el cartel y el programa de La Patrona 2021 con el lema \u201cRemedios, m\u00e1s que un nombre.\u201d\" \/>\n<meta property=\"og:url\" content=\"https:\/\/www.aridane.org\/city\/2023\/01\/05\/el-ayuntamiento-de-los-llanos-de-aridane-otorga-casi-100-licencias-en-suelo-rustico-en-apena-7-meses\/\" \/>\n<meta property=\"og:site_name\" content=\"Ayuntamiento de Los Llanos de Aridane\" \/>\n<meta property=\"article:published_time\" content=\"2023-01-05T09:48:00+00:00\" \/>\n<meta name=\"author\" content=\"Richard Diaz\" \/>\n<meta name=\"twitter:card\" content=\"summary_large_image\" \/>\n<meta name=\"twitter:label1\" content=\"Escrito por\" \/>\n\t<meta name=\"twitter:data1\" content=\"Richard Diaz\" \/>\n\t<meta name=\"twitter:label2\" content=\"Tiempo de lectura\" \/>\n\t<meta name=\"twitter:data2\" content=\"2 minutos\" \/>\n<script type=\"application\/ld+json\" class=\"yoast-schema-graph\">{\"@context\":\"https:\/\/schema.org\",\"@graph\":[{\"@type\":\"WebPage\",\"@id\":\"https:\/\/www.aridane.org\/city\/2023\/01\/05\/el-ayuntamiento-de-los-llanos-de-aridane-otorga-casi-100-licencias-en-suelo-rustico-en-apena-7-meses\/\",\"url\":\"https:\/\/www.aridane.org\/city\/2023\/01\/05\/el-ayuntamiento-de-los-llanos-de-aridane-otorga-casi-100-licencias-en-suelo-rustico-en-apena-7-meses\/\",\"name\":\"El Ayuntamiento de Los Llanos de Aridane otorga casi 100 licencias en suelo r\u00fastico en apena 7 meses - Ayuntamiento de Los Llanos de Aridane\",\"isPartOf\":{\"@id\":\"https:\/\/www.aridane.org\/city\/#website\"},\"datePublished\":\"2023-01-05T09:48:00+00:00\",\"dateModified\":\"2023-01-05T09:48:00+00:00\",\"author\":{\"@id\":\"https:\/\/www.aridane.org\/city\/#\/schema\/person\/7d352ec7f29881716f298394432e7209\"},\"description\":\"El Ayuntamiento de Los Llanos de Aridane presenta el cartel y el programa de La Patrona 2021 con el lema \u201cRemedios, m\u00e1s que un nombre.\u201d\",\"breadcrumb\":{\"@id\":\"https:\/\/www.aridane.org\/city\/2023\/01\/05\/el-ayuntamiento-de-los-llanos-de-aridane-otorga-casi-100-licencias-en-suelo-rustico-en-apena-7-meses\/#breadcrumb\"},\"inLanguage\":\"es\",\"potentialAction\":[{\"@type\":\"ReadAction\",\"target\":[\"https:\/\/www.aridane.org\/city\/2023\/01\/05\/el-ayuntamiento-de-los-llanos-de-aridane-otorga-casi-100-licencias-en-suelo-rustico-en-apena-7-meses\/\"]}]},{\"@type\":\"BreadcrumbList\",\"@id\":\"https:\/\/www.aridane.org\/city\/2023\/01\/05\/el-ayuntamiento-de-los-llanos-de-aridane-otorga-casi-100-licencias-en-suelo-rustico-en-apena-7-meses\/#breadcrumb\",\"itemListElement\":[{\"@type\":\"ListItem\",\"position\":1,\"name\":\"Portada\",\"item\":\"https:\/\/www.aridane.org\/city\/\"},{\"@type\":\"ListItem\",\"position\":2,\"name\":\"El Ayuntamiento de Los Llanos de Aridane otorga casi 100 licencias en suelo r\u00fastico en apena 7 meses\"}]},{\"@type\":\"WebSite\",\"@id\":\"https:\/\/www.aridane.org\/city\/#website\",\"url\":\"https:\/\/www.aridane.org\/city\/\",\"name\":\"Ayuntamiento de Los Llanos de Aridane\",\"description\":\"\",\"potentialAction\":[{\"@type\":\"SearchAction\",\"target\":{\"@type\":\"EntryPoint\",\"urlTemplate\":\"https:\/\/www.aridane.org\/city\/?s={search_term_string}\"},\"query-input\":\"required name=search_term_string\"}],\"inLanguage\":\"es\"},{\"@type\":\"Person\",\"@id\":\"https:\/\/www.aridane.org\/city\/#\/schema\/person\/7d352ec7f29881716f298394432e7209\",\"name\":\"Richard Diaz\",\"image\":{\"@type\":\"ImageObject\",\"inLanguage\":\"es\",\"@id\":\"https:\/\/www.aridane.org\/city\/#\/schema\/person\/image\/\",\"url\":\"https:\/\/secure.gravatar.com\/avatar\/bacd6aefc26a4a204943090a4c596cd10f0857081ef3cfd12084a70ecb3161d5?s=96&d=mm&r=g\",\"contentUrl\":\"https:\/\/secure.gravatar.com\/avatar\/bacd6aefc26a4a204943090a4c596cd10f0857081ef3cfd12084a70ecb3161d5?s=96&d=mm&r=g\",\"caption\":\"Richard Diaz\"},\"sameAs\":[\"https:\/\/www.aridane.org\/city\"],\"url\":\"https:\/\/www.aridane.org\/city\/author\/richard-diaz\/\"}]}<\/script>\n<!-- \/ Yoast SEO plugin. -->","yoast_head_json":{"title":"El Ayuntamiento de Los Llanos de Aridane otorga casi 100 licencias en suelo r\u00fastico en apena 7 meses - Ayuntamiento de Los Llanos de Aridane","description":"El Ayuntamiento de Los Llanos de Aridane presenta el cartel y el programa de La Patrona 2021 con el lema \u201cRemedios, m\u00e1s que un nombre.\u201d","robots":{"index":"index","follow":"follow","max-snippet":"max-snippet:-1","max-image-preview":"max-image-preview:large","max-video-preview":"max-video-preview:-1"},"canonical":"https:\/\/www.aridane.org\/city\/2023\/01\/05\/el-ayuntamiento-de-los-llanos-de-aridane-otorga-casi-100-licencias-en-suelo-rustico-en-apena-7-meses\/","og_locale":"es_ES","og_type":"article","og_title":"El Ayuntamiento de Los Llanos de Aridane otorga casi 100 licencias en suelo r\u00fastico en apena 7 meses - Ayuntamiento de Los Llanos de Aridane","og_description":"El Ayuntamiento de Los Llanos de Aridane presenta el cartel y el programa de La Patrona 2021 con el lema \u201cRemedios, m\u00e1s que un nombre.\u201d","og_url":"https:\/\/www.aridane.org\/city\/2023\/01\/05\/el-ayuntamiento-de-los-llanos-de-aridane-otorga-casi-100-licencias-en-suelo-rustico-en-apena-7-meses\/","og_site_name":"Ayuntamiento de Los Llanos de Aridane","article_published_time":"2023-01-05T09:48:00+00:00","author":"Richard Diaz","twitter_card":"summary_large_image","twitter_misc":{"Escrito por":"Richard Diaz","Tiempo de lectura":"2 minutos"},"schema":{"@context":"https:\/\/schema.org","@graph":[{"@type":"WebPage","@id":"https:\/\/www.aridane.org\/city\/2023\/01\/05\/el-ayuntamiento-de-los-llanos-de-aridane-otorga-casi-100-licencias-en-suelo-rustico-en-apena-7-meses\/","url":"https:\/\/www.aridane.org\/city\/2023\/01\/05\/el-ayuntamiento-de-los-llanos-de-aridane-otorga-casi-100-licencias-en-suelo-rustico-en-apena-7-meses\/","name":"El Ayuntamiento de Los Llanos de Aridane otorga casi 100 licencias en suelo r\u00fastico en apena 7 meses - Ayuntamiento de Los Llanos de Aridane","isPartOf":{"@id":"https:\/\/www.aridane.org\/city\/#website"},"datePublished":"2023-01-05T09:48:00+00:00","dateModified":"2023-01-05T09:48:00+00:00","author":{"@id":"https:\/\/www.aridane.org\/city\/#\/schema\/person\/7d352ec7f29881716f298394432e7209"},"description":"El Ayuntamiento de Los Llanos de Aridane presenta el cartel y el programa de La Patrona 2021 con el lema \u201cRemedios, m\u00e1s que un nombre.\u201d","breadcrumb":{"@id":"https:\/\/www.aridane.org\/city\/2023\/01\/05\/el-ayuntamiento-de-los-llanos-de-aridane-otorga-casi-100-licencias-en-suelo-rustico-en-apena-7-meses\/#breadcrumb"},"inLanguage":"es","potentialAction":[{"@type":"ReadAction","target":["https:\/\/www.aridane.org\/city\/2023\/01\/05\/el-ayuntamiento-de-los-llanos-de-aridane-otorga-casi-100-licencias-en-suelo-rustico-en-apena-7-meses\/"]}]},{"@type":"BreadcrumbList","@id":"https:\/\/www.aridane.org\/city\/2023\/01\/05\/el-ayuntamiento-de-los-llanos-de-aridane-otorga-casi-100-licencias-en-suelo-rustico-en-apena-7-meses\/#breadcrumb","itemListElement":[{"@type":"ListItem","position":1,"name":"Portada","item":"https:\/\/www.aridane.org\/city\/"},{"@type":"ListItem","position":2,"name":"El Ayuntamiento de Los Llanos de Aridane otorga casi 100 licencias en suelo r\u00fastico en apena 7 meses"}]},{"@type":"WebSite","@id":"https:\/\/www.aridane.org\/city\/#website","url":"https:\/\/www.aridane.org\/city\/","name":"Ayuntamiento de Los Llanos de Aridane","description":"","potentialAction":[{"@type":"SearchAction","target":{"@type":"EntryPoint","urlTemplate":"https:\/\/www.aridane.org\/city\/?s={search_term_string}"},"query-input":"required name=search_term_string"}],"inLanguage":"es"},{"@type":"Person","@id":"https:\/\/www.aridane.org\/city\/#\/schema\/person\/7d352ec7f29881716f298394432e7209","name":"Richard Diaz","image":{"@type":"ImageObject","inLanguage":"es","@id":"https:\/\/www.aridane.org\/city\/#\/schema\/person\/image\/","url":"https:\/\/secure.gravatar.com\/avatar\/bacd6aefc26a4a204943090a4c596cd10f0857081ef3cfd12084a70ecb3161d5?s=96&d=mm&r=g","contentUrl":"https:\/\/secure.gravatar.com\/avatar\/bacd6aefc26a4a204943090a4c596cd10f0857081ef3cfd12084a70ecb3161d5?s=96&d=mm&r=g","caption":"Richard Diaz"},"sameAs":["https:\/\/www.aridane.org\/city"],"url":"https:\/\/www.aridane.org\/city\/author\/richard-diaz\/"}]}},"_links":{"self":[{"href":"https:\/\/www.aridane.org\/city\/wp-json\/wp\/v2\/posts\/1281","targetHints":{"allow":["GET"]}}],"collection":[{"href":"https:\/\/www.aridane.org\/city\/wp-json\/wp\/v2\/posts"}],"about":[{"href":"https:\/\/www.aridane.org\/city\/wp-json\/wp\/v2\/types\/post"}],"author":[{"embeddable":true,"href":"https:\/\/www.aridane.org\/city\/wp-json\/wp\/v2\/users\/1"}],"replies":[{"embeddable":true,"href":"https:\/\/www.aridane.org\/city\/wp-json\/wp\/v2\/comments?post=1281"}],"version-history":[{"count":0,"href":"https:\/\/www.aridane.org\/city\/wp-json\/wp\/v2\/posts\/1281\/revisions"}],"wp:attachment":[{"href":"https:\/\/www.aridane.org\/city\/wp-json\/wp\/v2\/media?parent=1281"}],"wp:term":[{"taxonomy":"category","embeddable":true,"href":"https:\/\/www.aridane.org\/city\/wp-json\/wp\/v2\/categories?post=1281"},{"taxonomy":"post_tag","embeddable":true,"href":"https:\/\/www.aridane.org\/city\/wp-json\/wp\/v2\/tags?post=1281"}],"curies":[{"name":"wp","href":"https:\/\/api.w.org\/{rel}","templated":true}]}}