{"id":1284,"date":"2023-01-09T09:42:21","date_gmt":"2023-01-09T09:42:21","guid":{"rendered":"https:\/\/aridane.org\/ciudad\/?p=1284"},"modified":"2023-01-09T09:42:21","modified_gmt":"2023-01-09T09:42:21","slug":"regresa-la-iii-edicion-de-aridane-criminal","status":"publish","type":"post","link":"https:\/\/www.aridane.org\/city\/2023\/01\/09\/regresa-la-iii-edicion-de-aridane-criminal\/","title":{"rendered":"Regresa la III edici\u00f3n de \u2018Aridane Criminal\u2019"},"content":{"rendered":"<section class=\"wpb-content-wrapper\"><p>[vc_row css_animation=\u00bb\u00bb row_type=\u00bbrow\u00bb use_row_as_full_screen_section=\u00bbno\u00bb type=\u00bbfull_width\u00bb angled_section=\u00bbno\u00bb text_align=\u00bbleft\u00bb background_image_as_pattern=\u00bbwithout_pattern\u00bb][vc_column][vc_row_inner row_type=\u00bbrow\u00bb type=\u00bbgrid\u00bb text_align=\u00bbleft\u00bb css_animation=\u00bb\u00bb][vc_column_inner][vc_empty_space height=\u00bb20px\u00bb][vc_column_text]<\/p>\n<ul>\n<li style=\"text-align: justify;\"><em>Este Festival de novela negra y criminal, dirigido por el escritor Alexis Ravelo, se desarrollar\u00e1 del 18 al 21 de enero, y profundizar\u00e1 en estos g\u00e9neros literarios a trav\u00e9s de conferencias, debates y talleres.<\/em><\/li>\n<\/ul>\n<p>&nbsp;<\/p>\n<p style=\"text-align: justify;\"><strong>Los Llanos de Aridane, 9 de enero de 2023.-<\/strong> El Ayuntamiento de los Llanos de Aridane a trav\u00e9s de la concejal de Cultura Charo Gonz\u00e1lez, y el escritor Alexis Ravelo han confirmado que regresa la III edici\u00f3n de \u2018Aridane Criminal\u2019 del pr\u00f3ximo 18 al 21 de enero. \u201cDe esta manera este encuentro vuelve a su fecha habitual, la tercera semana de enero, para celebrar el cumplea\u00f1os de su madrina espectral, la maestra Patricia Highsmith, que representa algunos de los valores que inspiran este encuentro anual: el esp\u00edritu cr\u00edtico, el humor negro, el inter\u00e9s por la calidad literaria por encima de otras consideraciones, y la mirada orientada hacia lo fronterizo\u201d, se\u00f1alan.<\/p>\n<p style=\"text-align: justify;\">Gonz\u00e1lez explica que los encuentros con autores emblem\u00e1ticos como Claudia Pi\u00f1eiro, Jon Arretxe o Antonio Altarriba se alternar\u00e1n con di\u00e1logos con nuevas y poderosas voces, como las de N\u00faria Bendicho Gir\u00f3, Valeria Correa Fiz o Marta Prieto. Adem\u00e1s, confirma que el Espacio Antonio Lozano estar\u00e1 dedicado, este a\u00f1o, al autor ecuatoguineano Francisco Zamora Loboch y habr\u00e1 oportunidad de atender a firmas que proceden del norte, como las de Diego Ameixeiras y Javier D\u00edez Carmona.<\/p>\n<p style=\"text-align: justify;\">Mientras, el taller creativo habitual, que se desarrollar\u00e1 el jueves y viernes de 19 de 17:00 a 19:00 horas, \u00a0tomar\u00e1 una orientaci\u00f3n cinematogr\u00e1fica, llevar\u00e1 por t\u00edtulo \u2018C\u00f3mo acercarse a la escritura de un gui\u00f3n y no desesperar (o morir) en el intento\u2019, y ser\u00e1 impartido por el escritor y guionista Carlos Bassas del Rey.<\/p>\n<p style=\"text-align: justify;\">\u2018El d\u00eda del espectador\u2019, el mi\u00e9rcoles 18 a las 20:00 horas, estar\u00e1 dedicado a La jungla de asfalto, \u201cque ilustra muy bien uno de los asuntos que se desean tratar este a\u00f1o, el g\u00e9nero negro como veh\u00edculo de desvelamiento y denuncia de la corrupci\u00f3n, tema del que se ocupar\u00e1 \u2018El ojo p\u00fablico\u2019, una de las mesas de debate del viernes 20.<\/p>\n<p style=\"text-align: justify;\">De especial inter\u00e9s resultar\u00e1 tambi\u00e9n el coloquio \u2018Otras voces, otros \u00e1mbitos\u2019, el viernes 20 de 17:00 a 19:00 horas, entre Jon Arretxe, Diego Ameixeiras y N\u00faria Bendicho Gir\u00f3, tres autores que escriben sus obras en euskera, galego y catal\u00e1, respectivamente.<\/p>\n<p style=\"text-align: justify;\">Asimismo, a las secciones ya habituales en el encuentro, se sumar\u00e1 \u2018Panorama isle\u00f1o\u2019, el jueves a las 18:00 horas, que tomar\u00e1 el pulso a las nuevas narrativas negrocriminales surgidas en Canarias. Y el \u2018Letras a tiros\u2019, s\u00e1bado 21 a las 13:00 horas, *que* este a\u00f1o estar\u00e1 dedicado al p\u00f3lar. Cristina Santana y Crist\u00f3bal Montesdeoca acompa\u00f1ar\u00e1n con lo mejor de la chanson el recorrido que Carlos \u00c1lvarez realizar\u00e1 por algunos de los textos m\u00e1s interesantes de la novela negra y criminal francesa.<\/p>\n<p style=\"text-align: justify;\">Desde la concejal\u00eda de Cultura recuerdan que este encuentro est\u00e1 financiado por la Viceconsejer\u00eda de Cultura del Gobierno de Canarias, bajo la coordinaci\u00f3n del Instituto Canario de Desarrollo Cultural, y organizado por el \u00c1rea de Cultura del Ayuntamiento de Los Llanos de Aridane, con la colaboraci\u00f3n de la C\u00e1tedra Antonio Lozano.<\/p>\n<p style=\"text-align: justify;\">Por \u00faltimo, desde el Ayuntamiento de Los Llanos de Aridane se invita a todas aquellas personas que lo deseen a participar en \u2018Aridane Criminal\u2019, y se confirma que este a\u00f1o tambi\u00e9n se podr\u00e1 seguir por streaming.<\/p>\n<p>&nbsp;<\/p>\n<p style=\"text-align: justify;\"><strong>Programa:\u00a0<\/strong><\/p>\n<p style=\"text-align: justify;\"><strong>Mi\u00e9rcoles 18:<\/strong><br \/>\n<strong>19:00<\/strong> Inauguraci\u00f3n.<br \/>\n<strong>19:10<\/strong> La mirada de Tour\u00e9. Encuentro con Jon Arretxe. Moderador: Javier Rivero Grandoso.<br \/>\n<strong>20:00:<\/strong> El d\u00eda del espectador: Huston, Burnett y la corrupci\u00f3n absoluta. Conferencia del cineasta y escritor Elio Quiroga.<\/p>\n<p style=\"text-align: justify;\"><strong>Jueves 19:<\/strong><br \/>\n<strong>17:00-19:00:<\/strong> Taller: C\u00f3mo acercarse a la escritura de un gui\u00f3n y no desesperar (o morir) en el intento. A cargo de Carlos Bassas del Rey.<br \/>\nP\u00fablico: Todos aquellos que tengan inter\u00e9s en conocer las herramientas b\u00e1sicas para aprender a escribir un gui\u00f3n. N\u00daMERO DE ALUMNOS M\u00c1XIMO: 20. DURACI\u00d3N: 4 horas (2h. \u2013 2h.)<br \/>\n<strong>18:00<\/strong> Panorama isle\u00f1o: Acercamiento a las obras recientes de autores insulares.<br \/>\nParticipan: Julieta Mart\u00edn Fuentes y Esteban San Juan Hern\u00e1ndez.<br \/>\nModera: Eduardo Garc\u00eda Rojas.<br \/>\n<strong>19:00<\/strong> Cosecha Negra: Mesa redonda con N\u00faria Bendicho Gir\u00f3, Valeria Correa Fiz, Javier D\u00edez Carmona y Marta Prieto.<br \/>\nModera: Eduardo Garc\u00eda Rojas.<br \/>\n<strong>20:00<\/strong> Yo, Altarriba. Encuentro con Antonio Altarriba.<br \/>\nModera: Paco S\u00e1nchez.<br \/>\n<strong>21:00<\/strong> Espacio Antonio Lozano: Encuentro con Francisco Zamora Loboch. En colaboraci\u00f3n con la C\u00e1tedra Cultural Antonio Lozano.<br \/>\nModera: Javier Rivero Grandoso.<\/p>\n<p style=\"text-align: justify;\"><strong>Viernes 20:<\/strong><br \/>\n<strong>17:00-19:00:<\/strong> Taller: C\u00f3mo acercarse a la escritura de un gui\u00f3n y no desesperar (o morir) en el intento. A cargo de Carlos Bassas del Rey.<br \/>\n<strong>19:00<\/strong> El ojo p\u00fablico. La novela negra como veh\u00edculo de denuncia de la corrupci\u00f3n.<br \/>\nMesa redonda con Marta Prieto, Javier D\u00edez Carmona y Francisco Zamora Loboch.<br \/>\nModera: Eduardo Garc\u00eda Rojas.<br \/>\n<strong>20:00<\/strong> Otras voces, otros \u00e1mbitos. Mesa redonda con Jon Arretxe, Diego Ameixeiras y N\u00faria Bendicho Gir\u00f3.<br \/>\nModera: Javier Rivero Grandoso.<br \/>\n<strong>21:00<\/strong> Personajes de tinta y hueso. Encuentro con Claudia Pi\u00f1eiro.<br \/>\nModera: Marta Marne.<\/p>\n<p style=\"text-align: justify;\"><strong>S\u00e1bado 21:<\/strong><br \/>\n<strong>11:00<\/strong> Literatura m\u00e1s all\u00e1 del g\u00e9nero. Mesa redonda con Claudia Pi\u00f1eiro, Valeria Correa Fiz, Carlos Bassas y Diego Ameixeiras.<br \/>\nModera: Marta Marne.<\/p>\n<p style=\"text-align: justify;\"><strong>12:00<\/strong> D\u00edmelo en la calle. Lectura de textos a cargo de Diego Ameixeiras, Jon Arretxe, Carlos Bassas del Rey, N\u00faria Bendicho Gir\u00f3, Valeria Correa Fiz, Javier, D\u00edez Carmona, Claudia Pi\u00f1eiro, Marta Prieto y Francisco Zamora Loboch.<br \/>\n<strong>13:00<\/strong> Letras a tiros. P\u00f3lar. Un recorrido por la novela criminal en franc\u00e9s.<br \/>\nGui\u00f3n: Alexis Ravelo. Locuci\u00f3n: Carlos \u00c1lvarez. Voz: Cristina Santana. Piano: Crist\u00f3bal Montesdeoca.<\/p>\n<p>[\/vc_column_text][vc_empty_space height=\u00bb20px\u00bb][\/vc_column_inner][\/vc_row_inner][\/vc_column][\/vc_row]<\/p>\n<\/section>","protected":false},"excerpt":{"rendered":"<p>[vc_row css_animation=\u00bb\u00bb row_type=\u00bbrow\u00bb use_row_as_full_screen_section=\u00bbno\u00bb type=\u00bbfull_width\u00bb angled_section=\u00bbno\u00bb text_align=\u00bbleft\u00bb background_image_as_pattern=\u00bbwithout_pattern\u00bb][vc_column][vc_row_inner row_type=\u00bbrow\u00bb type=\u00bbgrid\u00bb text_align=\u00bbleft\u00bb css_animation=\u00bb\u00bb][vc_column_inner][vc_empty_space height=\u00bb20px\u00bb][vc_column_text] Este Festival de novela negra y criminal, dirigido por el escritor Alexis Ravelo, se desarrollar\u00e1 del 18 al 21 de enero, y profundizar\u00e1 en estos g\u00e9neros literarios a trav\u00e9s de conferencias, debates&#8230;<\/p>\n","protected":false},"author":1,"featured_media":2199,"comment_status":"closed","ping_status":"open","sticky":false,"template":"","format":"standard","meta":{"footnotes":""},"categories":[6],"tags":[],"class_list":["post-1284","post","type-post","status-publish","format-standard","has-post-thumbnail","hentry","category-prensa"],"yoast_head":"<!-- This site is optimized with the Yoast SEO plugin v22.7 - https:\/\/yoast.com\/wordpress\/plugins\/seo\/ -->\n<title>Regresa la III edici\u00f3n de \u2018Aridane Criminal\u2019 - Ayuntamiento de Los Llanos de Aridane<\/title>\n<meta name=\"description\" content=\"El Ayuntamiento de Los Llanos de Aridane presenta el cartel y el programa de La Patrona 2021 con el lema \u201cRemedios, m\u00e1s que un nombre.\u201d\" \/>\n<meta name=\"robots\" content=\"index, follow, max-snippet:-1, max-image-preview:large, max-video-preview:-1\" \/>\n<link rel=\"canonical\" href=\"https:\/\/www.aridane.org\/city\/2023\/01\/09\/regresa-la-iii-edicion-de-aridane-criminal\/\" \/>\n<meta property=\"og:locale\" content=\"es_ES\" \/>\n<meta property=\"og:type\" content=\"article\" \/>\n<meta property=\"og:title\" content=\"Regresa la III edici\u00f3n de \u2018Aridane Criminal\u2019 - Ayuntamiento de Los Llanos de Aridane\" \/>\n<meta property=\"og:description\" content=\"El Ayuntamiento de Los Llanos de Aridane presenta el cartel y el programa de La Patrona 2021 con el lema \u201cRemedios, m\u00e1s que un nombre.\u201d\" \/>\n<meta property=\"og:url\" content=\"https:\/\/www.aridane.org\/city\/2023\/01\/09\/regresa-la-iii-edicion-de-aridane-criminal\/\" \/>\n<meta property=\"og:site_name\" content=\"Ayuntamiento de Los Llanos de Aridane\" \/>\n<meta property=\"article:published_time\" content=\"2023-01-09T09:42:21+00:00\" \/>\n<meta property=\"og:image\" content=\"https:\/\/www.aridane.org\/city\/wp-content\/uploads\/2023\/07\/reloj_aridane.jpg\" \/>\n\t<meta property=\"og:image:width\" content=\"632\" \/>\n\t<meta property=\"og:image:height\" content=\"421\" \/>\n\t<meta property=\"og:image:type\" content=\"image\/jpeg\" \/>\n<meta name=\"author\" content=\"Richard Diaz\" \/>\n<meta name=\"twitter:card\" content=\"summary_large_image\" \/>\n<meta name=\"twitter:label1\" content=\"Escrito por\" \/>\n\t<meta name=\"twitter:data1\" content=\"Richard Diaz\" \/>\n\t<meta name=\"twitter:label2\" content=\"Tiempo de lectura\" \/>\n\t<meta name=\"twitter:data2\" content=\"5 minutos\" \/>\n<script type=\"application\/ld+json\" class=\"yoast-schema-graph\">{\"@context\":\"https:\/\/schema.org\",\"@graph\":[{\"@type\":\"WebPage\",\"@id\":\"https:\/\/www.aridane.org\/city\/2023\/01\/09\/regresa-la-iii-edicion-de-aridane-criminal\/\",\"url\":\"https:\/\/www.aridane.org\/city\/2023\/01\/09\/regresa-la-iii-edicion-de-aridane-criminal\/\",\"name\":\"Regresa la III edici\u00f3n de \u2018Aridane Criminal\u2019 - Ayuntamiento de Los Llanos de Aridane\",\"isPartOf\":{\"@id\":\"https:\/\/www.aridane.org\/city\/#website\"},\"primaryImageOfPage\":{\"@id\":\"https:\/\/www.aridane.org\/city\/2023\/01\/09\/regresa-la-iii-edicion-de-aridane-criminal\/#primaryimage\"},\"image\":{\"@id\":\"https:\/\/www.aridane.org\/city\/2023\/01\/09\/regresa-la-iii-edicion-de-aridane-criminal\/#primaryimage\"},\"thumbnailUrl\":\"https:\/\/www.aridane.org\/city\/wp-content\/uploads\/2023\/07\/reloj_aridane.jpg\",\"datePublished\":\"2023-01-09T09:42:21+00:00\",\"dateModified\":\"2023-01-09T09:42:21+00:00\",\"author\":{\"@id\":\"https:\/\/www.aridane.org\/city\/#\/schema\/person\/7d352ec7f29881716f298394432e7209\"},\"description\":\"El Ayuntamiento de Los Llanos de Aridane presenta el cartel y el programa de La Patrona 2021 con el lema \u201cRemedios, m\u00e1s que un nombre.\u201d\",\"breadcrumb\":{\"@id\":\"https:\/\/www.aridane.org\/city\/2023\/01\/09\/regresa-la-iii-edicion-de-aridane-criminal\/#breadcrumb\"},\"inLanguage\":\"es\",\"potentialAction\":[{\"@type\":\"ReadAction\",\"target\":[\"https:\/\/www.aridane.org\/city\/2023\/01\/09\/regresa-la-iii-edicion-de-aridane-criminal\/\"]}]},{\"@type\":\"ImageObject\",\"inLanguage\":\"es\",\"@id\":\"https:\/\/www.aridane.org\/city\/2023\/01\/09\/regresa-la-iii-edicion-de-aridane-criminal\/#primaryimage\",\"url\":\"https:\/\/www.aridane.org\/city\/wp-content\/uploads\/2023\/07\/reloj_aridane.jpg\",\"contentUrl\":\"https:\/\/www.aridane.org\/city\/wp-content\/uploads\/2023\/07\/reloj_aridane.jpg\",\"width\":632,\"height\":421},{\"@type\":\"BreadcrumbList\",\"@id\":\"https:\/\/www.aridane.org\/city\/2023\/01\/09\/regresa-la-iii-edicion-de-aridane-criminal\/#breadcrumb\",\"itemListElement\":[{\"@type\":\"ListItem\",\"position\":1,\"name\":\"Portada\",\"item\":\"https:\/\/www.aridane.org\/city\/\"},{\"@type\":\"ListItem\",\"position\":2,\"name\":\"Regresa la III edici\u00f3n de \u2018Aridane Criminal\u2019\"}]},{\"@type\":\"WebSite\",\"@id\":\"https:\/\/www.aridane.org\/city\/#website\",\"url\":\"https:\/\/www.aridane.org\/city\/\",\"name\":\"Ayuntamiento de Los Llanos de Aridane\",\"description\":\"\",\"potentialAction\":[{\"@type\":\"SearchAction\",\"target\":{\"@type\":\"EntryPoint\",\"urlTemplate\":\"https:\/\/www.aridane.org\/city\/?s={search_term_string}\"},\"query-input\":\"required name=search_term_string\"}],\"inLanguage\":\"es\"},{\"@type\":\"Person\",\"@id\":\"https:\/\/www.aridane.org\/city\/#\/schema\/person\/7d352ec7f29881716f298394432e7209\",\"name\":\"Richard Diaz\",\"image\":{\"@type\":\"ImageObject\",\"inLanguage\":\"es\",\"@id\":\"https:\/\/www.aridane.org\/city\/#\/schema\/person\/image\/\",\"url\":\"https:\/\/secure.gravatar.com\/avatar\/bacd6aefc26a4a204943090a4c596cd10f0857081ef3cfd12084a70ecb3161d5?s=96&d=mm&r=g\",\"contentUrl\":\"https:\/\/secure.gravatar.com\/avatar\/bacd6aefc26a4a204943090a4c596cd10f0857081ef3cfd12084a70ecb3161d5?s=96&d=mm&r=g\",\"caption\":\"Richard Diaz\"},\"sameAs\":[\"https:\/\/www.aridane.org\/city\"],\"url\":\"https:\/\/www.aridane.org\/city\/author\/richard-diaz\/\"}]}<\/script>\n<!-- \/ Yoast SEO plugin. -->","yoast_head_json":{"title":"Regresa la III edici\u00f3n de \u2018Aridane Criminal\u2019 - Ayuntamiento de Los Llanos de Aridane","description":"El Ayuntamiento de Los Llanos de Aridane presenta el cartel y el programa de La Patrona 2021 con el lema \u201cRemedios, m\u00e1s que un nombre.\u201d","robots":{"index":"index","follow":"follow","max-snippet":"max-snippet:-1","max-image-preview":"max-image-preview:large","max-video-preview":"max-video-preview:-1"},"canonical":"https:\/\/www.aridane.org\/city\/2023\/01\/09\/regresa-la-iii-edicion-de-aridane-criminal\/","og_locale":"es_ES","og_type":"article","og_title":"Regresa la III edici\u00f3n de \u2018Aridane Criminal\u2019 - Ayuntamiento de Los Llanos de Aridane","og_description":"El Ayuntamiento de Los Llanos de Aridane presenta el cartel y el programa de La Patrona 2021 con el lema \u201cRemedios, m\u00e1s que un nombre.\u201d","og_url":"https:\/\/www.aridane.org\/city\/2023\/01\/09\/regresa-la-iii-edicion-de-aridane-criminal\/","og_site_name":"Ayuntamiento de Los Llanos de Aridane","article_published_time":"2023-01-09T09:42:21+00:00","og_image":[{"width":632,"height":421,"url":"https:\/\/www.aridane.org\/city\/wp-content\/uploads\/2023\/07\/reloj_aridane.jpg","type":"image\/jpeg"}],"author":"Richard Diaz","twitter_card":"summary_large_image","twitter_misc":{"Escrito por":"Richard Diaz","Tiempo de lectura":"5 minutos"},"schema":{"@context":"https:\/\/schema.org","@graph":[{"@type":"WebPage","@id":"https:\/\/www.aridane.org\/city\/2023\/01\/09\/regresa-la-iii-edicion-de-aridane-criminal\/","url":"https:\/\/www.aridane.org\/city\/2023\/01\/09\/regresa-la-iii-edicion-de-aridane-criminal\/","name":"Regresa la III edici\u00f3n de \u2018Aridane Criminal\u2019 - Ayuntamiento de Los Llanos de Aridane","isPartOf":{"@id":"https:\/\/www.aridane.org\/city\/#website"},"primaryImageOfPage":{"@id":"https:\/\/www.aridane.org\/city\/2023\/01\/09\/regresa-la-iii-edicion-de-aridane-criminal\/#primaryimage"},"image":{"@id":"https:\/\/www.aridane.org\/city\/2023\/01\/09\/regresa-la-iii-edicion-de-aridane-criminal\/#primaryimage"},"thumbnailUrl":"https:\/\/www.aridane.org\/city\/wp-content\/uploads\/2023\/07\/reloj_aridane.jpg","datePublished":"2023-01-09T09:42:21+00:00","dateModified":"2023-01-09T09:42:21+00:00","author":{"@id":"https:\/\/www.aridane.org\/city\/#\/schema\/person\/7d352ec7f29881716f298394432e7209"},"description":"El Ayuntamiento de Los Llanos de Aridane presenta el cartel y el programa de La Patrona 2021 con el lema \u201cRemedios, m\u00e1s que un nombre.\u201d","breadcrumb":{"@id":"https:\/\/www.aridane.org\/city\/2023\/01\/09\/regresa-la-iii-edicion-de-aridane-criminal\/#breadcrumb"},"inLanguage":"es","potentialAction":[{"@type":"ReadAction","target":["https:\/\/www.aridane.org\/city\/2023\/01\/09\/regresa-la-iii-edicion-de-aridane-criminal\/"]}]},{"@type":"ImageObject","inLanguage":"es","@id":"https:\/\/www.aridane.org\/city\/2023\/01\/09\/regresa-la-iii-edicion-de-aridane-criminal\/#primaryimage","url":"https:\/\/www.aridane.org\/city\/wp-content\/uploads\/2023\/07\/reloj_aridane.jpg","contentUrl":"https:\/\/www.aridane.org\/city\/wp-content\/uploads\/2023\/07\/reloj_aridane.jpg","width":632,"height":421},{"@type":"BreadcrumbList","@id":"https:\/\/www.aridane.org\/city\/2023\/01\/09\/regresa-la-iii-edicion-de-aridane-criminal\/#breadcrumb","itemListElement":[{"@type":"ListItem","position":1,"name":"Portada","item":"https:\/\/www.aridane.org\/city\/"},{"@type":"ListItem","position":2,"name":"Regresa la III edici\u00f3n de \u2018Aridane Criminal\u2019"}]},{"@type":"WebSite","@id":"https:\/\/www.aridane.org\/city\/#website","url":"https:\/\/www.aridane.org\/city\/","name":"Ayuntamiento de Los Llanos de Aridane","description":"","potentialAction":[{"@type":"SearchAction","target":{"@type":"EntryPoint","urlTemplate":"https:\/\/www.aridane.org\/city\/?s={search_term_string}"},"query-input":"required name=search_term_string"}],"inLanguage":"es"},{"@type":"Person","@id":"https:\/\/www.aridane.org\/city\/#\/schema\/person\/7d352ec7f29881716f298394432e7209","name":"Richard Diaz","image":{"@type":"ImageObject","inLanguage":"es","@id":"https:\/\/www.aridane.org\/city\/#\/schema\/person\/image\/","url":"https:\/\/secure.gravatar.com\/avatar\/bacd6aefc26a4a204943090a4c596cd10f0857081ef3cfd12084a70ecb3161d5?s=96&d=mm&r=g","contentUrl":"https:\/\/secure.gravatar.com\/avatar\/bacd6aefc26a4a204943090a4c596cd10f0857081ef3cfd12084a70ecb3161d5?s=96&d=mm&r=g","caption":"Richard Diaz"},"sameAs":["https:\/\/www.aridane.org\/city"],"url":"https:\/\/www.aridane.org\/city\/author\/richard-diaz\/"}]}},"_links":{"self":[{"href":"https:\/\/www.aridane.org\/city\/wp-json\/wp\/v2\/posts\/1284","targetHints":{"allow":["GET"]}}],"collection":[{"href":"https:\/\/www.aridane.org\/city\/wp-json\/wp\/v2\/posts"}],"about":[{"href":"https:\/\/www.aridane.org\/city\/wp-json\/wp\/v2\/types\/post"}],"author":[{"embeddable":true,"href":"https:\/\/www.aridane.org\/city\/wp-json\/wp\/v2\/users\/1"}],"replies":[{"embeddable":true,"href":"https:\/\/www.aridane.org\/city\/wp-json\/wp\/v2\/comments?post=1284"}],"version-history":[{"count":0,"href":"https:\/\/www.aridane.org\/city\/wp-json\/wp\/v2\/posts\/1284\/revisions"}],"wp:featuredmedia":[{"embeddable":true,"href":"https:\/\/www.aridane.org\/city\/wp-json\/wp\/v2\/media\/2199"}],"wp:attachment":[{"href":"https:\/\/www.aridane.org\/city\/wp-json\/wp\/v2\/media?parent=1284"}],"wp:term":[{"taxonomy":"category","embeddable":true,"href":"https:\/\/www.aridane.org\/city\/wp-json\/wp\/v2\/categories?post=1284"},{"taxonomy":"post_tag","embeddable":true,"href":"https:\/\/www.aridane.org\/city\/wp-json\/wp\/v2\/tags?post=1284"}],"curies":[{"name":"wp","href":"https:\/\/api.w.org\/{rel}","templated":true}]}}