{"id":1287,"date":"2023-01-09T13:14:17","date_gmt":"2023-01-09T13:14:17","guid":{"rendered":"https:\/\/aridane.org\/ciudad\/?p=1287"},"modified":"2023-01-09T13:14:17","modified_gmt":"2023-01-09T13:14:17","slug":"20-personas-en-situacion-de-desempleo-se-incorporan-a-trabajar-al-ayuntamiento-de-los-llanos-de-aridane-a-traves-del-programa-extraordinario-de-empleo-social-2022-2023","status":"publish","type":"post","link":"https:\/\/www.aridane.org\/city\/2023\/01\/09\/20-personas-en-situacion-de-desempleo-se-incorporan-a-trabajar-al-ayuntamiento-de-los-llanos-de-aridane-a-traves-del-programa-extraordinario-de-empleo-social-2022-2023\/","title":{"rendered":"20 personas en situaci\u00f3n de desempleo se incorporan a trabajar al Ayuntamiento de Los Llanos de Aridane a trav\u00e9s del Programa Extraordinario de Empleo Social 2022-2023"},"content":{"rendered":"<section class=\"wpb-content-wrapper\"><p>[vc_row css_animation=\u00bb\u00bb row_type=\u00bbrow\u00bb use_row_as_full_screen_section=\u00bbno\u00bb type=\u00bbfull_width\u00bb angled_section=\u00bbno\u00bb text_align=\u00bbleft\u00bb background_image_as_pattern=\u00bbwithout_pattern\u00bb][vc_column][vc_row_inner row_type=\u00bbrow\u00bb type=\u00bbgrid\u00bb text_align=\u00bbleft\u00bb css_animation=\u00bb\u00bb][vc_column_inner][vc_empty_space height=\u00bb20px\u00bb][vc_column_text]<\/p>\n<ul>\n<li style=\"text-align: justify;\"><em>Desde el Consistorio ponen en valor este proyecto, financiado por el Servicio Canario de Empleo, SCE, y el propio Ayuntamiento, \u201cya que adem\u00e1s de suponer un impulso laboral para estas personas, tambi\u00e9n nos permite seguir trabajando en la recuperaci\u00f3n en la que ya se encuentra inmerso nuestro municipio\u201d.<\/em><\/li>\n<\/ul>\n<p>&nbsp;<\/p>\n<p style=\"text-align: justify;\"><strong>Los Llanos de Aridane, 9 de enero de 2023.-<\/strong> El Ayuntamiento de Los Llanos de Aridane a trav\u00e9s de la concejal de Empleo, Elena Concepci\u00f3n, ha confirmado que 20 personas en situaci\u00f3n de desempleo se han incorporado a la plantilla del Consistorio \u201ccon el objetivo de seguir reforzando los servicios p\u00fablicos que se ofrecen a los vecinos\u201d, se\u00f1ala.<\/p>\n<p style=\"text-align: justify;\">Concepci\u00f3n explica que esta contrataci\u00f3n se enmarca dentro del Programa Extraordinario de Empleo Social 2022-2023, que est\u00e1 financiado por el Servicio Canario de Empleo, SCE, y el propio Consistorio, \u201cy cuyo objetivo es el de incorporar al mundo laboral a personas que tienen m\u00e1s dificultades para encontrar empleo\u201d, afirma.<\/p>\n<p style=\"text-align: justify;\">\u00a0Adem\u00e1s, la concejal confirma que ha sido el propio Servicio Canario de Empleo establece unos criterios y condiciones para las personas que de contrata, \u201cconcretamente cuatro auxiliares administrativos, dos t\u00e9cnicos en educaci\u00f3n infantil, tres conserjes, cinco asistentes domiciliarios y seis peones de limpieza, que estar\u00e1n prestando sus servicios durante un a\u00f1o, es decir del 30 de diciembre de 2022 al 29 de diciembre de 2023\u201d, asegura.<\/p>\n<p style=\"text-align: justify;\">Por \u00faltimo, \u00a0desde el Ayuntamiento de Los Llanos de Aridane ponen en relieve estos planes de empleo, \u201cya que adem\u00e1s de suponer un impulso laboral para estas personas, tambi\u00e9n nos permite seguir trabajando en la recuperaci\u00f3n en la que ya se encuentra inmerso nuestro municipio\u201d.<\/p>\n<p>[\/vc_column_text][vc_empty_space height=\u00bb20px\u00bb][\/vc_column_inner][\/vc_row_inner][\/vc_column][\/vc_row]<\/p>\n<\/section>","protected":false},"excerpt":{"rendered":"<p>[vc_row css_animation=\u00bb\u00bb row_type=\u00bbrow\u00bb use_row_as_full_screen_section=\u00bbno\u00bb type=\u00bbfull_width\u00bb angled_section=\u00bbno\u00bb text_align=\u00bbleft\u00bb background_image_as_pattern=\u00bbwithout_pattern\u00bb][vc_column][vc_row_inner row_type=\u00bbrow\u00bb type=\u00bbgrid\u00bb text_align=\u00bbleft\u00bb css_animation=\u00bb\u00bb][vc_column_inner][vc_empty_space height=\u00bb20px\u00bb][vc_column_text] Desde el Consistorio ponen en valor este proyecto, financiado por el Servicio Canario de Empleo, SCE, y el propio Ayuntamiento, \u201cya que adem\u00e1s de suponer un impulso laboral para estas personas, tambi\u00e9n&#8230;<\/p>\n","protected":false},"author":1,"featured_media":0,"comment_status":"closed","ping_status":"open","sticky":false,"template":"","format":"standard","meta":{"footnotes":""},"categories":[6],"tags":[],"class_list":["post-1287","post","type-post","status-publish","format-standard","hentry","category-prensa"],"yoast_head":"<!-- This site is optimized with the Yoast SEO plugin v22.7 - https:\/\/yoast.com\/wordpress\/plugins\/seo\/ -->\n<title>20 personas en situaci\u00f3n de desempleo se incorporan a trabajar al Ayuntamiento de Los Llanos de Aridane a trav\u00e9s del Programa Extraordinario de Empleo Social 2022-2023 - Ayuntamiento de Los Llanos de Aridane<\/title>\n<meta name=\"description\" content=\"El Ayuntamiento de Los Llanos de Aridane presenta el cartel y el programa de La Patrona 2021 con el lema \u201cRemedios, m\u00e1s que un nombre.\u201d\" \/>\n<meta name=\"robots\" content=\"index, follow, max-snippet:-1, max-image-preview:large, max-video-preview:-1\" \/>\n<link rel=\"canonical\" href=\"https:\/\/www.aridane.org\/city\/2023\/01\/09\/20-personas-en-situacion-de-desempleo-se-incorporan-a-trabajar-al-ayuntamiento-de-los-llanos-de-aridane-a-traves-del-programa-extraordinario-de-empleo-social-2022-2023\/\" \/>\n<meta property=\"og:locale\" content=\"es_ES\" \/>\n<meta property=\"og:type\" content=\"article\" \/>\n<meta property=\"og:title\" content=\"20 personas en situaci\u00f3n de desempleo se incorporan a trabajar al Ayuntamiento de Los Llanos de Aridane a trav\u00e9s del Programa Extraordinario de Empleo Social 2022-2023 - Ayuntamiento de Los Llanos de Aridane\" \/>\n<meta property=\"og:description\" content=\"El Ayuntamiento de Los Llanos de Aridane presenta el cartel y el programa de La Patrona 2021 con el lema \u201cRemedios, m\u00e1s que un nombre.\u201d\" \/>\n<meta property=\"og:url\" content=\"https:\/\/www.aridane.org\/city\/2023\/01\/09\/20-personas-en-situacion-de-desempleo-se-incorporan-a-trabajar-al-ayuntamiento-de-los-llanos-de-aridane-a-traves-del-programa-extraordinario-de-empleo-social-2022-2023\/\" \/>\n<meta property=\"og:site_name\" content=\"Ayuntamiento de Los Llanos de Aridane\" \/>\n<meta property=\"article:published_time\" content=\"2023-01-09T13:14:17+00:00\" \/>\n<meta name=\"author\" content=\"Richard Diaz\" \/>\n<meta name=\"twitter:card\" content=\"summary_large_image\" \/>\n<meta name=\"twitter:label1\" content=\"Escrito por\" \/>\n\t<meta name=\"twitter:data1\" content=\"Richard Diaz\" \/>\n\t<meta name=\"twitter:label2\" content=\"Tiempo de lectura\" \/>\n\t<meta name=\"twitter:data2\" content=\"2 minutos\" \/>\n<script type=\"application\/ld+json\" class=\"yoast-schema-graph\">{\"@context\":\"https:\/\/schema.org\",\"@graph\":[{\"@type\":\"WebPage\",\"@id\":\"https:\/\/www.aridane.org\/city\/2023\/01\/09\/20-personas-en-situacion-de-desempleo-se-incorporan-a-trabajar-al-ayuntamiento-de-los-llanos-de-aridane-a-traves-del-programa-extraordinario-de-empleo-social-2022-2023\/\",\"url\":\"https:\/\/www.aridane.org\/city\/2023\/01\/09\/20-personas-en-situacion-de-desempleo-se-incorporan-a-trabajar-al-ayuntamiento-de-los-llanos-de-aridane-a-traves-del-programa-extraordinario-de-empleo-social-2022-2023\/\",\"name\":\"20 personas en situaci\u00f3n de desempleo se incorporan a trabajar al Ayuntamiento de Los Llanos de Aridane a trav\u00e9s del Programa Extraordinario de Empleo Social 2022-2023 - Ayuntamiento de Los Llanos de Aridane\",\"isPartOf\":{\"@id\":\"https:\/\/www.aridane.org\/city\/#website\"},\"datePublished\":\"2023-01-09T13:14:17+00:00\",\"dateModified\":\"2023-01-09T13:14:17+00:00\",\"author\":{\"@id\":\"https:\/\/www.aridane.org\/city\/#\/schema\/person\/7d352ec7f29881716f298394432e7209\"},\"description\":\"El Ayuntamiento de Los Llanos de Aridane presenta el cartel y el programa de La Patrona 2021 con el lema \u201cRemedios, m\u00e1s que un nombre.\u201d\",\"breadcrumb\":{\"@id\":\"https:\/\/www.aridane.org\/city\/2023\/01\/09\/20-personas-en-situacion-de-desempleo-se-incorporan-a-trabajar-al-ayuntamiento-de-los-llanos-de-aridane-a-traves-del-programa-extraordinario-de-empleo-social-2022-2023\/#breadcrumb\"},\"inLanguage\":\"es\",\"potentialAction\":[{\"@type\":\"ReadAction\",\"target\":[\"https:\/\/www.aridane.org\/city\/2023\/01\/09\/20-personas-en-situacion-de-desempleo-se-incorporan-a-trabajar-al-ayuntamiento-de-los-llanos-de-aridane-a-traves-del-programa-extraordinario-de-empleo-social-2022-2023\/\"]}]},{\"@type\":\"BreadcrumbList\",\"@id\":\"https:\/\/www.aridane.org\/city\/2023\/01\/09\/20-personas-en-situacion-de-desempleo-se-incorporan-a-trabajar-al-ayuntamiento-de-los-llanos-de-aridane-a-traves-del-programa-extraordinario-de-empleo-social-2022-2023\/#breadcrumb\",\"itemListElement\":[{\"@type\":\"ListItem\",\"position\":1,\"name\":\"Portada\",\"item\":\"https:\/\/www.aridane.org\/city\/\"},{\"@type\":\"ListItem\",\"position\":2,\"name\":\"20 personas en situaci\u00f3n de desempleo se incorporan a trabajar al Ayuntamiento de Los Llanos de Aridane a trav\u00e9s del Programa Extraordinario de Empleo Social 2022-2023\"}]},{\"@type\":\"WebSite\",\"@id\":\"https:\/\/www.aridane.org\/city\/#website\",\"url\":\"https:\/\/www.aridane.org\/city\/\",\"name\":\"Ayuntamiento de Los Llanos de Aridane\",\"description\":\"\",\"potentialAction\":[{\"@type\":\"SearchAction\",\"target\":{\"@type\":\"EntryPoint\",\"urlTemplate\":\"https:\/\/www.aridane.org\/city\/?s={search_term_string}\"},\"query-input\":\"required name=search_term_string\"}],\"inLanguage\":\"es\"},{\"@type\":\"Person\",\"@id\":\"https:\/\/www.aridane.org\/city\/#\/schema\/person\/7d352ec7f29881716f298394432e7209\",\"name\":\"Richard Diaz\",\"image\":{\"@type\":\"ImageObject\",\"inLanguage\":\"es\",\"@id\":\"https:\/\/www.aridane.org\/city\/#\/schema\/person\/image\/\",\"url\":\"https:\/\/secure.gravatar.com\/avatar\/bacd6aefc26a4a204943090a4c596cd10f0857081ef3cfd12084a70ecb3161d5?s=96&d=mm&r=g\",\"contentUrl\":\"https:\/\/secure.gravatar.com\/avatar\/bacd6aefc26a4a204943090a4c596cd10f0857081ef3cfd12084a70ecb3161d5?s=96&d=mm&r=g\",\"caption\":\"Richard Diaz\"},\"sameAs\":[\"https:\/\/www.aridane.org\/city\"],\"url\":\"https:\/\/www.aridane.org\/city\/author\/richard-diaz\/\"}]}<\/script>\n<!-- \/ Yoast SEO plugin. -->","yoast_head_json":{"title":"20 personas en situaci\u00f3n de desempleo se incorporan a trabajar al Ayuntamiento de Los Llanos de Aridane a trav\u00e9s del Programa Extraordinario de Empleo Social 2022-2023 - Ayuntamiento de Los Llanos de Aridane","description":"El Ayuntamiento de Los Llanos de Aridane presenta el cartel y el programa de La Patrona 2021 con el lema \u201cRemedios, m\u00e1s que un nombre.\u201d","robots":{"index":"index","follow":"follow","max-snippet":"max-snippet:-1","max-image-preview":"max-image-preview:large","max-video-preview":"max-video-preview:-1"},"canonical":"https:\/\/www.aridane.org\/city\/2023\/01\/09\/20-personas-en-situacion-de-desempleo-se-incorporan-a-trabajar-al-ayuntamiento-de-los-llanos-de-aridane-a-traves-del-programa-extraordinario-de-empleo-social-2022-2023\/","og_locale":"es_ES","og_type":"article","og_title":"20 personas en situaci\u00f3n de desempleo se incorporan a trabajar al Ayuntamiento de Los Llanos de Aridane a trav\u00e9s del Programa Extraordinario de Empleo Social 2022-2023 - Ayuntamiento de Los Llanos de Aridane","og_description":"El Ayuntamiento de Los Llanos de Aridane presenta el cartel y el programa de La Patrona 2021 con el lema \u201cRemedios, m\u00e1s que un nombre.\u201d","og_url":"https:\/\/www.aridane.org\/city\/2023\/01\/09\/20-personas-en-situacion-de-desempleo-se-incorporan-a-trabajar-al-ayuntamiento-de-los-llanos-de-aridane-a-traves-del-programa-extraordinario-de-empleo-social-2022-2023\/","og_site_name":"Ayuntamiento de Los Llanos de Aridane","article_published_time":"2023-01-09T13:14:17+00:00","author":"Richard Diaz","twitter_card":"summary_large_image","twitter_misc":{"Escrito por":"Richard Diaz","Tiempo de lectura":"2 minutos"},"schema":{"@context":"https:\/\/schema.org","@graph":[{"@type":"WebPage","@id":"https:\/\/www.aridane.org\/city\/2023\/01\/09\/20-personas-en-situacion-de-desempleo-se-incorporan-a-trabajar-al-ayuntamiento-de-los-llanos-de-aridane-a-traves-del-programa-extraordinario-de-empleo-social-2022-2023\/","url":"https:\/\/www.aridane.org\/city\/2023\/01\/09\/20-personas-en-situacion-de-desempleo-se-incorporan-a-trabajar-al-ayuntamiento-de-los-llanos-de-aridane-a-traves-del-programa-extraordinario-de-empleo-social-2022-2023\/","name":"20 personas en situaci\u00f3n de desempleo se incorporan a trabajar al Ayuntamiento de Los Llanos de Aridane a trav\u00e9s del Programa Extraordinario de Empleo Social 2022-2023 - Ayuntamiento de Los Llanos de Aridane","isPartOf":{"@id":"https:\/\/www.aridane.org\/city\/#website"},"datePublished":"2023-01-09T13:14:17+00:00","dateModified":"2023-01-09T13:14:17+00:00","author":{"@id":"https:\/\/www.aridane.org\/city\/#\/schema\/person\/7d352ec7f29881716f298394432e7209"},"description":"El Ayuntamiento de Los Llanos de Aridane presenta el cartel y el programa de La Patrona 2021 con el lema \u201cRemedios, m\u00e1s que un nombre.\u201d","breadcrumb":{"@id":"https:\/\/www.aridane.org\/city\/2023\/01\/09\/20-personas-en-situacion-de-desempleo-se-incorporan-a-trabajar-al-ayuntamiento-de-los-llanos-de-aridane-a-traves-del-programa-extraordinario-de-empleo-social-2022-2023\/#breadcrumb"},"inLanguage":"es","potentialAction":[{"@type":"ReadAction","target":["https:\/\/www.aridane.org\/city\/2023\/01\/09\/20-personas-en-situacion-de-desempleo-se-incorporan-a-trabajar-al-ayuntamiento-de-los-llanos-de-aridane-a-traves-del-programa-extraordinario-de-empleo-social-2022-2023\/"]}]},{"@type":"BreadcrumbList","@id":"https:\/\/www.aridane.org\/city\/2023\/01\/09\/20-personas-en-situacion-de-desempleo-se-incorporan-a-trabajar-al-ayuntamiento-de-los-llanos-de-aridane-a-traves-del-programa-extraordinario-de-empleo-social-2022-2023\/#breadcrumb","itemListElement":[{"@type":"ListItem","position":1,"name":"Portada","item":"https:\/\/www.aridane.org\/city\/"},{"@type":"ListItem","position":2,"name":"20 personas en situaci\u00f3n de desempleo se incorporan a trabajar al Ayuntamiento de Los Llanos de Aridane a trav\u00e9s del Programa Extraordinario de Empleo Social 2022-2023"}]},{"@type":"WebSite","@id":"https:\/\/www.aridane.org\/city\/#website","url":"https:\/\/www.aridane.org\/city\/","name":"Ayuntamiento de Los Llanos de Aridane","description":"","potentialAction":[{"@type":"SearchAction","target":{"@type":"EntryPoint","urlTemplate":"https:\/\/www.aridane.org\/city\/?s={search_term_string}"},"query-input":"required name=search_term_string"}],"inLanguage":"es"},{"@type":"Person","@id":"https:\/\/www.aridane.org\/city\/#\/schema\/person\/7d352ec7f29881716f298394432e7209","name":"Richard Diaz","image":{"@type":"ImageObject","inLanguage":"es","@id":"https:\/\/www.aridane.org\/city\/#\/schema\/person\/image\/","url":"https:\/\/secure.gravatar.com\/avatar\/bacd6aefc26a4a204943090a4c596cd10f0857081ef3cfd12084a70ecb3161d5?s=96&d=mm&r=g","contentUrl":"https:\/\/secure.gravatar.com\/avatar\/bacd6aefc26a4a204943090a4c596cd10f0857081ef3cfd12084a70ecb3161d5?s=96&d=mm&r=g","caption":"Richard Diaz"},"sameAs":["https:\/\/www.aridane.org\/city"],"url":"https:\/\/www.aridane.org\/city\/author\/richard-diaz\/"}]}},"_links":{"self":[{"href":"https:\/\/www.aridane.org\/city\/wp-json\/wp\/v2\/posts\/1287","targetHints":{"allow":["GET"]}}],"collection":[{"href":"https:\/\/www.aridane.org\/city\/wp-json\/wp\/v2\/posts"}],"about":[{"href":"https:\/\/www.aridane.org\/city\/wp-json\/wp\/v2\/types\/post"}],"author":[{"embeddable":true,"href":"https:\/\/www.aridane.org\/city\/wp-json\/wp\/v2\/users\/1"}],"replies":[{"embeddable":true,"href":"https:\/\/www.aridane.org\/city\/wp-json\/wp\/v2\/comments?post=1287"}],"version-history":[{"count":0,"href":"https:\/\/www.aridane.org\/city\/wp-json\/wp\/v2\/posts\/1287\/revisions"}],"wp:attachment":[{"href":"https:\/\/www.aridane.org\/city\/wp-json\/wp\/v2\/media?parent=1287"}],"wp:term":[{"taxonomy":"category","embeddable":true,"href":"https:\/\/www.aridane.org\/city\/wp-json\/wp\/v2\/categories?post=1287"},{"taxonomy":"post_tag","embeddable":true,"href":"https:\/\/www.aridane.org\/city\/wp-json\/wp\/v2\/tags?post=1287"}],"curies":[{"name":"wp","href":"https:\/\/api.w.org\/{rel}","templated":true}]}}