{"id":1292,"date":"2023-01-10T09:23:41","date_gmt":"2023-01-10T09:23:41","guid":{"rendered":"https:\/\/aridane.org\/ciudad\/?p=1292"},"modified":"2023-01-10T09:23:41","modified_gmt":"2023-01-10T09:23:41","slug":"regresa-la-programacion-al-espacio-cultural-el-secadero-tras-las-obras-de-mejora-acometidas-durante-la-epoca-de-navidad","status":"publish","type":"post","link":"https:\/\/www.aridane.org\/city\/2023\/01\/10\/regresa-la-programacion-al-espacio-cultural-el-secadero-tras-las-obras-de-mejora-acometidas-durante-la-epoca-de-navidad\/","title":{"rendered":"Regresa la programaci\u00f3n al Espacio Cultural El Secadero tras las obras de mejora acometidas durante la \u00e9poca de Navidad"},"content":{"rendered":"<section class=\"wpb-content-wrapper\"><p>[vc_row css_animation=\u00bb\u00bb row_type=\u00bbrow\u00bb use_row_as_full_screen_section=\u00bbno\u00bb type=\u00bbfull_width\u00bb angled_section=\u00bbno\u00bb text_align=\u00bbleft\u00bb background_image_as_pattern=\u00bbwithout_pattern\u00bb][vc_column][vc_row_inner row_type=\u00bbrow\u00bb type=\u00bbgrid\u00bb text_align=\u00bbleft\u00bb css_animation=\u00bb\u00bb][vc_column_inner][vc_empty_space height=\u00bb20px\u00bb][vc_column_text]<\/p>\n<ul>\n<li style=\"text-align: justify;\"><em>El viernes tendr\u00e1 lugar \u00c9rase una vez con su mon\u00f3logo \u2018Deseo\u2019, mientras que el s\u00e1bado se podr\u00e1 disfrutar de Bocados Sonoros con Norvald Dahl, piano, y Kike Perdomo, saxo. Pueden reservar ambas entradas en <a href=\"http:\/\/www.tuticketlapalma.com\">www.tuticketlapalma.com<\/a>, al precio de 5 euros.<\/em><\/li>\n<\/ul>\n<p>&nbsp;<\/p>\n<p style=\"text-align: justify;\"><strong>Los Llanos de Aridane, 10 de enero de 2023.-<\/strong> El Ayuntamiento de Los Llanos de Aridane a trav\u00e9s de la concejal de Cultura, Charo Gonz\u00e1lez, ha confirmado que este fin de semana regresa la actividad al Espacio Cultural El Secadero, \u201ctras las obras de acondicionamiento que se han llevado a cabo durante el per\u00edodo vacacional de Navidad\u201d, se\u00f1ala.<\/p>\n<p style=\"text-align: justify;\">Gonz\u00e1lez explica que estas mejoras se han podido llevar a cabo gracias a una subvenci\u00f3n, dotada con algo m\u00e1s de 32.000 euros, procedentes de los Fondos Next Generation de la Uni\u00f3n Europea, gestionado por el Gobierno de Canarias, y que ha supuesto el 80% de la inversi\u00f3n total, \u201cy cuyo fin ha sido el de la mejora del audio, iluminaci\u00f3n, v\u00eddeo digital y herramientas y sistemas digitales de la gesti\u00f3n art\u00edstica\u201d.<\/p>\n<p style=\"text-align: justify;\">Adem\u00e1s, se\u00f1ala que este fin de semana regresa la programaci\u00f3n a este espacio, concretamente el viernes, 13 de enero, a las 20:30 horas cuando tendr\u00e1 lugar \u2018\u00c9rase una vez: Deseo\u2019. \u00a0\u201cUn mon\u00f3logo sobre una aspirante a superar sus complejos y a disfrutar de la vida, que podr\u00eda ser la historia de la propia actriz, y la de cualquier persona. Al \u00a0humor con el que Cruzado M\u00e1gico viste habitualmente sus creaciones se le a\u00f1ade una atm\u00f3sfera cercana, inmediata, emocional. Sin darnos cuenta la actriz nos hace formar parte de su historia, en el fascinante recorrido donde mezcla pudor, imaginaci\u00f3n, deseo, donde habla de tab\u00faes, de fracasos, de libertad femenina y de diversidad sexual\u201d.<\/p>\n<p style=\"text-align: justify;\">Mientras que el s\u00e1bado, 14 de enero, a partir de las 20:00 horas se desarrollar\u00e1 \u2018Bocados Sonoros\u2019 con la actuaci\u00f3n de \u00a0Norvald Dahl, piano, y Kike Perdomo, saxo.<\/p>\n<p style=\"text-align: justify;\">Desde la concejal\u00eda de Cultura confirman que para ambos eventos se podr\u00e1n reservar las entradas en\u00a0 <a href=\"http:\/\/www.tuticketlapalma.com\">www.tuticketlapalma.com<\/a> al precio de 5 euros.<\/p>\n<p style=\"text-align: justify;\">Por \u00faltimo, desde el Ayuntamiento de Los Llanos de Aridane se invita a todas las personas que lo deseen a participar en ambas actuaciones y se recuerda que \u201ctanto \u00c9rase una vez como Bocados Sonoros son dos proyectos que llevan activos desde que se inaugur\u00f3 el Secadero como espacio esc\u00e9nico en el a\u00f1o 2017\u201d.<\/p>\n<p>[\/vc_column_text][vc_empty_space height=\u00bb20px\u00bb][\/vc_column_inner][\/vc_row_inner][\/vc_column][\/vc_row]<\/p>\n<\/section>","protected":false},"excerpt":{"rendered":"<p>[vc_row css_animation=\u00bb\u00bb row_type=\u00bbrow\u00bb use_row_as_full_screen_section=\u00bbno\u00bb type=\u00bbfull_width\u00bb angled_section=\u00bbno\u00bb text_align=\u00bbleft\u00bb background_image_as_pattern=\u00bbwithout_pattern\u00bb][vc_column][vc_row_inner row_type=\u00bbrow\u00bb type=\u00bbgrid\u00bb text_align=\u00bbleft\u00bb css_animation=\u00bb\u00bb][vc_column_inner][vc_empty_space height=\u00bb20px\u00bb][vc_column_text] El viernes tendr\u00e1 lugar \u00c9rase una vez con su mon\u00f3logo \u2018Deseo\u2019, mientras que el s\u00e1bado se podr\u00e1 disfrutar de Bocados Sonoros con Norvald Dahl, piano, y Kike Perdomo, saxo. Pueden reservar ambas&#8230;<\/p>\n","protected":false},"author":1,"featured_media":0,"comment_status":"closed","ping_status":"open","sticky":false,"template":"","format":"standard","meta":{"footnotes":""},"categories":[6],"tags":[],"class_list":["post-1292","post","type-post","status-publish","format-standard","hentry","category-prensa"],"yoast_head":"<!-- This site is optimized with the Yoast SEO plugin v22.7 - https:\/\/yoast.com\/wordpress\/plugins\/seo\/ -->\n<title>Regresa la programaci\u00f3n al Espacio Cultural El Secadero tras las obras de mejora acometidas durante la \u00e9poca de Navidad - Ayuntamiento de Los Llanos de Aridane<\/title>\n<meta name=\"description\" content=\"El Ayuntamiento de Los Llanos de Aridane presenta el cartel y el programa de La Patrona 2021 con el lema \u201cRemedios, m\u00e1s que un nombre.\u201d\" \/>\n<meta name=\"robots\" content=\"index, follow, max-snippet:-1, max-image-preview:large, max-video-preview:-1\" \/>\n<link rel=\"canonical\" href=\"https:\/\/www.aridane.org\/city\/2023\/01\/10\/regresa-la-programacion-al-espacio-cultural-el-secadero-tras-las-obras-de-mejora-acometidas-durante-la-epoca-de-navidad\/\" \/>\n<meta property=\"og:locale\" content=\"es_ES\" \/>\n<meta property=\"og:type\" content=\"article\" \/>\n<meta property=\"og:title\" content=\"Regresa la programaci\u00f3n al Espacio Cultural El Secadero tras las obras de mejora acometidas durante la \u00e9poca de Navidad - Ayuntamiento de Los Llanos de Aridane\" \/>\n<meta property=\"og:description\" content=\"El Ayuntamiento de Los Llanos de Aridane presenta el cartel y el programa de La Patrona 2021 con el lema \u201cRemedios, m\u00e1s que un nombre.\u201d\" \/>\n<meta property=\"og:url\" content=\"https:\/\/www.aridane.org\/city\/2023\/01\/10\/regresa-la-programacion-al-espacio-cultural-el-secadero-tras-las-obras-de-mejora-acometidas-durante-la-epoca-de-navidad\/\" \/>\n<meta property=\"og:site_name\" content=\"Ayuntamiento de Los Llanos de Aridane\" \/>\n<meta property=\"article:published_time\" content=\"2023-01-10T09:23:41+00:00\" \/>\n<meta name=\"author\" content=\"Richard Diaz\" \/>\n<meta name=\"twitter:card\" content=\"summary_large_image\" \/>\n<meta name=\"twitter:label1\" content=\"Escrito por\" \/>\n\t<meta name=\"twitter:data1\" content=\"Richard Diaz\" \/>\n\t<meta name=\"twitter:label2\" content=\"Tiempo de lectura\" \/>\n\t<meta name=\"twitter:data2\" content=\"2 minutos\" \/>\n<script type=\"application\/ld+json\" class=\"yoast-schema-graph\">{\"@context\":\"https:\/\/schema.org\",\"@graph\":[{\"@type\":\"WebPage\",\"@id\":\"https:\/\/www.aridane.org\/city\/2023\/01\/10\/regresa-la-programacion-al-espacio-cultural-el-secadero-tras-las-obras-de-mejora-acometidas-durante-la-epoca-de-navidad\/\",\"url\":\"https:\/\/www.aridane.org\/city\/2023\/01\/10\/regresa-la-programacion-al-espacio-cultural-el-secadero-tras-las-obras-de-mejora-acometidas-durante-la-epoca-de-navidad\/\",\"name\":\"Regresa la programaci\u00f3n al Espacio Cultural El Secadero tras las obras de mejora acometidas durante la \u00e9poca de Navidad - Ayuntamiento de Los Llanos de Aridane\",\"isPartOf\":{\"@id\":\"https:\/\/www.aridane.org\/city\/#website\"},\"datePublished\":\"2023-01-10T09:23:41+00:00\",\"dateModified\":\"2023-01-10T09:23:41+00:00\",\"author\":{\"@id\":\"https:\/\/www.aridane.org\/city\/#\/schema\/person\/7d352ec7f29881716f298394432e7209\"},\"description\":\"El Ayuntamiento de Los Llanos de Aridane presenta el cartel y el programa de La Patrona 2021 con el lema \u201cRemedios, m\u00e1s que un nombre.\u201d\",\"breadcrumb\":{\"@id\":\"https:\/\/www.aridane.org\/city\/2023\/01\/10\/regresa-la-programacion-al-espacio-cultural-el-secadero-tras-las-obras-de-mejora-acometidas-durante-la-epoca-de-navidad\/#breadcrumb\"},\"inLanguage\":\"es\",\"potentialAction\":[{\"@type\":\"ReadAction\",\"target\":[\"https:\/\/www.aridane.org\/city\/2023\/01\/10\/regresa-la-programacion-al-espacio-cultural-el-secadero-tras-las-obras-de-mejora-acometidas-durante-la-epoca-de-navidad\/\"]}]},{\"@type\":\"BreadcrumbList\",\"@id\":\"https:\/\/www.aridane.org\/city\/2023\/01\/10\/regresa-la-programacion-al-espacio-cultural-el-secadero-tras-las-obras-de-mejora-acometidas-durante-la-epoca-de-navidad\/#breadcrumb\",\"itemListElement\":[{\"@type\":\"ListItem\",\"position\":1,\"name\":\"Portada\",\"item\":\"https:\/\/www.aridane.org\/city\/\"},{\"@type\":\"ListItem\",\"position\":2,\"name\":\"Regresa la programaci\u00f3n al Espacio Cultural El Secadero tras las obras de mejora acometidas durante la \u00e9poca de Navidad\"}]},{\"@type\":\"WebSite\",\"@id\":\"https:\/\/www.aridane.org\/city\/#website\",\"url\":\"https:\/\/www.aridane.org\/city\/\",\"name\":\"Ayuntamiento de Los Llanos de Aridane\",\"description\":\"\",\"potentialAction\":[{\"@type\":\"SearchAction\",\"target\":{\"@type\":\"EntryPoint\",\"urlTemplate\":\"https:\/\/www.aridane.org\/city\/?s={search_term_string}\"},\"query-input\":\"required name=search_term_string\"}],\"inLanguage\":\"es\"},{\"@type\":\"Person\",\"@id\":\"https:\/\/www.aridane.org\/city\/#\/schema\/person\/7d352ec7f29881716f298394432e7209\",\"name\":\"Richard Diaz\",\"image\":{\"@type\":\"ImageObject\",\"inLanguage\":\"es\",\"@id\":\"https:\/\/www.aridane.org\/city\/#\/schema\/person\/image\/\",\"url\":\"https:\/\/secure.gravatar.com\/avatar\/bacd6aefc26a4a204943090a4c596cd10f0857081ef3cfd12084a70ecb3161d5?s=96&d=mm&r=g\",\"contentUrl\":\"https:\/\/secure.gravatar.com\/avatar\/bacd6aefc26a4a204943090a4c596cd10f0857081ef3cfd12084a70ecb3161d5?s=96&d=mm&r=g\",\"caption\":\"Richard Diaz\"},\"sameAs\":[\"https:\/\/www.aridane.org\/city\"],\"url\":\"https:\/\/www.aridane.org\/city\/author\/richard-diaz\/\"}]}<\/script>\n<!-- \/ Yoast SEO plugin. -->","yoast_head_json":{"title":"Regresa la programaci\u00f3n al Espacio Cultural El Secadero tras las obras de mejora acometidas durante la \u00e9poca de Navidad - Ayuntamiento de Los Llanos de Aridane","description":"El Ayuntamiento de Los Llanos de Aridane presenta el cartel y el programa de La Patrona 2021 con el lema \u201cRemedios, m\u00e1s que un nombre.\u201d","robots":{"index":"index","follow":"follow","max-snippet":"max-snippet:-1","max-image-preview":"max-image-preview:large","max-video-preview":"max-video-preview:-1"},"canonical":"https:\/\/www.aridane.org\/city\/2023\/01\/10\/regresa-la-programacion-al-espacio-cultural-el-secadero-tras-las-obras-de-mejora-acometidas-durante-la-epoca-de-navidad\/","og_locale":"es_ES","og_type":"article","og_title":"Regresa la programaci\u00f3n al Espacio Cultural El Secadero tras las obras de mejora acometidas durante la \u00e9poca de Navidad - Ayuntamiento de Los Llanos de Aridane","og_description":"El Ayuntamiento de Los Llanos de Aridane presenta el cartel y el programa de La Patrona 2021 con el lema \u201cRemedios, m\u00e1s que un nombre.\u201d","og_url":"https:\/\/www.aridane.org\/city\/2023\/01\/10\/regresa-la-programacion-al-espacio-cultural-el-secadero-tras-las-obras-de-mejora-acometidas-durante-la-epoca-de-navidad\/","og_site_name":"Ayuntamiento de Los Llanos de Aridane","article_published_time":"2023-01-10T09:23:41+00:00","author":"Richard Diaz","twitter_card":"summary_large_image","twitter_misc":{"Escrito por":"Richard Diaz","Tiempo de lectura":"2 minutos"},"schema":{"@context":"https:\/\/schema.org","@graph":[{"@type":"WebPage","@id":"https:\/\/www.aridane.org\/city\/2023\/01\/10\/regresa-la-programacion-al-espacio-cultural-el-secadero-tras-las-obras-de-mejora-acometidas-durante-la-epoca-de-navidad\/","url":"https:\/\/www.aridane.org\/city\/2023\/01\/10\/regresa-la-programacion-al-espacio-cultural-el-secadero-tras-las-obras-de-mejora-acometidas-durante-la-epoca-de-navidad\/","name":"Regresa la programaci\u00f3n al Espacio Cultural El Secadero tras las obras de mejora acometidas durante la \u00e9poca de Navidad - Ayuntamiento de Los Llanos de Aridane","isPartOf":{"@id":"https:\/\/www.aridane.org\/city\/#website"},"datePublished":"2023-01-10T09:23:41+00:00","dateModified":"2023-01-10T09:23:41+00:00","author":{"@id":"https:\/\/www.aridane.org\/city\/#\/schema\/person\/7d352ec7f29881716f298394432e7209"},"description":"El Ayuntamiento de Los Llanos de Aridane presenta el cartel y el programa de La Patrona 2021 con el lema \u201cRemedios, m\u00e1s que un nombre.\u201d","breadcrumb":{"@id":"https:\/\/www.aridane.org\/city\/2023\/01\/10\/regresa-la-programacion-al-espacio-cultural-el-secadero-tras-las-obras-de-mejora-acometidas-durante-la-epoca-de-navidad\/#breadcrumb"},"inLanguage":"es","potentialAction":[{"@type":"ReadAction","target":["https:\/\/www.aridane.org\/city\/2023\/01\/10\/regresa-la-programacion-al-espacio-cultural-el-secadero-tras-las-obras-de-mejora-acometidas-durante-la-epoca-de-navidad\/"]}]},{"@type":"BreadcrumbList","@id":"https:\/\/www.aridane.org\/city\/2023\/01\/10\/regresa-la-programacion-al-espacio-cultural-el-secadero-tras-las-obras-de-mejora-acometidas-durante-la-epoca-de-navidad\/#breadcrumb","itemListElement":[{"@type":"ListItem","position":1,"name":"Portada","item":"https:\/\/www.aridane.org\/city\/"},{"@type":"ListItem","position":2,"name":"Regresa la programaci\u00f3n al Espacio Cultural El Secadero tras las obras de mejora acometidas durante la \u00e9poca de Navidad"}]},{"@type":"WebSite","@id":"https:\/\/www.aridane.org\/city\/#website","url":"https:\/\/www.aridane.org\/city\/","name":"Ayuntamiento de Los Llanos de Aridane","description":"","potentialAction":[{"@type":"SearchAction","target":{"@type":"EntryPoint","urlTemplate":"https:\/\/www.aridane.org\/city\/?s={search_term_string}"},"query-input":"required name=search_term_string"}],"inLanguage":"es"},{"@type":"Person","@id":"https:\/\/www.aridane.org\/city\/#\/schema\/person\/7d352ec7f29881716f298394432e7209","name":"Richard Diaz","image":{"@type":"ImageObject","inLanguage":"es","@id":"https:\/\/www.aridane.org\/city\/#\/schema\/person\/image\/","url":"https:\/\/secure.gravatar.com\/avatar\/bacd6aefc26a4a204943090a4c596cd10f0857081ef3cfd12084a70ecb3161d5?s=96&d=mm&r=g","contentUrl":"https:\/\/secure.gravatar.com\/avatar\/bacd6aefc26a4a204943090a4c596cd10f0857081ef3cfd12084a70ecb3161d5?s=96&d=mm&r=g","caption":"Richard Diaz"},"sameAs":["https:\/\/www.aridane.org\/city"],"url":"https:\/\/www.aridane.org\/city\/author\/richard-diaz\/"}]}},"_links":{"self":[{"href":"https:\/\/www.aridane.org\/city\/wp-json\/wp\/v2\/posts\/1292","targetHints":{"allow":["GET"]}}],"collection":[{"href":"https:\/\/www.aridane.org\/city\/wp-json\/wp\/v2\/posts"}],"about":[{"href":"https:\/\/www.aridane.org\/city\/wp-json\/wp\/v2\/types\/post"}],"author":[{"embeddable":true,"href":"https:\/\/www.aridane.org\/city\/wp-json\/wp\/v2\/users\/1"}],"replies":[{"embeddable":true,"href":"https:\/\/www.aridane.org\/city\/wp-json\/wp\/v2\/comments?post=1292"}],"version-history":[{"count":0,"href":"https:\/\/www.aridane.org\/city\/wp-json\/wp\/v2\/posts\/1292\/revisions"}],"wp:attachment":[{"href":"https:\/\/www.aridane.org\/city\/wp-json\/wp\/v2\/media?parent=1292"}],"wp:term":[{"taxonomy":"category","embeddable":true,"href":"https:\/\/www.aridane.org\/city\/wp-json\/wp\/v2\/categories?post=1292"},{"taxonomy":"post_tag","embeddable":true,"href":"https:\/\/www.aridane.org\/city\/wp-json\/wp\/v2\/tags?post=1292"}],"curies":[{"name":"wp","href":"https:\/\/api.w.org\/{rel}","templated":true}]}}