{"id":1296,"date":"2023-01-11T14:19:44","date_gmt":"2023-01-11T14:19:44","guid":{"rendered":"https:\/\/aridane.org\/ciudad\/?p=1296"},"modified":"2023-01-11T14:19:44","modified_gmt":"2023-01-11T14:19:44","slug":"el-ayuntamiento-de-los-llanos-de-aridane-abre-abre-una-nueva-convocatoria-para-la-adjudicacion-de-36-huertos-municipales","status":"publish","type":"post","link":"https:\/\/www.aridane.org\/city\/2023\/01\/11\/el-ayuntamiento-de-los-llanos-de-aridane-abre-abre-una-nueva-convocatoria-para-la-adjudicacion-de-36-huertos-municipales\/","title":{"rendered":"El Ayuntamiento de Los Llanos de Aridane abre abre una nueva\u00a0convocatoria para la adjudicaci\u00f3n de 36 huertos municipales"},"content":{"rendered":"<section class=\"wpb-content-wrapper\"><p>[vc_row css_animation=\u00bb\u00bb row_type=\u00bbrow\u00bb use_row_as_full_screen_section=\u00bbno\u00bb type=\u00bbfull_width\u00bb angled_section=\u00bbno\u00bb text_align=\u00bbleft\u00bb background_image_as_pattern=\u00bbwithout_pattern\u00bb][vc_column][vc_row_inner row_type=\u00bbrow\u00bb type=\u00bbgrid\u00bb text_align=\u00bbleft\u00bb css_animation=\u00bb\u00bb][vc_column_inner][vc_empty_space height=\u00bb20px\u00bb][vc_column_text]<\/p>\n<ul>\n<li style=\"text-align: justify;\"><em>Fern\u00e1ndez explica \u00a0que los interesados podr\u00e1n solicitarlo desde hoy, d\u00eda 11, hasta el pr\u00f3ximo 31 de enero en la oficina de registro de atenci\u00f3n al ciudadano<\/em><\/li>\n<li style=\"text-align: justify;\"><em>Adem\u00e1s, defiende que estos huertos tienen el objetivo de que sean los propios vecinos los que puedan cultivar, para autoconsumo, sus propios productos de manera sana y sostenible. Y asegura que adem\u00e1s cumple una funci\u00f3n social, ya que permite a estas familias un ahorro en la cesta de la compra.<\/em><\/li>\n<\/ul>\n<p>&nbsp;<\/p>\n<p style=\"text-align: justify;\"><strong>Los Llanos de Aridane, 11 de enero de 2023.-<\/strong> El Ayuntamiento de los Llanos de Aridane a trav\u00e9s de la concejal de Desarrollo Local, Inmaculada Fern\u00e1ndez, ha confirmado la puesta en marcha de una nueva convocatoria para la adjudicaci\u00f3n de 36 huertos municipales en la finca urbana propiedad del Consistorio, que est\u00e1 ubicada<br \/>\nen el Camino de Los Choriceros.<\/p>\n<p style=\"text-align: justify;\">Fern\u00e1ndez explica que los interesados podr\u00e1n presentar su solicitud desde hoy, 11 de enero, hasta el pr\u00f3ximo 31 de enero en la oficina de registro de atenci\u00f3n al ciudadano. Adem\u00e1s, recuerda que \u201cel objetivo de estos huertos es que nuestros vecinos puedan cultivar ellos mismos, para el autoconsumo, sus propios productos de manera sana y sostenible como verduras, y hortalizas\u201d, y defiende que tambi\u00e9n cumplen una funci\u00f3n social, \u201cya que permiten un ahorro en la cesta de la compra a las familias adjudicatarias\u201d.<\/p>\n<p style=\"text-align: justify;\">Asimismo, la concejal se\u00f1ala que la explotaci\u00f3n de este espacio ser\u00e1 por un tiempo de 2 a\u00f1os, no prorrogables, \u201cy hay que recordar que estas parcelas est\u00e1n dotadas de sistema de riego para el desarrollo de la actividad, as\u00ed como de contadores individuales, suministro de agua, y una peque\u00f1a edificaci\u00f3n para guardar los utensilios que se usan en el d\u00eda a d\u00eda\u201d.<\/p>\n<p style=\"text-align: justify;\">Por su parte, desde la concejal\u00eda de Desarrollo Local informan que entre los requisitos que deben reunir los interesados est\u00e1n: ser mayor de edad; ser una asociaci\u00f3n educativa, cultural, o colectiva del municipio; tener capacidad para realizar labores agr\u00edcolas; estar empadronado en el municipio al menos con una antig\u00fcedad de 6 meses; no estar en posesi\u00f3n, ni el solicitante ni el c\u00f3nyuge o cualquier otro miembro de la unidad familiar, de otra parcela comprendida en los huertos municipales; ni ejercer la actividad agraria o poseer parcelas agr\u00edcolas o terrenos de naturaleza r\u00fastica que sean aptos para actividades agr\u00edcolas. Adem\u00e1s, se valorar\u00e1n, con car\u00e1cter prioritario, las solicitudes presentadas por personas que no tengan ingresos, en situaci\u00f3n de desempleo y vulnerabilidad social, seguidas de las de familias monoparentales y numerosas, pensionistas y jubilados que no lleven a cabo ninguna otra actividad remunerada y el resto de solicitantes.<\/p>\n<p style=\"text-align: justify;\">Por \u00faltimo, desde el Ayuntamiento de Los Llanos de Aridane se recuerda que \u201cla actividad en los huertos municipales tambi\u00e9n permite seguir fomentando la estrecha relaci\u00f3n que tiene Los Llanos de Aridane con el mundo de la agricultura, apostando por m\u00e9todos sostenibles de producci\u00f3n, y el mantenimiento de los terrenos destinados a este fin\u201d.<\/p>\n<p>[\/vc_column_text][vc_empty_space height=\u00bb20px\u00bb][\/vc_column_inner][\/vc_row_inner][\/vc_column][\/vc_row]<\/p>\n<\/section>","protected":false},"excerpt":{"rendered":"<p>[vc_row css_animation=\u00bb\u00bb row_type=\u00bbrow\u00bb use_row_as_full_screen_section=\u00bbno\u00bb type=\u00bbfull_width\u00bb angled_section=\u00bbno\u00bb text_align=\u00bbleft\u00bb background_image_as_pattern=\u00bbwithout_pattern\u00bb][vc_column][vc_row_inner row_type=\u00bbrow\u00bb type=\u00bbgrid\u00bb text_align=\u00bbleft\u00bb css_animation=\u00bb\u00bb][vc_column_inner][vc_empty_space height=\u00bb20px\u00bb][vc_column_text] Fern\u00e1ndez explica \u00a0que los interesados podr\u00e1n solicitarlo desde hoy, d\u00eda 11, hasta el pr\u00f3ximo 31 de enero en la oficina de registro de atenci\u00f3n al ciudadano Adem\u00e1s, defiende que estos huertos tienen&#8230;<\/p>\n","protected":false},"author":1,"featured_media":0,"comment_status":"closed","ping_status":"open","sticky":false,"template":"","format":"standard","meta":{"footnotes":""},"categories":[6],"tags":[],"class_list":["post-1296","post","type-post","status-publish","format-standard","hentry","category-prensa"],"yoast_head":"<!-- This site is optimized with the Yoast SEO plugin v22.7 - https:\/\/yoast.com\/wordpress\/plugins\/seo\/ -->\n<title>El Ayuntamiento de Los Llanos de Aridane abre abre una nueva\u00a0convocatoria para la adjudicaci\u00f3n de 36 huertos municipales - Ayuntamiento de Los Llanos de Aridane<\/title>\n<meta name=\"description\" content=\"El Ayuntamiento de Los Llanos de Aridane presenta el cartel y el programa de La Patrona 2021 con el lema \u201cRemedios, m\u00e1s que un nombre.\u201d\" \/>\n<meta name=\"robots\" content=\"index, follow, max-snippet:-1, max-image-preview:large, max-video-preview:-1\" \/>\n<link rel=\"canonical\" href=\"https:\/\/www.aridane.org\/city\/2023\/01\/11\/el-ayuntamiento-de-los-llanos-de-aridane-abre-abre-una-nueva-convocatoria-para-la-adjudicacion-de-36-huertos-municipales\/\" \/>\n<meta property=\"og:locale\" content=\"es_ES\" \/>\n<meta property=\"og:type\" content=\"article\" \/>\n<meta property=\"og:title\" content=\"El Ayuntamiento de Los Llanos de Aridane abre abre una nueva\u00a0convocatoria para la adjudicaci\u00f3n de 36 huertos municipales - Ayuntamiento de Los Llanos de Aridane\" \/>\n<meta property=\"og:description\" content=\"El Ayuntamiento de Los Llanos de Aridane presenta el cartel y el programa de La Patrona 2021 con el lema \u201cRemedios, m\u00e1s que un nombre.\u201d\" \/>\n<meta property=\"og:url\" content=\"https:\/\/www.aridane.org\/city\/2023\/01\/11\/el-ayuntamiento-de-los-llanos-de-aridane-abre-abre-una-nueva-convocatoria-para-la-adjudicacion-de-36-huertos-municipales\/\" \/>\n<meta property=\"og:site_name\" content=\"Ayuntamiento de Los Llanos de Aridane\" \/>\n<meta property=\"article:published_time\" content=\"2023-01-11T14:19:44+00:00\" \/>\n<meta name=\"author\" content=\"Richard Diaz\" \/>\n<meta name=\"twitter:card\" content=\"summary_large_image\" \/>\n<meta name=\"twitter:label1\" content=\"Escrito por\" \/>\n\t<meta name=\"twitter:data1\" content=\"Richard Diaz\" \/>\n\t<meta name=\"twitter:label2\" content=\"Tiempo de lectura\" \/>\n\t<meta name=\"twitter:data2\" content=\"3 minutos\" \/>\n<script type=\"application\/ld+json\" class=\"yoast-schema-graph\">{\"@context\":\"https:\/\/schema.org\",\"@graph\":[{\"@type\":\"WebPage\",\"@id\":\"https:\/\/www.aridane.org\/city\/2023\/01\/11\/el-ayuntamiento-de-los-llanos-de-aridane-abre-abre-una-nueva-convocatoria-para-la-adjudicacion-de-36-huertos-municipales\/\",\"url\":\"https:\/\/www.aridane.org\/city\/2023\/01\/11\/el-ayuntamiento-de-los-llanos-de-aridane-abre-abre-una-nueva-convocatoria-para-la-adjudicacion-de-36-huertos-municipales\/\",\"name\":\"El Ayuntamiento de Los Llanos de Aridane abre abre una nueva\u00a0convocatoria para la adjudicaci\u00f3n de 36 huertos municipales - Ayuntamiento de Los Llanos de Aridane\",\"isPartOf\":{\"@id\":\"https:\/\/www.aridane.org\/city\/#website\"},\"datePublished\":\"2023-01-11T14:19:44+00:00\",\"dateModified\":\"2023-01-11T14:19:44+00:00\",\"author\":{\"@id\":\"https:\/\/www.aridane.org\/city\/#\/schema\/person\/7d352ec7f29881716f298394432e7209\"},\"description\":\"El Ayuntamiento de Los Llanos de Aridane presenta el cartel y el programa de La Patrona 2021 con el lema \u201cRemedios, m\u00e1s que un nombre.\u201d\",\"breadcrumb\":{\"@id\":\"https:\/\/www.aridane.org\/city\/2023\/01\/11\/el-ayuntamiento-de-los-llanos-de-aridane-abre-abre-una-nueva-convocatoria-para-la-adjudicacion-de-36-huertos-municipales\/#breadcrumb\"},\"inLanguage\":\"es\",\"potentialAction\":[{\"@type\":\"ReadAction\",\"target\":[\"https:\/\/www.aridane.org\/city\/2023\/01\/11\/el-ayuntamiento-de-los-llanos-de-aridane-abre-abre-una-nueva-convocatoria-para-la-adjudicacion-de-36-huertos-municipales\/\"]}]},{\"@type\":\"BreadcrumbList\",\"@id\":\"https:\/\/www.aridane.org\/city\/2023\/01\/11\/el-ayuntamiento-de-los-llanos-de-aridane-abre-abre-una-nueva-convocatoria-para-la-adjudicacion-de-36-huertos-municipales\/#breadcrumb\",\"itemListElement\":[{\"@type\":\"ListItem\",\"position\":1,\"name\":\"Portada\",\"item\":\"https:\/\/www.aridane.org\/city\/\"},{\"@type\":\"ListItem\",\"position\":2,\"name\":\"El Ayuntamiento de Los Llanos de Aridane abre abre una nueva\u00a0convocatoria para la adjudicaci\u00f3n de 36 huertos municipales\"}]},{\"@type\":\"WebSite\",\"@id\":\"https:\/\/www.aridane.org\/city\/#website\",\"url\":\"https:\/\/www.aridane.org\/city\/\",\"name\":\"Ayuntamiento de Los Llanos de Aridane\",\"description\":\"\",\"potentialAction\":[{\"@type\":\"SearchAction\",\"target\":{\"@type\":\"EntryPoint\",\"urlTemplate\":\"https:\/\/www.aridane.org\/city\/?s={search_term_string}\"},\"query-input\":\"required name=search_term_string\"}],\"inLanguage\":\"es\"},{\"@type\":\"Person\",\"@id\":\"https:\/\/www.aridane.org\/city\/#\/schema\/person\/7d352ec7f29881716f298394432e7209\",\"name\":\"Richard Diaz\",\"image\":{\"@type\":\"ImageObject\",\"inLanguage\":\"es\",\"@id\":\"https:\/\/www.aridane.org\/city\/#\/schema\/person\/image\/\",\"url\":\"https:\/\/secure.gravatar.com\/avatar\/bacd6aefc26a4a204943090a4c596cd10f0857081ef3cfd12084a70ecb3161d5?s=96&d=mm&r=g\",\"contentUrl\":\"https:\/\/secure.gravatar.com\/avatar\/bacd6aefc26a4a204943090a4c596cd10f0857081ef3cfd12084a70ecb3161d5?s=96&d=mm&r=g\",\"caption\":\"Richard Diaz\"},\"sameAs\":[\"https:\/\/www.aridane.org\/city\"],\"url\":\"https:\/\/www.aridane.org\/city\/author\/richard-diaz\/\"}]}<\/script>\n<!-- \/ Yoast SEO plugin. -->","yoast_head_json":{"title":"El Ayuntamiento de Los Llanos de Aridane abre abre una nueva\u00a0convocatoria para la adjudicaci\u00f3n de 36 huertos municipales - Ayuntamiento de Los Llanos de Aridane","description":"El Ayuntamiento de Los Llanos de Aridane presenta el cartel y el programa de La Patrona 2021 con el lema \u201cRemedios, m\u00e1s que un nombre.\u201d","robots":{"index":"index","follow":"follow","max-snippet":"max-snippet:-1","max-image-preview":"max-image-preview:large","max-video-preview":"max-video-preview:-1"},"canonical":"https:\/\/www.aridane.org\/city\/2023\/01\/11\/el-ayuntamiento-de-los-llanos-de-aridane-abre-abre-una-nueva-convocatoria-para-la-adjudicacion-de-36-huertos-municipales\/","og_locale":"es_ES","og_type":"article","og_title":"El Ayuntamiento de Los Llanos de Aridane abre abre una nueva\u00a0convocatoria para la adjudicaci\u00f3n de 36 huertos municipales - Ayuntamiento de Los Llanos de Aridane","og_description":"El Ayuntamiento de Los Llanos de Aridane presenta el cartel y el programa de La Patrona 2021 con el lema \u201cRemedios, m\u00e1s que un nombre.\u201d","og_url":"https:\/\/www.aridane.org\/city\/2023\/01\/11\/el-ayuntamiento-de-los-llanos-de-aridane-abre-abre-una-nueva-convocatoria-para-la-adjudicacion-de-36-huertos-municipales\/","og_site_name":"Ayuntamiento de Los Llanos de Aridane","article_published_time":"2023-01-11T14:19:44+00:00","author":"Richard Diaz","twitter_card":"summary_large_image","twitter_misc":{"Escrito por":"Richard Diaz","Tiempo de lectura":"3 minutos"},"schema":{"@context":"https:\/\/schema.org","@graph":[{"@type":"WebPage","@id":"https:\/\/www.aridane.org\/city\/2023\/01\/11\/el-ayuntamiento-de-los-llanos-de-aridane-abre-abre-una-nueva-convocatoria-para-la-adjudicacion-de-36-huertos-municipales\/","url":"https:\/\/www.aridane.org\/city\/2023\/01\/11\/el-ayuntamiento-de-los-llanos-de-aridane-abre-abre-una-nueva-convocatoria-para-la-adjudicacion-de-36-huertos-municipales\/","name":"El Ayuntamiento de Los Llanos de Aridane abre abre una nueva\u00a0convocatoria para la adjudicaci\u00f3n de 36 huertos municipales - Ayuntamiento de Los Llanos de Aridane","isPartOf":{"@id":"https:\/\/www.aridane.org\/city\/#website"},"datePublished":"2023-01-11T14:19:44+00:00","dateModified":"2023-01-11T14:19:44+00:00","author":{"@id":"https:\/\/www.aridane.org\/city\/#\/schema\/person\/7d352ec7f29881716f298394432e7209"},"description":"El Ayuntamiento de Los Llanos de Aridane presenta el cartel y el programa de La Patrona 2021 con el lema \u201cRemedios, m\u00e1s que un nombre.\u201d","breadcrumb":{"@id":"https:\/\/www.aridane.org\/city\/2023\/01\/11\/el-ayuntamiento-de-los-llanos-de-aridane-abre-abre-una-nueva-convocatoria-para-la-adjudicacion-de-36-huertos-municipales\/#breadcrumb"},"inLanguage":"es","potentialAction":[{"@type":"ReadAction","target":["https:\/\/www.aridane.org\/city\/2023\/01\/11\/el-ayuntamiento-de-los-llanos-de-aridane-abre-abre-una-nueva-convocatoria-para-la-adjudicacion-de-36-huertos-municipales\/"]}]},{"@type":"BreadcrumbList","@id":"https:\/\/www.aridane.org\/city\/2023\/01\/11\/el-ayuntamiento-de-los-llanos-de-aridane-abre-abre-una-nueva-convocatoria-para-la-adjudicacion-de-36-huertos-municipales\/#breadcrumb","itemListElement":[{"@type":"ListItem","position":1,"name":"Portada","item":"https:\/\/www.aridane.org\/city\/"},{"@type":"ListItem","position":2,"name":"El Ayuntamiento de Los Llanos de Aridane abre abre una nueva\u00a0convocatoria para la adjudicaci\u00f3n de 36 huertos municipales"}]},{"@type":"WebSite","@id":"https:\/\/www.aridane.org\/city\/#website","url":"https:\/\/www.aridane.org\/city\/","name":"Ayuntamiento de Los Llanos de Aridane","description":"","potentialAction":[{"@type":"SearchAction","target":{"@type":"EntryPoint","urlTemplate":"https:\/\/www.aridane.org\/city\/?s={search_term_string}"},"query-input":"required name=search_term_string"}],"inLanguage":"es"},{"@type":"Person","@id":"https:\/\/www.aridane.org\/city\/#\/schema\/person\/7d352ec7f29881716f298394432e7209","name":"Richard Diaz","image":{"@type":"ImageObject","inLanguage":"es","@id":"https:\/\/www.aridane.org\/city\/#\/schema\/person\/image\/","url":"https:\/\/secure.gravatar.com\/avatar\/bacd6aefc26a4a204943090a4c596cd10f0857081ef3cfd12084a70ecb3161d5?s=96&d=mm&r=g","contentUrl":"https:\/\/secure.gravatar.com\/avatar\/bacd6aefc26a4a204943090a4c596cd10f0857081ef3cfd12084a70ecb3161d5?s=96&d=mm&r=g","caption":"Richard Diaz"},"sameAs":["https:\/\/www.aridane.org\/city"],"url":"https:\/\/www.aridane.org\/city\/author\/richard-diaz\/"}]}},"_links":{"self":[{"href":"https:\/\/www.aridane.org\/city\/wp-json\/wp\/v2\/posts\/1296","targetHints":{"allow":["GET"]}}],"collection":[{"href":"https:\/\/www.aridane.org\/city\/wp-json\/wp\/v2\/posts"}],"about":[{"href":"https:\/\/www.aridane.org\/city\/wp-json\/wp\/v2\/types\/post"}],"author":[{"embeddable":true,"href":"https:\/\/www.aridane.org\/city\/wp-json\/wp\/v2\/users\/1"}],"replies":[{"embeddable":true,"href":"https:\/\/www.aridane.org\/city\/wp-json\/wp\/v2\/comments?post=1296"}],"version-history":[{"count":0,"href":"https:\/\/www.aridane.org\/city\/wp-json\/wp\/v2\/posts\/1296\/revisions"}],"wp:attachment":[{"href":"https:\/\/www.aridane.org\/city\/wp-json\/wp\/v2\/media?parent=1296"}],"wp:term":[{"taxonomy":"category","embeddable":true,"href":"https:\/\/www.aridane.org\/city\/wp-json\/wp\/v2\/categories?post=1296"},{"taxonomy":"post_tag","embeddable":true,"href":"https:\/\/www.aridane.org\/city\/wp-json\/wp\/v2\/tags?post=1296"}],"curies":[{"name":"wp","href":"https:\/\/api.w.org\/{rel}","templated":true}]}}