{"id":1297,"date":"2023-01-12T10:25:00","date_gmt":"2023-01-12T10:25:00","guid":{"rendered":"https:\/\/aridane.org\/ciudad\/?p=1297"},"modified":"2023-01-12T10:25:00","modified_gmt":"2023-01-12T10:25:00","slug":"los-llanos-de-aridane-continua-apostando-este-ano-por-el-modelo-de-residencias-artisticas-iniciado-en-2020","status":"publish","type":"post","link":"https:\/\/www.aridane.org\/city\/2023\/01\/12\/los-llanos-de-aridane-continua-apostando-este-ano-por-el-modelo-de-residencias-artisticas-iniciado-en-2020\/","title":{"rendered":"Los Llanos de Aridane contin\u00faa apostando este a\u00f1o por el modelo de Residencias Art\u00edsticas iniciado en 2020"},"content":{"rendered":"<section class=\"wpb-content-wrapper\"><p>[vc_row css_animation=\u00bb\u00bb row_type=\u00bbrow\u00bb use_row_as_full_screen_section=\u00bbno\u00bb type=\u00bbfull_width\u00bb angled_section=\u00bbno\u00bb text_align=\u00bbleft\u00bb background_image_as_pattern=\u00bbwithout_pattern\u00bb][vc_column][vc_row_inner row_type=\u00bbrow\u00bb type=\u00bbgrid\u00bb text_align=\u00bbleft\u00bb css_animation=\u00bb\u00bb][vc_column_inner][vc_empty_space height=\u00bb20px\u00bb][vc_column_text]<\/p>\n<ul>\n<li style=\"text-align: justify;\">Durante el primer semestre de 2023 se contar\u00e1 con un total de seis residencias, la primera de las cuales, de car\u00e1cter literario, comenz\u00f3 el pasado lunes, 9 de enero, \u00a0con el joven escritor Marcos Dosantos, que permanecer\u00e1 en el municipio hasta el 9 de febrero.<\/li>\n<\/ul>\n<p>&nbsp;<\/p>\n<p style=\"text-align: justify;\"><strong>Los Llanos de Aridane, 12 de enero de 2023.-<\/strong> El Ayuntamiento de Los Llanos de Aridane a trav\u00e9s de la concejal de Cultura, Charo Gonz\u00e1lez, ha confirmado que \u201cel pasado lunes, 9 de enero, regres\u00f3 el modelo de residencias art\u00edsticas al municipio, en esta ocasi\u00f3n con el joven escritor tinerfe\u00f1o Marcos Dosantos\u201d.<\/p>\n<p style=\"text-align: justify;\">La concejal defiende que estas residencias sirven de espacio de creaci\u00f3n, \u201cy adem\u00e1s permiten la interacci\u00f3n con la ciudadan\u00eda a trav\u00e9s de los encuentros que se mantienen con alumnado, clubes de lectura y poblaci\u00f3n en general, a trav\u00e9s de diversos formatos, lo que no solo enriquece las mismas, sino que contribuye a la generaci\u00f3n de di\u00e1logos intergeneracionales e interdisciplinares\u201d.<\/p>\n<p style=\"text-align: justify;\">Gonz\u00e1lez explica que en este primer semestre de 2023 cuenta con seis residencias art\u00edsticas programadas: dos literarias, una fotogr\u00e1fica, una de danza y dos multidisciplinares.\u00a0 Asimismo, recuerda que la andadura de las mismas comenz\u00f3 en septiembre de 2020, de la mano de la escritora madrile\u00f1a Ana Rosseti, continu\u00f3 en febrero de 2022 con el escritor marfile\u00f1o Armand Gauz, y este mes de enero \u00a0contar\u00e1 con el escritor Marcos Dosantos.<\/p>\n<p style=\"text-align: justify;\">La poeta gaditana afincada en Madrid Ana Rossetti, que revolucion\u00f3 el panorama literario en la Espa\u00f1a de los a\u00f1os 80, se encuentra por derecho propio entre los mejores poetas espa\u00f1oles de la poes\u00eda espa\u00f1ola contempor\u00e1nea. Mientras \u00a0que \u00a0Gauz es el orgulloso poseedor del Gran Premio Literario del \u00c1frica Negra, adem\u00e1s de haber recibido: el premio nacional de literatura Bernard Dadi\u00e9, en el marco del Sal\u00f3n Internacional del Libro de Abiy\u00e1n; el Premio Virilo; Premio Literario de la Prensa Panafricana; y el Premio Ivoire, de la asociaci\u00f3n cultural Akwaba.<\/p>\n<p style=\"text-align: justify;\">Dosantos, graduado en Ciencias Pol\u00edticas por la Universidad Complutense de Madrid, cuenta con una dilatada trayectoria profesional en consultor\u00eda, tercer sector y asuntos p\u00fablicos. Se ha formado en literatura en Hotel Kakfa y Escuela de Escritores de Madrid. Adem\u00e1s, es autor de \u2018Cuadernos del Subtr\u00f3pico Norte\u2019, Ediciones el Drago, 2022, con pr\u00f3logo de Juan Cruz, y rese\u00f1as firmadas por Luisg\u00e9 Mart\u00edn, Elsa L\u00f3pez, Eduardo Vilas y Eduardo Garc\u00eda Rojascon. Asimismo, en su debut literario ha superado las 1.000 copias vendidas en sus primeros meses, y ha participado en las ferias del libro de Madrid, Sant Jordi, Las Palmas, Fuerteventura, Tenerife, La Vall d\u2019Uix\u00f3, etc.<\/p>\n<p style=\"text-align: justify;\">Por \u00faltimo, desde el Ayuntamiento de Los Llanos de Aridane se invita a todas las personas que lo deseen a participar en las diversas actividades que se desarrollar\u00e1n en torno a dichas residencias.<\/p>\n<p>[\/vc_column_text][vc_empty_space height=\u00bb20px\u00bb][\/vc_column_inner][\/vc_row_inner][\/vc_column][\/vc_row]<\/p>\n<\/section>","protected":false},"excerpt":{"rendered":"<p>[vc_row css_animation=\u00bb\u00bb row_type=\u00bbrow\u00bb use_row_as_full_screen_section=\u00bbno\u00bb type=\u00bbfull_width\u00bb angled_section=\u00bbno\u00bb text_align=\u00bbleft\u00bb background_image_as_pattern=\u00bbwithout_pattern\u00bb][vc_column][vc_row_inner row_type=\u00bbrow\u00bb type=\u00bbgrid\u00bb text_align=\u00bbleft\u00bb css_animation=\u00bb\u00bb][vc_column_inner][vc_empty_space height=\u00bb20px\u00bb][vc_column_text] Durante el primer semestre de 2023 se contar\u00e1 con un total de seis residencias, la primera de las cuales, de car\u00e1cter literario, comenz\u00f3 el pasado lunes, 9 de enero, \u00a0con el joven&#8230;<\/p>\n","protected":false},"author":1,"featured_media":0,"comment_status":"closed","ping_status":"open","sticky":false,"template":"","format":"standard","meta":{"footnotes":""},"categories":[6],"tags":[],"class_list":["post-1297","post","type-post","status-publish","format-standard","hentry","category-prensa"],"yoast_head":"<!-- This site is optimized with the Yoast SEO plugin v22.7 - https:\/\/yoast.com\/wordpress\/plugins\/seo\/ -->\n<title>Los Llanos de Aridane contin\u00faa apostando este a\u00f1o por el modelo de Residencias Art\u00edsticas iniciado en 2020 - Ayuntamiento de Los Llanos de Aridane<\/title>\n<meta name=\"description\" content=\"El Ayuntamiento de Los Llanos de Aridane presenta el cartel y el programa de La Patrona 2021 con el lema \u201cRemedios, m\u00e1s que un nombre.\u201d\" \/>\n<meta name=\"robots\" content=\"index, follow, max-snippet:-1, max-image-preview:large, max-video-preview:-1\" \/>\n<link rel=\"canonical\" href=\"https:\/\/www.aridane.org\/city\/2023\/01\/12\/los-llanos-de-aridane-continua-apostando-este-ano-por-el-modelo-de-residencias-artisticas-iniciado-en-2020\/\" \/>\n<meta property=\"og:locale\" content=\"es_ES\" \/>\n<meta property=\"og:type\" content=\"article\" \/>\n<meta property=\"og:title\" content=\"Los Llanos de Aridane contin\u00faa apostando este a\u00f1o por el modelo de Residencias Art\u00edsticas iniciado en 2020 - Ayuntamiento de Los Llanos de Aridane\" \/>\n<meta property=\"og:description\" content=\"El Ayuntamiento de Los Llanos de Aridane presenta el cartel y el programa de La Patrona 2021 con el lema \u201cRemedios, m\u00e1s que un nombre.\u201d\" \/>\n<meta property=\"og:url\" content=\"https:\/\/www.aridane.org\/city\/2023\/01\/12\/los-llanos-de-aridane-continua-apostando-este-ano-por-el-modelo-de-residencias-artisticas-iniciado-en-2020\/\" \/>\n<meta property=\"og:site_name\" content=\"Ayuntamiento de Los Llanos de Aridane\" \/>\n<meta property=\"article:published_time\" content=\"2023-01-12T10:25:00+00:00\" \/>\n<meta name=\"author\" content=\"Richard Diaz\" \/>\n<meta name=\"twitter:card\" content=\"summary_large_image\" \/>\n<meta name=\"twitter:label1\" content=\"Escrito por\" \/>\n\t<meta name=\"twitter:data1\" content=\"Richard Diaz\" \/>\n\t<meta name=\"twitter:label2\" content=\"Tiempo de lectura\" \/>\n\t<meta name=\"twitter:data2\" content=\"3 minutos\" \/>\n<script type=\"application\/ld+json\" class=\"yoast-schema-graph\">{\"@context\":\"https:\/\/schema.org\",\"@graph\":[{\"@type\":\"WebPage\",\"@id\":\"https:\/\/www.aridane.org\/city\/2023\/01\/12\/los-llanos-de-aridane-continua-apostando-este-ano-por-el-modelo-de-residencias-artisticas-iniciado-en-2020\/\",\"url\":\"https:\/\/www.aridane.org\/city\/2023\/01\/12\/los-llanos-de-aridane-continua-apostando-este-ano-por-el-modelo-de-residencias-artisticas-iniciado-en-2020\/\",\"name\":\"Los Llanos de Aridane contin\u00faa apostando este a\u00f1o por el modelo de Residencias Art\u00edsticas iniciado en 2020 - Ayuntamiento de Los Llanos de Aridane\",\"isPartOf\":{\"@id\":\"https:\/\/www.aridane.org\/city\/#website\"},\"datePublished\":\"2023-01-12T10:25:00+00:00\",\"dateModified\":\"2023-01-12T10:25:00+00:00\",\"author\":{\"@id\":\"https:\/\/www.aridane.org\/city\/#\/schema\/person\/7d352ec7f29881716f298394432e7209\"},\"description\":\"El Ayuntamiento de Los Llanos de Aridane presenta el cartel y el programa de La Patrona 2021 con el lema \u201cRemedios, m\u00e1s que un nombre.\u201d\",\"breadcrumb\":{\"@id\":\"https:\/\/www.aridane.org\/city\/2023\/01\/12\/los-llanos-de-aridane-continua-apostando-este-ano-por-el-modelo-de-residencias-artisticas-iniciado-en-2020\/#breadcrumb\"},\"inLanguage\":\"es\",\"potentialAction\":[{\"@type\":\"ReadAction\",\"target\":[\"https:\/\/www.aridane.org\/city\/2023\/01\/12\/los-llanos-de-aridane-continua-apostando-este-ano-por-el-modelo-de-residencias-artisticas-iniciado-en-2020\/\"]}]},{\"@type\":\"BreadcrumbList\",\"@id\":\"https:\/\/www.aridane.org\/city\/2023\/01\/12\/los-llanos-de-aridane-continua-apostando-este-ano-por-el-modelo-de-residencias-artisticas-iniciado-en-2020\/#breadcrumb\",\"itemListElement\":[{\"@type\":\"ListItem\",\"position\":1,\"name\":\"Portada\",\"item\":\"https:\/\/www.aridane.org\/city\/\"},{\"@type\":\"ListItem\",\"position\":2,\"name\":\"Los Llanos de Aridane contin\u00faa apostando este a\u00f1o por el modelo de Residencias Art\u00edsticas iniciado en 2020\"}]},{\"@type\":\"WebSite\",\"@id\":\"https:\/\/www.aridane.org\/city\/#website\",\"url\":\"https:\/\/www.aridane.org\/city\/\",\"name\":\"Ayuntamiento de Los Llanos de Aridane\",\"description\":\"\",\"potentialAction\":[{\"@type\":\"SearchAction\",\"target\":{\"@type\":\"EntryPoint\",\"urlTemplate\":\"https:\/\/www.aridane.org\/city\/?s={search_term_string}\"},\"query-input\":\"required name=search_term_string\"}],\"inLanguage\":\"es\"},{\"@type\":\"Person\",\"@id\":\"https:\/\/www.aridane.org\/city\/#\/schema\/person\/7d352ec7f29881716f298394432e7209\",\"name\":\"Richard Diaz\",\"image\":{\"@type\":\"ImageObject\",\"inLanguage\":\"es\",\"@id\":\"https:\/\/www.aridane.org\/city\/#\/schema\/person\/image\/\",\"url\":\"https:\/\/secure.gravatar.com\/avatar\/bacd6aefc26a4a204943090a4c596cd10f0857081ef3cfd12084a70ecb3161d5?s=96&d=mm&r=g\",\"contentUrl\":\"https:\/\/secure.gravatar.com\/avatar\/bacd6aefc26a4a204943090a4c596cd10f0857081ef3cfd12084a70ecb3161d5?s=96&d=mm&r=g\",\"caption\":\"Richard Diaz\"},\"sameAs\":[\"https:\/\/www.aridane.org\/city\"],\"url\":\"https:\/\/www.aridane.org\/city\/author\/richard-diaz\/\"}]}<\/script>\n<!-- \/ Yoast SEO plugin. -->","yoast_head_json":{"title":"Los Llanos de Aridane contin\u00faa apostando este a\u00f1o por el modelo de Residencias Art\u00edsticas iniciado en 2020 - Ayuntamiento de Los Llanos de Aridane","description":"El Ayuntamiento de Los Llanos de Aridane presenta el cartel y el programa de La Patrona 2021 con el lema \u201cRemedios, m\u00e1s que un nombre.\u201d","robots":{"index":"index","follow":"follow","max-snippet":"max-snippet:-1","max-image-preview":"max-image-preview:large","max-video-preview":"max-video-preview:-1"},"canonical":"https:\/\/www.aridane.org\/city\/2023\/01\/12\/los-llanos-de-aridane-continua-apostando-este-ano-por-el-modelo-de-residencias-artisticas-iniciado-en-2020\/","og_locale":"es_ES","og_type":"article","og_title":"Los Llanos de Aridane contin\u00faa apostando este a\u00f1o por el modelo de Residencias Art\u00edsticas iniciado en 2020 - Ayuntamiento de Los Llanos de Aridane","og_description":"El Ayuntamiento de Los Llanos de Aridane presenta el cartel y el programa de La Patrona 2021 con el lema \u201cRemedios, m\u00e1s que un nombre.\u201d","og_url":"https:\/\/www.aridane.org\/city\/2023\/01\/12\/los-llanos-de-aridane-continua-apostando-este-ano-por-el-modelo-de-residencias-artisticas-iniciado-en-2020\/","og_site_name":"Ayuntamiento de Los Llanos de Aridane","article_published_time":"2023-01-12T10:25:00+00:00","author":"Richard Diaz","twitter_card":"summary_large_image","twitter_misc":{"Escrito por":"Richard Diaz","Tiempo de lectura":"3 minutos"},"schema":{"@context":"https:\/\/schema.org","@graph":[{"@type":"WebPage","@id":"https:\/\/www.aridane.org\/city\/2023\/01\/12\/los-llanos-de-aridane-continua-apostando-este-ano-por-el-modelo-de-residencias-artisticas-iniciado-en-2020\/","url":"https:\/\/www.aridane.org\/city\/2023\/01\/12\/los-llanos-de-aridane-continua-apostando-este-ano-por-el-modelo-de-residencias-artisticas-iniciado-en-2020\/","name":"Los Llanos de Aridane contin\u00faa apostando este a\u00f1o por el modelo de Residencias Art\u00edsticas iniciado en 2020 - Ayuntamiento de Los Llanos de Aridane","isPartOf":{"@id":"https:\/\/www.aridane.org\/city\/#website"},"datePublished":"2023-01-12T10:25:00+00:00","dateModified":"2023-01-12T10:25:00+00:00","author":{"@id":"https:\/\/www.aridane.org\/city\/#\/schema\/person\/7d352ec7f29881716f298394432e7209"},"description":"El Ayuntamiento de Los Llanos de Aridane presenta el cartel y el programa de La Patrona 2021 con el lema \u201cRemedios, m\u00e1s que un nombre.\u201d","breadcrumb":{"@id":"https:\/\/www.aridane.org\/city\/2023\/01\/12\/los-llanos-de-aridane-continua-apostando-este-ano-por-el-modelo-de-residencias-artisticas-iniciado-en-2020\/#breadcrumb"},"inLanguage":"es","potentialAction":[{"@type":"ReadAction","target":["https:\/\/www.aridane.org\/city\/2023\/01\/12\/los-llanos-de-aridane-continua-apostando-este-ano-por-el-modelo-de-residencias-artisticas-iniciado-en-2020\/"]}]},{"@type":"BreadcrumbList","@id":"https:\/\/www.aridane.org\/city\/2023\/01\/12\/los-llanos-de-aridane-continua-apostando-este-ano-por-el-modelo-de-residencias-artisticas-iniciado-en-2020\/#breadcrumb","itemListElement":[{"@type":"ListItem","position":1,"name":"Portada","item":"https:\/\/www.aridane.org\/city\/"},{"@type":"ListItem","position":2,"name":"Los Llanos de Aridane contin\u00faa apostando este a\u00f1o por el modelo de Residencias Art\u00edsticas iniciado en 2020"}]},{"@type":"WebSite","@id":"https:\/\/www.aridane.org\/city\/#website","url":"https:\/\/www.aridane.org\/city\/","name":"Ayuntamiento de Los Llanos de Aridane","description":"","potentialAction":[{"@type":"SearchAction","target":{"@type":"EntryPoint","urlTemplate":"https:\/\/www.aridane.org\/city\/?s={search_term_string}"},"query-input":"required name=search_term_string"}],"inLanguage":"es"},{"@type":"Person","@id":"https:\/\/www.aridane.org\/city\/#\/schema\/person\/7d352ec7f29881716f298394432e7209","name":"Richard Diaz","image":{"@type":"ImageObject","inLanguage":"es","@id":"https:\/\/www.aridane.org\/city\/#\/schema\/person\/image\/","url":"https:\/\/secure.gravatar.com\/avatar\/bacd6aefc26a4a204943090a4c596cd10f0857081ef3cfd12084a70ecb3161d5?s=96&d=mm&r=g","contentUrl":"https:\/\/secure.gravatar.com\/avatar\/bacd6aefc26a4a204943090a4c596cd10f0857081ef3cfd12084a70ecb3161d5?s=96&d=mm&r=g","caption":"Richard Diaz"},"sameAs":["https:\/\/www.aridane.org\/city"],"url":"https:\/\/www.aridane.org\/city\/author\/richard-diaz\/"}]}},"_links":{"self":[{"href":"https:\/\/www.aridane.org\/city\/wp-json\/wp\/v2\/posts\/1297","targetHints":{"allow":["GET"]}}],"collection":[{"href":"https:\/\/www.aridane.org\/city\/wp-json\/wp\/v2\/posts"}],"about":[{"href":"https:\/\/www.aridane.org\/city\/wp-json\/wp\/v2\/types\/post"}],"author":[{"embeddable":true,"href":"https:\/\/www.aridane.org\/city\/wp-json\/wp\/v2\/users\/1"}],"replies":[{"embeddable":true,"href":"https:\/\/www.aridane.org\/city\/wp-json\/wp\/v2\/comments?post=1297"}],"version-history":[{"count":0,"href":"https:\/\/www.aridane.org\/city\/wp-json\/wp\/v2\/posts\/1297\/revisions"}],"wp:attachment":[{"href":"https:\/\/www.aridane.org\/city\/wp-json\/wp\/v2\/media?parent=1297"}],"wp:term":[{"taxonomy":"category","embeddable":true,"href":"https:\/\/www.aridane.org\/city\/wp-json\/wp\/v2\/categories?post=1297"},{"taxonomy":"post_tag","embeddable":true,"href":"https:\/\/www.aridane.org\/city\/wp-json\/wp\/v2\/tags?post=1297"}],"curies":[{"name":"wp","href":"https:\/\/api.w.org\/{rel}","templated":true}]}}