{"id":1304,"date":"2023-01-12T11:02:58","date_gmt":"2023-01-12T11:02:58","guid":{"rendered":"https:\/\/aridane.org\/ciudad\/?p=1304"},"modified":"2023-01-12T11:02:58","modified_gmt":"2023-01-12T11:02:58","slug":"el-radar-movil-de-los-llanos-de-aridane-localiza-a-un-motorista-a-107km-hora-por-el-centro-del-municipio","status":"publish","type":"post","link":"https:\/\/www.aridane.org\/city\/2023\/01\/12\/el-radar-movil-de-los-llanos-de-aridane-localiza-a-un-motorista-a-107km-hora-por-el-centro-del-municipio\/","title":{"rendered":"El radar m\u00f3vil de Los Llanos de Aridane localiza a un motorista a 107km\/hora por el centro del municipio"},"content":{"rendered":"<section class=\"wpb-content-wrapper\"><p>[vc_row css_animation=\u00bb\u00bb row_type=\u00bbrow\u00bb use_row_as_full_screen_section=\u00bbno\u00bb type=\u00bbfull_width\u00bb angled_section=\u00bbno\u00bb text_align=\u00bbleft\u00bb background_image_as_pattern=\u00bbwithout_pattern\u00bb][vc_column][vc_row_inner row_type=\u00bbrow\u00bb type=\u00bbgrid\u00bb text_align=\u00bbleft\u00bb css_animation=\u00bb\u00bb][vc_column_inner][vc_empty_space height=\u00bb20px\u00bb][vc_column_text]<\/p>\n<ul>\n<li style=\"text-align: justify;\"><em>La concejal explica que concretamente ha sido en la Avda. Carlos Francisco Lorenzo, y confirma que el conductor doblaba la velocidad permitida en esa zona.<\/em><\/li>\n<li style=\"text-align: justify;\"><em>Adem\u00e1s, recuerda que sobrepasar la velocidad m\u00e1xima permitida supone una infracci\u00f3n administrativa que lleva aparejada una multa y\/o la p\u00e9rdida de 3 o 6 puntos del permiso de conducir en las infracciones graves y muy graves, y hay ocasiones en las que tambi\u00e9n puede conllevar sanciones de car\u00e1cter penal.<\/em><\/li>\n<\/ul>\n<p>&nbsp;<\/p>\n<p style=\"text-align: justify;\"><strong>Los Llanos de Aridane, 12 de enero de 2023.-<\/strong> El Ayuntamiento de Los Llanos de Aridane a trav\u00e9s de la concejal de Seguridad Ciudadana, Lorena Hern\u00e1ndez Labrador, ha confirmado que \u201cel radar m\u00f3vil, que se puso en marcha el pasado mes de noviembre, y con el que se busca seguir mejorando la seguridad vial, ha localizado a un motorista a 107 km\/hora por la Avda. Carlos Francisco Lorenzo Navarro, doblando la velocidad m\u00e1xima permitida por esa zona que son 50km\/hora\u201d, se\u00f1ala.<\/p>\n<p style=\"text-align: justify;\">Hern\u00e1ndez Labrador explica que en la mayor\u00eda de los casos sobrepasar la velocidad m\u00e1xima permitida supone una infracci\u00f3n administrativa que lleva aparejada una multa y\/o la p\u00e9rdida de 3 o 6 puntos del permiso de conducir en las infracciones graves y muy graves. Adem\u00e1s, se\u00f1ala que \u201chay ocasiones en las que circular a m\u00e1s velocidad de la permitida puede conllevar tambi\u00e9n sanciones de car\u00e1cter penal, entre las que se encuentra la privaci\u00f3n de libertad\u201d. Para que esto suceda, afirma la concejal, \u201cen el caso de las v\u00edas urbanas, circular a una velocidad superior de 60 km\/h a la m\u00e1xima permitida para la v\u00eda puede ser constitutiva de un delito contra la seguridad vial, por ejemplo: si se detecta a un conductor circulando a m\u00e1s de 90 km\/h por la Avda. Dr. Fleming, donde la velocidad m\u00e1xima permitida es de 30 km\/h. En este caso el conductor incurrir\u00eda en una presunta conducta delictiva para la que no es necesario haber generado una situaci\u00f3n de peligro, ni que se produzca un siniestro vial, \u00fanicamente ha sido necesario superar las velocidades se\u00f1aladas. En este caso la Polic\u00eda Local instruir\u00e1 los correspondientes atestados y pondr\u00eda al conductor a disposici\u00f3n de la Autoridad Judicial junto con los medios de prueba de la comisi\u00f3n de dicho presunto delito\u201d.<\/p>\n<p style=\"text-align: justify;\">Por \u00faltimo, desde el Ayuntamiento de Los Llanos de Aridane se recuerda que el objetivo de este radar es seguir velando por la seguridad de los conductores y de los viandantes, \u201cpor lo que una vez m\u00e1s invitamos a que todos aquellos vecinos que consideren que existen zonas peligrosas nos hagan llegar sus propuestas, a trav\u00e9s de las redes sociales del Ayuntamiento, para que esta herramienta se traslade hasta esa zona, y podamos ofrecer este servicio a todos los barrios que lo necesiten\u201d.<\/p>\n<p>[\/vc_column_text][vc_empty_space height=\u00bb20px\u00bb][\/vc_column_inner][\/vc_row_inner][\/vc_column][\/vc_row]<\/p>\n<\/section>","protected":false},"excerpt":{"rendered":"<p>[vc_row css_animation=\u00bb\u00bb row_type=\u00bbrow\u00bb use_row_as_full_screen_section=\u00bbno\u00bb type=\u00bbfull_width\u00bb angled_section=\u00bbno\u00bb text_align=\u00bbleft\u00bb background_image_as_pattern=\u00bbwithout_pattern\u00bb][vc_column][vc_row_inner row_type=\u00bbrow\u00bb type=\u00bbgrid\u00bb text_align=\u00bbleft\u00bb css_animation=\u00bb\u00bb][vc_column_inner][vc_empty_space height=\u00bb20px\u00bb][vc_column_text] La concejal explica que concretamente ha sido en la Avda. Carlos Francisco Lorenzo, y confirma que el conductor doblaba la velocidad permitida en esa zona. Adem\u00e1s, recuerda que sobrepasar la velocidad m\u00e1xima&#8230;<\/p>\n","protected":false},"author":1,"featured_media":0,"comment_status":"closed","ping_status":"open","sticky":false,"template":"","format":"standard","meta":{"footnotes":""},"categories":[6],"tags":[],"class_list":["post-1304","post","type-post","status-publish","format-standard","hentry","category-prensa"],"yoast_head":"<!-- This site is optimized with the Yoast SEO plugin v22.7 - https:\/\/yoast.com\/wordpress\/plugins\/seo\/ -->\n<title>El radar m\u00f3vil de Los Llanos de Aridane localiza a un motorista a 107km\/hora por el centro del municipio - Ayuntamiento de Los Llanos de Aridane<\/title>\n<meta name=\"description\" content=\"El Ayuntamiento de Los Llanos de Aridane presenta el cartel y el programa de La Patrona 2021 con el lema \u201cRemedios, m\u00e1s que un nombre.\u201d\" \/>\n<meta name=\"robots\" content=\"index, follow, max-snippet:-1, max-image-preview:large, max-video-preview:-1\" \/>\n<link rel=\"canonical\" href=\"https:\/\/www.aridane.org\/city\/2023\/01\/12\/el-radar-movil-de-los-llanos-de-aridane-localiza-a-un-motorista-a-107km-hora-por-el-centro-del-municipio\/\" \/>\n<meta property=\"og:locale\" content=\"es_ES\" \/>\n<meta property=\"og:type\" content=\"article\" \/>\n<meta property=\"og:title\" content=\"El radar m\u00f3vil de Los Llanos de Aridane localiza a un motorista a 107km\/hora por el centro del municipio - Ayuntamiento de Los Llanos de Aridane\" \/>\n<meta property=\"og:description\" content=\"El Ayuntamiento de Los Llanos de Aridane presenta el cartel y el programa de La Patrona 2021 con el lema \u201cRemedios, m\u00e1s que un nombre.\u201d\" \/>\n<meta property=\"og:url\" content=\"https:\/\/www.aridane.org\/city\/2023\/01\/12\/el-radar-movil-de-los-llanos-de-aridane-localiza-a-un-motorista-a-107km-hora-por-el-centro-del-municipio\/\" \/>\n<meta property=\"og:site_name\" content=\"Ayuntamiento de Los Llanos de Aridane\" \/>\n<meta property=\"article:published_time\" content=\"2023-01-12T11:02:58+00:00\" \/>\n<meta name=\"author\" content=\"Richard Diaz\" \/>\n<meta name=\"twitter:card\" content=\"summary_large_image\" \/>\n<meta name=\"twitter:label1\" content=\"Escrito por\" \/>\n\t<meta name=\"twitter:data1\" content=\"Richard Diaz\" \/>\n\t<meta name=\"twitter:label2\" content=\"Tiempo de lectura\" \/>\n\t<meta name=\"twitter:data2\" content=\"3 minutos\" \/>\n<script type=\"application\/ld+json\" class=\"yoast-schema-graph\">{\"@context\":\"https:\/\/schema.org\",\"@graph\":[{\"@type\":\"WebPage\",\"@id\":\"https:\/\/www.aridane.org\/city\/2023\/01\/12\/el-radar-movil-de-los-llanos-de-aridane-localiza-a-un-motorista-a-107km-hora-por-el-centro-del-municipio\/\",\"url\":\"https:\/\/www.aridane.org\/city\/2023\/01\/12\/el-radar-movil-de-los-llanos-de-aridane-localiza-a-un-motorista-a-107km-hora-por-el-centro-del-municipio\/\",\"name\":\"El radar m\u00f3vil de Los Llanos de Aridane localiza a un motorista a 107km\/hora por el centro del municipio - Ayuntamiento de Los Llanos de Aridane\",\"isPartOf\":{\"@id\":\"https:\/\/www.aridane.org\/city\/#website\"},\"datePublished\":\"2023-01-12T11:02:58+00:00\",\"dateModified\":\"2023-01-12T11:02:58+00:00\",\"author\":{\"@id\":\"https:\/\/www.aridane.org\/city\/#\/schema\/person\/7d352ec7f29881716f298394432e7209\"},\"description\":\"El Ayuntamiento de Los Llanos de Aridane presenta el cartel y el programa de La Patrona 2021 con el lema \u201cRemedios, m\u00e1s que un nombre.\u201d\",\"breadcrumb\":{\"@id\":\"https:\/\/www.aridane.org\/city\/2023\/01\/12\/el-radar-movil-de-los-llanos-de-aridane-localiza-a-un-motorista-a-107km-hora-por-el-centro-del-municipio\/#breadcrumb\"},\"inLanguage\":\"es\",\"potentialAction\":[{\"@type\":\"ReadAction\",\"target\":[\"https:\/\/www.aridane.org\/city\/2023\/01\/12\/el-radar-movil-de-los-llanos-de-aridane-localiza-a-un-motorista-a-107km-hora-por-el-centro-del-municipio\/\"]}]},{\"@type\":\"BreadcrumbList\",\"@id\":\"https:\/\/www.aridane.org\/city\/2023\/01\/12\/el-radar-movil-de-los-llanos-de-aridane-localiza-a-un-motorista-a-107km-hora-por-el-centro-del-municipio\/#breadcrumb\",\"itemListElement\":[{\"@type\":\"ListItem\",\"position\":1,\"name\":\"Portada\",\"item\":\"https:\/\/www.aridane.org\/city\/\"},{\"@type\":\"ListItem\",\"position\":2,\"name\":\"El radar m\u00f3vil de Los Llanos de Aridane localiza a un motorista a 107km\/hora por el centro del municipio\"}]},{\"@type\":\"WebSite\",\"@id\":\"https:\/\/www.aridane.org\/city\/#website\",\"url\":\"https:\/\/www.aridane.org\/city\/\",\"name\":\"Ayuntamiento de Los Llanos de Aridane\",\"description\":\"\",\"potentialAction\":[{\"@type\":\"SearchAction\",\"target\":{\"@type\":\"EntryPoint\",\"urlTemplate\":\"https:\/\/www.aridane.org\/city\/?s={search_term_string}\"},\"query-input\":\"required name=search_term_string\"}],\"inLanguage\":\"es\"},{\"@type\":\"Person\",\"@id\":\"https:\/\/www.aridane.org\/city\/#\/schema\/person\/7d352ec7f29881716f298394432e7209\",\"name\":\"Richard Diaz\",\"image\":{\"@type\":\"ImageObject\",\"inLanguage\":\"es\",\"@id\":\"https:\/\/www.aridane.org\/city\/#\/schema\/person\/image\/\",\"url\":\"https:\/\/secure.gravatar.com\/avatar\/bacd6aefc26a4a204943090a4c596cd10f0857081ef3cfd12084a70ecb3161d5?s=96&d=mm&r=g\",\"contentUrl\":\"https:\/\/secure.gravatar.com\/avatar\/bacd6aefc26a4a204943090a4c596cd10f0857081ef3cfd12084a70ecb3161d5?s=96&d=mm&r=g\",\"caption\":\"Richard Diaz\"},\"sameAs\":[\"https:\/\/www.aridane.org\/city\"],\"url\":\"https:\/\/www.aridane.org\/city\/author\/richard-diaz\/\"}]}<\/script>\n<!-- \/ Yoast SEO plugin. -->","yoast_head_json":{"title":"El radar m\u00f3vil de Los Llanos de Aridane localiza a un motorista a 107km\/hora por el centro del municipio - Ayuntamiento de Los Llanos de Aridane","description":"El Ayuntamiento de Los Llanos de Aridane presenta el cartel y el programa de La Patrona 2021 con el lema \u201cRemedios, m\u00e1s que un nombre.\u201d","robots":{"index":"index","follow":"follow","max-snippet":"max-snippet:-1","max-image-preview":"max-image-preview:large","max-video-preview":"max-video-preview:-1"},"canonical":"https:\/\/www.aridane.org\/city\/2023\/01\/12\/el-radar-movil-de-los-llanos-de-aridane-localiza-a-un-motorista-a-107km-hora-por-el-centro-del-municipio\/","og_locale":"es_ES","og_type":"article","og_title":"El radar m\u00f3vil de Los Llanos de Aridane localiza a un motorista a 107km\/hora por el centro del municipio - Ayuntamiento de Los Llanos de Aridane","og_description":"El Ayuntamiento de Los Llanos de Aridane presenta el cartel y el programa de La Patrona 2021 con el lema \u201cRemedios, m\u00e1s que un nombre.\u201d","og_url":"https:\/\/www.aridane.org\/city\/2023\/01\/12\/el-radar-movil-de-los-llanos-de-aridane-localiza-a-un-motorista-a-107km-hora-por-el-centro-del-municipio\/","og_site_name":"Ayuntamiento de Los Llanos de Aridane","article_published_time":"2023-01-12T11:02:58+00:00","author":"Richard Diaz","twitter_card":"summary_large_image","twitter_misc":{"Escrito por":"Richard Diaz","Tiempo de lectura":"3 minutos"},"schema":{"@context":"https:\/\/schema.org","@graph":[{"@type":"WebPage","@id":"https:\/\/www.aridane.org\/city\/2023\/01\/12\/el-radar-movil-de-los-llanos-de-aridane-localiza-a-un-motorista-a-107km-hora-por-el-centro-del-municipio\/","url":"https:\/\/www.aridane.org\/city\/2023\/01\/12\/el-radar-movil-de-los-llanos-de-aridane-localiza-a-un-motorista-a-107km-hora-por-el-centro-del-municipio\/","name":"El radar m\u00f3vil de Los Llanos de Aridane localiza a un motorista a 107km\/hora por el centro del municipio - Ayuntamiento de Los Llanos de Aridane","isPartOf":{"@id":"https:\/\/www.aridane.org\/city\/#website"},"datePublished":"2023-01-12T11:02:58+00:00","dateModified":"2023-01-12T11:02:58+00:00","author":{"@id":"https:\/\/www.aridane.org\/city\/#\/schema\/person\/7d352ec7f29881716f298394432e7209"},"description":"El Ayuntamiento de Los Llanos de Aridane presenta el cartel y el programa de La Patrona 2021 con el lema \u201cRemedios, m\u00e1s que un nombre.\u201d","breadcrumb":{"@id":"https:\/\/www.aridane.org\/city\/2023\/01\/12\/el-radar-movil-de-los-llanos-de-aridane-localiza-a-un-motorista-a-107km-hora-por-el-centro-del-municipio\/#breadcrumb"},"inLanguage":"es","potentialAction":[{"@type":"ReadAction","target":["https:\/\/www.aridane.org\/city\/2023\/01\/12\/el-radar-movil-de-los-llanos-de-aridane-localiza-a-un-motorista-a-107km-hora-por-el-centro-del-municipio\/"]}]},{"@type":"BreadcrumbList","@id":"https:\/\/www.aridane.org\/city\/2023\/01\/12\/el-radar-movil-de-los-llanos-de-aridane-localiza-a-un-motorista-a-107km-hora-por-el-centro-del-municipio\/#breadcrumb","itemListElement":[{"@type":"ListItem","position":1,"name":"Portada","item":"https:\/\/www.aridane.org\/city\/"},{"@type":"ListItem","position":2,"name":"El radar m\u00f3vil de Los Llanos de Aridane localiza a un motorista a 107km\/hora por el centro del municipio"}]},{"@type":"WebSite","@id":"https:\/\/www.aridane.org\/city\/#website","url":"https:\/\/www.aridane.org\/city\/","name":"Ayuntamiento de Los Llanos de Aridane","description":"","potentialAction":[{"@type":"SearchAction","target":{"@type":"EntryPoint","urlTemplate":"https:\/\/www.aridane.org\/city\/?s={search_term_string}"},"query-input":"required name=search_term_string"}],"inLanguage":"es"},{"@type":"Person","@id":"https:\/\/www.aridane.org\/city\/#\/schema\/person\/7d352ec7f29881716f298394432e7209","name":"Richard Diaz","image":{"@type":"ImageObject","inLanguage":"es","@id":"https:\/\/www.aridane.org\/city\/#\/schema\/person\/image\/","url":"https:\/\/secure.gravatar.com\/avatar\/bacd6aefc26a4a204943090a4c596cd10f0857081ef3cfd12084a70ecb3161d5?s=96&d=mm&r=g","contentUrl":"https:\/\/secure.gravatar.com\/avatar\/bacd6aefc26a4a204943090a4c596cd10f0857081ef3cfd12084a70ecb3161d5?s=96&d=mm&r=g","caption":"Richard Diaz"},"sameAs":["https:\/\/www.aridane.org\/city"],"url":"https:\/\/www.aridane.org\/city\/author\/richard-diaz\/"}]}},"_links":{"self":[{"href":"https:\/\/www.aridane.org\/city\/wp-json\/wp\/v2\/posts\/1304","targetHints":{"allow":["GET"]}}],"collection":[{"href":"https:\/\/www.aridane.org\/city\/wp-json\/wp\/v2\/posts"}],"about":[{"href":"https:\/\/www.aridane.org\/city\/wp-json\/wp\/v2\/types\/post"}],"author":[{"embeddable":true,"href":"https:\/\/www.aridane.org\/city\/wp-json\/wp\/v2\/users\/1"}],"replies":[{"embeddable":true,"href":"https:\/\/www.aridane.org\/city\/wp-json\/wp\/v2\/comments?post=1304"}],"version-history":[{"count":0,"href":"https:\/\/www.aridane.org\/city\/wp-json\/wp\/v2\/posts\/1304\/revisions"}],"wp:attachment":[{"href":"https:\/\/www.aridane.org\/city\/wp-json\/wp\/v2\/media?parent=1304"}],"wp:term":[{"taxonomy":"category","embeddable":true,"href":"https:\/\/www.aridane.org\/city\/wp-json\/wp\/v2\/categories?post=1304"},{"taxonomy":"post_tag","embeddable":true,"href":"https:\/\/www.aridane.org\/city\/wp-json\/wp\/v2\/tags?post=1304"}],"curies":[{"name":"wp","href":"https:\/\/api.w.org\/{rel}","templated":true}]}}