{"id":1308,"date":"2023-01-19T12:05:57","date_gmt":"2023-01-19T12:05:57","guid":{"rendered":"https:\/\/aridane.org\/ciudad\/?p=1308"},"modified":"2023-01-19T12:05:57","modified_gmt":"2023-01-19T12:05:57","slug":"los-llanos-contara-con-una-extensa-e-importante-agenda-deportiva-los-proximos-meses-acogiendo-pruebas-de-nivel-regional-nacional-e-internacional","status":"publish","type":"post","link":"https:\/\/www.aridane.org\/city\/2023\/01\/19\/los-llanos-contara-con-una-extensa-e-importante-agenda-deportiva-los-proximos-meses-acogiendo-pruebas-de-nivel-regional-nacional-e-internacional\/","title":{"rendered":"Los Llanos contar\u00e1 con una extensa e importante agenda deportiva los pr\u00f3ximos meses acogiendo pruebas de nivel  regional, nacional e internacional"},"content":{"rendered":"<section class=\"wpb-content-wrapper\"><p>[vc_row css_animation=\u00bb\u00bb row_type=\u00bbrow\u00bb use_row_as_full_screen_section=\u00bbno\u00bb type=\u00bbfull_width\u00bb angled_section=\u00bbno\u00bb text_align=\u00bbleft\u00bb background_image_as_pattern=\u00bbwithout_pattern\u00bb][vc_column][vc_row_inner row_type=\u00bbrow\u00bb type=\u00bbgrid\u00bb text_align=\u00bbleft\u00bb css_animation=\u00bb\u00bb][vc_column_inner][vc_empty_space height=\u00bb20px\u00bb][vc_column_text]<\/p>\n<ul>\n<li style=\"text-align: justify;\"><em>El concejal de Deportes, V\u00edctor Gonz\u00e1lez, defiende que de esta manera contin\u00faan trabajando para seguir posicionando a Los Llanos de Aridane como un municipio activo, dinamizador y referente dentro del mundo del deporte.<\/em><\/li>\n<\/ul>\n<p>&nbsp;<\/p>\n<p style=\"text-align: justify;\"><strong>Los Llanos de Aridane, 19 de enero de 2023.-<\/strong> El Ayuntamiento de Los Llanos de Aridane a trav\u00e9s de la concejal de Deportes, V\u00edctor Gonz\u00e1lez, \u00a0ha confirmado que el municipio contar\u00e1 con una extensa e importante agenda deportiva los pr\u00f3ximos meses, \u201cacogiendo eventos de \u00e1mbito insular, regional, nacional e internacional.<\/p>\n<p style=\"text-align: justify;\">Adem\u00e1s, hay que sumar tambi\u00e9n las competiciones reguladas que se celebran cada fin de semana en las instalaciones municipales \u201d, se\u00f1ala.\u00a0 Gonz\u00e1lez explica que esta agenda comenzar\u00e1 el pr\u00f3ximo 28 de enero con la Gala del 70 aniversario del CD Argual, en las canchas IES Eusebio Barreto. Seguidamente, afirma, en el mes de febrero, concretamente el d\u00eda 11, tendr\u00e1 lugar en la Plaza de Espa\u00f1a el Sport Day, \u201cla muestra deportiva que tiene por objetivo acercar a los vecinos las distintas modalidades que se ofrecen en el programa de Promoci\u00f3n Deportiva B\u00e1sica\u201d, se\u00f1ala. Y ese mismo d\u00eda tambi\u00e9n se desarrollar\u00e1 la Primera Copa Master de Corcheo Mar D\u00faos.<\/p>\n<p style=\"text-align: justify;\">El mes de marzo comienza con el Torneo Internacional de P\u00e1del del 8 al 12, en la Plaza Juan Pablo II. Del 10 al 12 de marzo, en el Pabell\u00f3n Severo Rodr\u00edguez, tendr\u00e1 lugar el Campeonato Provincial de Patinaje. Un d\u00eda despu\u00e9s, el d\u00eda 13, la cita ser\u00e1 con el Campeonato FITE de Canarias Taekwondo. Adem\u00e1s, por tercer a\u00f1o, regresa la Escuela de Karting, que finalmente ser\u00e1 del 17 al 19 de marzo en el aparcamientos Ram\u00f3n Pol.<\/p>\n<p style=\"text-align: justify;\">Mientras que a final de mes, el d\u00eda 25, Los Llanos acoger\u00e1 el campeonato de Espa\u00f1a de Embarcaci\u00f3n Fondeada. Tambi\u00e9n el d\u00eda 24 y el 25 por segundo a\u00f1o consecutivo Los Llanos acoge las Neurolimpiadas, \u201cque logr\u00f3 un gran \u00e9xito el a\u00f1o pasado, y cuyo objetivo no es otro que el de promover la actividad cognitiva para fomentar un envejecimiento activo entre nuestros mayores\u201d, se\u00f1ala.<\/p>\n<p style=\"text-align: justify;\">El mes de abril comienza fuerte con la Ne\u00f3n Run Spain 2023, Campeonato de Canarias de atletismo en ruta en modalidad de 5 y 10 km, y que previsiblemente ser\u00e1 el s\u00e1bado 1 de abril. Mientras que el 19 de mayo tendr\u00e1 lugar el campeonato de Canarias de Duatl\u00f3n.<\/p>\n<p style=\"text-align: justify;\">Desde la concejal\u00eda de Deportes destacan la puesta en marcha, despu\u00e9s de dos a\u00f1os de par\u00f3n, de la liga de F\u00fatbol Aficionado que ha comenzado esta misma semana y que se desarrollar\u00e1 hasta el mes de mayo en el Complejo Deportivo Llano Tesa. Adem\u00e1s, esta amplia agenda deportiva va acompa\u00f1ada de las competiciones reguladas que se celebran cada fin de semana en las instalaciones municipales donde el Ayuntamiento de Los Llanos de Aridane en muchas ocasiones es organizador directo y\/o colaborador. Superando cada a\u00f1o las m\u00e1s de 500 actividades deportivas en diferentes modalidades, f\u00fatbol, baloncesto, lucha canaria, f\u00fatbol sala, ajedrez, gimnasia r\u00edtmica, radio control, patinaje, entre otras.<\/p>\n<p style=\"text-align: justify;\">Por \u00faltimo, desde el Consistorio aridanense se recuerda que \u201cesta manera seguimos trabajando para continuar posicionando a Los Llanos de Aridane como un municipio activo, dinamizador y referente dentro del mundo del deporte\u201d.<\/p>\n<p>[\/vc_column_text][vc_empty_space height=\u00bb20px\u00bb][\/vc_column_inner][\/vc_row_inner][\/vc_column][\/vc_row]<\/p>\n<\/section>","protected":false},"excerpt":{"rendered":"<p>[vc_row css_animation=\u00bb\u00bb row_type=\u00bbrow\u00bb use_row_as_full_screen_section=\u00bbno\u00bb type=\u00bbfull_width\u00bb angled_section=\u00bbno\u00bb text_align=\u00bbleft\u00bb background_image_as_pattern=\u00bbwithout_pattern\u00bb][vc_column][vc_row_inner row_type=\u00bbrow\u00bb type=\u00bbgrid\u00bb text_align=\u00bbleft\u00bb css_animation=\u00bb\u00bb][vc_column_inner][vc_empty_space height=\u00bb20px\u00bb][vc_column_text] El concejal de Deportes, V\u00edctor Gonz\u00e1lez, defiende que de esta manera contin\u00faan trabajando para seguir posicionando a Los Llanos de Aridane como un municipio activo, dinamizador y referente dentro del mundo del&#8230;<\/p>\n","protected":false},"author":1,"featured_media":0,"comment_status":"closed","ping_status":"open","sticky":false,"template":"","format":"standard","meta":{"footnotes":""},"categories":[6],"tags":[],"class_list":["post-1308","post","type-post","status-publish","format-standard","hentry","category-prensa"],"yoast_head":"<!-- This site is optimized with the Yoast SEO plugin v22.7 - https:\/\/yoast.com\/wordpress\/plugins\/seo\/ -->\n<title>Los Llanos contar\u00e1 con una extensa e importante agenda deportiva los pr\u00f3ximos meses acogiendo pruebas de nivel regional, nacional e internacional - Ayuntamiento de Los Llanos de Aridane<\/title>\n<meta name=\"description\" content=\"El Ayuntamiento de Los Llanos de Aridane presenta el cartel y el programa de La Patrona 2021 con el lema \u201cRemedios, m\u00e1s que un nombre.\u201d\" \/>\n<meta name=\"robots\" content=\"index, follow, max-snippet:-1, max-image-preview:large, max-video-preview:-1\" \/>\n<link rel=\"canonical\" href=\"https:\/\/www.aridane.org\/city\/2023\/01\/19\/los-llanos-contara-con-una-extensa-e-importante-agenda-deportiva-los-proximos-meses-acogiendo-pruebas-de-nivel-regional-nacional-e-internacional\/\" \/>\n<meta property=\"og:locale\" content=\"es_ES\" \/>\n<meta property=\"og:type\" content=\"article\" \/>\n<meta property=\"og:title\" content=\"Los Llanos contar\u00e1 con una extensa e importante agenda deportiva los pr\u00f3ximos meses acogiendo pruebas de nivel regional, nacional e internacional - Ayuntamiento de Los Llanos de Aridane\" \/>\n<meta property=\"og:description\" content=\"El Ayuntamiento de Los Llanos de Aridane presenta el cartel y el programa de La Patrona 2021 con el lema \u201cRemedios, m\u00e1s que un nombre.\u201d\" \/>\n<meta property=\"og:url\" content=\"https:\/\/www.aridane.org\/city\/2023\/01\/19\/los-llanos-contara-con-una-extensa-e-importante-agenda-deportiva-los-proximos-meses-acogiendo-pruebas-de-nivel-regional-nacional-e-internacional\/\" \/>\n<meta property=\"og:site_name\" content=\"Ayuntamiento de Los Llanos de Aridane\" \/>\n<meta property=\"article:published_time\" content=\"2023-01-19T12:05:57+00:00\" \/>\n<meta name=\"author\" content=\"Richard Diaz\" \/>\n<meta name=\"twitter:card\" content=\"summary_large_image\" \/>\n<meta name=\"twitter:label1\" content=\"Escrito por\" \/>\n\t<meta name=\"twitter:data1\" content=\"Richard Diaz\" \/>\n\t<meta name=\"twitter:label2\" content=\"Tiempo de lectura\" \/>\n\t<meta name=\"twitter:data2\" content=\"3 minutos\" \/>\n<script type=\"application\/ld+json\" class=\"yoast-schema-graph\">{\"@context\":\"https:\/\/schema.org\",\"@graph\":[{\"@type\":\"WebPage\",\"@id\":\"https:\/\/www.aridane.org\/city\/2023\/01\/19\/los-llanos-contara-con-una-extensa-e-importante-agenda-deportiva-los-proximos-meses-acogiendo-pruebas-de-nivel-regional-nacional-e-internacional\/\",\"url\":\"https:\/\/www.aridane.org\/city\/2023\/01\/19\/los-llanos-contara-con-una-extensa-e-importante-agenda-deportiva-los-proximos-meses-acogiendo-pruebas-de-nivel-regional-nacional-e-internacional\/\",\"name\":\"Los Llanos contar\u00e1 con una extensa e importante agenda deportiva los pr\u00f3ximos meses acogiendo pruebas de nivel regional, nacional e internacional - Ayuntamiento de Los Llanos de Aridane\",\"isPartOf\":{\"@id\":\"https:\/\/www.aridane.org\/city\/#website\"},\"datePublished\":\"2023-01-19T12:05:57+00:00\",\"dateModified\":\"2023-01-19T12:05:57+00:00\",\"author\":{\"@id\":\"https:\/\/www.aridane.org\/city\/#\/schema\/person\/7d352ec7f29881716f298394432e7209\"},\"description\":\"El Ayuntamiento de Los Llanos de Aridane presenta el cartel y el programa de La Patrona 2021 con el lema \u201cRemedios, m\u00e1s que un nombre.\u201d\",\"breadcrumb\":{\"@id\":\"https:\/\/www.aridane.org\/city\/2023\/01\/19\/los-llanos-contara-con-una-extensa-e-importante-agenda-deportiva-los-proximos-meses-acogiendo-pruebas-de-nivel-regional-nacional-e-internacional\/#breadcrumb\"},\"inLanguage\":\"es\",\"potentialAction\":[{\"@type\":\"ReadAction\",\"target\":[\"https:\/\/www.aridane.org\/city\/2023\/01\/19\/los-llanos-contara-con-una-extensa-e-importante-agenda-deportiva-los-proximos-meses-acogiendo-pruebas-de-nivel-regional-nacional-e-internacional\/\"]}]},{\"@type\":\"BreadcrumbList\",\"@id\":\"https:\/\/www.aridane.org\/city\/2023\/01\/19\/los-llanos-contara-con-una-extensa-e-importante-agenda-deportiva-los-proximos-meses-acogiendo-pruebas-de-nivel-regional-nacional-e-internacional\/#breadcrumb\",\"itemListElement\":[{\"@type\":\"ListItem\",\"position\":1,\"name\":\"Portada\",\"item\":\"https:\/\/www.aridane.org\/city\/\"},{\"@type\":\"ListItem\",\"position\":2,\"name\":\"Los Llanos contar\u00e1 con una extensa e importante agenda deportiva los pr\u00f3ximos meses acogiendo pruebas de nivel regional, nacional e internacional\"}]},{\"@type\":\"WebSite\",\"@id\":\"https:\/\/www.aridane.org\/city\/#website\",\"url\":\"https:\/\/www.aridane.org\/city\/\",\"name\":\"Ayuntamiento de Los Llanos de Aridane\",\"description\":\"\",\"potentialAction\":[{\"@type\":\"SearchAction\",\"target\":{\"@type\":\"EntryPoint\",\"urlTemplate\":\"https:\/\/www.aridane.org\/city\/?s={search_term_string}\"},\"query-input\":\"required name=search_term_string\"}],\"inLanguage\":\"es\"},{\"@type\":\"Person\",\"@id\":\"https:\/\/www.aridane.org\/city\/#\/schema\/person\/7d352ec7f29881716f298394432e7209\",\"name\":\"Richard Diaz\",\"image\":{\"@type\":\"ImageObject\",\"inLanguage\":\"es\",\"@id\":\"https:\/\/www.aridane.org\/city\/#\/schema\/person\/image\/\",\"url\":\"https:\/\/secure.gravatar.com\/avatar\/bacd6aefc26a4a204943090a4c596cd10f0857081ef3cfd12084a70ecb3161d5?s=96&d=mm&r=g\",\"contentUrl\":\"https:\/\/secure.gravatar.com\/avatar\/bacd6aefc26a4a204943090a4c596cd10f0857081ef3cfd12084a70ecb3161d5?s=96&d=mm&r=g\",\"caption\":\"Richard Diaz\"},\"sameAs\":[\"https:\/\/www.aridane.org\/city\"],\"url\":\"https:\/\/www.aridane.org\/city\/author\/richard-diaz\/\"}]}<\/script>\n<!-- \/ Yoast SEO plugin. -->","yoast_head_json":{"title":"Los Llanos contar\u00e1 con una extensa e importante agenda deportiva los pr\u00f3ximos meses acogiendo pruebas de nivel regional, nacional e internacional - Ayuntamiento de Los Llanos de Aridane","description":"El Ayuntamiento de Los Llanos de Aridane presenta el cartel y el programa de La Patrona 2021 con el lema \u201cRemedios, m\u00e1s que un nombre.\u201d","robots":{"index":"index","follow":"follow","max-snippet":"max-snippet:-1","max-image-preview":"max-image-preview:large","max-video-preview":"max-video-preview:-1"},"canonical":"https:\/\/www.aridane.org\/city\/2023\/01\/19\/los-llanos-contara-con-una-extensa-e-importante-agenda-deportiva-los-proximos-meses-acogiendo-pruebas-de-nivel-regional-nacional-e-internacional\/","og_locale":"es_ES","og_type":"article","og_title":"Los Llanos contar\u00e1 con una extensa e importante agenda deportiva los pr\u00f3ximos meses acogiendo pruebas de nivel regional, nacional e internacional - Ayuntamiento de Los Llanos de Aridane","og_description":"El Ayuntamiento de Los Llanos de Aridane presenta el cartel y el programa de La Patrona 2021 con el lema \u201cRemedios, m\u00e1s que un nombre.\u201d","og_url":"https:\/\/www.aridane.org\/city\/2023\/01\/19\/los-llanos-contara-con-una-extensa-e-importante-agenda-deportiva-los-proximos-meses-acogiendo-pruebas-de-nivel-regional-nacional-e-internacional\/","og_site_name":"Ayuntamiento de Los Llanos de Aridane","article_published_time":"2023-01-19T12:05:57+00:00","author":"Richard Diaz","twitter_card":"summary_large_image","twitter_misc":{"Escrito por":"Richard Diaz","Tiempo de lectura":"3 minutos"},"schema":{"@context":"https:\/\/schema.org","@graph":[{"@type":"WebPage","@id":"https:\/\/www.aridane.org\/city\/2023\/01\/19\/los-llanos-contara-con-una-extensa-e-importante-agenda-deportiva-los-proximos-meses-acogiendo-pruebas-de-nivel-regional-nacional-e-internacional\/","url":"https:\/\/www.aridane.org\/city\/2023\/01\/19\/los-llanos-contara-con-una-extensa-e-importante-agenda-deportiva-los-proximos-meses-acogiendo-pruebas-de-nivel-regional-nacional-e-internacional\/","name":"Los Llanos contar\u00e1 con una extensa e importante agenda deportiva los pr\u00f3ximos meses acogiendo pruebas de nivel regional, nacional e internacional - Ayuntamiento de Los Llanos de Aridane","isPartOf":{"@id":"https:\/\/www.aridane.org\/city\/#website"},"datePublished":"2023-01-19T12:05:57+00:00","dateModified":"2023-01-19T12:05:57+00:00","author":{"@id":"https:\/\/www.aridane.org\/city\/#\/schema\/person\/7d352ec7f29881716f298394432e7209"},"description":"El Ayuntamiento de Los Llanos de Aridane presenta el cartel y el programa de La Patrona 2021 con el lema \u201cRemedios, m\u00e1s que un nombre.\u201d","breadcrumb":{"@id":"https:\/\/www.aridane.org\/city\/2023\/01\/19\/los-llanos-contara-con-una-extensa-e-importante-agenda-deportiva-los-proximos-meses-acogiendo-pruebas-de-nivel-regional-nacional-e-internacional\/#breadcrumb"},"inLanguage":"es","potentialAction":[{"@type":"ReadAction","target":["https:\/\/www.aridane.org\/city\/2023\/01\/19\/los-llanos-contara-con-una-extensa-e-importante-agenda-deportiva-los-proximos-meses-acogiendo-pruebas-de-nivel-regional-nacional-e-internacional\/"]}]},{"@type":"BreadcrumbList","@id":"https:\/\/www.aridane.org\/city\/2023\/01\/19\/los-llanos-contara-con-una-extensa-e-importante-agenda-deportiva-los-proximos-meses-acogiendo-pruebas-de-nivel-regional-nacional-e-internacional\/#breadcrumb","itemListElement":[{"@type":"ListItem","position":1,"name":"Portada","item":"https:\/\/www.aridane.org\/city\/"},{"@type":"ListItem","position":2,"name":"Los Llanos contar\u00e1 con una extensa e importante agenda deportiva los pr\u00f3ximos meses acogiendo pruebas de nivel regional, nacional e internacional"}]},{"@type":"WebSite","@id":"https:\/\/www.aridane.org\/city\/#website","url":"https:\/\/www.aridane.org\/city\/","name":"Ayuntamiento de Los Llanos de Aridane","description":"","potentialAction":[{"@type":"SearchAction","target":{"@type":"EntryPoint","urlTemplate":"https:\/\/www.aridane.org\/city\/?s={search_term_string}"},"query-input":"required name=search_term_string"}],"inLanguage":"es"},{"@type":"Person","@id":"https:\/\/www.aridane.org\/city\/#\/schema\/person\/7d352ec7f29881716f298394432e7209","name":"Richard Diaz","image":{"@type":"ImageObject","inLanguage":"es","@id":"https:\/\/www.aridane.org\/city\/#\/schema\/person\/image\/","url":"https:\/\/secure.gravatar.com\/avatar\/bacd6aefc26a4a204943090a4c596cd10f0857081ef3cfd12084a70ecb3161d5?s=96&d=mm&r=g","contentUrl":"https:\/\/secure.gravatar.com\/avatar\/bacd6aefc26a4a204943090a4c596cd10f0857081ef3cfd12084a70ecb3161d5?s=96&d=mm&r=g","caption":"Richard Diaz"},"sameAs":["https:\/\/www.aridane.org\/city"],"url":"https:\/\/www.aridane.org\/city\/author\/richard-diaz\/"}]}},"_links":{"self":[{"href":"https:\/\/www.aridane.org\/city\/wp-json\/wp\/v2\/posts\/1308","targetHints":{"allow":["GET"]}}],"collection":[{"href":"https:\/\/www.aridane.org\/city\/wp-json\/wp\/v2\/posts"}],"about":[{"href":"https:\/\/www.aridane.org\/city\/wp-json\/wp\/v2\/types\/post"}],"author":[{"embeddable":true,"href":"https:\/\/www.aridane.org\/city\/wp-json\/wp\/v2\/users\/1"}],"replies":[{"embeddable":true,"href":"https:\/\/www.aridane.org\/city\/wp-json\/wp\/v2\/comments?post=1308"}],"version-history":[{"count":0,"href":"https:\/\/www.aridane.org\/city\/wp-json\/wp\/v2\/posts\/1308\/revisions"}],"wp:attachment":[{"href":"https:\/\/www.aridane.org\/city\/wp-json\/wp\/v2\/media?parent=1308"}],"wp:term":[{"taxonomy":"category","embeddable":true,"href":"https:\/\/www.aridane.org\/city\/wp-json\/wp\/v2\/categories?post=1308"},{"taxonomy":"post_tag","embeddable":true,"href":"https:\/\/www.aridane.org\/city\/wp-json\/wp\/v2\/tags?post=1308"}],"curies":[{"name":"wp","href":"https:\/\/api.w.org\/{rel}","templated":true}]}}