{"id":1311,"date":"2023-01-23T10:31:43","date_gmt":"2023-01-23T10:31:43","guid":{"rendered":"https:\/\/aridane.org\/ciudad\/?p=1311"},"modified":"2023-01-23T10:31:43","modified_gmt":"2023-01-23T10:31:43","slug":"la-musica-el-teatro-y-la-poesia-seran-protagonistas-de-diversos-espacios-en-los-llanos-de-aridane-el-proximo-fin-de-semana","status":"publish","type":"post","link":"https:\/\/www.aridane.org\/city\/2023\/01\/23\/la-musica-el-teatro-y-la-poesia-seran-protagonistas-de-diversos-espacios-en-los-llanos-de-aridane-el-proximo-fin-de-semana\/","title":{"rendered":"La m\u00fasica, el teatro y la poes\u00eda ser\u00e1n protagonistas de diversos espacios en Los Llanos de Aridane el pr\u00f3ximo fin de semana"},"content":{"rendered":"<section class=\"wpb-content-wrapper\"><p>[vc_row css_animation=\u00bb\u00bb row_type=\u00bbrow\u00bb use_row_as_full_screen_section=\u00bbno\u00bb type=\u00bbfull_width\u00bb angled_section=\u00bbno\u00bb text_align=\u00bbleft\u00bb background_image_as_pattern=\u00bbwithout_pattern\u00bb][vc_column][vc_row_inner row_type=\u00bbrow\u00bb type=\u00bbgrid\u00bb text_align=\u00bbleft\u00bb css_animation=\u00bb\u00bb][vc_column_inner][vc_empty_space height=\u00bb20px\u00bb][vc_column_text]<\/p>\n<ul>\n<li style=\"text-align: justify;\"><em>El viernes 27 se desarrollar\u00e1 el ReaLive con la actuaci\u00f3n de Mamajuana&#8217;s; el s\u00e1bado 28 a partir de las 13:00 horas regresa Contigo Almediod\u00eda con la actuaci\u00f3n de Rupatrupa, mientras que por la tarde se desarrollar\u00e1 la obra de teatro Fisura, de Alter Consciens; y el domingo tendr\u00e1 lugar Nombrarse volc\u00e1n con la participaci\u00f3n de Carla Nyman.<\/em><\/li>\n<\/ul>\n<p>&nbsp;<\/p>\n<p style=\"text-align: justify;\"><strong>Los Llanos de Aridane, 23 de enero de 2023.-<\/strong> El Ayuntamiento de Los Llanos de Aridane a trav\u00e9s de la concejal de Cultura, Charo Gonz\u00e1lez, ha confirmado que \u201cel pr\u00f3ximo fin de semana la agenda cultural de Los Llanos contar\u00e1 con m\u00fasica, teatro y poes\u00eda que se desarrollar\u00e1n en distintos espacios del municipio\u201d.<\/p>\n<p style=\"text-align: justify;\">Gonz\u00e1lez explica que el viernes 27 de enero, a las 20:30 horas, tendr\u00e1 lugar el ReaLive, proyecto musical que se viene realizando de manera intermitente en el Espacio Cultural Real 21 desde 2015, \u201cy en esta ocasi\u00f3n podremos disfrutar de la m\u00fasica de Mamajuana&#8217;s\u201d, se\u00f1ala. Adem\u00e1s, explica que este grupo ampliamente conocido en el Valle est\u00e1 compuesto por Maril\u00f3, Flavia y Yaiza, \u201ctres mujeres con voces muy personales, que versionan en formato ac\u00fastico, con piano y con un toque de percusi\u00f3n, m\u00fasica de varios estilos y \u00e9pocas, con la que pretenden evocar sentimientos en su p\u00fablico y crear un ambiente \u00fanico y agradable\u201d. Estar\u00e1n acompa\u00f1adas al piano por Joaqu\u00edn Serra. \u201cY todo el que quiera reservar su entrada podr\u00e1 hacerlo en <a href=\"http:\/\/www.tuticketlapalma.com\">www.tuticketlapalma.com<\/a>, al precio de 5 euros\u201d.<\/p>\n<p style=\"text-align: justify;\">El s\u00e1bado 28, a partir de las 13:00 horas en la Plaza de Espa\u00f1a, regresa el Contigo Almediod\u00eda con la actuaci\u00f3n de Rupatrupa, \u201cun proyecto musical creado y dirigido por Roberto Ruido, Roberto Gonz\u00e1lez Berenguer, en el que se utilizan ritmos muy conocidos como el reggae o la rumba, pero llev\u00e1ndolos siempre a un terreno propio\u201d, se\u00f1ala.<\/p>\n<p style=\"text-align: justify;\">La concejal afirma que se trata de un proyecto que naci\u00f3 en la calle, \u201cy esa esencia de m\u00fasica callejera est\u00e1 impresa, como sello personal, en cada canci\u00f3n y en cada paso que Rupatrupa da. Aunque el proyecto ha experimentado su mayor evoluci\u00f3n funcionando como un tr\u00edo, persigue la idea de ser una formaci\u00f3n maleable y en continua evoluci\u00f3n\u201d.<\/p>\n<p style=\"text-align: justify;\">Tambi\u00e9n, el s\u00e1bado, en el Espacio Cultural El Secadero a partir de las 20:00 horas, se desarrolla la obra teatral &#8216;Fisura&#8217;, de Alter Consciens, con Bego\u00f1a Grande e Ianire Madariaga, y textos de Patricia Figuero.<\/p>\n<p style=\"text-align: justify;\">Se trata de un proyecto gestado en los Laboratorios de Creaci\u00f3n Art\u00edstica y Teatral de El Secadero en 2021, y en el que dos mujeres atrapadas en un no-lugar desean escapar hacia la normalidad para convertirse en muchedumbre y descansar del instinto y del dolor de la conciencia. Las entradas podr\u00e1n reservarse al precio de 5 \u20ac en <a href=\"http:\/\/www.tuticketlapalma.com\">www.tuticketlapalma.com<\/a> .<\/p>\n<p style=\"text-align: justify;\">Mientras, el domingo 29, regresa a la Biblioteca P\u00fablica Municipal Mar\u00eda Nieves P\u00e9rez Acosta a las 12 horas, el proyecto \u2018Nombrarse volc\u00e1n, \u201cel ciclo de Poes\u00eda Esc\u00e9nica moderado por Patricia Figuero\u201d.<\/p>\n<p style=\"text-align: justify;\">La concejal explica que en esta ocasi\u00f3n tendr\u00e1 lugar un encuentro y performance con Carla Nyman, poeta y creadora esc\u00e9nica.<\/p>\n<p style=\"text-align: justify;\">Carla Nyman, Palma de Mallorca, 1996, se gradu\u00f3 en Filolog\u00eda Hisp\u00e1nica por la Universidad de Sevilla. Es poeta y creadora esc\u00e9nica y ha recibido diversos galardones como el XXI Premio Gloria Fuertes de Poes\u00eda Joven, el acc\u00e9sit del XII Premio Romero Esteo para la dramaturgia joven y el VI Premio Valpara\u00edso de Poes\u00eda con su \u00faltimo libro \u201cMovernos en la sed\u201d ,Ediciones Valpara\u00edso. En sus obras Carla pone el foco en el deseo femenino, una tem\u00e1tica que tambi\u00e9n ha llevado a las tablas con el mon\u00f3logo \u201cYo solo vine a ver el jard\u00edn\u201d ,pieza ganadora del XI Certamen Internacional Almagro OFF, a la novela, \u201cBlue Blue\u201d, de pr\u00f3xima publicaci\u00f3n, y que est\u00e1 en la base del colectivo Amor y Rabia, con el que lucha por derribar el tab\u00fa de la sexualidad de las mujeres.<\/p>\n<p style=\"text-align: justify;\">Por \u00faltimo, desde el Ayuntamiento de Los Llanos de Aridane se invita a todas las personas que as\u00ed lo deseen a participar en estos eventos.<\/p>\n<p>[\/vc_column_text][vc_empty_space height=\u00bb20px\u00bb][\/vc_column_inner][\/vc_row_inner][\/vc_column][\/vc_row]<\/p>\n<\/section>","protected":false},"excerpt":{"rendered":"<p>[vc_row css_animation=\u00bb\u00bb row_type=\u00bbrow\u00bb use_row_as_full_screen_section=\u00bbno\u00bb type=\u00bbfull_width\u00bb angled_section=\u00bbno\u00bb text_align=\u00bbleft\u00bb background_image_as_pattern=\u00bbwithout_pattern\u00bb][vc_column][vc_row_inner row_type=\u00bbrow\u00bb type=\u00bbgrid\u00bb text_align=\u00bbleft\u00bb css_animation=\u00bb\u00bb][vc_column_inner][vc_empty_space height=\u00bb20px\u00bb][vc_column_text] El viernes 27 se desarrollar\u00e1 el ReaLive con la actuaci\u00f3n de Mamajuana&#8217;s; el s\u00e1bado 28 a partir de las 13:00 horas regresa Contigo Almediod\u00eda con la actuaci\u00f3n de Rupatrupa, mientras que por&#8230;<\/p>\n","protected":false},"author":1,"featured_media":0,"comment_status":"closed","ping_status":"open","sticky":false,"template":"","format":"standard","meta":{"footnotes":""},"categories":[6],"tags":[],"class_list":["post-1311","post","type-post","status-publish","format-standard","hentry","category-prensa"],"yoast_head":"<!-- This site is optimized with the Yoast SEO plugin v22.7 - https:\/\/yoast.com\/wordpress\/plugins\/seo\/ -->\n<title>La m\u00fasica, el teatro y la poes\u00eda ser\u00e1n protagonistas de diversos espacios en Los Llanos de Aridane el pr\u00f3ximo fin de semana - Ayuntamiento de Los Llanos de Aridane<\/title>\n<meta name=\"description\" content=\"El Ayuntamiento de Los Llanos de Aridane presenta el cartel y el programa de La Patrona 2021 con el lema \u201cRemedios, m\u00e1s que un nombre.\u201d\" \/>\n<meta name=\"robots\" content=\"index, follow, max-snippet:-1, max-image-preview:large, max-video-preview:-1\" \/>\n<link rel=\"canonical\" href=\"https:\/\/www.aridane.org\/city\/2023\/01\/23\/la-musica-el-teatro-y-la-poesia-seran-protagonistas-de-diversos-espacios-en-los-llanos-de-aridane-el-proximo-fin-de-semana\/\" \/>\n<meta property=\"og:locale\" content=\"es_ES\" \/>\n<meta property=\"og:type\" content=\"article\" \/>\n<meta property=\"og:title\" content=\"La m\u00fasica, el teatro y la poes\u00eda ser\u00e1n protagonistas de diversos espacios en Los Llanos de Aridane el pr\u00f3ximo fin de semana - Ayuntamiento de Los Llanos de Aridane\" \/>\n<meta property=\"og:description\" content=\"El Ayuntamiento de Los Llanos de Aridane presenta el cartel y el programa de La Patrona 2021 con el lema \u201cRemedios, m\u00e1s que un nombre.\u201d\" \/>\n<meta property=\"og:url\" content=\"https:\/\/www.aridane.org\/city\/2023\/01\/23\/la-musica-el-teatro-y-la-poesia-seran-protagonistas-de-diversos-espacios-en-los-llanos-de-aridane-el-proximo-fin-de-semana\/\" \/>\n<meta property=\"og:site_name\" content=\"Ayuntamiento de Los Llanos de Aridane\" \/>\n<meta property=\"article:published_time\" content=\"2023-01-23T10:31:43+00:00\" \/>\n<meta name=\"author\" content=\"Richard Diaz\" \/>\n<meta name=\"twitter:card\" content=\"summary_large_image\" \/>\n<meta name=\"twitter:label1\" content=\"Escrito por\" \/>\n\t<meta name=\"twitter:data1\" content=\"Richard Diaz\" \/>\n\t<meta name=\"twitter:label2\" content=\"Tiempo de lectura\" \/>\n\t<meta name=\"twitter:data2\" content=\"4 minutos\" \/>\n<script type=\"application\/ld+json\" class=\"yoast-schema-graph\">{\"@context\":\"https:\/\/schema.org\",\"@graph\":[{\"@type\":\"WebPage\",\"@id\":\"https:\/\/www.aridane.org\/city\/2023\/01\/23\/la-musica-el-teatro-y-la-poesia-seran-protagonistas-de-diversos-espacios-en-los-llanos-de-aridane-el-proximo-fin-de-semana\/\",\"url\":\"https:\/\/www.aridane.org\/city\/2023\/01\/23\/la-musica-el-teatro-y-la-poesia-seran-protagonistas-de-diversos-espacios-en-los-llanos-de-aridane-el-proximo-fin-de-semana\/\",\"name\":\"La m\u00fasica, el teatro y la poes\u00eda ser\u00e1n protagonistas de diversos espacios en Los Llanos de Aridane el pr\u00f3ximo fin de semana - Ayuntamiento de Los Llanos de Aridane\",\"isPartOf\":{\"@id\":\"https:\/\/www.aridane.org\/city\/#website\"},\"datePublished\":\"2023-01-23T10:31:43+00:00\",\"dateModified\":\"2023-01-23T10:31:43+00:00\",\"author\":{\"@id\":\"https:\/\/www.aridane.org\/city\/#\/schema\/person\/7d352ec7f29881716f298394432e7209\"},\"description\":\"El Ayuntamiento de Los Llanos de Aridane presenta el cartel y el programa de La Patrona 2021 con el lema \u201cRemedios, m\u00e1s que un nombre.\u201d\",\"breadcrumb\":{\"@id\":\"https:\/\/www.aridane.org\/city\/2023\/01\/23\/la-musica-el-teatro-y-la-poesia-seran-protagonistas-de-diversos-espacios-en-los-llanos-de-aridane-el-proximo-fin-de-semana\/#breadcrumb\"},\"inLanguage\":\"es\",\"potentialAction\":[{\"@type\":\"ReadAction\",\"target\":[\"https:\/\/www.aridane.org\/city\/2023\/01\/23\/la-musica-el-teatro-y-la-poesia-seran-protagonistas-de-diversos-espacios-en-los-llanos-de-aridane-el-proximo-fin-de-semana\/\"]}]},{\"@type\":\"BreadcrumbList\",\"@id\":\"https:\/\/www.aridane.org\/city\/2023\/01\/23\/la-musica-el-teatro-y-la-poesia-seran-protagonistas-de-diversos-espacios-en-los-llanos-de-aridane-el-proximo-fin-de-semana\/#breadcrumb\",\"itemListElement\":[{\"@type\":\"ListItem\",\"position\":1,\"name\":\"Portada\",\"item\":\"https:\/\/www.aridane.org\/city\/\"},{\"@type\":\"ListItem\",\"position\":2,\"name\":\"La m\u00fasica, el teatro y la poes\u00eda ser\u00e1n protagonistas de diversos espacios en Los Llanos de Aridane el pr\u00f3ximo fin de semana\"}]},{\"@type\":\"WebSite\",\"@id\":\"https:\/\/www.aridane.org\/city\/#website\",\"url\":\"https:\/\/www.aridane.org\/city\/\",\"name\":\"Ayuntamiento de Los Llanos de Aridane\",\"description\":\"\",\"potentialAction\":[{\"@type\":\"SearchAction\",\"target\":{\"@type\":\"EntryPoint\",\"urlTemplate\":\"https:\/\/www.aridane.org\/city\/?s={search_term_string}\"},\"query-input\":\"required name=search_term_string\"}],\"inLanguage\":\"es\"},{\"@type\":\"Person\",\"@id\":\"https:\/\/www.aridane.org\/city\/#\/schema\/person\/7d352ec7f29881716f298394432e7209\",\"name\":\"Richard Diaz\",\"image\":{\"@type\":\"ImageObject\",\"inLanguage\":\"es\",\"@id\":\"https:\/\/www.aridane.org\/city\/#\/schema\/person\/image\/\",\"url\":\"https:\/\/secure.gravatar.com\/avatar\/bacd6aefc26a4a204943090a4c596cd10f0857081ef3cfd12084a70ecb3161d5?s=96&d=mm&r=g\",\"contentUrl\":\"https:\/\/secure.gravatar.com\/avatar\/bacd6aefc26a4a204943090a4c596cd10f0857081ef3cfd12084a70ecb3161d5?s=96&d=mm&r=g\",\"caption\":\"Richard Diaz\"},\"sameAs\":[\"https:\/\/www.aridane.org\/city\"],\"url\":\"https:\/\/www.aridane.org\/city\/author\/richard-diaz\/\"}]}<\/script>\n<!-- \/ Yoast SEO plugin. -->","yoast_head_json":{"title":"La m\u00fasica, el teatro y la poes\u00eda ser\u00e1n protagonistas de diversos espacios en Los Llanos de Aridane el pr\u00f3ximo fin de semana - Ayuntamiento de Los Llanos de Aridane","description":"El Ayuntamiento de Los Llanos de Aridane presenta el cartel y el programa de La Patrona 2021 con el lema \u201cRemedios, m\u00e1s que un nombre.\u201d","robots":{"index":"index","follow":"follow","max-snippet":"max-snippet:-1","max-image-preview":"max-image-preview:large","max-video-preview":"max-video-preview:-1"},"canonical":"https:\/\/www.aridane.org\/city\/2023\/01\/23\/la-musica-el-teatro-y-la-poesia-seran-protagonistas-de-diversos-espacios-en-los-llanos-de-aridane-el-proximo-fin-de-semana\/","og_locale":"es_ES","og_type":"article","og_title":"La m\u00fasica, el teatro y la poes\u00eda ser\u00e1n protagonistas de diversos espacios en Los Llanos de Aridane el pr\u00f3ximo fin de semana - Ayuntamiento de Los Llanos de Aridane","og_description":"El Ayuntamiento de Los Llanos de Aridane presenta el cartel y el programa de La Patrona 2021 con el lema \u201cRemedios, m\u00e1s que un nombre.\u201d","og_url":"https:\/\/www.aridane.org\/city\/2023\/01\/23\/la-musica-el-teatro-y-la-poesia-seran-protagonistas-de-diversos-espacios-en-los-llanos-de-aridane-el-proximo-fin-de-semana\/","og_site_name":"Ayuntamiento de Los Llanos de Aridane","article_published_time":"2023-01-23T10:31:43+00:00","author":"Richard Diaz","twitter_card":"summary_large_image","twitter_misc":{"Escrito por":"Richard Diaz","Tiempo de lectura":"4 minutos"},"schema":{"@context":"https:\/\/schema.org","@graph":[{"@type":"WebPage","@id":"https:\/\/www.aridane.org\/city\/2023\/01\/23\/la-musica-el-teatro-y-la-poesia-seran-protagonistas-de-diversos-espacios-en-los-llanos-de-aridane-el-proximo-fin-de-semana\/","url":"https:\/\/www.aridane.org\/city\/2023\/01\/23\/la-musica-el-teatro-y-la-poesia-seran-protagonistas-de-diversos-espacios-en-los-llanos-de-aridane-el-proximo-fin-de-semana\/","name":"La m\u00fasica, el teatro y la poes\u00eda ser\u00e1n protagonistas de diversos espacios en Los Llanos de Aridane el pr\u00f3ximo fin de semana - Ayuntamiento de Los Llanos de Aridane","isPartOf":{"@id":"https:\/\/www.aridane.org\/city\/#website"},"datePublished":"2023-01-23T10:31:43+00:00","dateModified":"2023-01-23T10:31:43+00:00","author":{"@id":"https:\/\/www.aridane.org\/city\/#\/schema\/person\/7d352ec7f29881716f298394432e7209"},"description":"El Ayuntamiento de Los Llanos de Aridane presenta el cartel y el programa de La Patrona 2021 con el lema \u201cRemedios, m\u00e1s que un nombre.\u201d","breadcrumb":{"@id":"https:\/\/www.aridane.org\/city\/2023\/01\/23\/la-musica-el-teatro-y-la-poesia-seran-protagonistas-de-diversos-espacios-en-los-llanos-de-aridane-el-proximo-fin-de-semana\/#breadcrumb"},"inLanguage":"es","potentialAction":[{"@type":"ReadAction","target":["https:\/\/www.aridane.org\/city\/2023\/01\/23\/la-musica-el-teatro-y-la-poesia-seran-protagonistas-de-diversos-espacios-en-los-llanos-de-aridane-el-proximo-fin-de-semana\/"]}]},{"@type":"BreadcrumbList","@id":"https:\/\/www.aridane.org\/city\/2023\/01\/23\/la-musica-el-teatro-y-la-poesia-seran-protagonistas-de-diversos-espacios-en-los-llanos-de-aridane-el-proximo-fin-de-semana\/#breadcrumb","itemListElement":[{"@type":"ListItem","position":1,"name":"Portada","item":"https:\/\/www.aridane.org\/city\/"},{"@type":"ListItem","position":2,"name":"La m\u00fasica, el teatro y la poes\u00eda ser\u00e1n protagonistas de diversos espacios en Los Llanos de Aridane el pr\u00f3ximo fin de semana"}]},{"@type":"WebSite","@id":"https:\/\/www.aridane.org\/city\/#website","url":"https:\/\/www.aridane.org\/city\/","name":"Ayuntamiento de Los Llanos de Aridane","description":"","potentialAction":[{"@type":"SearchAction","target":{"@type":"EntryPoint","urlTemplate":"https:\/\/www.aridane.org\/city\/?s={search_term_string}"},"query-input":"required name=search_term_string"}],"inLanguage":"es"},{"@type":"Person","@id":"https:\/\/www.aridane.org\/city\/#\/schema\/person\/7d352ec7f29881716f298394432e7209","name":"Richard Diaz","image":{"@type":"ImageObject","inLanguage":"es","@id":"https:\/\/www.aridane.org\/city\/#\/schema\/person\/image\/","url":"https:\/\/secure.gravatar.com\/avatar\/bacd6aefc26a4a204943090a4c596cd10f0857081ef3cfd12084a70ecb3161d5?s=96&d=mm&r=g","contentUrl":"https:\/\/secure.gravatar.com\/avatar\/bacd6aefc26a4a204943090a4c596cd10f0857081ef3cfd12084a70ecb3161d5?s=96&d=mm&r=g","caption":"Richard Diaz"},"sameAs":["https:\/\/www.aridane.org\/city"],"url":"https:\/\/www.aridane.org\/city\/author\/richard-diaz\/"}]}},"_links":{"self":[{"href":"https:\/\/www.aridane.org\/city\/wp-json\/wp\/v2\/posts\/1311","targetHints":{"allow":["GET"]}}],"collection":[{"href":"https:\/\/www.aridane.org\/city\/wp-json\/wp\/v2\/posts"}],"about":[{"href":"https:\/\/www.aridane.org\/city\/wp-json\/wp\/v2\/types\/post"}],"author":[{"embeddable":true,"href":"https:\/\/www.aridane.org\/city\/wp-json\/wp\/v2\/users\/1"}],"replies":[{"embeddable":true,"href":"https:\/\/www.aridane.org\/city\/wp-json\/wp\/v2\/comments?post=1311"}],"version-history":[{"count":0,"href":"https:\/\/www.aridane.org\/city\/wp-json\/wp\/v2\/posts\/1311\/revisions"}],"wp:attachment":[{"href":"https:\/\/www.aridane.org\/city\/wp-json\/wp\/v2\/media?parent=1311"}],"wp:term":[{"taxonomy":"category","embeddable":true,"href":"https:\/\/www.aridane.org\/city\/wp-json\/wp\/v2\/categories?post=1311"},{"taxonomy":"post_tag","embeddable":true,"href":"https:\/\/www.aridane.org\/city\/wp-json\/wp\/v2\/tags?post=1311"}],"curies":[{"name":"wp","href":"https:\/\/api.w.org\/{rel}","templated":true}]}}