{"id":1318,"date":"2023-01-25T11:17:12","date_gmt":"2023-01-25T11:17:12","guid":{"rendered":"https:\/\/aridane.org\/ciudad\/?p=1318"},"modified":"2023-01-25T11:17:12","modified_gmt":"2023-01-25T11:17:12","slug":"el-carnaval-el-musical-de-los-llanos-de-aridane-arrancara-el-proximo-sabado-4-de-febrero","status":"publish","type":"post","link":"https:\/\/www.aridane.org\/city\/2023\/01\/25\/el-carnaval-el-musical-de-los-llanos-de-aridane-arrancara-el-proximo-sabado-4-de-febrero\/","title":{"rendered":"El Carnaval \u2018El Musical\u2019 de Los Llanos de Aridane arrancar\u00e1 el pr\u00f3ximo s\u00e1bado 4 de febrero"},"content":{"rendered":"<section class=\"wpb-content-wrapper\"><p>[vc_row css_animation=\u00bb\u00bb row_type=\u00bbrow\u00bb use_row_as_full_screen_section=\u00bbno\u00bb type=\u00bbfull_width\u00bb angled_section=\u00bbno\u00bb text_align=\u00bbleft\u00bb background_image_as_pattern=\u00bbwithout_pattern\u00bb][vc_column][vc_row_inner row_type=\u00bbrow\u00bb type=\u00bbgrid\u00bb text_align=\u00bbleft\u00bb css_animation=\u00bb\u00bb][vc_column_inner][vc_empty_space height=\u00bb20px\u00bb][vc_column_text]<\/p>\n<ul>\n<li style=\"text-align: justify;\">La concejal del \u00e1rea, M\u00f3nica Gonz\u00e1lez, agradece \u201cla implicaci\u00f3n, las ganas y el esfuerzo de todos los grupos que hacen posible que un a\u00f1o m\u00e1s el carnaval aridanense sea uno de los m\u00e1s esperados, y todo un \u00e9xito\u201d.<\/li>\n<li style=\"text-align: justify;\">El plato fuerte llegar\u00e1 el s\u00e1bado 18 de febrero con La Gran Polvacera.<\/li>\n<\/ul>\n<p>&nbsp;<\/p>\n<p style=\"text-align: justify;\"><strong>Los Llanos de Aridane, 25 de enero de 2023.-<\/strong> El Ayuntamiento de Los Llanos de Aridane a trav\u00e9s de la concejal de Fiestas, M\u00f3nica Gonz\u00e1lez, ha confirmado que \u201cel pr\u00f3ximo 4 de febrero arrancar\u00e1 el Carnaval El Musical, que un a\u00f1o m\u00e1s tendr\u00e1 como epicentro la Plaza Juan Pablo II\u201d.<\/p>\n<p style=\"text-align: justify;\">Gonz\u00e1lez ha explicado que el <strong>s\u00e1bado, 4 de febrero<\/strong>, a partir de las 11:00 horas est\u00e1 previsto el desfile de tocados realizados por Enrique P\u00e9rez Mart\u00edn, posteriormente se proceder\u00e1 a la presentaci\u00f3n de las fantas\u00edas de los grupos del carnaval y a las 12:00 horas, en el atrio del Consistorio, se llevar\u00e1 a cabo la presentaci\u00f3n de las fantas\u00edas y el concurso para conocer el orden de salida en las diferentes galas.<\/p>\n<p style=\"text-align: justify;\">La semana siguiente, el <strong>viernes, 10 de febrero<\/strong>, desde las 21:00 horas en la Plaza Juan Pablo II, se desarrollar\u00e1 la Gala de elecci\u00f3n de la Fantas\u00eda Adulta del Carnaval, \u201cy contaremos con la participaci\u00f3n de los diferentes grupos que conforman el carnaval, adem\u00e1s, de contar con la participaci\u00f3n de Las Viejas Caballotas\u201d, se\u00f1ala.<\/p>\n<p style=\"text-align: justify;\">El <strong>s\u00e1bado 11,<\/strong> a las 13:00 horas en la Plaza de Espa\u00f1a, est\u00e1 previsto el Festival de Murgas, \u201cy este a\u00f1o contaremos con la participaci\u00f3n de las tres murgas ganadoras del concurso de Tenerife, y con la actuaci\u00f3n de Los Conejos Inolvidables\u201d, afirma la concejal. Adem\u00e1s, este mismo d\u00eda a las 19:00 horas ser\u00e1 la Gala de Elecci\u00f3n de la Fantas\u00eda Infantil del Carnaval.<\/p>\n<p style=\"text-align: justify;\">El<strong> domingo 12,<\/strong> a las 19:00 horas, en la Plaza Juan Pablo II tendr\u00e1 lugar la Gala Elecci\u00f3n Fantas\u00eda de la Gran Dama, \u201cy adem\u00e1s de contar con los grupos del carnaval, tambi\u00e9n actuar\u00e1 el grupo Millenium\u201d, asegura.<\/p>\n<p style=\"text-align: justify;\">El<strong> martes 14<\/strong> regresa a partir de las 12:00 horas el desfile de la Escuela Infantil Ping Pong, \u201cque se desarrollar\u00e1, un a\u00f1o m\u00e1s, por la Calle Real\u201d.<\/p>\n<p style=\"text-align: justify;\">El<strong> jueves 16<\/strong> por la tarde, a las 17:00 horas tendr\u00e1 lugar el Coso Escolar, \u201cdesde La Carrilla por la Avenida Sarbelio P\u00e9rez Pulido, llegar\u00e1 a la Plaza de Espa\u00f1a y continuar\u00e1 por la Avenida Doctor Fleming hasta el Recinto del Carnaval\u201d.<\/p>\n<p style=\"text-align: justify;\">El <strong>viernes 17<\/strong> a las 22:00 horas se proceder\u00e1 a la inauguraci\u00f3n de los Kioscos.<\/p>\n<p style=\"text-align: justify;\">Mientras que el <strong>s\u00e1bado 18<\/strong> llegar\u00e1 uno de los momentos m\u00e1s esperados con la Gran Polvacera, desde las 12:00 horas, que saldr\u00e1 desde la calle Real hasta la Plaza de Espa\u00f1a, y contaremos con la actuaci\u00f3n de Arturo Castillo, y la orquesta Los Tres de Ca\u00f1as. Mientras que a las 15:00 horas est\u00e1 prevista la Verbena y Kiosco del Carnaval durante todo el d\u00eda, y tambi\u00e9n actuar\u00e1: El Morocho, Orquesta Maquinaria Band, DJ Renzzo, Orquesta The Boy Machine, Orquesta Dorada Band, Dj Jacob, Dj Aguiloche, Orquesta Libertad y \u00d3scar Mart\u00ednez\u201d.<\/p>\n<p style=\"text-align: justify;\">El <strong>lunes 20<\/strong> a las 22:00 horas ser\u00e1 la verbena en la Plaza Juan Pablo II, con las orquestas Grupo libertad y Zona 7.<\/p>\n<p style=\"text-align: justify;\">El <strong>martes 21<\/strong> a las 17:00 horas se desarrollar\u00e1 el Gran Coso del Carnaval desde la Avda. Enrique Mederos hasta la Plaza de Espa\u00f1a, \u201cen el que participar\u00e1n todos los grupos y fantas\u00edas que conforman el carnaval aridanense\u201d.<\/p>\n<p style=\"text-align: justify;\">Mientras que el <strong>jueves 23<\/strong>, de 10:00 &#8211; 18:00 horas, \u201ctodo el que quiera podr\u00e1 disfrutar en la Plaza de Espa\u00f1a y aleda\u00f1os la exposici\u00f3n de Fantas\u00edas participantes y ganadoras en las diferentes Galas del Carnaval El Musical\u201d.<\/p>\n<p style=\"text-align: justify;\">El <strong>viernes 24<\/strong> ser\u00e1 el entierro de la Sardina, \u201cel velatorio dar\u00e1 comienzo en la Avenida Sarbelio P\u00e9rez Pulido, a las 17:00 horas, donde se repartir\u00e1n el vino y las sardinas amenizado por parrandas.<\/p>\n<p style=\"text-align: justify;\">Posteriormente se proceder\u00e1 al recorrido f\u00fanebre desde El Retamar hasta la calle Ramon Pol para proceder a la quema de Do\u00f1a Sardina y a las 22:00 h. verbena amenizada por Silvia Reyes, en la Plaza Juan Pablo II\u201d. Adem\u00e1s, este mismo d\u00eda, desde las 18:00 horas se podr\u00e1 disfrutar del Festival de Comparsas, en la Plaza Juan Pablo II.<\/p>\n<p style=\"text-align: justify;\">El Carnaval El Musical llegar\u00e1 a su fin el <strong>s\u00e1bado 25<\/strong>, a las 11:00 horas cuando est\u00e1 previsto el encuentro de Batucadas y comparsas por distintas calles del municipio. \u201cMientras que a las 19:00 horas ser\u00e1 la Verbena, en Plaza Juan Pablo II, que estar\u00e1 amenizada por: Grupo a Cuatro, Iv\u00e1n Cac\u00fa y su orquesta, Orquesta GeneraSi\u00f3n, Orquesta La Banda Local, Dj Aguiloche, DJ Jacob y Orquesta Libertad\u201d.<\/p>\n<p style=\"text-align: justify;\">Por \u00faltimo, desde el Ayuntamiento de Los Llanos de Aridane se pone en valor \u201cla implicaci\u00f3n, las ganas y el esfuerzo de todos los grupos que hacen posible que un a\u00f1o m\u00e1s el carnaval aridanense sea uno de los m\u00e1s esperados, y todo un \u00e9xito\u201d.<\/p>\n<p>[\/vc_column_text][vc_empty_space height=\u00bb20px\u00bb][\/vc_column_inner][\/vc_row_inner][\/vc_column][\/vc_row]<\/p>\n<\/section>","protected":false},"excerpt":{"rendered":"<p>[vc_row css_animation=\u00bb\u00bb row_type=\u00bbrow\u00bb use_row_as_full_screen_section=\u00bbno\u00bb type=\u00bbfull_width\u00bb angled_section=\u00bbno\u00bb text_align=\u00bbleft\u00bb background_image_as_pattern=\u00bbwithout_pattern\u00bb][vc_column][vc_row_inner row_type=\u00bbrow\u00bb type=\u00bbgrid\u00bb text_align=\u00bbleft\u00bb css_animation=\u00bb\u00bb][vc_column_inner][vc_empty_space height=\u00bb20px\u00bb][vc_column_text] La concejal del \u00e1rea, M\u00f3nica Gonz\u00e1lez, agradece \u201cla implicaci\u00f3n, las ganas y el esfuerzo de todos los grupos que hacen posible que un a\u00f1o m\u00e1s el carnaval aridanense sea uno de los&#8230;<\/p>\n","protected":false},"author":1,"featured_media":0,"comment_status":"closed","ping_status":"open","sticky":false,"template":"","format":"standard","meta":{"footnotes":""},"categories":[6],"tags":[],"class_list":["post-1318","post","type-post","status-publish","format-standard","hentry","category-prensa"],"yoast_head":"<!-- This site is optimized with the Yoast SEO plugin v22.7 - https:\/\/yoast.com\/wordpress\/plugins\/seo\/ -->\n<title>El Carnaval \u2018El Musical\u2019 de Los Llanos de Aridane arrancar\u00e1 el pr\u00f3ximo s\u00e1bado 4 de febrero - Ayuntamiento de Los Llanos de Aridane<\/title>\n<meta name=\"description\" content=\"El Ayuntamiento de Los Llanos de Aridane presenta el cartel y el programa de La Patrona 2021 con el lema \u201cRemedios, m\u00e1s que un nombre.\u201d\" \/>\n<meta name=\"robots\" content=\"index, follow, max-snippet:-1, max-image-preview:large, max-video-preview:-1\" \/>\n<link rel=\"canonical\" href=\"https:\/\/www.aridane.org\/city\/2023\/01\/25\/el-carnaval-el-musical-de-los-llanos-de-aridane-arrancara-el-proximo-sabado-4-de-febrero\/\" \/>\n<meta property=\"og:locale\" content=\"es_ES\" \/>\n<meta property=\"og:type\" content=\"article\" \/>\n<meta property=\"og:title\" content=\"El Carnaval \u2018El Musical\u2019 de Los Llanos de Aridane arrancar\u00e1 el pr\u00f3ximo s\u00e1bado 4 de febrero - Ayuntamiento de Los Llanos de Aridane\" \/>\n<meta property=\"og:description\" content=\"El Ayuntamiento de Los Llanos de Aridane presenta el cartel y el programa de La Patrona 2021 con el lema \u201cRemedios, m\u00e1s que un nombre.\u201d\" \/>\n<meta property=\"og:url\" content=\"https:\/\/www.aridane.org\/city\/2023\/01\/25\/el-carnaval-el-musical-de-los-llanos-de-aridane-arrancara-el-proximo-sabado-4-de-febrero\/\" \/>\n<meta property=\"og:site_name\" content=\"Ayuntamiento de Los Llanos de Aridane\" \/>\n<meta property=\"article:published_time\" content=\"2023-01-25T11:17:12+00:00\" \/>\n<meta name=\"author\" content=\"Richard Diaz\" \/>\n<meta name=\"twitter:card\" content=\"summary_large_image\" \/>\n<meta name=\"twitter:label1\" content=\"Escrito por\" \/>\n\t<meta name=\"twitter:data1\" content=\"Richard Diaz\" \/>\n\t<meta name=\"twitter:label2\" content=\"Tiempo de lectura\" \/>\n\t<meta name=\"twitter:data2\" content=\"4 minutos\" \/>\n<script type=\"application\/ld+json\" class=\"yoast-schema-graph\">{\"@context\":\"https:\/\/schema.org\",\"@graph\":[{\"@type\":\"WebPage\",\"@id\":\"https:\/\/www.aridane.org\/city\/2023\/01\/25\/el-carnaval-el-musical-de-los-llanos-de-aridane-arrancara-el-proximo-sabado-4-de-febrero\/\",\"url\":\"https:\/\/www.aridane.org\/city\/2023\/01\/25\/el-carnaval-el-musical-de-los-llanos-de-aridane-arrancara-el-proximo-sabado-4-de-febrero\/\",\"name\":\"El Carnaval \u2018El Musical\u2019 de Los Llanos de Aridane arrancar\u00e1 el pr\u00f3ximo s\u00e1bado 4 de febrero - Ayuntamiento de Los Llanos de Aridane\",\"isPartOf\":{\"@id\":\"https:\/\/www.aridane.org\/city\/#website\"},\"datePublished\":\"2023-01-25T11:17:12+00:00\",\"dateModified\":\"2023-01-25T11:17:12+00:00\",\"author\":{\"@id\":\"https:\/\/www.aridane.org\/city\/#\/schema\/person\/7d352ec7f29881716f298394432e7209\"},\"description\":\"El Ayuntamiento de Los Llanos de Aridane presenta el cartel y el programa de La Patrona 2021 con el lema \u201cRemedios, m\u00e1s que un nombre.\u201d\",\"breadcrumb\":{\"@id\":\"https:\/\/www.aridane.org\/city\/2023\/01\/25\/el-carnaval-el-musical-de-los-llanos-de-aridane-arrancara-el-proximo-sabado-4-de-febrero\/#breadcrumb\"},\"inLanguage\":\"es\",\"potentialAction\":[{\"@type\":\"ReadAction\",\"target\":[\"https:\/\/www.aridane.org\/city\/2023\/01\/25\/el-carnaval-el-musical-de-los-llanos-de-aridane-arrancara-el-proximo-sabado-4-de-febrero\/\"]}]},{\"@type\":\"BreadcrumbList\",\"@id\":\"https:\/\/www.aridane.org\/city\/2023\/01\/25\/el-carnaval-el-musical-de-los-llanos-de-aridane-arrancara-el-proximo-sabado-4-de-febrero\/#breadcrumb\",\"itemListElement\":[{\"@type\":\"ListItem\",\"position\":1,\"name\":\"Portada\",\"item\":\"https:\/\/www.aridane.org\/city\/\"},{\"@type\":\"ListItem\",\"position\":2,\"name\":\"El Carnaval \u2018El Musical\u2019 de Los Llanos de Aridane arrancar\u00e1 el pr\u00f3ximo s\u00e1bado 4 de febrero\"}]},{\"@type\":\"WebSite\",\"@id\":\"https:\/\/www.aridane.org\/city\/#website\",\"url\":\"https:\/\/www.aridane.org\/city\/\",\"name\":\"Ayuntamiento de Los Llanos de Aridane\",\"description\":\"\",\"potentialAction\":[{\"@type\":\"SearchAction\",\"target\":{\"@type\":\"EntryPoint\",\"urlTemplate\":\"https:\/\/www.aridane.org\/city\/?s={search_term_string}\"},\"query-input\":\"required name=search_term_string\"}],\"inLanguage\":\"es\"},{\"@type\":\"Person\",\"@id\":\"https:\/\/www.aridane.org\/city\/#\/schema\/person\/7d352ec7f29881716f298394432e7209\",\"name\":\"Richard Diaz\",\"image\":{\"@type\":\"ImageObject\",\"inLanguage\":\"es\",\"@id\":\"https:\/\/www.aridane.org\/city\/#\/schema\/person\/image\/\",\"url\":\"https:\/\/secure.gravatar.com\/avatar\/bacd6aefc26a4a204943090a4c596cd10f0857081ef3cfd12084a70ecb3161d5?s=96&d=mm&r=g\",\"contentUrl\":\"https:\/\/secure.gravatar.com\/avatar\/bacd6aefc26a4a204943090a4c596cd10f0857081ef3cfd12084a70ecb3161d5?s=96&d=mm&r=g\",\"caption\":\"Richard Diaz\"},\"sameAs\":[\"https:\/\/www.aridane.org\/city\"],\"url\":\"https:\/\/www.aridane.org\/city\/author\/richard-diaz\/\"}]}<\/script>\n<!-- \/ Yoast SEO plugin. -->","yoast_head_json":{"title":"El Carnaval \u2018El Musical\u2019 de Los Llanos de Aridane arrancar\u00e1 el pr\u00f3ximo s\u00e1bado 4 de febrero - Ayuntamiento de Los Llanos de Aridane","description":"El Ayuntamiento de Los Llanos de Aridane presenta el cartel y el programa de La Patrona 2021 con el lema \u201cRemedios, m\u00e1s que un nombre.\u201d","robots":{"index":"index","follow":"follow","max-snippet":"max-snippet:-1","max-image-preview":"max-image-preview:large","max-video-preview":"max-video-preview:-1"},"canonical":"https:\/\/www.aridane.org\/city\/2023\/01\/25\/el-carnaval-el-musical-de-los-llanos-de-aridane-arrancara-el-proximo-sabado-4-de-febrero\/","og_locale":"es_ES","og_type":"article","og_title":"El Carnaval \u2018El Musical\u2019 de Los Llanos de Aridane arrancar\u00e1 el pr\u00f3ximo s\u00e1bado 4 de febrero - Ayuntamiento de Los Llanos de Aridane","og_description":"El Ayuntamiento de Los Llanos de Aridane presenta el cartel y el programa de La Patrona 2021 con el lema \u201cRemedios, m\u00e1s que un nombre.\u201d","og_url":"https:\/\/www.aridane.org\/city\/2023\/01\/25\/el-carnaval-el-musical-de-los-llanos-de-aridane-arrancara-el-proximo-sabado-4-de-febrero\/","og_site_name":"Ayuntamiento de Los Llanos de Aridane","article_published_time":"2023-01-25T11:17:12+00:00","author":"Richard Diaz","twitter_card":"summary_large_image","twitter_misc":{"Escrito por":"Richard Diaz","Tiempo de lectura":"4 minutos"},"schema":{"@context":"https:\/\/schema.org","@graph":[{"@type":"WebPage","@id":"https:\/\/www.aridane.org\/city\/2023\/01\/25\/el-carnaval-el-musical-de-los-llanos-de-aridane-arrancara-el-proximo-sabado-4-de-febrero\/","url":"https:\/\/www.aridane.org\/city\/2023\/01\/25\/el-carnaval-el-musical-de-los-llanos-de-aridane-arrancara-el-proximo-sabado-4-de-febrero\/","name":"El Carnaval \u2018El Musical\u2019 de Los Llanos de Aridane arrancar\u00e1 el pr\u00f3ximo s\u00e1bado 4 de febrero - Ayuntamiento de Los Llanos de Aridane","isPartOf":{"@id":"https:\/\/www.aridane.org\/city\/#website"},"datePublished":"2023-01-25T11:17:12+00:00","dateModified":"2023-01-25T11:17:12+00:00","author":{"@id":"https:\/\/www.aridane.org\/city\/#\/schema\/person\/7d352ec7f29881716f298394432e7209"},"description":"El Ayuntamiento de Los Llanos de Aridane presenta el cartel y el programa de La Patrona 2021 con el lema \u201cRemedios, m\u00e1s que un nombre.\u201d","breadcrumb":{"@id":"https:\/\/www.aridane.org\/city\/2023\/01\/25\/el-carnaval-el-musical-de-los-llanos-de-aridane-arrancara-el-proximo-sabado-4-de-febrero\/#breadcrumb"},"inLanguage":"es","potentialAction":[{"@type":"ReadAction","target":["https:\/\/www.aridane.org\/city\/2023\/01\/25\/el-carnaval-el-musical-de-los-llanos-de-aridane-arrancara-el-proximo-sabado-4-de-febrero\/"]}]},{"@type":"BreadcrumbList","@id":"https:\/\/www.aridane.org\/city\/2023\/01\/25\/el-carnaval-el-musical-de-los-llanos-de-aridane-arrancara-el-proximo-sabado-4-de-febrero\/#breadcrumb","itemListElement":[{"@type":"ListItem","position":1,"name":"Portada","item":"https:\/\/www.aridane.org\/city\/"},{"@type":"ListItem","position":2,"name":"El Carnaval \u2018El Musical\u2019 de Los Llanos de Aridane arrancar\u00e1 el pr\u00f3ximo s\u00e1bado 4 de febrero"}]},{"@type":"WebSite","@id":"https:\/\/www.aridane.org\/city\/#website","url":"https:\/\/www.aridane.org\/city\/","name":"Ayuntamiento de Los Llanos de Aridane","description":"","potentialAction":[{"@type":"SearchAction","target":{"@type":"EntryPoint","urlTemplate":"https:\/\/www.aridane.org\/city\/?s={search_term_string}"},"query-input":"required name=search_term_string"}],"inLanguage":"es"},{"@type":"Person","@id":"https:\/\/www.aridane.org\/city\/#\/schema\/person\/7d352ec7f29881716f298394432e7209","name":"Richard Diaz","image":{"@type":"ImageObject","inLanguage":"es","@id":"https:\/\/www.aridane.org\/city\/#\/schema\/person\/image\/","url":"https:\/\/secure.gravatar.com\/avatar\/bacd6aefc26a4a204943090a4c596cd10f0857081ef3cfd12084a70ecb3161d5?s=96&d=mm&r=g","contentUrl":"https:\/\/secure.gravatar.com\/avatar\/bacd6aefc26a4a204943090a4c596cd10f0857081ef3cfd12084a70ecb3161d5?s=96&d=mm&r=g","caption":"Richard Diaz"},"sameAs":["https:\/\/www.aridane.org\/city"],"url":"https:\/\/www.aridane.org\/city\/author\/richard-diaz\/"}]}},"_links":{"self":[{"href":"https:\/\/www.aridane.org\/city\/wp-json\/wp\/v2\/posts\/1318","targetHints":{"allow":["GET"]}}],"collection":[{"href":"https:\/\/www.aridane.org\/city\/wp-json\/wp\/v2\/posts"}],"about":[{"href":"https:\/\/www.aridane.org\/city\/wp-json\/wp\/v2\/types\/post"}],"author":[{"embeddable":true,"href":"https:\/\/www.aridane.org\/city\/wp-json\/wp\/v2\/users\/1"}],"replies":[{"embeddable":true,"href":"https:\/\/www.aridane.org\/city\/wp-json\/wp\/v2\/comments?post=1318"}],"version-history":[{"count":0,"href":"https:\/\/www.aridane.org\/city\/wp-json\/wp\/v2\/posts\/1318\/revisions"}],"wp:attachment":[{"href":"https:\/\/www.aridane.org\/city\/wp-json\/wp\/v2\/media?parent=1318"}],"wp:term":[{"taxonomy":"category","embeddable":true,"href":"https:\/\/www.aridane.org\/city\/wp-json\/wp\/v2\/categories?post=1318"},{"taxonomy":"post_tag","embeddable":true,"href":"https:\/\/www.aridane.org\/city\/wp-json\/wp\/v2\/tags?post=1318"}],"curies":[{"name":"wp","href":"https:\/\/api.w.org\/{rel}","templated":true}]}}