{"id":1323,"date":"2023-01-27T12:31:22","date_gmt":"2023-01-27T12:31:22","guid":{"rendered":"https:\/\/aridane.org\/ciudad\/?p=1323"},"modified":"2023-01-27T12:31:22","modified_gmt":"2023-01-27T12:31:22","slug":"los-llanos-pone-en-marcha-siete-talleres-de-artesania-de-diferentes-modalidades","status":"publish","type":"post","link":"https:\/\/www.aridane.org\/city\/2023\/01\/27\/los-llanos-pone-en-marcha-siete-talleres-de-artesania-de-diferentes-modalidades\/","title":{"rendered":"Los Llanos pone en marcha siete talleres de artesan\u00eda de diferentes modalidades"},"content":{"rendered":"<section class=\"wpb-content-wrapper\"><p>[vc_row css_animation=\u00bb\u00bb row_type=\u00bbrow\u00bb use_row_as_full_screen_section=\u00bbno\u00bb type=\u00bbfull_width\u00bb angled_section=\u00bbno\u00bb text_align=\u00bbleft\u00bb background_image_as_pattern=\u00bbwithout_pattern\u00bb][vc_column][vc_row_inner row_type=\u00bbrow\u00bb type=\u00bbgrid\u00bb text_align=\u00bbleft\u00bb css_animation=\u00bb\u00bb][vc_column_inner][vc_empty_space height=\u00bb20px\u00bb][vc_column_text]<\/p>\n<ul>\n<li style=\"text-align: justify;\">La concejal del \u00e1rea, Elena Pais, explica que las plazas son limitadas y los interesados deber\u00e1n inscribirse, entre el 30 de enero y el 10 de febrero, enviando un correo electr\u00f3nico a la siguiente direcci\u00f3n <a href=\"mailto:mrarmas@aridane.org\">mrarmas@aridane.org<\/a> o en la Oficina de Desarrollo Local, ubicado en la 2 planta del Consistorio.<\/li>\n<\/ul>\n<p>&nbsp;<\/p>\n<p style=\"text-align: justify;\"><strong>Los Llanos de Aridane, 27 de enero de 2023.-<\/strong> El Ayuntamiento de Los Llanos de Aridane a trav\u00e9s de la concejal de Artesan\u00eda, Elena Pais, ha confirmado que \u201cregresan los cursos de artesan\u00eda, despu\u00e9s del gran \u00e9xito que han tenido en anteriores ediciones\u201d, se\u00f1ala.<\/p>\n<p style=\"text-align: justify;\">Pais se\u00f1ala que en esta ocasi\u00f3n se impartir\u00e1n siete modalidades de talleres, de los cuales cinco se desarrollar\u00e1n en la Asociaci\u00f3n de Vecinos de Triana, concretamente de: Fibrolite, que impartir\u00e1 la artesana Mar\u00eda Jes\u00fas Barreto Padilla; de barro, que dirigir\u00e1 la artesana Teresa Gonz\u00e1lez Brito; de cester\u00eda, que impartir\u00e1 Beatriz Fern\u00e1ndez Sanchez; bordados, que dirigir\u00e1 la artesana Rosa Mary P\u00e9rez Riverol; y de reciclaje y mu\u00f1equer\u00eda que impartir\u00e1 por la artesana Lorena Pereira Salazar. Mientras que la Asociaci\u00f3n de vecinos El Retamar acoger\u00e1 el de trajes tradicionales, que lo impartir\u00e1 la artesana, Ana Mar\u00eda Hern\u00e1ndez Rocha, y la Asociaci\u00f3n de Vecinos de Los Barros tambi\u00e9n acoger\u00e1 otro taller de trajes tradicionales, pero esta vez a a cargo de la artesana, Carmen Mar\u00eda P\u00e9rez C\u00e1ceres.<\/p>\n<p style=\"text-align: justify;\">Adem\u00e1s, la concejal ha explicado que estos talleres comenzar\u00e1n a principios del mes de marzo, tendr\u00e1n una duraci\u00f3n de 3 meses,\u00a0 durante 2 d\u00edas a la semana, con una duraci\u00f3n de 2 horas, cada d\u00eda. \u201cLos interesados deber\u00e1n inscribirse \u00a0entre el \u00a030 de enero hasta el \u00a010 de febrero, enviando un correo electr\u00f3nico a la siguiente direcci\u00f3n <a href=\"mailto:mrarmas@aridane.org\">mrarmas@aridane.org<\/a> o en la oficina de Desarrollo Local en la 2 planta, del Consistorio. Las plazas son limitadas, por lo que se distribuir\u00e1n por estricto orden de petici\u00f3n\u201d.<\/p>\n<p style=\"text-align: justify;\">Por desde el Ayuntamiento de Los Llanos de Aridane se ponen en valor estas actividades \u201cya que nos permiten estar en contacto directo y seguir fomentando estos oficios tan caracter\u00edsticos de nuestra tierra, y a la vez puede suponer una oportunidad para reciclarse y generar una nueva opci\u00f3n laboral para las personas que los realicen\u201d<\/p>\n<p>[\/vc_column_text][vc_empty_space height=\u00bb20px\u00bb][\/vc_column_inner][\/vc_row_inner][\/vc_column][\/vc_row]<\/p>\n<\/section>","protected":false},"excerpt":{"rendered":"<p>[vc_row css_animation=\u00bb\u00bb row_type=\u00bbrow\u00bb use_row_as_full_screen_section=\u00bbno\u00bb type=\u00bbfull_width\u00bb angled_section=\u00bbno\u00bb text_align=\u00bbleft\u00bb background_image_as_pattern=\u00bbwithout_pattern\u00bb][vc_column][vc_row_inner row_type=\u00bbrow\u00bb type=\u00bbgrid\u00bb text_align=\u00bbleft\u00bb css_animation=\u00bb\u00bb][vc_column_inner][vc_empty_space height=\u00bb20px\u00bb][vc_column_text] La concejal del \u00e1rea, Elena Pais, explica que las plazas son limitadas y los interesados deber\u00e1n inscribirse, entre el 30 de enero y el 10 de febrero, enviando un correo electr\u00f3nico a&#8230;<\/p>\n","protected":false},"author":1,"featured_media":0,"comment_status":"closed","ping_status":"open","sticky":false,"template":"","format":"standard","meta":{"footnotes":""},"categories":[6],"tags":[],"class_list":["post-1323","post","type-post","status-publish","format-standard","hentry","category-prensa"],"yoast_head":"<!-- This site is optimized with the Yoast SEO plugin v22.7 - https:\/\/yoast.com\/wordpress\/plugins\/seo\/ -->\n<title>Los Llanos pone en marcha siete talleres de artesan\u00eda de diferentes modalidades - Ayuntamiento de Los Llanos de Aridane<\/title>\n<meta name=\"description\" content=\"El Ayuntamiento de Los Llanos de Aridane presenta el cartel y el programa de La Patrona 2021 con el lema \u201cRemedios, m\u00e1s que un nombre.\u201d\" \/>\n<meta name=\"robots\" content=\"index, follow, max-snippet:-1, max-image-preview:large, max-video-preview:-1\" \/>\n<link rel=\"canonical\" href=\"https:\/\/www.aridane.org\/city\/2023\/01\/27\/los-llanos-pone-en-marcha-siete-talleres-de-artesania-de-diferentes-modalidades\/\" \/>\n<meta property=\"og:locale\" content=\"es_ES\" \/>\n<meta property=\"og:type\" content=\"article\" \/>\n<meta property=\"og:title\" content=\"Los Llanos pone en marcha siete talleres de artesan\u00eda de diferentes modalidades - Ayuntamiento de Los Llanos de Aridane\" \/>\n<meta property=\"og:description\" content=\"El Ayuntamiento de Los Llanos de Aridane presenta el cartel y el programa de La Patrona 2021 con el lema \u201cRemedios, m\u00e1s que un nombre.\u201d\" \/>\n<meta property=\"og:url\" content=\"https:\/\/www.aridane.org\/city\/2023\/01\/27\/los-llanos-pone-en-marcha-siete-talleres-de-artesania-de-diferentes-modalidades\/\" \/>\n<meta property=\"og:site_name\" content=\"Ayuntamiento de Los Llanos de Aridane\" \/>\n<meta property=\"article:published_time\" content=\"2023-01-27T12:31:22+00:00\" \/>\n<meta name=\"author\" content=\"Richard Diaz\" \/>\n<meta name=\"twitter:card\" content=\"summary_large_image\" \/>\n<meta name=\"twitter:label1\" content=\"Escrito por\" \/>\n\t<meta name=\"twitter:data1\" content=\"Richard Diaz\" \/>\n\t<meta name=\"twitter:label2\" content=\"Tiempo de lectura\" \/>\n\t<meta name=\"twitter:data2\" content=\"2 minutos\" \/>\n<script type=\"application\/ld+json\" class=\"yoast-schema-graph\">{\"@context\":\"https:\/\/schema.org\",\"@graph\":[{\"@type\":\"WebPage\",\"@id\":\"https:\/\/www.aridane.org\/city\/2023\/01\/27\/los-llanos-pone-en-marcha-siete-talleres-de-artesania-de-diferentes-modalidades\/\",\"url\":\"https:\/\/www.aridane.org\/city\/2023\/01\/27\/los-llanos-pone-en-marcha-siete-talleres-de-artesania-de-diferentes-modalidades\/\",\"name\":\"Los Llanos pone en marcha siete talleres de artesan\u00eda de diferentes modalidades - Ayuntamiento de Los Llanos de Aridane\",\"isPartOf\":{\"@id\":\"https:\/\/www.aridane.org\/city\/#website\"},\"datePublished\":\"2023-01-27T12:31:22+00:00\",\"dateModified\":\"2023-01-27T12:31:22+00:00\",\"author\":{\"@id\":\"https:\/\/www.aridane.org\/city\/#\/schema\/person\/7d352ec7f29881716f298394432e7209\"},\"description\":\"El Ayuntamiento de Los Llanos de Aridane presenta el cartel y el programa de La Patrona 2021 con el lema \u201cRemedios, m\u00e1s que un nombre.\u201d\",\"breadcrumb\":{\"@id\":\"https:\/\/www.aridane.org\/city\/2023\/01\/27\/los-llanos-pone-en-marcha-siete-talleres-de-artesania-de-diferentes-modalidades\/#breadcrumb\"},\"inLanguage\":\"es\",\"potentialAction\":[{\"@type\":\"ReadAction\",\"target\":[\"https:\/\/www.aridane.org\/city\/2023\/01\/27\/los-llanos-pone-en-marcha-siete-talleres-de-artesania-de-diferentes-modalidades\/\"]}]},{\"@type\":\"BreadcrumbList\",\"@id\":\"https:\/\/www.aridane.org\/city\/2023\/01\/27\/los-llanos-pone-en-marcha-siete-talleres-de-artesania-de-diferentes-modalidades\/#breadcrumb\",\"itemListElement\":[{\"@type\":\"ListItem\",\"position\":1,\"name\":\"Portada\",\"item\":\"https:\/\/www.aridane.org\/city\/\"},{\"@type\":\"ListItem\",\"position\":2,\"name\":\"Los Llanos pone en marcha siete talleres de artesan\u00eda de diferentes modalidades\"}]},{\"@type\":\"WebSite\",\"@id\":\"https:\/\/www.aridane.org\/city\/#website\",\"url\":\"https:\/\/www.aridane.org\/city\/\",\"name\":\"Ayuntamiento de Los Llanos de Aridane\",\"description\":\"\",\"potentialAction\":[{\"@type\":\"SearchAction\",\"target\":{\"@type\":\"EntryPoint\",\"urlTemplate\":\"https:\/\/www.aridane.org\/city\/?s={search_term_string}\"},\"query-input\":\"required name=search_term_string\"}],\"inLanguage\":\"es\"},{\"@type\":\"Person\",\"@id\":\"https:\/\/www.aridane.org\/city\/#\/schema\/person\/7d352ec7f29881716f298394432e7209\",\"name\":\"Richard Diaz\",\"image\":{\"@type\":\"ImageObject\",\"inLanguage\":\"es\",\"@id\":\"https:\/\/www.aridane.org\/city\/#\/schema\/person\/image\/\",\"url\":\"https:\/\/secure.gravatar.com\/avatar\/bacd6aefc26a4a204943090a4c596cd10f0857081ef3cfd12084a70ecb3161d5?s=96&d=mm&r=g\",\"contentUrl\":\"https:\/\/secure.gravatar.com\/avatar\/bacd6aefc26a4a204943090a4c596cd10f0857081ef3cfd12084a70ecb3161d5?s=96&d=mm&r=g\",\"caption\":\"Richard Diaz\"},\"sameAs\":[\"https:\/\/www.aridane.org\/city\"],\"url\":\"https:\/\/www.aridane.org\/city\/author\/richard-diaz\/\"}]}<\/script>\n<!-- \/ Yoast SEO plugin. -->","yoast_head_json":{"title":"Los Llanos pone en marcha siete talleres de artesan\u00eda de diferentes modalidades - Ayuntamiento de Los Llanos de Aridane","description":"El Ayuntamiento de Los Llanos de Aridane presenta el cartel y el programa de La Patrona 2021 con el lema \u201cRemedios, m\u00e1s que un nombre.\u201d","robots":{"index":"index","follow":"follow","max-snippet":"max-snippet:-1","max-image-preview":"max-image-preview:large","max-video-preview":"max-video-preview:-1"},"canonical":"https:\/\/www.aridane.org\/city\/2023\/01\/27\/los-llanos-pone-en-marcha-siete-talleres-de-artesania-de-diferentes-modalidades\/","og_locale":"es_ES","og_type":"article","og_title":"Los Llanos pone en marcha siete talleres de artesan\u00eda de diferentes modalidades - Ayuntamiento de Los Llanos de Aridane","og_description":"El Ayuntamiento de Los Llanos de Aridane presenta el cartel y el programa de La Patrona 2021 con el lema \u201cRemedios, m\u00e1s que un nombre.\u201d","og_url":"https:\/\/www.aridane.org\/city\/2023\/01\/27\/los-llanos-pone-en-marcha-siete-talleres-de-artesania-de-diferentes-modalidades\/","og_site_name":"Ayuntamiento de Los Llanos de Aridane","article_published_time":"2023-01-27T12:31:22+00:00","author":"Richard Diaz","twitter_card":"summary_large_image","twitter_misc":{"Escrito por":"Richard Diaz","Tiempo de lectura":"2 minutos"},"schema":{"@context":"https:\/\/schema.org","@graph":[{"@type":"WebPage","@id":"https:\/\/www.aridane.org\/city\/2023\/01\/27\/los-llanos-pone-en-marcha-siete-talleres-de-artesania-de-diferentes-modalidades\/","url":"https:\/\/www.aridane.org\/city\/2023\/01\/27\/los-llanos-pone-en-marcha-siete-talleres-de-artesania-de-diferentes-modalidades\/","name":"Los Llanos pone en marcha siete talleres de artesan\u00eda de diferentes modalidades - Ayuntamiento de Los Llanos de Aridane","isPartOf":{"@id":"https:\/\/www.aridane.org\/city\/#website"},"datePublished":"2023-01-27T12:31:22+00:00","dateModified":"2023-01-27T12:31:22+00:00","author":{"@id":"https:\/\/www.aridane.org\/city\/#\/schema\/person\/7d352ec7f29881716f298394432e7209"},"description":"El Ayuntamiento de Los Llanos de Aridane presenta el cartel y el programa de La Patrona 2021 con el lema \u201cRemedios, m\u00e1s que un nombre.\u201d","breadcrumb":{"@id":"https:\/\/www.aridane.org\/city\/2023\/01\/27\/los-llanos-pone-en-marcha-siete-talleres-de-artesania-de-diferentes-modalidades\/#breadcrumb"},"inLanguage":"es","potentialAction":[{"@type":"ReadAction","target":["https:\/\/www.aridane.org\/city\/2023\/01\/27\/los-llanos-pone-en-marcha-siete-talleres-de-artesania-de-diferentes-modalidades\/"]}]},{"@type":"BreadcrumbList","@id":"https:\/\/www.aridane.org\/city\/2023\/01\/27\/los-llanos-pone-en-marcha-siete-talleres-de-artesania-de-diferentes-modalidades\/#breadcrumb","itemListElement":[{"@type":"ListItem","position":1,"name":"Portada","item":"https:\/\/www.aridane.org\/city\/"},{"@type":"ListItem","position":2,"name":"Los Llanos pone en marcha siete talleres de artesan\u00eda de diferentes modalidades"}]},{"@type":"WebSite","@id":"https:\/\/www.aridane.org\/city\/#website","url":"https:\/\/www.aridane.org\/city\/","name":"Ayuntamiento de Los Llanos de Aridane","description":"","potentialAction":[{"@type":"SearchAction","target":{"@type":"EntryPoint","urlTemplate":"https:\/\/www.aridane.org\/city\/?s={search_term_string}"},"query-input":"required name=search_term_string"}],"inLanguage":"es"},{"@type":"Person","@id":"https:\/\/www.aridane.org\/city\/#\/schema\/person\/7d352ec7f29881716f298394432e7209","name":"Richard Diaz","image":{"@type":"ImageObject","inLanguage":"es","@id":"https:\/\/www.aridane.org\/city\/#\/schema\/person\/image\/","url":"https:\/\/secure.gravatar.com\/avatar\/bacd6aefc26a4a204943090a4c596cd10f0857081ef3cfd12084a70ecb3161d5?s=96&d=mm&r=g","contentUrl":"https:\/\/secure.gravatar.com\/avatar\/bacd6aefc26a4a204943090a4c596cd10f0857081ef3cfd12084a70ecb3161d5?s=96&d=mm&r=g","caption":"Richard Diaz"},"sameAs":["https:\/\/www.aridane.org\/city"],"url":"https:\/\/www.aridane.org\/city\/author\/richard-diaz\/"}]}},"_links":{"self":[{"href":"https:\/\/www.aridane.org\/city\/wp-json\/wp\/v2\/posts\/1323","targetHints":{"allow":["GET"]}}],"collection":[{"href":"https:\/\/www.aridane.org\/city\/wp-json\/wp\/v2\/posts"}],"about":[{"href":"https:\/\/www.aridane.org\/city\/wp-json\/wp\/v2\/types\/post"}],"author":[{"embeddable":true,"href":"https:\/\/www.aridane.org\/city\/wp-json\/wp\/v2\/users\/1"}],"replies":[{"embeddable":true,"href":"https:\/\/www.aridane.org\/city\/wp-json\/wp\/v2\/comments?post=1323"}],"version-history":[{"count":0,"href":"https:\/\/www.aridane.org\/city\/wp-json\/wp\/v2\/posts\/1323\/revisions"}],"wp:attachment":[{"href":"https:\/\/www.aridane.org\/city\/wp-json\/wp\/v2\/media?parent=1323"}],"wp:term":[{"taxonomy":"category","embeddable":true,"href":"https:\/\/www.aridane.org\/city\/wp-json\/wp\/v2\/categories?post=1323"},{"taxonomy":"post_tag","embeddable":true,"href":"https:\/\/www.aridane.org\/city\/wp-json\/wp\/v2\/tags?post=1323"}],"curies":[{"name":"wp","href":"https:\/\/api.w.org\/{rel}","templated":true}]}}