{"id":1324,"date":"2023-01-30T09:38:51","date_gmt":"2023-01-30T09:38:51","guid":{"rendered":"https:\/\/aridane.org\/ciudad\/?p=1324"},"modified":"2023-01-30T09:38:51","modified_gmt":"2023-01-30T09:38:51","slug":"garcia-leal-visita-con-los-vecinos-de-los-barros-la-obra-del-nuevo-centro-ciudadano","status":"publish","type":"post","link":"https:\/\/www.aridane.org\/city\/2023\/01\/30\/garcia-leal-visita-con-los-vecinos-de-los-barros-la-obra-del-nuevo-centro-ciudadano\/","title":{"rendered":"Garc\u00eda Leal visita con los vecinos de Los Barros la obra del nuevo Centro Ciudadano"},"content":{"rendered":"<section class=\"wpb-content-wrapper\"><p>[vc_row css_animation=\u00bb\u00bb row_type=\u00bbrow\u00bb use_row_as_full_screen_section=\u00bbno\u00bb type=\u00bbfull_width\u00bb angled_section=\u00bbno\u00bb text_align=\u00bbleft\u00bb background_image_as_pattern=\u00bbwithout_pattern\u00bb][vc_column][vc_row_inner row_type=\u00bbrow\u00bb type=\u00bbgrid\u00bb text_align=\u00bbleft\u00bb css_animation=\u00bb\u00bb][vc_column_inner][vc_empty_space height=\u00bb20px\u00bb][vc_column_text]<\/p>\n<ul>\n<li style=\"text-align: justify;\"><em>La alcaldesa se\u00f1ala que se trata de una demanda hist\u00f3rica de los propios vecinos, y defiende que esta actuaci\u00f3n va a reforzar la intensa agenda de actividades con la que ya cuenta el barrio.<\/em><\/li>\n<\/ul>\n<p>&nbsp;<\/p>\n<p style=\"text-align: justify;\"><strong>Los Llanos de Aridane, 30 de enero de 2023.-<\/strong> La alcaldesa de Los Llanos de Aridane, Noelia Garc\u00eda Leal, junto al concejal de Urbanismo, Manuel Perera, y la presidenta de la Asociaci\u00f3n Vecinal de Los Barros, Carmen Eva Salas, han comprobado c\u00f3mo avanzan las obras del que ser\u00e1 el nuevo Centro Ciudadano de Los Barros.<\/p>\n<p style=\"text-align: justify;\">\u00a0Garc\u00eda Leal ha recordado que esta obra, que cuenta con un presupuesto de 450.000 euros y \u00a0se est\u00e1 ejecutando en una superficie de 385 m2, \u201cse trata de una demanda hist\u00f3rica de los propios vecinos, y cuya actuaci\u00f3n estamos seguros que va a seguir reforzando la intensa agenda de actividades con la que ya cuenta este barrio\u201d. Adem\u00e1s, recuerda que este espacio, en el que se est\u00e1 desarrollando la actuaci\u00f3n, \u201calbergar\u00e1 una plaza y un local bajo, que los vecinos adem\u00e1s de utilizar como Centro C\u00edvico, tambi\u00e9n podr\u00e1n utilizar como espacio dinamizador\u201d.<\/p>\n<p style=\"text-align: justify;\">Mientras, la presidenta de la Asociaci\u00f3n Vecinal de Los Barros, Carmen Eva Salas, ha afirmado que \u201cestamos encantados. La obra ha ido bastante r\u00e1pido a ra\u00edz de los problemas que hemos tenido, y va a quedar una plaza y una asociaci\u00f3n muy bonitas, que podremos disfrutar todos los vecinos, y en la que podremos realizar las distintas actividades que tenemos. Ahora mismo estamos todos repartidos por el municipio, pero pronto esperamos estar todos juntos de nuevo aqu\u00ed\u201d.<\/p>\n<p style=\"text-align: justify;\">Por su parte, Perera destaca que \u201ceste nuevo Centro Ciudadanos ser\u00e1 un espacio moderno, accesible y abierto, que dispondr\u00e1 de ascensor para conectar los dos niveles, dando as\u00ed respuesta a las necesidades planteadas por los usuarios\u201d<\/p>\n<p style=\"text-align: justify;\">Por \u00faltimo, desde el Ayuntamiento de Los Llanos de Aridane se recuerda que \u201cesta obra responde al compromiso que tenemos de seguir mejorando los servicios que prestamos a nuestros vecinos\u201d.<\/p>\n<p>[\/vc_column_text][vc_empty_space height=\u00bb20px\u00bb][\/vc_column_inner][\/vc_row_inner][\/vc_column][\/vc_row]<\/p>\n<\/section>","protected":false},"excerpt":{"rendered":"<p>[vc_row css_animation=\u00bb\u00bb row_type=\u00bbrow\u00bb use_row_as_full_screen_section=\u00bbno\u00bb type=\u00bbfull_width\u00bb angled_section=\u00bbno\u00bb text_align=\u00bbleft\u00bb background_image_as_pattern=\u00bbwithout_pattern\u00bb][vc_column][vc_row_inner row_type=\u00bbrow\u00bb type=\u00bbgrid\u00bb text_align=\u00bbleft\u00bb css_animation=\u00bb\u00bb][vc_column_inner][vc_empty_space height=\u00bb20px\u00bb][vc_column_text] La alcaldesa se\u00f1ala que se trata de una demanda hist\u00f3rica de los propios vecinos, y defiende que esta actuaci\u00f3n va a reforzar la intensa agenda de actividades con la que ya cuenta&#8230;<\/p>\n","protected":false},"author":1,"featured_media":0,"comment_status":"closed","ping_status":"open","sticky":false,"template":"","format":"standard","meta":{"footnotes":""},"categories":[6],"tags":[],"class_list":["post-1324","post","type-post","status-publish","format-standard","hentry","category-prensa"],"yoast_head":"<!-- This site is optimized with the Yoast SEO plugin v22.7 - https:\/\/yoast.com\/wordpress\/plugins\/seo\/ -->\n<title>Garc\u00eda Leal visita con los vecinos de Los Barros la obra del nuevo Centro Ciudadano - Ayuntamiento de Los Llanos de Aridane<\/title>\n<meta name=\"description\" content=\"El Ayuntamiento de Los Llanos de Aridane presenta el cartel y el programa de La Patrona 2021 con el lema \u201cRemedios, m\u00e1s que un nombre.\u201d\" \/>\n<meta name=\"robots\" content=\"index, follow, max-snippet:-1, max-image-preview:large, max-video-preview:-1\" \/>\n<link rel=\"canonical\" href=\"https:\/\/www.aridane.org\/city\/2023\/01\/30\/garcia-leal-visita-con-los-vecinos-de-los-barros-la-obra-del-nuevo-centro-ciudadano\/\" \/>\n<meta property=\"og:locale\" content=\"es_ES\" \/>\n<meta property=\"og:type\" content=\"article\" \/>\n<meta property=\"og:title\" content=\"Garc\u00eda Leal visita con los vecinos de Los Barros la obra del nuevo Centro Ciudadano - Ayuntamiento de Los Llanos de Aridane\" \/>\n<meta property=\"og:description\" content=\"El Ayuntamiento de Los Llanos de Aridane presenta el cartel y el programa de La Patrona 2021 con el lema \u201cRemedios, m\u00e1s que un nombre.\u201d\" \/>\n<meta property=\"og:url\" content=\"https:\/\/www.aridane.org\/city\/2023\/01\/30\/garcia-leal-visita-con-los-vecinos-de-los-barros-la-obra-del-nuevo-centro-ciudadano\/\" \/>\n<meta property=\"og:site_name\" content=\"Ayuntamiento de Los Llanos de Aridane\" \/>\n<meta property=\"article:published_time\" content=\"2023-01-30T09:38:51+00:00\" \/>\n<meta name=\"author\" content=\"Richard Diaz\" \/>\n<meta name=\"twitter:card\" content=\"summary_large_image\" \/>\n<meta name=\"twitter:label1\" content=\"Escrito por\" \/>\n\t<meta name=\"twitter:data1\" content=\"Richard Diaz\" \/>\n\t<meta name=\"twitter:label2\" content=\"Tiempo de lectura\" \/>\n\t<meta name=\"twitter:data2\" content=\"2 minutos\" \/>\n<script type=\"application\/ld+json\" class=\"yoast-schema-graph\">{\"@context\":\"https:\/\/schema.org\",\"@graph\":[{\"@type\":\"WebPage\",\"@id\":\"https:\/\/www.aridane.org\/city\/2023\/01\/30\/garcia-leal-visita-con-los-vecinos-de-los-barros-la-obra-del-nuevo-centro-ciudadano\/\",\"url\":\"https:\/\/www.aridane.org\/city\/2023\/01\/30\/garcia-leal-visita-con-los-vecinos-de-los-barros-la-obra-del-nuevo-centro-ciudadano\/\",\"name\":\"Garc\u00eda Leal visita con los vecinos de Los Barros la obra del nuevo Centro Ciudadano - Ayuntamiento de Los Llanos de Aridane\",\"isPartOf\":{\"@id\":\"https:\/\/www.aridane.org\/city\/#website\"},\"datePublished\":\"2023-01-30T09:38:51+00:00\",\"dateModified\":\"2023-01-30T09:38:51+00:00\",\"author\":{\"@id\":\"https:\/\/www.aridane.org\/city\/#\/schema\/person\/7d352ec7f29881716f298394432e7209\"},\"description\":\"El Ayuntamiento de Los Llanos de Aridane presenta el cartel y el programa de La Patrona 2021 con el lema \u201cRemedios, m\u00e1s que un nombre.\u201d\",\"breadcrumb\":{\"@id\":\"https:\/\/www.aridane.org\/city\/2023\/01\/30\/garcia-leal-visita-con-los-vecinos-de-los-barros-la-obra-del-nuevo-centro-ciudadano\/#breadcrumb\"},\"inLanguage\":\"es\",\"potentialAction\":[{\"@type\":\"ReadAction\",\"target\":[\"https:\/\/www.aridane.org\/city\/2023\/01\/30\/garcia-leal-visita-con-los-vecinos-de-los-barros-la-obra-del-nuevo-centro-ciudadano\/\"]}]},{\"@type\":\"BreadcrumbList\",\"@id\":\"https:\/\/www.aridane.org\/city\/2023\/01\/30\/garcia-leal-visita-con-los-vecinos-de-los-barros-la-obra-del-nuevo-centro-ciudadano\/#breadcrumb\",\"itemListElement\":[{\"@type\":\"ListItem\",\"position\":1,\"name\":\"Portada\",\"item\":\"https:\/\/www.aridane.org\/city\/\"},{\"@type\":\"ListItem\",\"position\":2,\"name\":\"Garc\u00eda Leal visita con los vecinos de Los Barros la obra del nuevo Centro Ciudadano\"}]},{\"@type\":\"WebSite\",\"@id\":\"https:\/\/www.aridane.org\/city\/#website\",\"url\":\"https:\/\/www.aridane.org\/city\/\",\"name\":\"Ayuntamiento de Los Llanos de Aridane\",\"description\":\"\",\"potentialAction\":[{\"@type\":\"SearchAction\",\"target\":{\"@type\":\"EntryPoint\",\"urlTemplate\":\"https:\/\/www.aridane.org\/city\/?s={search_term_string}\"},\"query-input\":\"required name=search_term_string\"}],\"inLanguage\":\"es\"},{\"@type\":\"Person\",\"@id\":\"https:\/\/www.aridane.org\/city\/#\/schema\/person\/7d352ec7f29881716f298394432e7209\",\"name\":\"Richard Diaz\",\"image\":{\"@type\":\"ImageObject\",\"inLanguage\":\"es\",\"@id\":\"https:\/\/www.aridane.org\/city\/#\/schema\/person\/image\/\",\"url\":\"https:\/\/secure.gravatar.com\/avatar\/bacd6aefc26a4a204943090a4c596cd10f0857081ef3cfd12084a70ecb3161d5?s=96&d=mm&r=g\",\"contentUrl\":\"https:\/\/secure.gravatar.com\/avatar\/bacd6aefc26a4a204943090a4c596cd10f0857081ef3cfd12084a70ecb3161d5?s=96&d=mm&r=g\",\"caption\":\"Richard Diaz\"},\"sameAs\":[\"https:\/\/www.aridane.org\/city\"],\"url\":\"https:\/\/www.aridane.org\/city\/author\/richard-diaz\/\"}]}<\/script>\n<!-- \/ Yoast SEO plugin. -->","yoast_head_json":{"title":"Garc\u00eda Leal visita con los vecinos de Los Barros la obra del nuevo Centro Ciudadano - Ayuntamiento de Los Llanos de Aridane","description":"El Ayuntamiento de Los Llanos de Aridane presenta el cartel y el programa de La Patrona 2021 con el lema \u201cRemedios, m\u00e1s que un nombre.\u201d","robots":{"index":"index","follow":"follow","max-snippet":"max-snippet:-1","max-image-preview":"max-image-preview:large","max-video-preview":"max-video-preview:-1"},"canonical":"https:\/\/www.aridane.org\/city\/2023\/01\/30\/garcia-leal-visita-con-los-vecinos-de-los-barros-la-obra-del-nuevo-centro-ciudadano\/","og_locale":"es_ES","og_type":"article","og_title":"Garc\u00eda Leal visita con los vecinos de Los Barros la obra del nuevo Centro Ciudadano - Ayuntamiento de Los Llanos de Aridane","og_description":"El Ayuntamiento de Los Llanos de Aridane presenta el cartel y el programa de La Patrona 2021 con el lema \u201cRemedios, m\u00e1s que un nombre.\u201d","og_url":"https:\/\/www.aridane.org\/city\/2023\/01\/30\/garcia-leal-visita-con-los-vecinos-de-los-barros-la-obra-del-nuevo-centro-ciudadano\/","og_site_name":"Ayuntamiento de Los Llanos de Aridane","article_published_time":"2023-01-30T09:38:51+00:00","author":"Richard Diaz","twitter_card":"summary_large_image","twitter_misc":{"Escrito por":"Richard Diaz","Tiempo de lectura":"2 minutos"},"schema":{"@context":"https:\/\/schema.org","@graph":[{"@type":"WebPage","@id":"https:\/\/www.aridane.org\/city\/2023\/01\/30\/garcia-leal-visita-con-los-vecinos-de-los-barros-la-obra-del-nuevo-centro-ciudadano\/","url":"https:\/\/www.aridane.org\/city\/2023\/01\/30\/garcia-leal-visita-con-los-vecinos-de-los-barros-la-obra-del-nuevo-centro-ciudadano\/","name":"Garc\u00eda Leal visita con los vecinos de Los Barros la obra del nuevo Centro Ciudadano - Ayuntamiento de Los Llanos de Aridane","isPartOf":{"@id":"https:\/\/www.aridane.org\/city\/#website"},"datePublished":"2023-01-30T09:38:51+00:00","dateModified":"2023-01-30T09:38:51+00:00","author":{"@id":"https:\/\/www.aridane.org\/city\/#\/schema\/person\/7d352ec7f29881716f298394432e7209"},"description":"El Ayuntamiento de Los Llanos de Aridane presenta el cartel y el programa de La Patrona 2021 con el lema \u201cRemedios, m\u00e1s que un nombre.\u201d","breadcrumb":{"@id":"https:\/\/www.aridane.org\/city\/2023\/01\/30\/garcia-leal-visita-con-los-vecinos-de-los-barros-la-obra-del-nuevo-centro-ciudadano\/#breadcrumb"},"inLanguage":"es","potentialAction":[{"@type":"ReadAction","target":["https:\/\/www.aridane.org\/city\/2023\/01\/30\/garcia-leal-visita-con-los-vecinos-de-los-barros-la-obra-del-nuevo-centro-ciudadano\/"]}]},{"@type":"BreadcrumbList","@id":"https:\/\/www.aridane.org\/city\/2023\/01\/30\/garcia-leal-visita-con-los-vecinos-de-los-barros-la-obra-del-nuevo-centro-ciudadano\/#breadcrumb","itemListElement":[{"@type":"ListItem","position":1,"name":"Portada","item":"https:\/\/www.aridane.org\/city\/"},{"@type":"ListItem","position":2,"name":"Garc\u00eda Leal visita con los vecinos de Los Barros la obra del nuevo Centro Ciudadano"}]},{"@type":"WebSite","@id":"https:\/\/www.aridane.org\/city\/#website","url":"https:\/\/www.aridane.org\/city\/","name":"Ayuntamiento de Los Llanos de Aridane","description":"","potentialAction":[{"@type":"SearchAction","target":{"@type":"EntryPoint","urlTemplate":"https:\/\/www.aridane.org\/city\/?s={search_term_string}"},"query-input":"required name=search_term_string"}],"inLanguage":"es"},{"@type":"Person","@id":"https:\/\/www.aridane.org\/city\/#\/schema\/person\/7d352ec7f29881716f298394432e7209","name":"Richard Diaz","image":{"@type":"ImageObject","inLanguage":"es","@id":"https:\/\/www.aridane.org\/city\/#\/schema\/person\/image\/","url":"https:\/\/secure.gravatar.com\/avatar\/bacd6aefc26a4a204943090a4c596cd10f0857081ef3cfd12084a70ecb3161d5?s=96&d=mm&r=g","contentUrl":"https:\/\/secure.gravatar.com\/avatar\/bacd6aefc26a4a204943090a4c596cd10f0857081ef3cfd12084a70ecb3161d5?s=96&d=mm&r=g","caption":"Richard Diaz"},"sameAs":["https:\/\/www.aridane.org\/city"],"url":"https:\/\/www.aridane.org\/city\/author\/richard-diaz\/"}]}},"_links":{"self":[{"href":"https:\/\/www.aridane.org\/city\/wp-json\/wp\/v2\/posts\/1324","targetHints":{"allow":["GET"]}}],"collection":[{"href":"https:\/\/www.aridane.org\/city\/wp-json\/wp\/v2\/posts"}],"about":[{"href":"https:\/\/www.aridane.org\/city\/wp-json\/wp\/v2\/types\/post"}],"author":[{"embeddable":true,"href":"https:\/\/www.aridane.org\/city\/wp-json\/wp\/v2\/users\/1"}],"replies":[{"embeddable":true,"href":"https:\/\/www.aridane.org\/city\/wp-json\/wp\/v2\/comments?post=1324"}],"version-history":[{"count":0,"href":"https:\/\/www.aridane.org\/city\/wp-json\/wp\/v2\/posts\/1324\/revisions"}],"wp:attachment":[{"href":"https:\/\/www.aridane.org\/city\/wp-json\/wp\/v2\/media?parent=1324"}],"wp:term":[{"taxonomy":"category","embeddable":true,"href":"https:\/\/www.aridane.org\/city\/wp-json\/wp\/v2\/categories?post=1324"},{"taxonomy":"post_tag","embeddable":true,"href":"https:\/\/www.aridane.org\/city\/wp-json\/wp\/v2\/tags?post=1324"}],"curies":[{"name":"wp","href":"https:\/\/api.w.org\/{rel}","templated":true}]}}