{"id":1329,"date":"2023-01-30T15:12:50","date_gmt":"2023-01-30T15:12:50","guid":{"rendered":"https:\/\/aridane.org\/ciudad\/?p=1329"},"modified":"2023-01-30T15:12:50","modified_gmt":"2023-01-30T15:12:50","slug":"la-junta-local-de-seguridad-de-los-llanos-de-aridane-se-reunira-este-miercoles-para-continuar-reforzando-la-seguridad-en-el-municipio","status":"publish","type":"post","link":"https:\/\/www.aridane.org\/city\/2023\/01\/30\/la-junta-local-de-seguridad-de-los-llanos-de-aridane-se-reunira-este-miercoles-para-continuar-reforzando-la-seguridad-en-el-municipio\/","title":{"rendered":"La Junta Local de Seguridad de Los Llanos de Aridane se reunir\u00e1 este mi\u00e9rcoles para continuar reforzando la seguridad en el municipio"},"content":{"rendered":"<section class=\"wpb-content-wrapper\"><p>[vc_row css_animation=\u00bb\u00bb row_type=\u00bbrow\u00bb use_row_as_full_screen_section=\u00bbno\u00bb type=\u00bbfull_width\u00bb angled_section=\u00bbno\u00bb text_align=\u00bbleft\u00bb background_image_as_pattern=\u00bbwithout_pattern\u00bb][vc_column][vc_row_inner row_type=\u00bbrow\u00bb type=\u00bbgrid\u00bb text_align=\u00bbleft\u00bb css_animation=\u00bb\u00bb][vc_column_inner][vc_empty_space height=\u00bb20px\u00bb][vc_column_text]<\/p>\n<ul>\n<li style=\"text-align: justify;\"><em>Hern\u00e1ndez Labrador recuerda que ya en el Pleno del pasado jueves, 26 de enero, la alcaldesa inform\u00f3 que se hab\u00eda puesto en contacto con la directora insular de seguridad y la reuni\u00f3n se llevar\u00eda a cabo durante esta semana, \u201cpor lo que lamentamos las declaraciones de CC con las que una vez m\u00e1s solo busca confundir a los aridanenses\u201d.<\/em><\/li>\n<\/ul>\n<p>&nbsp;<\/p>\n<p style=\"text-align: justify;\"><strong>Los Llanos de Aridane, 30 de enero de 2023.-<\/strong> El Ayuntamiento de Los Llanos de Aridane a trav\u00e9s de la concejal de Seguridad Ciudadana, Lorena Hern\u00e1ndez Labrador, ha confirmado que este mi\u00e9rcoles, 1 de febrero, se reunir\u00e1 la Junta Local de Seguridad, \u201ccon el fin de analizar el trabajo que se ha venido desarrollando durante los \u00faltimos a\u00f1os para prevenir y evitar los delitos en el municipio, as\u00ed como fomentar la coordinaci\u00f3n con los cuerpos de seguridad del Estado\u201d. Hern\u00e1ndez Labrador ha explicado que esta reuni\u00f3n permitir\u00e1 seguir trazando las l\u00edneas de actuaci\u00f3n entre los distintos cuerpos de seguridad, \u201cpara que en caso de darse cualquier tipo de situaci\u00f3n, exista la m\u00e1xima coordinaci\u00f3n y podamos continuar actuando de una manera r\u00e1pida y adecuada\u201d.<\/p>\n<p style=\"text-align: justify;\">Adem\u00e1s, la concejal recuerda que durante el \u00faltimo pleno celebrado el pasado jueves, 26 de enero, \u00a0la alcaldesa inform\u00f3 que ese mismo d\u00eda se hab\u00eda puesto en contacto con la Directora Insular de Seguridad para convocar la Junta Local de Seguridad, y agradeci\u00f3 su disponibilidad para que se pudiese realizar durante esta semana . \u201cPor lo que lamentamos profundamente las declaraciones de CC en las que una vez m\u00e1s trata de confundir a los aridanenses, y dejan entrever que Los Llanos de Aridane es un municipio inseguro, cuando nada m\u00e1s lejos de la realidad. No solo es uno de los m\u00e1s seguros de la Isla, sino que adem\u00e1s durante los \u00faltimos a\u00f1os hemos venido reforzando la plantilla de la polic\u00eda local\u201d.<\/p>\n<p style=\"text-align: justify;\">Por \u00faltimo, desde el Ayuntamiento de Los Llanos de Aridane se recuerda que \u201cesta reuni\u00f3n responde al compromiso que tiene este equipo de Gobierno de seguir trabajando para velar y mejorar la seguridad del municipio\u201d.<\/p>\n<p>[\/vc_column_text][vc_empty_space height=\u00bb20px\u00bb][\/vc_column_inner][\/vc_row_inner][\/vc_column][\/vc_row]<\/p>\n<\/section>","protected":false},"excerpt":{"rendered":"<p>[vc_row css_animation=\u00bb\u00bb row_type=\u00bbrow\u00bb use_row_as_full_screen_section=\u00bbno\u00bb type=\u00bbfull_width\u00bb angled_section=\u00bbno\u00bb text_align=\u00bbleft\u00bb background_image_as_pattern=\u00bbwithout_pattern\u00bb][vc_column][vc_row_inner row_type=\u00bbrow\u00bb type=\u00bbgrid\u00bb text_align=\u00bbleft\u00bb css_animation=\u00bb\u00bb][vc_column_inner][vc_empty_space height=\u00bb20px\u00bb][vc_column_text] Hern\u00e1ndez Labrador recuerda que ya en el Pleno del pasado jueves, 26 de enero, la alcaldesa inform\u00f3 que se hab\u00eda puesto en contacto con la directora insular de seguridad y la reuni\u00f3n&#8230;<\/p>\n","protected":false},"author":1,"featured_media":0,"comment_status":"closed","ping_status":"open","sticky":false,"template":"","format":"standard","meta":{"footnotes":""},"categories":[6],"tags":[],"class_list":["post-1329","post","type-post","status-publish","format-standard","hentry","category-prensa"],"yoast_head":"<!-- This site is optimized with the Yoast SEO plugin v22.7 - https:\/\/yoast.com\/wordpress\/plugins\/seo\/ -->\n<title>La Junta Local de Seguridad de Los Llanos de Aridane se reunir\u00e1 este mi\u00e9rcoles para continuar reforzando la seguridad en el municipio - Ayuntamiento de Los Llanos de Aridane<\/title>\n<meta name=\"description\" content=\"El Ayuntamiento de Los Llanos de Aridane presenta el cartel y el programa de La Patrona 2021 con el lema \u201cRemedios, m\u00e1s que un nombre.\u201d\" \/>\n<meta name=\"robots\" content=\"index, follow, max-snippet:-1, max-image-preview:large, max-video-preview:-1\" \/>\n<link rel=\"canonical\" href=\"https:\/\/www.aridane.org\/city\/2023\/01\/30\/la-junta-local-de-seguridad-de-los-llanos-de-aridane-se-reunira-este-miercoles-para-continuar-reforzando-la-seguridad-en-el-municipio\/\" \/>\n<meta property=\"og:locale\" content=\"es_ES\" \/>\n<meta property=\"og:type\" content=\"article\" \/>\n<meta property=\"og:title\" content=\"La Junta Local de Seguridad de Los Llanos de Aridane se reunir\u00e1 este mi\u00e9rcoles para continuar reforzando la seguridad en el municipio - Ayuntamiento de Los Llanos de Aridane\" \/>\n<meta property=\"og:description\" content=\"El Ayuntamiento de Los Llanos de Aridane presenta el cartel y el programa de La Patrona 2021 con el lema \u201cRemedios, m\u00e1s que un nombre.\u201d\" \/>\n<meta property=\"og:url\" content=\"https:\/\/www.aridane.org\/city\/2023\/01\/30\/la-junta-local-de-seguridad-de-los-llanos-de-aridane-se-reunira-este-miercoles-para-continuar-reforzando-la-seguridad-en-el-municipio\/\" \/>\n<meta property=\"og:site_name\" content=\"Ayuntamiento de Los Llanos de Aridane\" \/>\n<meta property=\"article:published_time\" content=\"2023-01-30T15:12:50+00:00\" \/>\n<meta name=\"author\" content=\"Richard Diaz\" \/>\n<meta name=\"twitter:card\" content=\"summary_large_image\" \/>\n<meta name=\"twitter:label1\" content=\"Escrito por\" \/>\n\t<meta name=\"twitter:data1\" content=\"Richard Diaz\" \/>\n\t<meta name=\"twitter:label2\" content=\"Tiempo de lectura\" \/>\n\t<meta name=\"twitter:data2\" content=\"2 minutos\" \/>\n<script type=\"application\/ld+json\" class=\"yoast-schema-graph\">{\"@context\":\"https:\/\/schema.org\",\"@graph\":[{\"@type\":\"WebPage\",\"@id\":\"https:\/\/www.aridane.org\/city\/2023\/01\/30\/la-junta-local-de-seguridad-de-los-llanos-de-aridane-se-reunira-este-miercoles-para-continuar-reforzando-la-seguridad-en-el-municipio\/\",\"url\":\"https:\/\/www.aridane.org\/city\/2023\/01\/30\/la-junta-local-de-seguridad-de-los-llanos-de-aridane-se-reunira-este-miercoles-para-continuar-reforzando-la-seguridad-en-el-municipio\/\",\"name\":\"La Junta Local de Seguridad de Los Llanos de Aridane se reunir\u00e1 este mi\u00e9rcoles para continuar reforzando la seguridad en el municipio - Ayuntamiento de Los Llanos de Aridane\",\"isPartOf\":{\"@id\":\"https:\/\/www.aridane.org\/city\/#website\"},\"datePublished\":\"2023-01-30T15:12:50+00:00\",\"dateModified\":\"2023-01-30T15:12:50+00:00\",\"author\":{\"@id\":\"https:\/\/www.aridane.org\/city\/#\/schema\/person\/7d352ec7f29881716f298394432e7209\"},\"description\":\"El Ayuntamiento de Los Llanos de Aridane presenta el cartel y el programa de La Patrona 2021 con el lema \u201cRemedios, m\u00e1s que un nombre.\u201d\",\"breadcrumb\":{\"@id\":\"https:\/\/www.aridane.org\/city\/2023\/01\/30\/la-junta-local-de-seguridad-de-los-llanos-de-aridane-se-reunira-este-miercoles-para-continuar-reforzando-la-seguridad-en-el-municipio\/#breadcrumb\"},\"inLanguage\":\"es\",\"potentialAction\":[{\"@type\":\"ReadAction\",\"target\":[\"https:\/\/www.aridane.org\/city\/2023\/01\/30\/la-junta-local-de-seguridad-de-los-llanos-de-aridane-se-reunira-este-miercoles-para-continuar-reforzando-la-seguridad-en-el-municipio\/\"]}]},{\"@type\":\"BreadcrumbList\",\"@id\":\"https:\/\/www.aridane.org\/city\/2023\/01\/30\/la-junta-local-de-seguridad-de-los-llanos-de-aridane-se-reunira-este-miercoles-para-continuar-reforzando-la-seguridad-en-el-municipio\/#breadcrumb\",\"itemListElement\":[{\"@type\":\"ListItem\",\"position\":1,\"name\":\"Portada\",\"item\":\"https:\/\/www.aridane.org\/city\/\"},{\"@type\":\"ListItem\",\"position\":2,\"name\":\"La Junta Local de Seguridad de Los Llanos de Aridane se reunir\u00e1 este mi\u00e9rcoles para continuar reforzando la seguridad en el municipio\"}]},{\"@type\":\"WebSite\",\"@id\":\"https:\/\/www.aridane.org\/city\/#website\",\"url\":\"https:\/\/www.aridane.org\/city\/\",\"name\":\"Ayuntamiento de Los Llanos de Aridane\",\"description\":\"\",\"potentialAction\":[{\"@type\":\"SearchAction\",\"target\":{\"@type\":\"EntryPoint\",\"urlTemplate\":\"https:\/\/www.aridane.org\/city\/?s={search_term_string}\"},\"query-input\":\"required name=search_term_string\"}],\"inLanguage\":\"es\"},{\"@type\":\"Person\",\"@id\":\"https:\/\/www.aridane.org\/city\/#\/schema\/person\/7d352ec7f29881716f298394432e7209\",\"name\":\"Richard Diaz\",\"image\":{\"@type\":\"ImageObject\",\"inLanguage\":\"es\",\"@id\":\"https:\/\/www.aridane.org\/city\/#\/schema\/person\/image\/\",\"url\":\"https:\/\/secure.gravatar.com\/avatar\/bacd6aefc26a4a204943090a4c596cd10f0857081ef3cfd12084a70ecb3161d5?s=96&d=mm&r=g\",\"contentUrl\":\"https:\/\/secure.gravatar.com\/avatar\/bacd6aefc26a4a204943090a4c596cd10f0857081ef3cfd12084a70ecb3161d5?s=96&d=mm&r=g\",\"caption\":\"Richard Diaz\"},\"sameAs\":[\"https:\/\/www.aridane.org\/city\"],\"url\":\"https:\/\/www.aridane.org\/city\/author\/richard-diaz\/\"}]}<\/script>\n<!-- \/ Yoast SEO plugin. -->","yoast_head_json":{"title":"La Junta Local de Seguridad de Los Llanos de Aridane se reunir\u00e1 este mi\u00e9rcoles para continuar reforzando la seguridad en el municipio - Ayuntamiento de Los Llanos de Aridane","description":"El Ayuntamiento de Los Llanos de Aridane presenta el cartel y el programa de La Patrona 2021 con el lema \u201cRemedios, m\u00e1s que un nombre.\u201d","robots":{"index":"index","follow":"follow","max-snippet":"max-snippet:-1","max-image-preview":"max-image-preview:large","max-video-preview":"max-video-preview:-1"},"canonical":"https:\/\/www.aridane.org\/city\/2023\/01\/30\/la-junta-local-de-seguridad-de-los-llanos-de-aridane-se-reunira-este-miercoles-para-continuar-reforzando-la-seguridad-en-el-municipio\/","og_locale":"es_ES","og_type":"article","og_title":"La Junta Local de Seguridad de Los Llanos de Aridane se reunir\u00e1 este mi\u00e9rcoles para continuar reforzando la seguridad en el municipio - Ayuntamiento de Los Llanos de Aridane","og_description":"El Ayuntamiento de Los Llanos de Aridane presenta el cartel y el programa de La Patrona 2021 con el lema \u201cRemedios, m\u00e1s que un nombre.\u201d","og_url":"https:\/\/www.aridane.org\/city\/2023\/01\/30\/la-junta-local-de-seguridad-de-los-llanos-de-aridane-se-reunira-este-miercoles-para-continuar-reforzando-la-seguridad-en-el-municipio\/","og_site_name":"Ayuntamiento de Los Llanos de Aridane","article_published_time":"2023-01-30T15:12:50+00:00","author":"Richard Diaz","twitter_card":"summary_large_image","twitter_misc":{"Escrito por":"Richard Diaz","Tiempo de lectura":"2 minutos"},"schema":{"@context":"https:\/\/schema.org","@graph":[{"@type":"WebPage","@id":"https:\/\/www.aridane.org\/city\/2023\/01\/30\/la-junta-local-de-seguridad-de-los-llanos-de-aridane-se-reunira-este-miercoles-para-continuar-reforzando-la-seguridad-en-el-municipio\/","url":"https:\/\/www.aridane.org\/city\/2023\/01\/30\/la-junta-local-de-seguridad-de-los-llanos-de-aridane-se-reunira-este-miercoles-para-continuar-reforzando-la-seguridad-en-el-municipio\/","name":"La Junta Local de Seguridad de Los Llanos de Aridane se reunir\u00e1 este mi\u00e9rcoles para continuar reforzando la seguridad en el municipio - Ayuntamiento de Los Llanos de Aridane","isPartOf":{"@id":"https:\/\/www.aridane.org\/city\/#website"},"datePublished":"2023-01-30T15:12:50+00:00","dateModified":"2023-01-30T15:12:50+00:00","author":{"@id":"https:\/\/www.aridane.org\/city\/#\/schema\/person\/7d352ec7f29881716f298394432e7209"},"description":"El Ayuntamiento de Los Llanos de Aridane presenta el cartel y el programa de La Patrona 2021 con el lema \u201cRemedios, m\u00e1s que un nombre.\u201d","breadcrumb":{"@id":"https:\/\/www.aridane.org\/city\/2023\/01\/30\/la-junta-local-de-seguridad-de-los-llanos-de-aridane-se-reunira-este-miercoles-para-continuar-reforzando-la-seguridad-en-el-municipio\/#breadcrumb"},"inLanguage":"es","potentialAction":[{"@type":"ReadAction","target":["https:\/\/www.aridane.org\/city\/2023\/01\/30\/la-junta-local-de-seguridad-de-los-llanos-de-aridane-se-reunira-este-miercoles-para-continuar-reforzando-la-seguridad-en-el-municipio\/"]}]},{"@type":"BreadcrumbList","@id":"https:\/\/www.aridane.org\/city\/2023\/01\/30\/la-junta-local-de-seguridad-de-los-llanos-de-aridane-se-reunira-este-miercoles-para-continuar-reforzando-la-seguridad-en-el-municipio\/#breadcrumb","itemListElement":[{"@type":"ListItem","position":1,"name":"Portada","item":"https:\/\/www.aridane.org\/city\/"},{"@type":"ListItem","position":2,"name":"La Junta Local de Seguridad de Los Llanos de Aridane se reunir\u00e1 este mi\u00e9rcoles para continuar reforzando la seguridad en el municipio"}]},{"@type":"WebSite","@id":"https:\/\/www.aridane.org\/city\/#website","url":"https:\/\/www.aridane.org\/city\/","name":"Ayuntamiento de Los Llanos de Aridane","description":"","potentialAction":[{"@type":"SearchAction","target":{"@type":"EntryPoint","urlTemplate":"https:\/\/www.aridane.org\/city\/?s={search_term_string}"},"query-input":"required name=search_term_string"}],"inLanguage":"es"},{"@type":"Person","@id":"https:\/\/www.aridane.org\/city\/#\/schema\/person\/7d352ec7f29881716f298394432e7209","name":"Richard Diaz","image":{"@type":"ImageObject","inLanguage":"es","@id":"https:\/\/www.aridane.org\/city\/#\/schema\/person\/image\/","url":"https:\/\/secure.gravatar.com\/avatar\/bacd6aefc26a4a204943090a4c596cd10f0857081ef3cfd12084a70ecb3161d5?s=96&d=mm&r=g","contentUrl":"https:\/\/secure.gravatar.com\/avatar\/bacd6aefc26a4a204943090a4c596cd10f0857081ef3cfd12084a70ecb3161d5?s=96&d=mm&r=g","caption":"Richard Diaz"},"sameAs":["https:\/\/www.aridane.org\/city"],"url":"https:\/\/www.aridane.org\/city\/author\/richard-diaz\/"}]}},"_links":{"self":[{"href":"https:\/\/www.aridane.org\/city\/wp-json\/wp\/v2\/posts\/1329","targetHints":{"allow":["GET"]}}],"collection":[{"href":"https:\/\/www.aridane.org\/city\/wp-json\/wp\/v2\/posts"}],"about":[{"href":"https:\/\/www.aridane.org\/city\/wp-json\/wp\/v2\/types\/post"}],"author":[{"embeddable":true,"href":"https:\/\/www.aridane.org\/city\/wp-json\/wp\/v2\/users\/1"}],"replies":[{"embeddable":true,"href":"https:\/\/www.aridane.org\/city\/wp-json\/wp\/v2\/comments?post=1329"}],"version-history":[{"count":0,"href":"https:\/\/www.aridane.org\/city\/wp-json\/wp\/v2\/posts\/1329\/revisions"}],"wp:attachment":[{"href":"https:\/\/www.aridane.org\/city\/wp-json\/wp\/v2\/media?parent=1329"}],"wp:term":[{"taxonomy":"category","embeddable":true,"href":"https:\/\/www.aridane.org\/city\/wp-json\/wp\/v2\/categories?post=1329"},{"taxonomy":"post_tag","embeddable":true,"href":"https:\/\/www.aridane.org\/city\/wp-json\/wp\/v2\/tags?post=1329"}],"curies":[{"name":"wp","href":"https:\/\/api.w.org\/{rel}","templated":true}]}}