{"id":1330,"date":"2023-01-30T19:47:38","date_gmt":"2023-01-30T19:47:38","guid":{"rendered":"https:\/\/aridane.org\/ciudad\/?p=1330"},"modified":"2023-01-30T19:47:38","modified_gmt":"2023-01-30T19:47:38","slug":"el-ayuntamiento-de-los-llanos-de-aridane-muestra-su-pesar-por-el-fallecimiento-del-escritor-alexis-ravelo","status":"publish","type":"post","link":"https:\/\/www.aridane.org\/city\/2023\/01\/30\/el-ayuntamiento-de-los-llanos-de-aridane-muestra-su-pesar-por-el-fallecimiento-del-escritor-alexis-ravelo\/","title":{"rendered":"El Ayuntamiento de Los Llanos de Aridane muestra su pesar por el fallecimiento del escritor Alexis Ravelo"},"content":{"rendered":"<section class=\"wpb-content-wrapper\"><p>[vc_row css_animation=\u00bb\u00bb row_type=\u00bbrow\u00bb use_row_as_full_screen_section=\u00bbno\u00bb type=\u00bbfull_width\u00bb angled_section=\u00bbno\u00bb text_align=\u00bbleft\u00bb background_image_as_pattern=\u00bbwithout_pattern\u00bb][vc_column][vc_row_inner row_type=\u00bbrow\u00bb type=\u00bbgrid\u00bb text_align=\u00bbleft\u00bb css_animation=\u00bb\u00bb][vc_column_inner][vc_empty_space height=\u00bb20px\u00bb][vc_column_text]<\/p>\n<ul>\n<li style=\"text-align: justify;\"><em>Desde el Consistorio ponen en valor su enorme trabajo y entrega por acercar la novela negra a la sociedad. Recientemente hab\u00eda dirigido la III edici\u00f3n de Aridane Criminal.<\/em><\/li>\n<\/ul>\n<p>&nbsp;<\/p>\n<p style=\"text-align: justify;\"><strong>Los Llanos de Aridane, 30 de enero de 2023.-<\/strong> El Ayuntamiento de Los Llanos de Aridane, a trav\u00e9s de su alcaldesa, Noelia Garc\u00eda Leal, ha mostrado su pesar tras el fallecimiento del escritor, Alexis Ravelo.<\/p>\n<p style=\"text-align: justify;\">Garc\u00eda Leal ha se\u00f1alado que \u201cAlexis Ravelo era un hombre bueno, comprometido y cargado de optimismo. Siempre con ganas de ense\u00f1arnos m\u00e1s sobre la literatura, y especialmente sobre la novela negra. Hoy sin duda la literatura, no solo del archipi\u00e9lago, sino de todo el pa\u00eds est\u00e1 de luto porque nos deja un referente\u201d, se\u00f1ala.<\/p>\n<p style=\"text-align: justify;\">Adem\u00e1s, la alcaldesa ha recordado que el escritor grancanario ha tenido una fuerte vinculaci\u00f3n con el municipio, \u201cya que recientemente, tan solo hace un par de semanas, estuvo en Los Llanos dirigiendo la III edici\u00f3n de Aridane Criminal\u201d, se\u00f1ala.<\/p>\n<p style=\"text-align: justify;\">Por su parte, la concejal de Cultura, Charo Gonz\u00e1lez, ha se\u00f1alado que en los \u00faltimos 10 a\u00f1os Alexis Ravelo ha sido un referente en Los Llanos de Aridane impartiendo numerosos talleres en los institutos del municipio y acercando sus novelas a los adolescentes, \u201ccon esa forma tan suya de apropiarse de la sonrisa y atenci\u00f3n de la gente joven y no tan joven\u201d. Adem\u00e1s, aqu\u00ed siempre ha presentando sus libros y participado en debates y encuentros, \u201csiendo generoso con su tiempo para ayudarnos a armar, y ser el director, durante estos 3 a\u00f1os de Aridane Criminal, que gracias a \u00e9l se ha convertido en una cita ineludible dentro del panorama la novela negra en Espa\u00f1a\u201d.<\/p>\n<p style=\"text-align: justify;\">Charo Gonz\u00e1lez: \u201cEl gran hombre tras el gran escritor, o de cuando una sonrisa quedar\u00e1 siempre impresa en nuestra memoria. No solo la literatura est\u00e1 de luto hoy\u201d.<\/p>\n<p style=\"text-align: justify;\">Por \u00faltimo, desde el Ayuntamiento de Los Llanos de Aridane, su alcaldesa, en nombre de toda la Corporaci\u00f3n Municipal, quiere hacer llegar sus \u201ccondolencias y afecto a los familiares, amigos y compa\u00f1eros por tan sensible p\u00e9rdida\u201d.<\/p>\n<p>[\/vc_column_text][vc_empty_space height=\u00bb20px\u00bb][\/vc_column_inner][\/vc_row_inner][\/vc_column][\/vc_row]<\/p>\n<\/section>","protected":false},"excerpt":{"rendered":"<p>[vc_row css_animation=\u00bb\u00bb row_type=\u00bbrow\u00bb use_row_as_full_screen_section=\u00bbno\u00bb type=\u00bbfull_width\u00bb angled_section=\u00bbno\u00bb text_align=\u00bbleft\u00bb background_image_as_pattern=\u00bbwithout_pattern\u00bb][vc_column][vc_row_inner row_type=\u00bbrow\u00bb type=\u00bbgrid\u00bb text_align=\u00bbleft\u00bb css_animation=\u00bb\u00bb][vc_column_inner][vc_empty_space height=\u00bb20px\u00bb][vc_column_text] Desde el Consistorio ponen en valor su enorme trabajo y entrega por acercar la novela negra a la sociedad. Recientemente hab\u00eda dirigido la III edici\u00f3n de Aridane Criminal. &nbsp; Los Llanos de&#8230;<\/p>\n","protected":false},"author":1,"featured_media":0,"comment_status":"closed","ping_status":"open","sticky":false,"template":"","format":"standard","meta":{"footnotes":""},"categories":[6],"tags":[],"class_list":["post-1330","post","type-post","status-publish","format-standard","hentry","category-prensa"],"yoast_head":"<!-- This site is optimized with the Yoast SEO plugin v22.7 - https:\/\/yoast.com\/wordpress\/plugins\/seo\/ -->\n<title>El Ayuntamiento de Los Llanos de Aridane muestra su pesar por el fallecimiento del escritor Alexis Ravelo - Ayuntamiento de Los Llanos de Aridane<\/title>\n<meta name=\"description\" content=\"El Ayuntamiento de Los Llanos de Aridane presenta el cartel y el programa de La Patrona 2021 con el lema \u201cRemedios, m\u00e1s que un nombre.\u201d\" \/>\n<meta name=\"robots\" content=\"index, follow, max-snippet:-1, max-image-preview:large, max-video-preview:-1\" \/>\n<link rel=\"canonical\" href=\"https:\/\/www.aridane.org\/city\/2023\/01\/30\/el-ayuntamiento-de-los-llanos-de-aridane-muestra-su-pesar-por-el-fallecimiento-del-escritor-alexis-ravelo\/\" \/>\n<meta property=\"og:locale\" content=\"es_ES\" \/>\n<meta property=\"og:type\" content=\"article\" \/>\n<meta property=\"og:title\" content=\"El Ayuntamiento de Los Llanos de Aridane muestra su pesar por el fallecimiento del escritor Alexis Ravelo - Ayuntamiento de Los Llanos de Aridane\" \/>\n<meta property=\"og:description\" content=\"El Ayuntamiento de Los Llanos de Aridane presenta el cartel y el programa de La Patrona 2021 con el lema \u201cRemedios, m\u00e1s que un nombre.\u201d\" \/>\n<meta property=\"og:url\" content=\"https:\/\/www.aridane.org\/city\/2023\/01\/30\/el-ayuntamiento-de-los-llanos-de-aridane-muestra-su-pesar-por-el-fallecimiento-del-escritor-alexis-ravelo\/\" \/>\n<meta property=\"og:site_name\" content=\"Ayuntamiento de Los Llanos de Aridane\" \/>\n<meta property=\"article:published_time\" content=\"2023-01-30T19:47:38+00:00\" \/>\n<meta name=\"author\" content=\"Richard Diaz\" \/>\n<meta name=\"twitter:card\" content=\"summary_large_image\" \/>\n<meta name=\"twitter:label1\" content=\"Escrito por\" \/>\n\t<meta name=\"twitter:data1\" content=\"Richard Diaz\" \/>\n\t<meta name=\"twitter:label2\" content=\"Tiempo de lectura\" \/>\n\t<meta name=\"twitter:data2\" content=\"2 minutos\" \/>\n<script type=\"application\/ld+json\" class=\"yoast-schema-graph\">{\"@context\":\"https:\/\/schema.org\",\"@graph\":[{\"@type\":\"WebPage\",\"@id\":\"https:\/\/www.aridane.org\/city\/2023\/01\/30\/el-ayuntamiento-de-los-llanos-de-aridane-muestra-su-pesar-por-el-fallecimiento-del-escritor-alexis-ravelo\/\",\"url\":\"https:\/\/www.aridane.org\/city\/2023\/01\/30\/el-ayuntamiento-de-los-llanos-de-aridane-muestra-su-pesar-por-el-fallecimiento-del-escritor-alexis-ravelo\/\",\"name\":\"El Ayuntamiento de Los Llanos de Aridane muestra su pesar por el fallecimiento del escritor Alexis Ravelo - Ayuntamiento de Los Llanos de Aridane\",\"isPartOf\":{\"@id\":\"https:\/\/www.aridane.org\/city\/#website\"},\"datePublished\":\"2023-01-30T19:47:38+00:00\",\"dateModified\":\"2023-01-30T19:47:38+00:00\",\"author\":{\"@id\":\"https:\/\/www.aridane.org\/city\/#\/schema\/person\/7d352ec7f29881716f298394432e7209\"},\"description\":\"El Ayuntamiento de Los Llanos de Aridane presenta el cartel y el programa de La Patrona 2021 con el lema \u201cRemedios, m\u00e1s que un nombre.\u201d\",\"breadcrumb\":{\"@id\":\"https:\/\/www.aridane.org\/city\/2023\/01\/30\/el-ayuntamiento-de-los-llanos-de-aridane-muestra-su-pesar-por-el-fallecimiento-del-escritor-alexis-ravelo\/#breadcrumb\"},\"inLanguage\":\"es\",\"potentialAction\":[{\"@type\":\"ReadAction\",\"target\":[\"https:\/\/www.aridane.org\/city\/2023\/01\/30\/el-ayuntamiento-de-los-llanos-de-aridane-muestra-su-pesar-por-el-fallecimiento-del-escritor-alexis-ravelo\/\"]}]},{\"@type\":\"BreadcrumbList\",\"@id\":\"https:\/\/www.aridane.org\/city\/2023\/01\/30\/el-ayuntamiento-de-los-llanos-de-aridane-muestra-su-pesar-por-el-fallecimiento-del-escritor-alexis-ravelo\/#breadcrumb\",\"itemListElement\":[{\"@type\":\"ListItem\",\"position\":1,\"name\":\"Portada\",\"item\":\"https:\/\/www.aridane.org\/city\/\"},{\"@type\":\"ListItem\",\"position\":2,\"name\":\"El Ayuntamiento de Los Llanos de Aridane muestra su pesar por el fallecimiento del escritor Alexis Ravelo\"}]},{\"@type\":\"WebSite\",\"@id\":\"https:\/\/www.aridane.org\/city\/#website\",\"url\":\"https:\/\/www.aridane.org\/city\/\",\"name\":\"Ayuntamiento de Los Llanos de Aridane\",\"description\":\"\",\"potentialAction\":[{\"@type\":\"SearchAction\",\"target\":{\"@type\":\"EntryPoint\",\"urlTemplate\":\"https:\/\/www.aridane.org\/city\/?s={search_term_string}\"},\"query-input\":\"required name=search_term_string\"}],\"inLanguage\":\"es\"},{\"@type\":\"Person\",\"@id\":\"https:\/\/www.aridane.org\/city\/#\/schema\/person\/7d352ec7f29881716f298394432e7209\",\"name\":\"Richard Diaz\",\"image\":{\"@type\":\"ImageObject\",\"inLanguage\":\"es\",\"@id\":\"https:\/\/www.aridane.org\/city\/#\/schema\/person\/image\/\",\"url\":\"https:\/\/secure.gravatar.com\/avatar\/bacd6aefc26a4a204943090a4c596cd10f0857081ef3cfd12084a70ecb3161d5?s=96&d=mm&r=g\",\"contentUrl\":\"https:\/\/secure.gravatar.com\/avatar\/bacd6aefc26a4a204943090a4c596cd10f0857081ef3cfd12084a70ecb3161d5?s=96&d=mm&r=g\",\"caption\":\"Richard Diaz\"},\"sameAs\":[\"https:\/\/www.aridane.org\/city\"],\"url\":\"https:\/\/www.aridane.org\/city\/author\/richard-diaz\/\"}]}<\/script>\n<!-- \/ Yoast SEO plugin. -->","yoast_head_json":{"title":"El Ayuntamiento de Los Llanos de Aridane muestra su pesar por el fallecimiento del escritor Alexis Ravelo - Ayuntamiento de Los Llanos de Aridane","description":"El Ayuntamiento de Los Llanos de Aridane presenta el cartel y el programa de La Patrona 2021 con el lema \u201cRemedios, m\u00e1s que un nombre.\u201d","robots":{"index":"index","follow":"follow","max-snippet":"max-snippet:-1","max-image-preview":"max-image-preview:large","max-video-preview":"max-video-preview:-1"},"canonical":"https:\/\/www.aridane.org\/city\/2023\/01\/30\/el-ayuntamiento-de-los-llanos-de-aridane-muestra-su-pesar-por-el-fallecimiento-del-escritor-alexis-ravelo\/","og_locale":"es_ES","og_type":"article","og_title":"El Ayuntamiento de Los Llanos de Aridane muestra su pesar por el fallecimiento del escritor Alexis Ravelo - Ayuntamiento de Los Llanos de Aridane","og_description":"El Ayuntamiento de Los Llanos de Aridane presenta el cartel y el programa de La Patrona 2021 con el lema \u201cRemedios, m\u00e1s que un nombre.\u201d","og_url":"https:\/\/www.aridane.org\/city\/2023\/01\/30\/el-ayuntamiento-de-los-llanos-de-aridane-muestra-su-pesar-por-el-fallecimiento-del-escritor-alexis-ravelo\/","og_site_name":"Ayuntamiento de Los Llanos de Aridane","article_published_time":"2023-01-30T19:47:38+00:00","author":"Richard Diaz","twitter_card":"summary_large_image","twitter_misc":{"Escrito por":"Richard Diaz","Tiempo de lectura":"2 minutos"},"schema":{"@context":"https:\/\/schema.org","@graph":[{"@type":"WebPage","@id":"https:\/\/www.aridane.org\/city\/2023\/01\/30\/el-ayuntamiento-de-los-llanos-de-aridane-muestra-su-pesar-por-el-fallecimiento-del-escritor-alexis-ravelo\/","url":"https:\/\/www.aridane.org\/city\/2023\/01\/30\/el-ayuntamiento-de-los-llanos-de-aridane-muestra-su-pesar-por-el-fallecimiento-del-escritor-alexis-ravelo\/","name":"El Ayuntamiento de Los Llanos de Aridane muestra su pesar por el fallecimiento del escritor Alexis Ravelo - Ayuntamiento de Los Llanos de Aridane","isPartOf":{"@id":"https:\/\/www.aridane.org\/city\/#website"},"datePublished":"2023-01-30T19:47:38+00:00","dateModified":"2023-01-30T19:47:38+00:00","author":{"@id":"https:\/\/www.aridane.org\/city\/#\/schema\/person\/7d352ec7f29881716f298394432e7209"},"description":"El Ayuntamiento de Los Llanos de Aridane presenta el cartel y el programa de La Patrona 2021 con el lema \u201cRemedios, m\u00e1s que un nombre.\u201d","breadcrumb":{"@id":"https:\/\/www.aridane.org\/city\/2023\/01\/30\/el-ayuntamiento-de-los-llanos-de-aridane-muestra-su-pesar-por-el-fallecimiento-del-escritor-alexis-ravelo\/#breadcrumb"},"inLanguage":"es","potentialAction":[{"@type":"ReadAction","target":["https:\/\/www.aridane.org\/city\/2023\/01\/30\/el-ayuntamiento-de-los-llanos-de-aridane-muestra-su-pesar-por-el-fallecimiento-del-escritor-alexis-ravelo\/"]}]},{"@type":"BreadcrumbList","@id":"https:\/\/www.aridane.org\/city\/2023\/01\/30\/el-ayuntamiento-de-los-llanos-de-aridane-muestra-su-pesar-por-el-fallecimiento-del-escritor-alexis-ravelo\/#breadcrumb","itemListElement":[{"@type":"ListItem","position":1,"name":"Portada","item":"https:\/\/www.aridane.org\/city\/"},{"@type":"ListItem","position":2,"name":"El Ayuntamiento de Los Llanos de Aridane muestra su pesar por el fallecimiento del escritor Alexis Ravelo"}]},{"@type":"WebSite","@id":"https:\/\/www.aridane.org\/city\/#website","url":"https:\/\/www.aridane.org\/city\/","name":"Ayuntamiento de Los Llanos de Aridane","description":"","potentialAction":[{"@type":"SearchAction","target":{"@type":"EntryPoint","urlTemplate":"https:\/\/www.aridane.org\/city\/?s={search_term_string}"},"query-input":"required name=search_term_string"}],"inLanguage":"es"},{"@type":"Person","@id":"https:\/\/www.aridane.org\/city\/#\/schema\/person\/7d352ec7f29881716f298394432e7209","name":"Richard Diaz","image":{"@type":"ImageObject","inLanguage":"es","@id":"https:\/\/www.aridane.org\/city\/#\/schema\/person\/image\/","url":"https:\/\/secure.gravatar.com\/avatar\/bacd6aefc26a4a204943090a4c596cd10f0857081ef3cfd12084a70ecb3161d5?s=96&d=mm&r=g","contentUrl":"https:\/\/secure.gravatar.com\/avatar\/bacd6aefc26a4a204943090a4c596cd10f0857081ef3cfd12084a70ecb3161d5?s=96&d=mm&r=g","caption":"Richard Diaz"},"sameAs":["https:\/\/www.aridane.org\/city"],"url":"https:\/\/www.aridane.org\/city\/author\/richard-diaz\/"}]}},"_links":{"self":[{"href":"https:\/\/www.aridane.org\/city\/wp-json\/wp\/v2\/posts\/1330","targetHints":{"allow":["GET"]}}],"collection":[{"href":"https:\/\/www.aridane.org\/city\/wp-json\/wp\/v2\/posts"}],"about":[{"href":"https:\/\/www.aridane.org\/city\/wp-json\/wp\/v2\/types\/post"}],"author":[{"embeddable":true,"href":"https:\/\/www.aridane.org\/city\/wp-json\/wp\/v2\/users\/1"}],"replies":[{"embeddable":true,"href":"https:\/\/www.aridane.org\/city\/wp-json\/wp\/v2\/comments?post=1330"}],"version-history":[{"count":0,"href":"https:\/\/www.aridane.org\/city\/wp-json\/wp\/v2\/posts\/1330\/revisions"}],"wp:attachment":[{"href":"https:\/\/www.aridane.org\/city\/wp-json\/wp\/v2\/media?parent=1330"}],"wp:term":[{"taxonomy":"category","embeddable":true,"href":"https:\/\/www.aridane.org\/city\/wp-json\/wp\/v2\/categories?post=1330"},{"taxonomy":"post_tag","embeddable":true,"href":"https:\/\/www.aridane.org\/city\/wp-json\/wp\/v2\/tags?post=1330"}],"curies":[{"name":"wp","href":"https:\/\/api.w.org\/{rel}","templated":true}]}}