{"id":1334,"date":"2023-01-31T11:32:11","date_gmt":"2023-01-31T11:32:11","guid":{"rendered":"https:\/\/aridane.org\/ciudad\/?p=1334"},"modified":"2023-01-31T11:32:11","modified_gmt":"2023-01-31T11:32:11","slug":"11-candidatas-aspiran-a-convertirse-en-fantasia-del-carnaval-de-los-llanos-de-aridane-en-sus-distintas-categorias","status":"publish","type":"post","link":"https:\/\/www.aridane.org\/city\/2023\/01\/31\/11-candidatas-aspiran-a-convertirse-en-fantasia-del-carnaval-de-los-llanos-de-aridane-en-sus-distintas-categorias\/","title":{"rendered":"11 candidatas aspiran a convertirse en Fantas\u00eda del Carnaval de Los Llanos de Aridane en sus distintas categor\u00edas"},"content":{"rendered":"<section class=\"wpb-content-wrapper\"><p>[vc_row css_animation=\u00bb\u00bb row_type=\u00bbrow\u00bb use_row_as_full_screen_section=\u00bbno\u00bb type=\u00bbfull_width\u00bb angled_section=\u00bbno\u00bb text_align=\u00bbleft\u00bb background_image_as_pattern=\u00bbwithout_pattern\u00bb][vc_column][vc_row_inner row_type=\u00bbrow\u00bb type=\u00bbgrid\u00bb text_align=\u00bbleft\u00bb css_animation=\u00bb\u00bb][vc_column_inner][vc_empty_space height=\u00bb20px\u00bb][vc_column_text]<\/p>\n<ul>\n<li style=\"text-align: justify;\"><em>La concejal del \u00e1rea, M\u00f3nica Gonz\u00e1lez, explica que concretamente 5 candidatas aspiran a convertirse en Fantas\u00eda Adulta, 3 en Fantas\u00eda infantil, y otras 3 en Gran Dama del Carnaval El Musical, de Los Llanos de Aridane.<\/em><\/li>\n<li style=\"text-align: justify;\"><em>Desde el Consistorio se agradece, una vez m\u00e1s, a los grupos del carnaval su esfuerzo e implicaci\u00f3n para hacer de los carnavales aridanenses \u00fanicos y un referente en la Isla.<\/em><\/li>\n<\/ul>\n<p>&nbsp;<\/p>\n<p style=\"text-align: justify;\"><strong>Los Llanos de Aridane, 31 de enero de 2022.-<\/strong> El Ayuntamiento de los Llanos de Aridane a trav\u00e9s de la concejal de Fiestas, M\u00f3nica Gonz\u00e1lez, ha confirmado que este s\u00e1bado 4 de febrero arrancar\u00e1n los carnavales del municipio \u201ccon la presentaci\u00f3n de las 11 candidatas que aspiran a convertirse en Fantas\u00eda Adulta, Infantil y Gran Dama, del Carnaval El Musical, de Los Llanos de Aridane\u201d.<\/p>\n<p style=\"text-align: justify;\">Gonz\u00e1lez explica que este acto, que se desarrollar\u00e1 en el atrio del Consistorio, comenzar\u00e1 a las 11:00 horas con el tradicional desfile de tocados, que ser\u00e1n realizados por Enrique P\u00e9rez Mart\u00edn. Poco despu\u00e9s, a las 11:30 horas est\u00e1 previsto que los grupos del carnaval presenten las fantas\u00edas que van a lucir durante estos 21 d\u00edas en los que pondr\u00e1n ritmo y color a las calles del municipio, \u201cy ya a las 12:00 se producir\u00e1 uno de los momentos m\u00e1s esperados con la presentaci\u00f3n de las 11 candidatas que aspiran a convertirse en Fantas\u00eda Adulta, Infantil y Gran Dama, del Carnaval El Musical, y<br \/>\ntambi\u00e9n se conocer\u00e1 el orden de salida que tendr\u00e1 cada una de las candidatas\u201d, se\u00f1ala.<\/p>\n<p style=\"text-align: justify;\">Adem\u00e1s, la concejal recuerda que todas las galas se desarrollar\u00e1n en la Plaza Juan Pablo II, \u201cy comenzar\u00e1n el pr\u00f3ximo viernes 10 de febrero, a las 21:00 horas, con la Gala de Elecci\u00f3n de la Fantas\u00eda Adulta en la que 5 candidatas se disputar\u00e1n el t\u00edtulo. El s\u00e1bado 11 de febrero, a las 19:00 horas, est\u00e1 prevista la Gala Infantil, con la participaci\u00f3n de 3 candidatas. Mientras que el domingo 12 a las 19:00 horas se desarrollar\u00e1 la Gala de Gran Dama\u201d.<\/p>\n<p style=\"text-align: justify;\">Por \u00faltimo, desde el Ayuntamiento de Los Llanos de Aridane se agradece una vez m\u00e1s a los grupos de carnaval \u201csu esfuerzo, entrega y ganas para hacer de los carnavales aridanenses \u00fanicos, y un referente en la isla\u201d.<\/p>\n<p>[\/vc_column_text][vc_empty_space height=\u00bb20px\u00bb][\/vc_column_inner][\/vc_row_inner][\/vc_column][\/vc_row]<\/p>\n<\/section>","protected":false},"excerpt":{"rendered":"<p>[vc_row css_animation=\u00bb\u00bb row_type=\u00bbrow\u00bb use_row_as_full_screen_section=\u00bbno\u00bb type=\u00bbfull_width\u00bb angled_section=\u00bbno\u00bb text_align=\u00bbleft\u00bb background_image_as_pattern=\u00bbwithout_pattern\u00bb][vc_column][vc_row_inner row_type=\u00bbrow\u00bb type=\u00bbgrid\u00bb text_align=\u00bbleft\u00bb css_animation=\u00bb\u00bb][vc_column_inner][vc_empty_space height=\u00bb20px\u00bb][vc_column_text] La concejal del \u00e1rea, M\u00f3nica Gonz\u00e1lez, explica que concretamente 5 candidatas aspiran a convertirse en Fantas\u00eda Adulta, 3 en Fantas\u00eda infantil, y otras 3 en Gran Dama del Carnaval El Musical, de&#8230;<\/p>\n","protected":false},"author":1,"featured_media":0,"comment_status":"closed","ping_status":"open","sticky":false,"template":"","format":"standard","meta":{"footnotes":""},"categories":[6],"tags":[],"class_list":["post-1334","post","type-post","status-publish","format-standard","hentry","category-prensa"],"yoast_head":"<!-- This site is optimized with the Yoast SEO plugin v22.7 - https:\/\/yoast.com\/wordpress\/plugins\/seo\/ -->\n<title>11 candidatas aspiran a convertirse en Fantas\u00eda del Carnaval de Los Llanos de Aridane en sus distintas categor\u00edas - Ayuntamiento de Los Llanos de Aridane<\/title>\n<meta name=\"description\" content=\"El Ayuntamiento de Los Llanos de Aridane presenta el cartel y el programa de La Patrona 2021 con el lema \u201cRemedios, m\u00e1s que un nombre.\u201d\" \/>\n<meta name=\"robots\" content=\"index, follow, max-snippet:-1, max-image-preview:large, max-video-preview:-1\" \/>\n<link rel=\"canonical\" href=\"https:\/\/www.aridane.org\/city\/2023\/01\/31\/11-candidatas-aspiran-a-convertirse-en-fantasia-del-carnaval-de-los-llanos-de-aridane-en-sus-distintas-categorias\/\" \/>\n<meta property=\"og:locale\" content=\"es_ES\" \/>\n<meta property=\"og:type\" content=\"article\" \/>\n<meta property=\"og:title\" content=\"11 candidatas aspiran a convertirse en Fantas\u00eda del Carnaval de Los Llanos de Aridane en sus distintas categor\u00edas - Ayuntamiento de Los Llanos de Aridane\" \/>\n<meta property=\"og:description\" content=\"El Ayuntamiento de Los Llanos de Aridane presenta el cartel y el programa de La Patrona 2021 con el lema \u201cRemedios, m\u00e1s que un nombre.\u201d\" \/>\n<meta property=\"og:url\" content=\"https:\/\/www.aridane.org\/city\/2023\/01\/31\/11-candidatas-aspiran-a-convertirse-en-fantasia-del-carnaval-de-los-llanos-de-aridane-en-sus-distintas-categorias\/\" \/>\n<meta property=\"og:site_name\" content=\"Ayuntamiento de Los Llanos de Aridane\" \/>\n<meta property=\"article:published_time\" content=\"2023-01-31T11:32:11+00:00\" \/>\n<meta name=\"author\" content=\"Richard Diaz\" \/>\n<meta name=\"twitter:card\" content=\"summary_large_image\" \/>\n<meta name=\"twitter:label1\" content=\"Escrito por\" \/>\n\t<meta name=\"twitter:data1\" content=\"Richard Diaz\" \/>\n\t<meta name=\"twitter:label2\" content=\"Tiempo de lectura\" \/>\n\t<meta name=\"twitter:data2\" content=\"2 minutos\" \/>\n<script type=\"application\/ld+json\" class=\"yoast-schema-graph\">{\"@context\":\"https:\/\/schema.org\",\"@graph\":[{\"@type\":\"WebPage\",\"@id\":\"https:\/\/www.aridane.org\/city\/2023\/01\/31\/11-candidatas-aspiran-a-convertirse-en-fantasia-del-carnaval-de-los-llanos-de-aridane-en-sus-distintas-categorias\/\",\"url\":\"https:\/\/www.aridane.org\/city\/2023\/01\/31\/11-candidatas-aspiran-a-convertirse-en-fantasia-del-carnaval-de-los-llanos-de-aridane-en-sus-distintas-categorias\/\",\"name\":\"11 candidatas aspiran a convertirse en Fantas\u00eda del Carnaval de Los Llanos de Aridane en sus distintas categor\u00edas - Ayuntamiento de Los Llanos de Aridane\",\"isPartOf\":{\"@id\":\"https:\/\/www.aridane.org\/city\/#website\"},\"datePublished\":\"2023-01-31T11:32:11+00:00\",\"dateModified\":\"2023-01-31T11:32:11+00:00\",\"author\":{\"@id\":\"https:\/\/www.aridane.org\/city\/#\/schema\/person\/7d352ec7f29881716f298394432e7209\"},\"description\":\"El Ayuntamiento de Los Llanos de Aridane presenta el cartel y el programa de La Patrona 2021 con el lema \u201cRemedios, m\u00e1s que un nombre.\u201d\",\"breadcrumb\":{\"@id\":\"https:\/\/www.aridane.org\/city\/2023\/01\/31\/11-candidatas-aspiran-a-convertirse-en-fantasia-del-carnaval-de-los-llanos-de-aridane-en-sus-distintas-categorias\/#breadcrumb\"},\"inLanguage\":\"es\",\"potentialAction\":[{\"@type\":\"ReadAction\",\"target\":[\"https:\/\/www.aridane.org\/city\/2023\/01\/31\/11-candidatas-aspiran-a-convertirse-en-fantasia-del-carnaval-de-los-llanos-de-aridane-en-sus-distintas-categorias\/\"]}]},{\"@type\":\"BreadcrumbList\",\"@id\":\"https:\/\/www.aridane.org\/city\/2023\/01\/31\/11-candidatas-aspiran-a-convertirse-en-fantasia-del-carnaval-de-los-llanos-de-aridane-en-sus-distintas-categorias\/#breadcrumb\",\"itemListElement\":[{\"@type\":\"ListItem\",\"position\":1,\"name\":\"Portada\",\"item\":\"https:\/\/www.aridane.org\/city\/\"},{\"@type\":\"ListItem\",\"position\":2,\"name\":\"11 candidatas aspiran a convertirse en Fantas\u00eda del Carnaval de Los Llanos de Aridane en sus distintas categor\u00edas\"}]},{\"@type\":\"WebSite\",\"@id\":\"https:\/\/www.aridane.org\/city\/#website\",\"url\":\"https:\/\/www.aridane.org\/city\/\",\"name\":\"Ayuntamiento de Los Llanos de Aridane\",\"description\":\"\",\"potentialAction\":[{\"@type\":\"SearchAction\",\"target\":{\"@type\":\"EntryPoint\",\"urlTemplate\":\"https:\/\/www.aridane.org\/city\/?s={search_term_string}\"},\"query-input\":\"required name=search_term_string\"}],\"inLanguage\":\"es\"},{\"@type\":\"Person\",\"@id\":\"https:\/\/www.aridane.org\/city\/#\/schema\/person\/7d352ec7f29881716f298394432e7209\",\"name\":\"Richard Diaz\",\"image\":{\"@type\":\"ImageObject\",\"inLanguage\":\"es\",\"@id\":\"https:\/\/www.aridane.org\/city\/#\/schema\/person\/image\/\",\"url\":\"https:\/\/secure.gravatar.com\/avatar\/bacd6aefc26a4a204943090a4c596cd10f0857081ef3cfd12084a70ecb3161d5?s=96&d=mm&r=g\",\"contentUrl\":\"https:\/\/secure.gravatar.com\/avatar\/bacd6aefc26a4a204943090a4c596cd10f0857081ef3cfd12084a70ecb3161d5?s=96&d=mm&r=g\",\"caption\":\"Richard Diaz\"},\"sameAs\":[\"https:\/\/www.aridane.org\/city\"],\"url\":\"https:\/\/www.aridane.org\/city\/author\/richard-diaz\/\"}]}<\/script>\n<!-- \/ Yoast SEO plugin. -->","yoast_head_json":{"title":"11 candidatas aspiran a convertirse en Fantas\u00eda del Carnaval de Los Llanos de Aridane en sus distintas categor\u00edas - Ayuntamiento de Los Llanos de Aridane","description":"El Ayuntamiento de Los Llanos de Aridane presenta el cartel y el programa de La Patrona 2021 con el lema \u201cRemedios, m\u00e1s que un nombre.\u201d","robots":{"index":"index","follow":"follow","max-snippet":"max-snippet:-1","max-image-preview":"max-image-preview:large","max-video-preview":"max-video-preview:-1"},"canonical":"https:\/\/www.aridane.org\/city\/2023\/01\/31\/11-candidatas-aspiran-a-convertirse-en-fantasia-del-carnaval-de-los-llanos-de-aridane-en-sus-distintas-categorias\/","og_locale":"es_ES","og_type":"article","og_title":"11 candidatas aspiran a convertirse en Fantas\u00eda del Carnaval de Los Llanos de Aridane en sus distintas categor\u00edas - Ayuntamiento de Los Llanos de Aridane","og_description":"El Ayuntamiento de Los Llanos de Aridane presenta el cartel y el programa de La Patrona 2021 con el lema \u201cRemedios, m\u00e1s que un nombre.\u201d","og_url":"https:\/\/www.aridane.org\/city\/2023\/01\/31\/11-candidatas-aspiran-a-convertirse-en-fantasia-del-carnaval-de-los-llanos-de-aridane-en-sus-distintas-categorias\/","og_site_name":"Ayuntamiento de Los Llanos de Aridane","article_published_time":"2023-01-31T11:32:11+00:00","author":"Richard Diaz","twitter_card":"summary_large_image","twitter_misc":{"Escrito por":"Richard Diaz","Tiempo de lectura":"2 minutos"},"schema":{"@context":"https:\/\/schema.org","@graph":[{"@type":"WebPage","@id":"https:\/\/www.aridane.org\/city\/2023\/01\/31\/11-candidatas-aspiran-a-convertirse-en-fantasia-del-carnaval-de-los-llanos-de-aridane-en-sus-distintas-categorias\/","url":"https:\/\/www.aridane.org\/city\/2023\/01\/31\/11-candidatas-aspiran-a-convertirse-en-fantasia-del-carnaval-de-los-llanos-de-aridane-en-sus-distintas-categorias\/","name":"11 candidatas aspiran a convertirse en Fantas\u00eda del Carnaval de Los Llanos de Aridane en sus distintas categor\u00edas - Ayuntamiento de Los Llanos de Aridane","isPartOf":{"@id":"https:\/\/www.aridane.org\/city\/#website"},"datePublished":"2023-01-31T11:32:11+00:00","dateModified":"2023-01-31T11:32:11+00:00","author":{"@id":"https:\/\/www.aridane.org\/city\/#\/schema\/person\/7d352ec7f29881716f298394432e7209"},"description":"El Ayuntamiento de Los Llanos de Aridane presenta el cartel y el programa de La Patrona 2021 con el lema \u201cRemedios, m\u00e1s que un nombre.\u201d","breadcrumb":{"@id":"https:\/\/www.aridane.org\/city\/2023\/01\/31\/11-candidatas-aspiran-a-convertirse-en-fantasia-del-carnaval-de-los-llanos-de-aridane-en-sus-distintas-categorias\/#breadcrumb"},"inLanguage":"es","potentialAction":[{"@type":"ReadAction","target":["https:\/\/www.aridane.org\/city\/2023\/01\/31\/11-candidatas-aspiran-a-convertirse-en-fantasia-del-carnaval-de-los-llanos-de-aridane-en-sus-distintas-categorias\/"]}]},{"@type":"BreadcrumbList","@id":"https:\/\/www.aridane.org\/city\/2023\/01\/31\/11-candidatas-aspiran-a-convertirse-en-fantasia-del-carnaval-de-los-llanos-de-aridane-en-sus-distintas-categorias\/#breadcrumb","itemListElement":[{"@type":"ListItem","position":1,"name":"Portada","item":"https:\/\/www.aridane.org\/city\/"},{"@type":"ListItem","position":2,"name":"11 candidatas aspiran a convertirse en Fantas\u00eda del Carnaval de Los Llanos de Aridane en sus distintas categor\u00edas"}]},{"@type":"WebSite","@id":"https:\/\/www.aridane.org\/city\/#website","url":"https:\/\/www.aridane.org\/city\/","name":"Ayuntamiento de Los Llanos de Aridane","description":"","potentialAction":[{"@type":"SearchAction","target":{"@type":"EntryPoint","urlTemplate":"https:\/\/www.aridane.org\/city\/?s={search_term_string}"},"query-input":"required name=search_term_string"}],"inLanguage":"es"},{"@type":"Person","@id":"https:\/\/www.aridane.org\/city\/#\/schema\/person\/7d352ec7f29881716f298394432e7209","name":"Richard Diaz","image":{"@type":"ImageObject","inLanguage":"es","@id":"https:\/\/www.aridane.org\/city\/#\/schema\/person\/image\/","url":"https:\/\/secure.gravatar.com\/avatar\/bacd6aefc26a4a204943090a4c596cd10f0857081ef3cfd12084a70ecb3161d5?s=96&d=mm&r=g","contentUrl":"https:\/\/secure.gravatar.com\/avatar\/bacd6aefc26a4a204943090a4c596cd10f0857081ef3cfd12084a70ecb3161d5?s=96&d=mm&r=g","caption":"Richard Diaz"},"sameAs":["https:\/\/www.aridane.org\/city"],"url":"https:\/\/www.aridane.org\/city\/author\/richard-diaz\/"}]}},"_links":{"self":[{"href":"https:\/\/www.aridane.org\/city\/wp-json\/wp\/v2\/posts\/1334","targetHints":{"allow":["GET"]}}],"collection":[{"href":"https:\/\/www.aridane.org\/city\/wp-json\/wp\/v2\/posts"}],"about":[{"href":"https:\/\/www.aridane.org\/city\/wp-json\/wp\/v2\/types\/post"}],"author":[{"embeddable":true,"href":"https:\/\/www.aridane.org\/city\/wp-json\/wp\/v2\/users\/1"}],"replies":[{"embeddable":true,"href":"https:\/\/www.aridane.org\/city\/wp-json\/wp\/v2\/comments?post=1334"}],"version-history":[{"count":0,"href":"https:\/\/www.aridane.org\/city\/wp-json\/wp\/v2\/posts\/1334\/revisions"}],"wp:attachment":[{"href":"https:\/\/www.aridane.org\/city\/wp-json\/wp\/v2\/media?parent=1334"}],"wp:term":[{"taxonomy":"category","embeddable":true,"href":"https:\/\/www.aridane.org\/city\/wp-json\/wp\/v2\/categories?post=1334"},{"taxonomy":"post_tag","embeddable":true,"href":"https:\/\/www.aridane.org\/city\/wp-json\/wp\/v2\/tags?post=1334"}],"curies":[{"name":"wp","href":"https:\/\/api.w.org\/{rel}","templated":true}]}}