{"id":1340,"date":"2023-02-03T13:07:34","date_gmt":"2023-02-03T13:07:34","guid":{"rendered":"https:\/\/aridane.org\/ciudad\/?p=1340"},"modified":"2023-02-03T13:07:34","modified_gmt":"2023-02-03T13:07:34","slug":"mas-de-200-mayores-participaran-en-las-neurolimpiadas-que-por-segundo-ano-consecutivo-se-celebran-en-los-llanos-de-aridane","status":"publish","type":"post","link":"https:\/\/www.aridane.org\/city\/2023\/02\/03\/mas-de-200-mayores-participaran-en-las-neurolimpiadas-que-por-segundo-ano-consecutivo-se-celebran-en-los-llanos-de-aridane\/","title":{"rendered":"M\u00e1s de 200 mayores participar\u00e1n en las neurolimpiadas que por segundo a\u00f1o consecutivo se celebran en Los Llanos de Aridane"},"content":{"rendered":"<section class=\"wpb-content-wrapper\"><p>[vc_row css_animation=\u00bb\u00bb row_type=\u00bbrow\u00bb use_row_as_full_screen_section=\u00bbno\u00bb type=\u00bbfull_width\u00bb angled_section=\u00bbno\u00bb text_align=\u00bbleft\u00bb background_image_as_pattern=\u00bbwithout_pattern\u00bb][vc_column][vc_row_inner row_type=\u00bbrow\u00bb type=\u00bbgrid\u00bb text_align=\u00bbleft\u00bb css_animation=\u00bb\u00bb][vc_column_inner][vc_empty_space height=\u00bb20px\u00bb][vc_column_text]<\/p>\n<ul>\n<li style=\"text-align: justify;\"><em>Ser\u00e1 el pr\u00f3ximo 24, 25 y 26 de marzo, en el Pabell\u00f3n Severo Rodr\u00edguez, y se contar\u00e1 con la participaci\u00f3n de 6 municipios de La Palma y Tenerife.<\/em><\/li>\n<li style=\"text-align: justify;\"><em>Esta iniciativa, que se realiza junto al Club del Mayor, tiene como objetivo \u00a0promover la actividad f\u00edsica, cognitiva y el contacto social entre las personas mayores de distintos municipios.<\/em><\/li>\n<\/ul>\n<p>&nbsp;<\/p>\n<p style=\"text-align: justify;\"><strong>Los Llanos de Aridane, 3 de febrero de 2023.-<\/strong> El Ayuntamiento de Los Llanos de Aridane a trav\u00e9s de la concejal de Acci\u00f3n Social, Elena Concepci\u00f3n; el concejal de Deportes, V\u00edctor Gonz\u00e1lez, y el Club del Mayor han confirmado que \u201cm\u00e1s de 200 mayores de Tenerife y La Palma participar\u00e1n el pr\u00f3ximo 24, 25 y 26 de marzo en las neurolimpiadas que, por segundo a\u00f1o consecutivo, acoge Los Llanos de Aridane, y que tienen car\u00e1cter provincial\u201d.<\/p>\n<p style=\"text-align: justify;\">Gonz\u00e1lez explica que de La Palma participar\u00e1n mayores de los municipios de la Villa de Mazo, Santa Cruz de La Palma, y Los Llanos de Aridane. Mientas que de Tenerife participar\u00e1n mayores de Arafo, Santa \u00darsula y El Rosario. Adem\u00e1s, el concejal recuerda que este evento, financiado por el Cabildo Insular de La Palma, es una iniciativa del \u2018Club del Mayor\u2019 con la colaboraci\u00f3n del Consistorio aridanense, \u201cy tiene como objetivo promover la actividad f\u00edsica, cognitiva y el contacto social entre los mayores de distintos municipios para ayudar a un envejecimiento activo, adem\u00e1s del desarrollo de habilidades psicomotoras y neurol\u00f3gicas que permiten mejorar su d\u00eda a d\u00eda, y en definitiva su calidad de vida\u201d, afirma.<\/p>\n<p style=\"text-align: justify;\">Por su parte, Concepci\u00f3n explica que desde la semana pasada m\u00e1s de veinticinco mayores del \u00a0municipio est\u00e1n entrenando dos d\u00edas en semana, en horario de ma\u00f1ana, en el Pabell\u00f3n Severo Rodr\u00edguez, \u00a0\u201cpara las nuevas pruebas que se han dise\u00f1ado para este a\u00f1o, \u00a0y en el que se volver\u00e1 a combinar la actividad f\u00edsica y cognitiva\u201d, se\u00f1ala.<\/p>\n<p style=\"text-align: justify;\">Por \u00faltimo, desde el Ayuntamiento de Los Llanos de Aridane se recuerda que \u201c esta actividad responde al compromiso que tiene este equipo de Gobierno de seguir trabajando por el bienestar de las personas\u201d.<\/p>\n<p>[\/vc_column_text][vc_empty_space height=\u00bb20px\u00bb][\/vc_column_inner][\/vc_row_inner][\/vc_column][\/vc_row]<\/p>\n<\/section>","protected":false},"excerpt":{"rendered":"<p>[vc_row css_animation=\u00bb\u00bb row_type=\u00bbrow\u00bb use_row_as_full_screen_section=\u00bbno\u00bb type=\u00bbfull_width\u00bb angled_section=\u00bbno\u00bb text_align=\u00bbleft\u00bb background_image_as_pattern=\u00bbwithout_pattern\u00bb][vc_column][vc_row_inner row_type=\u00bbrow\u00bb type=\u00bbgrid\u00bb text_align=\u00bbleft\u00bb css_animation=\u00bb\u00bb][vc_column_inner][vc_empty_space height=\u00bb20px\u00bb][vc_column_text] Ser\u00e1 el pr\u00f3ximo 24, 25 y 26 de marzo, en el Pabell\u00f3n Severo Rodr\u00edguez, y se contar\u00e1 con la participaci\u00f3n de 6 municipios de La Palma y Tenerife. Esta iniciativa, que se&#8230;<\/p>\n","protected":false},"author":1,"featured_media":0,"comment_status":"closed","ping_status":"open","sticky":false,"template":"","format":"standard","meta":{"footnotes":""},"categories":[6],"tags":[],"class_list":["post-1340","post","type-post","status-publish","format-standard","hentry","category-prensa"],"yoast_head":"<!-- This site is optimized with the Yoast SEO plugin v22.7 - https:\/\/yoast.com\/wordpress\/plugins\/seo\/ -->\n<title>M\u00e1s de 200 mayores participar\u00e1n en las neurolimpiadas que por segundo a\u00f1o consecutivo se celebran en Los Llanos de Aridane - Ayuntamiento de Los Llanos de Aridane<\/title>\n<meta name=\"description\" content=\"El Ayuntamiento de Los Llanos de Aridane presenta el cartel y el programa de La Patrona 2021 con el lema \u201cRemedios, m\u00e1s que un nombre.\u201d\" \/>\n<meta name=\"robots\" content=\"index, follow, max-snippet:-1, max-image-preview:large, max-video-preview:-1\" \/>\n<link rel=\"canonical\" href=\"https:\/\/www.aridane.org\/city\/2023\/02\/03\/mas-de-200-mayores-participaran-en-las-neurolimpiadas-que-por-segundo-ano-consecutivo-se-celebran-en-los-llanos-de-aridane\/\" \/>\n<meta property=\"og:locale\" content=\"es_ES\" \/>\n<meta property=\"og:type\" content=\"article\" \/>\n<meta property=\"og:title\" content=\"M\u00e1s de 200 mayores participar\u00e1n en las neurolimpiadas que por segundo a\u00f1o consecutivo se celebran en Los Llanos de Aridane - Ayuntamiento de Los Llanos de Aridane\" \/>\n<meta property=\"og:description\" content=\"El Ayuntamiento de Los Llanos de Aridane presenta el cartel y el programa de La Patrona 2021 con el lema \u201cRemedios, m\u00e1s que un nombre.\u201d\" \/>\n<meta property=\"og:url\" content=\"https:\/\/www.aridane.org\/city\/2023\/02\/03\/mas-de-200-mayores-participaran-en-las-neurolimpiadas-que-por-segundo-ano-consecutivo-se-celebran-en-los-llanos-de-aridane\/\" \/>\n<meta property=\"og:site_name\" content=\"Ayuntamiento de Los Llanos de Aridane\" \/>\n<meta property=\"article:published_time\" content=\"2023-02-03T13:07:34+00:00\" \/>\n<meta name=\"author\" content=\"Richard Diaz\" \/>\n<meta name=\"twitter:card\" content=\"summary_large_image\" \/>\n<meta name=\"twitter:label1\" content=\"Escrito por\" \/>\n\t<meta name=\"twitter:data1\" content=\"Richard Diaz\" \/>\n\t<meta name=\"twitter:label2\" content=\"Tiempo de lectura\" \/>\n\t<meta name=\"twitter:data2\" content=\"2 minutos\" \/>\n<script type=\"application\/ld+json\" class=\"yoast-schema-graph\">{\"@context\":\"https:\/\/schema.org\",\"@graph\":[{\"@type\":\"WebPage\",\"@id\":\"https:\/\/www.aridane.org\/city\/2023\/02\/03\/mas-de-200-mayores-participaran-en-las-neurolimpiadas-que-por-segundo-ano-consecutivo-se-celebran-en-los-llanos-de-aridane\/\",\"url\":\"https:\/\/www.aridane.org\/city\/2023\/02\/03\/mas-de-200-mayores-participaran-en-las-neurolimpiadas-que-por-segundo-ano-consecutivo-se-celebran-en-los-llanos-de-aridane\/\",\"name\":\"M\u00e1s de 200 mayores participar\u00e1n en las neurolimpiadas que por segundo a\u00f1o consecutivo se celebran en Los Llanos de Aridane - Ayuntamiento de Los Llanos de Aridane\",\"isPartOf\":{\"@id\":\"https:\/\/www.aridane.org\/city\/#website\"},\"datePublished\":\"2023-02-03T13:07:34+00:00\",\"dateModified\":\"2023-02-03T13:07:34+00:00\",\"author\":{\"@id\":\"https:\/\/www.aridane.org\/city\/#\/schema\/person\/7d352ec7f29881716f298394432e7209\"},\"description\":\"El Ayuntamiento de Los Llanos de Aridane presenta el cartel y el programa de La Patrona 2021 con el lema \u201cRemedios, m\u00e1s que un nombre.\u201d\",\"breadcrumb\":{\"@id\":\"https:\/\/www.aridane.org\/city\/2023\/02\/03\/mas-de-200-mayores-participaran-en-las-neurolimpiadas-que-por-segundo-ano-consecutivo-se-celebran-en-los-llanos-de-aridane\/#breadcrumb\"},\"inLanguage\":\"es\",\"potentialAction\":[{\"@type\":\"ReadAction\",\"target\":[\"https:\/\/www.aridane.org\/city\/2023\/02\/03\/mas-de-200-mayores-participaran-en-las-neurolimpiadas-que-por-segundo-ano-consecutivo-se-celebran-en-los-llanos-de-aridane\/\"]}]},{\"@type\":\"BreadcrumbList\",\"@id\":\"https:\/\/www.aridane.org\/city\/2023\/02\/03\/mas-de-200-mayores-participaran-en-las-neurolimpiadas-que-por-segundo-ano-consecutivo-se-celebran-en-los-llanos-de-aridane\/#breadcrumb\",\"itemListElement\":[{\"@type\":\"ListItem\",\"position\":1,\"name\":\"Portada\",\"item\":\"https:\/\/www.aridane.org\/city\/\"},{\"@type\":\"ListItem\",\"position\":2,\"name\":\"M\u00e1s de 200 mayores participar\u00e1n en las neurolimpiadas que por segundo a\u00f1o consecutivo se celebran en Los Llanos de Aridane\"}]},{\"@type\":\"WebSite\",\"@id\":\"https:\/\/www.aridane.org\/city\/#website\",\"url\":\"https:\/\/www.aridane.org\/city\/\",\"name\":\"Ayuntamiento de Los Llanos de Aridane\",\"description\":\"\",\"potentialAction\":[{\"@type\":\"SearchAction\",\"target\":{\"@type\":\"EntryPoint\",\"urlTemplate\":\"https:\/\/www.aridane.org\/city\/?s={search_term_string}\"},\"query-input\":\"required name=search_term_string\"}],\"inLanguage\":\"es\"},{\"@type\":\"Person\",\"@id\":\"https:\/\/www.aridane.org\/city\/#\/schema\/person\/7d352ec7f29881716f298394432e7209\",\"name\":\"Richard Diaz\",\"image\":{\"@type\":\"ImageObject\",\"inLanguage\":\"es\",\"@id\":\"https:\/\/www.aridane.org\/city\/#\/schema\/person\/image\/\",\"url\":\"https:\/\/secure.gravatar.com\/avatar\/bacd6aefc26a4a204943090a4c596cd10f0857081ef3cfd12084a70ecb3161d5?s=96&d=mm&r=g\",\"contentUrl\":\"https:\/\/secure.gravatar.com\/avatar\/bacd6aefc26a4a204943090a4c596cd10f0857081ef3cfd12084a70ecb3161d5?s=96&d=mm&r=g\",\"caption\":\"Richard Diaz\"},\"sameAs\":[\"https:\/\/www.aridane.org\/city\"],\"url\":\"https:\/\/www.aridane.org\/city\/author\/richard-diaz\/\"}]}<\/script>\n<!-- \/ Yoast SEO plugin. -->","yoast_head_json":{"title":"M\u00e1s de 200 mayores participar\u00e1n en las neurolimpiadas que por segundo a\u00f1o consecutivo se celebran en Los Llanos de Aridane - Ayuntamiento de Los Llanos de Aridane","description":"El Ayuntamiento de Los Llanos de Aridane presenta el cartel y el programa de La Patrona 2021 con el lema \u201cRemedios, m\u00e1s que un nombre.\u201d","robots":{"index":"index","follow":"follow","max-snippet":"max-snippet:-1","max-image-preview":"max-image-preview:large","max-video-preview":"max-video-preview:-1"},"canonical":"https:\/\/www.aridane.org\/city\/2023\/02\/03\/mas-de-200-mayores-participaran-en-las-neurolimpiadas-que-por-segundo-ano-consecutivo-se-celebran-en-los-llanos-de-aridane\/","og_locale":"es_ES","og_type":"article","og_title":"M\u00e1s de 200 mayores participar\u00e1n en las neurolimpiadas que por segundo a\u00f1o consecutivo se celebran en Los Llanos de Aridane - Ayuntamiento de Los Llanos de Aridane","og_description":"El Ayuntamiento de Los Llanos de Aridane presenta el cartel y el programa de La Patrona 2021 con el lema \u201cRemedios, m\u00e1s que un nombre.\u201d","og_url":"https:\/\/www.aridane.org\/city\/2023\/02\/03\/mas-de-200-mayores-participaran-en-las-neurolimpiadas-que-por-segundo-ano-consecutivo-se-celebran-en-los-llanos-de-aridane\/","og_site_name":"Ayuntamiento de Los Llanos de Aridane","article_published_time":"2023-02-03T13:07:34+00:00","author":"Richard Diaz","twitter_card":"summary_large_image","twitter_misc":{"Escrito por":"Richard Diaz","Tiempo de lectura":"2 minutos"},"schema":{"@context":"https:\/\/schema.org","@graph":[{"@type":"WebPage","@id":"https:\/\/www.aridane.org\/city\/2023\/02\/03\/mas-de-200-mayores-participaran-en-las-neurolimpiadas-que-por-segundo-ano-consecutivo-se-celebran-en-los-llanos-de-aridane\/","url":"https:\/\/www.aridane.org\/city\/2023\/02\/03\/mas-de-200-mayores-participaran-en-las-neurolimpiadas-que-por-segundo-ano-consecutivo-se-celebran-en-los-llanos-de-aridane\/","name":"M\u00e1s de 200 mayores participar\u00e1n en las neurolimpiadas que por segundo a\u00f1o consecutivo se celebran en Los Llanos de Aridane - Ayuntamiento de Los Llanos de Aridane","isPartOf":{"@id":"https:\/\/www.aridane.org\/city\/#website"},"datePublished":"2023-02-03T13:07:34+00:00","dateModified":"2023-02-03T13:07:34+00:00","author":{"@id":"https:\/\/www.aridane.org\/city\/#\/schema\/person\/7d352ec7f29881716f298394432e7209"},"description":"El Ayuntamiento de Los Llanos de Aridane presenta el cartel y el programa de La Patrona 2021 con el lema \u201cRemedios, m\u00e1s que un nombre.\u201d","breadcrumb":{"@id":"https:\/\/www.aridane.org\/city\/2023\/02\/03\/mas-de-200-mayores-participaran-en-las-neurolimpiadas-que-por-segundo-ano-consecutivo-se-celebran-en-los-llanos-de-aridane\/#breadcrumb"},"inLanguage":"es","potentialAction":[{"@type":"ReadAction","target":["https:\/\/www.aridane.org\/city\/2023\/02\/03\/mas-de-200-mayores-participaran-en-las-neurolimpiadas-que-por-segundo-ano-consecutivo-se-celebran-en-los-llanos-de-aridane\/"]}]},{"@type":"BreadcrumbList","@id":"https:\/\/www.aridane.org\/city\/2023\/02\/03\/mas-de-200-mayores-participaran-en-las-neurolimpiadas-que-por-segundo-ano-consecutivo-se-celebran-en-los-llanos-de-aridane\/#breadcrumb","itemListElement":[{"@type":"ListItem","position":1,"name":"Portada","item":"https:\/\/www.aridane.org\/city\/"},{"@type":"ListItem","position":2,"name":"M\u00e1s de 200 mayores participar\u00e1n en las neurolimpiadas que por segundo a\u00f1o consecutivo se celebran en Los Llanos de Aridane"}]},{"@type":"WebSite","@id":"https:\/\/www.aridane.org\/city\/#website","url":"https:\/\/www.aridane.org\/city\/","name":"Ayuntamiento de Los Llanos de Aridane","description":"","potentialAction":[{"@type":"SearchAction","target":{"@type":"EntryPoint","urlTemplate":"https:\/\/www.aridane.org\/city\/?s={search_term_string}"},"query-input":"required name=search_term_string"}],"inLanguage":"es"},{"@type":"Person","@id":"https:\/\/www.aridane.org\/city\/#\/schema\/person\/7d352ec7f29881716f298394432e7209","name":"Richard Diaz","image":{"@type":"ImageObject","inLanguage":"es","@id":"https:\/\/www.aridane.org\/city\/#\/schema\/person\/image\/","url":"https:\/\/secure.gravatar.com\/avatar\/bacd6aefc26a4a204943090a4c596cd10f0857081ef3cfd12084a70ecb3161d5?s=96&d=mm&r=g","contentUrl":"https:\/\/secure.gravatar.com\/avatar\/bacd6aefc26a4a204943090a4c596cd10f0857081ef3cfd12084a70ecb3161d5?s=96&d=mm&r=g","caption":"Richard Diaz"},"sameAs":["https:\/\/www.aridane.org\/city"],"url":"https:\/\/www.aridane.org\/city\/author\/richard-diaz\/"}]}},"_links":{"self":[{"href":"https:\/\/www.aridane.org\/city\/wp-json\/wp\/v2\/posts\/1340","targetHints":{"allow":["GET"]}}],"collection":[{"href":"https:\/\/www.aridane.org\/city\/wp-json\/wp\/v2\/posts"}],"about":[{"href":"https:\/\/www.aridane.org\/city\/wp-json\/wp\/v2\/types\/post"}],"author":[{"embeddable":true,"href":"https:\/\/www.aridane.org\/city\/wp-json\/wp\/v2\/users\/1"}],"replies":[{"embeddable":true,"href":"https:\/\/www.aridane.org\/city\/wp-json\/wp\/v2\/comments?post=1340"}],"version-history":[{"count":0,"href":"https:\/\/www.aridane.org\/city\/wp-json\/wp\/v2\/posts\/1340\/revisions"}],"wp:attachment":[{"href":"https:\/\/www.aridane.org\/city\/wp-json\/wp\/v2\/media?parent=1340"}],"wp:term":[{"taxonomy":"category","embeddable":true,"href":"https:\/\/www.aridane.org\/city\/wp-json\/wp\/v2\/categories?post=1340"},{"taxonomy":"post_tag","embeddable":true,"href":"https:\/\/www.aridane.org\/city\/wp-json\/wp\/v2\/tags?post=1340"}],"curies":[{"name":"wp","href":"https:\/\/api.w.org\/{rel}","templated":true}]}}