{"id":1355,"date":"2023-02-06T13:12:42","date_gmt":"2023-02-06T13:12:42","guid":{"rendered":"https:\/\/aridane.org\/ciudad\/?p=1355"},"modified":"2023-02-06T13:12:42","modified_gmt":"2023-02-06T13:12:42","slug":"el-ayuntamiento-de-los-llanos-de-aridane-confirma-que-habra-mas-coordinacion-entre-la-policia-local-y-la-guardia-civil-tras-la-reunion-mantenida-con-las-entidades-comerciales-del-municipio","status":"publish","type":"post","link":"https:\/\/www.aridane.org\/city\/2023\/02\/06\/el-ayuntamiento-de-los-llanos-de-aridane-confirma-que-habra-mas-coordinacion-entre-la-policia-local-y-la-guardia-civil-tras-la-reunion-mantenida-con-las-entidades-comerciales-del-municipio\/","title":{"rendered":"El Ayuntamiento de Los Llanos de Aridane confirma que habr\u00e1 m\u00e1s coordinaci\u00f3n entre la\u00a0Polic\u00eda Local y la Guardia Civil tras la reuni\u00f3n mantenida con las entidades comerciales del municipio"},"content":{"rendered":"<section class=\"wpb-content-wrapper\"><p>[vc_row css_animation=\u00bb\u00bb row_type=\u00bbrow\u00bb use_row_as_full_screen_section=\u00bbno\u00bb type=\u00bbfull_width\u00bb angled_section=\u00bbno\u00bb text_align=\u00bbleft\u00bb background_image_as_pattern=\u00bbwithout_pattern\u00bb][vc_column][vc_row_inner row_type=\u00bbrow\u00bb type=\u00bbgrid\u00bb text_align=\u00bbleft\u00bb css_animation=\u00bb\u00bb][vc_column_inner][vc_empty_space height=\u00bb20px\u00bb][vc_column_text]<\/p>\n<ul>\n<li style=\"text-align: justify;\"><em>La alcaldesa agradece, una vez m\u00e1s, a la Directora Insular de Seguridad su disponibilidad, rapidez, y compromiso para poder llevar a cabo este encuentro.<\/em><\/li>\n<li style=\"text-align: justify;\"><em>Adem\u00e1s, confirma que se pondr\u00e1n en marcha acciones como: aumento de la presencia policial, colaboraci\u00f3n ciudadana en la identificaci\u00f3n de posibles situaciones de riesgo y recuerdan la importancia de la interponer denuncias en caso sufrir cualquier incidente.<\/em><\/li>\n<\/ul>\n<p>&nbsp;<\/p>\n<p style=\"text-align: justify;\"><strong>Los Llanos de Aridane, 6 de febrero de 2023.-<\/strong> El Ayuntamiento de Los Llanos de Aridane a trav\u00e9s de su alcaldesa, Noelia Garc\u00eda Leal, ha confirmado que \u201chabr\u00e1 una mayor coordinaci\u00f3n y colaboraci\u00f3n entre la Polic\u00eda Local y la Guardia Civil para evitar posibles actos delictivos en el municipio, tras la reuni\u00f3n mantenida con las entidades comerciales, la semana pasada\u201d, se\u00f1ala.<\/p>\n<p style=\"text-align: justify;\">Garc\u00eda Leal explica que esta reuni\u00f3n, celebrada el pasado mi\u00e9rcoles, fue convocada por ella misma a ra\u00edz de una petici\u00f3n que hizo la Asociaci\u00f3n de Comerciantes Zona Abierta, ACZA, y en la que estuvieron presentes tambi\u00e9n la Directora Insular de Seguridad, Ana Mar\u00eda de Le\u00f3n; representantes de la Guardia Civil, Polic\u00eda Local, y de la Zona Comercial Abierta, ZCA. \u201cHemos escuchado las peticiones de las asociaciones comerciales, y les hemos mostrado, una vez m\u00e1s, nuestro compromiso de seguir trabajando juntos y de la mano, porque ellos son precisamente una parte esencial y clave de la recuperaci\u00f3n, y uno de nuestros principales motores econ\u00f3micos\u201d, se\u00f1ala.<\/p>\n<p style=\"text-align: justify;\">Adem\u00e1s, la alcaldesa agradece, una vez m\u00e1s a la Directora Insular de Seguridad su disponibilidad, rapidez, y compromiso para poder llevar a cabo esta reuni\u00f3n a la mayor brevedad, y ha confirmado que \u201chemos retomado las acciones que ya en su momento, hace a\u00f1os, pusimos en marcha como son: el aumento de presencia policial, la colaboraci\u00f3n ciudadana en la identificaci\u00f3n de posibles situaciones de riesgo y hemos recordado la importancia de la interposici\u00f3n de denuncias en caso de sufrir cualquier incidente\u201d.<\/p>\n<p style=\"text-align: justify;\">Por \u00faltimo, desde el Ayuntamiento se recuerda que \u201cLos Llanos de Aridane es uno de los \u00a0municipios m\u00e1s seguros de la Isla, y vamos a continuar trabajando para que siga siendo as\u00ed\u201d.<\/p>\n<p>[\/vc_column_text][vc_empty_space height=\u00bb20px\u00bb][\/vc_column_inner][\/vc_row_inner][\/vc_column][\/vc_row]<\/p>\n<\/section>","protected":false},"excerpt":{"rendered":"<p>[vc_row css_animation=\u00bb\u00bb row_type=\u00bbrow\u00bb use_row_as_full_screen_section=\u00bbno\u00bb type=\u00bbfull_width\u00bb angled_section=\u00bbno\u00bb text_align=\u00bbleft\u00bb background_image_as_pattern=\u00bbwithout_pattern\u00bb][vc_column][vc_row_inner row_type=\u00bbrow\u00bb type=\u00bbgrid\u00bb text_align=\u00bbleft\u00bb css_animation=\u00bb\u00bb][vc_column_inner][vc_empty_space height=\u00bb20px\u00bb][vc_column_text] La alcaldesa agradece, una vez m\u00e1s, a la Directora Insular de Seguridad su disponibilidad, rapidez, y compromiso para poder llevar a cabo este encuentro. Adem\u00e1s, confirma que se pondr\u00e1n en marcha acciones&#8230;<\/p>\n","protected":false},"author":1,"featured_media":0,"comment_status":"closed","ping_status":"open","sticky":false,"template":"","format":"standard","meta":{"footnotes":""},"categories":[6],"tags":[],"class_list":["post-1355","post","type-post","status-publish","format-standard","hentry","category-prensa"],"yoast_head":"<!-- This site is optimized with the Yoast SEO plugin v22.7 - https:\/\/yoast.com\/wordpress\/plugins\/seo\/ -->\n<title>El Ayuntamiento de Los Llanos de Aridane confirma que habr\u00e1 m\u00e1s coordinaci\u00f3n entre la\u00a0Polic\u00eda Local y la Guardia Civil tras la reuni\u00f3n mantenida con las entidades comerciales del municipio - Ayuntamiento de Los Llanos de Aridane<\/title>\n<meta name=\"description\" content=\"El Ayuntamiento de Los Llanos de Aridane presenta el cartel y el programa de La Patrona 2021 con el lema \u201cRemedios, m\u00e1s que un nombre.\u201d\" \/>\n<meta name=\"robots\" content=\"index, follow, max-snippet:-1, max-image-preview:large, max-video-preview:-1\" \/>\n<link rel=\"canonical\" href=\"https:\/\/www.aridane.org\/city\/2023\/02\/06\/el-ayuntamiento-de-los-llanos-de-aridane-confirma-que-habra-mas-coordinacion-entre-la-policia-local-y-la-guardia-civil-tras-la-reunion-mantenida-con-las-entidades-comerciales-del-municipio\/\" \/>\n<meta property=\"og:locale\" content=\"es_ES\" \/>\n<meta property=\"og:type\" content=\"article\" \/>\n<meta property=\"og:title\" content=\"El Ayuntamiento de Los Llanos de Aridane confirma que habr\u00e1 m\u00e1s coordinaci\u00f3n entre la\u00a0Polic\u00eda Local y la Guardia Civil tras la reuni\u00f3n mantenida con las entidades comerciales del municipio - Ayuntamiento de Los Llanos de Aridane\" \/>\n<meta property=\"og:description\" content=\"El Ayuntamiento de Los Llanos de Aridane presenta el cartel y el programa de La Patrona 2021 con el lema \u201cRemedios, m\u00e1s que un nombre.\u201d\" \/>\n<meta property=\"og:url\" content=\"https:\/\/www.aridane.org\/city\/2023\/02\/06\/el-ayuntamiento-de-los-llanos-de-aridane-confirma-que-habra-mas-coordinacion-entre-la-policia-local-y-la-guardia-civil-tras-la-reunion-mantenida-con-las-entidades-comerciales-del-municipio\/\" \/>\n<meta property=\"og:site_name\" content=\"Ayuntamiento de Los Llanos de Aridane\" \/>\n<meta property=\"article:published_time\" content=\"2023-02-06T13:12:42+00:00\" \/>\n<meta name=\"author\" content=\"Richard Diaz\" \/>\n<meta name=\"twitter:card\" content=\"summary_large_image\" \/>\n<meta name=\"twitter:label1\" content=\"Escrito por\" \/>\n\t<meta name=\"twitter:data1\" content=\"Richard Diaz\" \/>\n\t<meta name=\"twitter:label2\" content=\"Tiempo de lectura\" \/>\n\t<meta name=\"twitter:data2\" content=\"2 minutos\" \/>\n<script type=\"application\/ld+json\" class=\"yoast-schema-graph\">{\"@context\":\"https:\/\/schema.org\",\"@graph\":[{\"@type\":\"WebPage\",\"@id\":\"https:\/\/www.aridane.org\/city\/2023\/02\/06\/el-ayuntamiento-de-los-llanos-de-aridane-confirma-que-habra-mas-coordinacion-entre-la-policia-local-y-la-guardia-civil-tras-la-reunion-mantenida-con-las-entidades-comerciales-del-municipio\/\",\"url\":\"https:\/\/www.aridane.org\/city\/2023\/02\/06\/el-ayuntamiento-de-los-llanos-de-aridane-confirma-que-habra-mas-coordinacion-entre-la-policia-local-y-la-guardia-civil-tras-la-reunion-mantenida-con-las-entidades-comerciales-del-municipio\/\",\"name\":\"El Ayuntamiento de Los Llanos de Aridane confirma que habr\u00e1 m\u00e1s coordinaci\u00f3n entre la\u00a0Polic\u00eda Local y la Guardia Civil tras la reuni\u00f3n mantenida con las entidades comerciales del municipio - Ayuntamiento de Los Llanos de Aridane\",\"isPartOf\":{\"@id\":\"https:\/\/www.aridane.org\/city\/#website\"},\"datePublished\":\"2023-02-06T13:12:42+00:00\",\"dateModified\":\"2023-02-06T13:12:42+00:00\",\"author\":{\"@id\":\"https:\/\/www.aridane.org\/city\/#\/schema\/person\/7d352ec7f29881716f298394432e7209\"},\"description\":\"El Ayuntamiento de Los Llanos de Aridane presenta el cartel y el programa de La Patrona 2021 con el lema \u201cRemedios, m\u00e1s que un nombre.\u201d\",\"breadcrumb\":{\"@id\":\"https:\/\/www.aridane.org\/city\/2023\/02\/06\/el-ayuntamiento-de-los-llanos-de-aridane-confirma-que-habra-mas-coordinacion-entre-la-policia-local-y-la-guardia-civil-tras-la-reunion-mantenida-con-las-entidades-comerciales-del-municipio\/#breadcrumb\"},\"inLanguage\":\"es\",\"potentialAction\":[{\"@type\":\"ReadAction\",\"target\":[\"https:\/\/www.aridane.org\/city\/2023\/02\/06\/el-ayuntamiento-de-los-llanos-de-aridane-confirma-que-habra-mas-coordinacion-entre-la-policia-local-y-la-guardia-civil-tras-la-reunion-mantenida-con-las-entidades-comerciales-del-municipio\/\"]}]},{\"@type\":\"BreadcrumbList\",\"@id\":\"https:\/\/www.aridane.org\/city\/2023\/02\/06\/el-ayuntamiento-de-los-llanos-de-aridane-confirma-que-habra-mas-coordinacion-entre-la-policia-local-y-la-guardia-civil-tras-la-reunion-mantenida-con-las-entidades-comerciales-del-municipio\/#breadcrumb\",\"itemListElement\":[{\"@type\":\"ListItem\",\"position\":1,\"name\":\"Portada\",\"item\":\"https:\/\/www.aridane.org\/city\/\"},{\"@type\":\"ListItem\",\"position\":2,\"name\":\"El Ayuntamiento de Los Llanos de Aridane confirma que habr\u00e1 m\u00e1s coordinaci\u00f3n entre la\u00a0Polic\u00eda Local y la Guardia Civil tras la reuni\u00f3n mantenida con las entidades comerciales del municipio\"}]},{\"@type\":\"WebSite\",\"@id\":\"https:\/\/www.aridane.org\/city\/#website\",\"url\":\"https:\/\/www.aridane.org\/city\/\",\"name\":\"Ayuntamiento de Los Llanos de Aridane\",\"description\":\"\",\"potentialAction\":[{\"@type\":\"SearchAction\",\"target\":{\"@type\":\"EntryPoint\",\"urlTemplate\":\"https:\/\/www.aridane.org\/city\/?s={search_term_string}\"},\"query-input\":\"required name=search_term_string\"}],\"inLanguage\":\"es\"},{\"@type\":\"Person\",\"@id\":\"https:\/\/www.aridane.org\/city\/#\/schema\/person\/7d352ec7f29881716f298394432e7209\",\"name\":\"Richard Diaz\",\"image\":{\"@type\":\"ImageObject\",\"inLanguage\":\"es\",\"@id\":\"https:\/\/www.aridane.org\/city\/#\/schema\/person\/image\/\",\"url\":\"https:\/\/secure.gravatar.com\/avatar\/bacd6aefc26a4a204943090a4c596cd10f0857081ef3cfd12084a70ecb3161d5?s=96&d=mm&r=g\",\"contentUrl\":\"https:\/\/secure.gravatar.com\/avatar\/bacd6aefc26a4a204943090a4c596cd10f0857081ef3cfd12084a70ecb3161d5?s=96&d=mm&r=g\",\"caption\":\"Richard Diaz\"},\"sameAs\":[\"https:\/\/www.aridane.org\/city\"],\"url\":\"https:\/\/www.aridane.org\/city\/author\/richard-diaz\/\"}]}<\/script>\n<!-- \/ Yoast SEO plugin. -->","yoast_head_json":{"title":"El Ayuntamiento de Los Llanos de Aridane confirma que habr\u00e1 m\u00e1s coordinaci\u00f3n entre la\u00a0Polic\u00eda Local y la Guardia Civil tras la reuni\u00f3n mantenida con las entidades comerciales del municipio - Ayuntamiento de Los Llanos de Aridane","description":"El Ayuntamiento de Los Llanos de Aridane presenta el cartel y el programa de La Patrona 2021 con el lema \u201cRemedios, m\u00e1s que un nombre.\u201d","robots":{"index":"index","follow":"follow","max-snippet":"max-snippet:-1","max-image-preview":"max-image-preview:large","max-video-preview":"max-video-preview:-1"},"canonical":"https:\/\/www.aridane.org\/city\/2023\/02\/06\/el-ayuntamiento-de-los-llanos-de-aridane-confirma-que-habra-mas-coordinacion-entre-la-policia-local-y-la-guardia-civil-tras-la-reunion-mantenida-con-las-entidades-comerciales-del-municipio\/","og_locale":"es_ES","og_type":"article","og_title":"El Ayuntamiento de Los Llanos de Aridane confirma que habr\u00e1 m\u00e1s coordinaci\u00f3n entre la\u00a0Polic\u00eda Local y la Guardia Civil tras la reuni\u00f3n mantenida con las entidades comerciales del municipio - Ayuntamiento de Los Llanos de Aridane","og_description":"El Ayuntamiento de Los Llanos de Aridane presenta el cartel y el programa de La Patrona 2021 con el lema \u201cRemedios, m\u00e1s que un nombre.\u201d","og_url":"https:\/\/www.aridane.org\/city\/2023\/02\/06\/el-ayuntamiento-de-los-llanos-de-aridane-confirma-que-habra-mas-coordinacion-entre-la-policia-local-y-la-guardia-civil-tras-la-reunion-mantenida-con-las-entidades-comerciales-del-municipio\/","og_site_name":"Ayuntamiento de Los Llanos de Aridane","article_published_time":"2023-02-06T13:12:42+00:00","author":"Richard Diaz","twitter_card":"summary_large_image","twitter_misc":{"Escrito por":"Richard Diaz","Tiempo de lectura":"2 minutos"},"schema":{"@context":"https:\/\/schema.org","@graph":[{"@type":"WebPage","@id":"https:\/\/www.aridane.org\/city\/2023\/02\/06\/el-ayuntamiento-de-los-llanos-de-aridane-confirma-que-habra-mas-coordinacion-entre-la-policia-local-y-la-guardia-civil-tras-la-reunion-mantenida-con-las-entidades-comerciales-del-municipio\/","url":"https:\/\/www.aridane.org\/city\/2023\/02\/06\/el-ayuntamiento-de-los-llanos-de-aridane-confirma-que-habra-mas-coordinacion-entre-la-policia-local-y-la-guardia-civil-tras-la-reunion-mantenida-con-las-entidades-comerciales-del-municipio\/","name":"El Ayuntamiento de Los Llanos de Aridane confirma que habr\u00e1 m\u00e1s coordinaci\u00f3n entre la\u00a0Polic\u00eda Local y la Guardia Civil tras la reuni\u00f3n mantenida con las entidades comerciales del municipio - Ayuntamiento de Los Llanos de Aridane","isPartOf":{"@id":"https:\/\/www.aridane.org\/city\/#website"},"datePublished":"2023-02-06T13:12:42+00:00","dateModified":"2023-02-06T13:12:42+00:00","author":{"@id":"https:\/\/www.aridane.org\/city\/#\/schema\/person\/7d352ec7f29881716f298394432e7209"},"description":"El Ayuntamiento de Los Llanos de Aridane presenta el cartel y el programa de La Patrona 2021 con el lema \u201cRemedios, m\u00e1s que un nombre.\u201d","breadcrumb":{"@id":"https:\/\/www.aridane.org\/city\/2023\/02\/06\/el-ayuntamiento-de-los-llanos-de-aridane-confirma-que-habra-mas-coordinacion-entre-la-policia-local-y-la-guardia-civil-tras-la-reunion-mantenida-con-las-entidades-comerciales-del-municipio\/#breadcrumb"},"inLanguage":"es","potentialAction":[{"@type":"ReadAction","target":["https:\/\/www.aridane.org\/city\/2023\/02\/06\/el-ayuntamiento-de-los-llanos-de-aridane-confirma-que-habra-mas-coordinacion-entre-la-policia-local-y-la-guardia-civil-tras-la-reunion-mantenida-con-las-entidades-comerciales-del-municipio\/"]}]},{"@type":"BreadcrumbList","@id":"https:\/\/www.aridane.org\/city\/2023\/02\/06\/el-ayuntamiento-de-los-llanos-de-aridane-confirma-que-habra-mas-coordinacion-entre-la-policia-local-y-la-guardia-civil-tras-la-reunion-mantenida-con-las-entidades-comerciales-del-municipio\/#breadcrumb","itemListElement":[{"@type":"ListItem","position":1,"name":"Portada","item":"https:\/\/www.aridane.org\/city\/"},{"@type":"ListItem","position":2,"name":"El Ayuntamiento de Los Llanos de Aridane confirma que habr\u00e1 m\u00e1s coordinaci\u00f3n entre la\u00a0Polic\u00eda Local y la Guardia Civil tras la reuni\u00f3n mantenida con las entidades comerciales del municipio"}]},{"@type":"WebSite","@id":"https:\/\/www.aridane.org\/city\/#website","url":"https:\/\/www.aridane.org\/city\/","name":"Ayuntamiento de Los Llanos de Aridane","description":"","potentialAction":[{"@type":"SearchAction","target":{"@type":"EntryPoint","urlTemplate":"https:\/\/www.aridane.org\/city\/?s={search_term_string}"},"query-input":"required name=search_term_string"}],"inLanguage":"es"},{"@type":"Person","@id":"https:\/\/www.aridane.org\/city\/#\/schema\/person\/7d352ec7f29881716f298394432e7209","name":"Richard Diaz","image":{"@type":"ImageObject","inLanguage":"es","@id":"https:\/\/www.aridane.org\/city\/#\/schema\/person\/image\/","url":"https:\/\/secure.gravatar.com\/avatar\/bacd6aefc26a4a204943090a4c596cd10f0857081ef3cfd12084a70ecb3161d5?s=96&d=mm&r=g","contentUrl":"https:\/\/secure.gravatar.com\/avatar\/bacd6aefc26a4a204943090a4c596cd10f0857081ef3cfd12084a70ecb3161d5?s=96&d=mm&r=g","caption":"Richard Diaz"},"sameAs":["https:\/\/www.aridane.org\/city"],"url":"https:\/\/www.aridane.org\/city\/author\/richard-diaz\/"}]}},"_links":{"self":[{"href":"https:\/\/www.aridane.org\/city\/wp-json\/wp\/v2\/posts\/1355","targetHints":{"allow":["GET"]}}],"collection":[{"href":"https:\/\/www.aridane.org\/city\/wp-json\/wp\/v2\/posts"}],"about":[{"href":"https:\/\/www.aridane.org\/city\/wp-json\/wp\/v2\/types\/post"}],"author":[{"embeddable":true,"href":"https:\/\/www.aridane.org\/city\/wp-json\/wp\/v2\/users\/1"}],"replies":[{"embeddable":true,"href":"https:\/\/www.aridane.org\/city\/wp-json\/wp\/v2\/comments?post=1355"}],"version-history":[{"count":0,"href":"https:\/\/www.aridane.org\/city\/wp-json\/wp\/v2\/posts\/1355\/revisions"}],"wp:attachment":[{"href":"https:\/\/www.aridane.org\/city\/wp-json\/wp\/v2\/media?parent=1355"}],"wp:term":[{"taxonomy":"category","embeddable":true,"href":"https:\/\/www.aridane.org\/city\/wp-json\/wp\/v2\/categories?post=1355"},{"taxonomy":"post_tag","embeddable":true,"href":"https:\/\/www.aridane.org\/city\/wp-json\/wp\/v2\/tags?post=1355"}],"curies":[{"name":"wp","href":"https:\/\/api.w.org\/{rel}","templated":true}]}}