{"id":1359,"date":"2023-02-08T13:43:56","date_gmt":"2023-02-08T13:43:56","guid":{"rendered":"https:\/\/aridane.org\/ciudad\/?p=1359"},"modified":"2023-02-08T13:43:56","modified_gmt":"2023-02-08T13:43:56","slug":"los-llanos-de-aridane-acoge-este-sabado-la-muestra-deportiva-de-las-mas-de-20-disciplinas-que-se-realizan-en-el-municipio","status":"publish","type":"post","link":"https:\/\/www.aridane.org\/city\/2023\/02\/08\/los-llanos-de-aridane-acoge-este-sabado-la-muestra-deportiva-de-las-mas-de-20-disciplinas-que-se-realizan-en-el-municipio\/","title":{"rendered":"Los Llanos de Aridane acoge este s\u00e1bado la muestra deportiva de las m\u00e1s de 20 disciplinas que se realizan en el municipio"},"content":{"rendered":"<section class=\"wpb-content-wrapper\"><p>[vc_row css_animation=\u00bb\u00bb row_type=\u00bbrow\u00bb use_row_as_full_screen_section=\u00bbno\u00bb type=\u00bbfull_width\u00bb angled_section=\u00bbno\u00bb text_align=\u00bbleft\u00bb background_image_as_pattern=\u00bbwithout_pattern\u00bb][vc_column][vc_row_inner row_type=\u00bbrow\u00bb type=\u00bbgrid\u00bb text_align=\u00bbleft\u00bb css_animation=\u00bb\u00bb][vc_column_inner][vc_empty_space height=\u00bb20px\u00bb][vc_column_text]<\/p>\n<ul>\n<li style=\"text-align: justify;\"><em>El concejal explica que esta actividad se llevar\u00e1 a cabo de 10:00 a 13:00 horas en la Avenida Enrique Mederos, y el objetivo es acercar las distintas modalidades que se pueden practicar, adem\u00e1s de contribuir a la pr\u00e1ctica de la actividad f\u00edsica, ejercicio f\u00edsico y deporte como cauces del bienestar y la salud.<\/em><\/li>\n<\/ul>\n<p>&nbsp;<\/p>\n<p style=\"text-align: justify;\"><strong>Los Llanos de Aridane, 8 de febrero de 2022.-<\/strong> El Ayuntamiento de Los Llanos de Aridane a trav\u00e9s del concejal de Deportes, V\u00edctor Gonz\u00e1lez, y junto a la Asociaci\u00f3n Socio-Cultural y Deportiva Amodo Cinco confirman que \u201ceste s\u00e1bado, 11 de febrero, de 10:00 a 13:00 horas, en la Avda. Enrique Mederos, se llevar\u00e1 a cabo la muestra deportiva de las m\u00e1s de 20 disciplinas que se pueden realizar en el municipio\u201d.<\/p>\n<p style=\"text-align: justify;\">Gonz\u00e1lez se\u00f1ala que \u201cel objetivo es difundir las distintas modalidades que se imparten as\u00ed como los beneficios que crean para el bienestar y la salud de la ciudadan\u00eda\u201d. Adem\u00e1s, confirma que la mayor\u00eda de las actividades se desarrollar\u00e1n de manera simult\u00e1nea, \u201csalvo las disciplinas de deporte de lucha que tendr\u00e1n un horario de 10:30 hasta las 12:30\u201d.<\/p>\n<p style=\"text-align: justify;\">El concejal tambi\u00e9n ha recordado que dentro del Plan Insular de Promoci\u00f3n Deportiva B\u00e1sica, Programa Deportivo 2022-2023, en el municipio de Los Llanos de Aridane se ejecutan un total de ochenta y cuatro puntos de promoci\u00f3n deportiva b\u00e1sica, en dieciocho instalaciones del municipio participando del plan un total de treinta t\u00e9cnicos deportivos, y confirma que \u201cdesde el Consistorio en estos momentos estamos apoyando y ofreciendo 21 disciplinas deportivas, entre las que destacan: aer\u00f3bic, ajedrez, atletismo, triatl\u00f3n, baloncesto, balonmano, ciclismo, f\u00fatbol sala, f\u00fatbol, judo, k\u00e1rate, lucha canaria, patinaje, polideporte, psicomotricidad, gimnasia r\u00edtmica, seta, taekwondo, tenis mesa, tenis, y voleibol, \u201cen las que est\u00e1n participando m\u00e1s de 1.300 usuarios\u201d, asegura.<\/p>\n<p style=\"text-align: justify;\">Por \u00faltimo, el edil recuerda que esta actividad responde al compromiso que tiene el Ayuntamiento aridanense de contribuir a la pr\u00e1ctica de actividad f\u00edsica, ejercicio f\u00edsico y deporte como cauces del bienestar y la salud, y se invita a todas las personas que lo deseen a participar en este evento.<\/p>\n<p>[\/vc_column_text][vc_empty_space height=\u00bb20px\u00bb][\/vc_column_inner][\/vc_row_inner][\/vc_column][\/vc_row]<\/p>\n<\/section>","protected":false},"excerpt":{"rendered":"<p>[vc_row css_animation=\u00bb\u00bb row_type=\u00bbrow\u00bb use_row_as_full_screen_section=\u00bbno\u00bb type=\u00bbfull_width\u00bb angled_section=\u00bbno\u00bb text_align=\u00bbleft\u00bb background_image_as_pattern=\u00bbwithout_pattern\u00bb][vc_column][vc_row_inner row_type=\u00bbrow\u00bb type=\u00bbgrid\u00bb text_align=\u00bbleft\u00bb css_animation=\u00bb\u00bb][vc_column_inner][vc_empty_space height=\u00bb20px\u00bb][vc_column_text] El concejal explica que esta actividad se llevar\u00e1 a cabo de 10:00 a 13:00 horas en la Avenida Enrique Mederos, y el objetivo es acercar las distintas modalidades que se pueden practicar,&#8230;<\/p>\n","protected":false},"author":1,"featured_media":0,"comment_status":"closed","ping_status":"open","sticky":false,"template":"","format":"standard","meta":{"footnotes":""},"categories":[6],"tags":[],"class_list":["post-1359","post","type-post","status-publish","format-standard","hentry","category-prensa"],"yoast_head":"<!-- This site is optimized with the Yoast SEO plugin v22.7 - https:\/\/yoast.com\/wordpress\/plugins\/seo\/ -->\n<title>Los Llanos de Aridane acoge este s\u00e1bado la muestra deportiva de las m\u00e1s de 20 disciplinas que se realizan en el municipio - Ayuntamiento de Los Llanos de Aridane<\/title>\n<meta name=\"description\" content=\"El Ayuntamiento de Los Llanos de Aridane presenta el cartel y el programa de La Patrona 2021 con el lema \u201cRemedios, m\u00e1s que un nombre.\u201d\" \/>\n<meta name=\"robots\" content=\"index, follow, max-snippet:-1, max-image-preview:large, max-video-preview:-1\" \/>\n<link rel=\"canonical\" href=\"https:\/\/www.aridane.org\/city\/2023\/02\/08\/los-llanos-de-aridane-acoge-este-sabado-la-muestra-deportiva-de-las-mas-de-20-disciplinas-que-se-realizan-en-el-municipio\/\" \/>\n<meta property=\"og:locale\" content=\"es_ES\" \/>\n<meta property=\"og:type\" content=\"article\" \/>\n<meta property=\"og:title\" content=\"Los Llanos de Aridane acoge este s\u00e1bado la muestra deportiva de las m\u00e1s de 20 disciplinas que se realizan en el municipio - Ayuntamiento de Los Llanos de Aridane\" \/>\n<meta property=\"og:description\" content=\"El Ayuntamiento de Los Llanos de Aridane presenta el cartel y el programa de La Patrona 2021 con el lema \u201cRemedios, m\u00e1s que un nombre.\u201d\" \/>\n<meta property=\"og:url\" content=\"https:\/\/www.aridane.org\/city\/2023\/02\/08\/los-llanos-de-aridane-acoge-este-sabado-la-muestra-deportiva-de-las-mas-de-20-disciplinas-que-se-realizan-en-el-municipio\/\" \/>\n<meta property=\"og:site_name\" content=\"Ayuntamiento de Los Llanos de Aridane\" \/>\n<meta property=\"article:published_time\" content=\"2023-02-08T13:43:56+00:00\" \/>\n<meta name=\"author\" content=\"Richard Diaz\" \/>\n<meta name=\"twitter:card\" content=\"summary_large_image\" \/>\n<meta name=\"twitter:label1\" content=\"Escrito por\" \/>\n\t<meta name=\"twitter:data1\" content=\"Richard Diaz\" \/>\n\t<meta name=\"twitter:label2\" content=\"Tiempo de lectura\" \/>\n\t<meta name=\"twitter:data2\" content=\"2 minutos\" \/>\n<script type=\"application\/ld+json\" class=\"yoast-schema-graph\">{\"@context\":\"https:\/\/schema.org\",\"@graph\":[{\"@type\":\"WebPage\",\"@id\":\"https:\/\/www.aridane.org\/city\/2023\/02\/08\/los-llanos-de-aridane-acoge-este-sabado-la-muestra-deportiva-de-las-mas-de-20-disciplinas-que-se-realizan-en-el-municipio\/\",\"url\":\"https:\/\/www.aridane.org\/city\/2023\/02\/08\/los-llanos-de-aridane-acoge-este-sabado-la-muestra-deportiva-de-las-mas-de-20-disciplinas-que-se-realizan-en-el-municipio\/\",\"name\":\"Los Llanos de Aridane acoge este s\u00e1bado la muestra deportiva de las m\u00e1s de 20 disciplinas que se realizan en el municipio - Ayuntamiento de Los Llanos de Aridane\",\"isPartOf\":{\"@id\":\"https:\/\/www.aridane.org\/city\/#website\"},\"datePublished\":\"2023-02-08T13:43:56+00:00\",\"dateModified\":\"2023-02-08T13:43:56+00:00\",\"author\":{\"@id\":\"https:\/\/www.aridane.org\/city\/#\/schema\/person\/7d352ec7f29881716f298394432e7209\"},\"description\":\"El Ayuntamiento de Los Llanos de Aridane presenta el cartel y el programa de La Patrona 2021 con el lema \u201cRemedios, m\u00e1s que un nombre.\u201d\",\"breadcrumb\":{\"@id\":\"https:\/\/www.aridane.org\/city\/2023\/02\/08\/los-llanos-de-aridane-acoge-este-sabado-la-muestra-deportiva-de-las-mas-de-20-disciplinas-que-se-realizan-en-el-municipio\/#breadcrumb\"},\"inLanguage\":\"es\",\"potentialAction\":[{\"@type\":\"ReadAction\",\"target\":[\"https:\/\/www.aridane.org\/city\/2023\/02\/08\/los-llanos-de-aridane-acoge-este-sabado-la-muestra-deportiva-de-las-mas-de-20-disciplinas-que-se-realizan-en-el-municipio\/\"]}]},{\"@type\":\"BreadcrumbList\",\"@id\":\"https:\/\/www.aridane.org\/city\/2023\/02\/08\/los-llanos-de-aridane-acoge-este-sabado-la-muestra-deportiva-de-las-mas-de-20-disciplinas-que-se-realizan-en-el-municipio\/#breadcrumb\",\"itemListElement\":[{\"@type\":\"ListItem\",\"position\":1,\"name\":\"Portada\",\"item\":\"https:\/\/www.aridane.org\/city\/\"},{\"@type\":\"ListItem\",\"position\":2,\"name\":\"Los Llanos de Aridane acoge este s\u00e1bado la muestra deportiva de las m\u00e1s de 20 disciplinas que se realizan en el municipio\"}]},{\"@type\":\"WebSite\",\"@id\":\"https:\/\/www.aridane.org\/city\/#website\",\"url\":\"https:\/\/www.aridane.org\/city\/\",\"name\":\"Ayuntamiento de Los Llanos de Aridane\",\"description\":\"\",\"potentialAction\":[{\"@type\":\"SearchAction\",\"target\":{\"@type\":\"EntryPoint\",\"urlTemplate\":\"https:\/\/www.aridane.org\/city\/?s={search_term_string}\"},\"query-input\":\"required name=search_term_string\"}],\"inLanguage\":\"es\"},{\"@type\":\"Person\",\"@id\":\"https:\/\/www.aridane.org\/city\/#\/schema\/person\/7d352ec7f29881716f298394432e7209\",\"name\":\"Richard Diaz\",\"image\":{\"@type\":\"ImageObject\",\"inLanguage\":\"es\",\"@id\":\"https:\/\/www.aridane.org\/city\/#\/schema\/person\/image\/\",\"url\":\"https:\/\/secure.gravatar.com\/avatar\/bacd6aefc26a4a204943090a4c596cd10f0857081ef3cfd12084a70ecb3161d5?s=96&d=mm&r=g\",\"contentUrl\":\"https:\/\/secure.gravatar.com\/avatar\/bacd6aefc26a4a204943090a4c596cd10f0857081ef3cfd12084a70ecb3161d5?s=96&d=mm&r=g\",\"caption\":\"Richard Diaz\"},\"sameAs\":[\"https:\/\/www.aridane.org\/city\"],\"url\":\"https:\/\/www.aridane.org\/city\/author\/richard-diaz\/\"}]}<\/script>\n<!-- \/ Yoast SEO plugin. -->","yoast_head_json":{"title":"Los Llanos de Aridane acoge este s\u00e1bado la muestra deportiva de las m\u00e1s de 20 disciplinas que se realizan en el municipio - Ayuntamiento de Los Llanos de Aridane","description":"El Ayuntamiento de Los Llanos de Aridane presenta el cartel y el programa de La Patrona 2021 con el lema \u201cRemedios, m\u00e1s que un nombre.\u201d","robots":{"index":"index","follow":"follow","max-snippet":"max-snippet:-1","max-image-preview":"max-image-preview:large","max-video-preview":"max-video-preview:-1"},"canonical":"https:\/\/www.aridane.org\/city\/2023\/02\/08\/los-llanos-de-aridane-acoge-este-sabado-la-muestra-deportiva-de-las-mas-de-20-disciplinas-que-se-realizan-en-el-municipio\/","og_locale":"es_ES","og_type":"article","og_title":"Los Llanos de Aridane acoge este s\u00e1bado la muestra deportiva de las m\u00e1s de 20 disciplinas que se realizan en el municipio - Ayuntamiento de Los Llanos de Aridane","og_description":"El Ayuntamiento de Los Llanos de Aridane presenta el cartel y el programa de La Patrona 2021 con el lema \u201cRemedios, m\u00e1s que un nombre.\u201d","og_url":"https:\/\/www.aridane.org\/city\/2023\/02\/08\/los-llanos-de-aridane-acoge-este-sabado-la-muestra-deportiva-de-las-mas-de-20-disciplinas-que-se-realizan-en-el-municipio\/","og_site_name":"Ayuntamiento de Los Llanos de Aridane","article_published_time":"2023-02-08T13:43:56+00:00","author":"Richard Diaz","twitter_card":"summary_large_image","twitter_misc":{"Escrito por":"Richard Diaz","Tiempo de lectura":"2 minutos"},"schema":{"@context":"https:\/\/schema.org","@graph":[{"@type":"WebPage","@id":"https:\/\/www.aridane.org\/city\/2023\/02\/08\/los-llanos-de-aridane-acoge-este-sabado-la-muestra-deportiva-de-las-mas-de-20-disciplinas-que-se-realizan-en-el-municipio\/","url":"https:\/\/www.aridane.org\/city\/2023\/02\/08\/los-llanos-de-aridane-acoge-este-sabado-la-muestra-deportiva-de-las-mas-de-20-disciplinas-que-se-realizan-en-el-municipio\/","name":"Los Llanos de Aridane acoge este s\u00e1bado la muestra deportiva de las m\u00e1s de 20 disciplinas que se realizan en el municipio - Ayuntamiento de Los Llanos de Aridane","isPartOf":{"@id":"https:\/\/www.aridane.org\/city\/#website"},"datePublished":"2023-02-08T13:43:56+00:00","dateModified":"2023-02-08T13:43:56+00:00","author":{"@id":"https:\/\/www.aridane.org\/city\/#\/schema\/person\/7d352ec7f29881716f298394432e7209"},"description":"El Ayuntamiento de Los Llanos de Aridane presenta el cartel y el programa de La Patrona 2021 con el lema \u201cRemedios, m\u00e1s que un nombre.\u201d","breadcrumb":{"@id":"https:\/\/www.aridane.org\/city\/2023\/02\/08\/los-llanos-de-aridane-acoge-este-sabado-la-muestra-deportiva-de-las-mas-de-20-disciplinas-que-se-realizan-en-el-municipio\/#breadcrumb"},"inLanguage":"es","potentialAction":[{"@type":"ReadAction","target":["https:\/\/www.aridane.org\/city\/2023\/02\/08\/los-llanos-de-aridane-acoge-este-sabado-la-muestra-deportiva-de-las-mas-de-20-disciplinas-que-se-realizan-en-el-municipio\/"]}]},{"@type":"BreadcrumbList","@id":"https:\/\/www.aridane.org\/city\/2023\/02\/08\/los-llanos-de-aridane-acoge-este-sabado-la-muestra-deportiva-de-las-mas-de-20-disciplinas-que-se-realizan-en-el-municipio\/#breadcrumb","itemListElement":[{"@type":"ListItem","position":1,"name":"Portada","item":"https:\/\/www.aridane.org\/city\/"},{"@type":"ListItem","position":2,"name":"Los Llanos de Aridane acoge este s\u00e1bado la muestra deportiva de las m\u00e1s de 20 disciplinas que se realizan en el municipio"}]},{"@type":"WebSite","@id":"https:\/\/www.aridane.org\/city\/#website","url":"https:\/\/www.aridane.org\/city\/","name":"Ayuntamiento de Los Llanos de Aridane","description":"","potentialAction":[{"@type":"SearchAction","target":{"@type":"EntryPoint","urlTemplate":"https:\/\/www.aridane.org\/city\/?s={search_term_string}"},"query-input":"required name=search_term_string"}],"inLanguage":"es"},{"@type":"Person","@id":"https:\/\/www.aridane.org\/city\/#\/schema\/person\/7d352ec7f29881716f298394432e7209","name":"Richard Diaz","image":{"@type":"ImageObject","inLanguage":"es","@id":"https:\/\/www.aridane.org\/city\/#\/schema\/person\/image\/","url":"https:\/\/secure.gravatar.com\/avatar\/bacd6aefc26a4a204943090a4c596cd10f0857081ef3cfd12084a70ecb3161d5?s=96&d=mm&r=g","contentUrl":"https:\/\/secure.gravatar.com\/avatar\/bacd6aefc26a4a204943090a4c596cd10f0857081ef3cfd12084a70ecb3161d5?s=96&d=mm&r=g","caption":"Richard Diaz"},"sameAs":["https:\/\/www.aridane.org\/city"],"url":"https:\/\/www.aridane.org\/city\/author\/richard-diaz\/"}]}},"_links":{"self":[{"href":"https:\/\/www.aridane.org\/city\/wp-json\/wp\/v2\/posts\/1359","targetHints":{"allow":["GET"]}}],"collection":[{"href":"https:\/\/www.aridane.org\/city\/wp-json\/wp\/v2\/posts"}],"about":[{"href":"https:\/\/www.aridane.org\/city\/wp-json\/wp\/v2\/types\/post"}],"author":[{"embeddable":true,"href":"https:\/\/www.aridane.org\/city\/wp-json\/wp\/v2\/users\/1"}],"replies":[{"embeddable":true,"href":"https:\/\/www.aridane.org\/city\/wp-json\/wp\/v2\/comments?post=1359"}],"version-history":[{"count":0,"href":"https:\/\/www.aridane.org\/city\/wp-json\/wp\/v2\/posts\/1359\/revisions"}],"wp:attachment":[{"href":"https:\/\/www.aridane.org\/city\/wp-json\/wp\/v2\/media?parent=1359"}],"wp:term":[{"taxonomy":"category","embeddable":true,"href":"https:\/\/www.aridane.org\/city\/wp-json\/wp\/v2\/categories?post=1359"},{"taxonomy":"post_tag","embeddable":true,"href":"https:\/\/www.aridane.org\/city\/wp-json\/wp\/v2\/tags?post=1359"}],"curies":[{"name":"wp","href":"https:\/\/api.w.org\/{rel}","templated":true}]}}