{"id":1360,"date":"2023-02-09T09:49:57","date_gmt":"2023-02-09T09:49:57","guid":{"rendered":"https:\/\/aridane.org\/ciudad\/?p=1360"},"modified":"2023-02-09T09:49:57","modified_gmt":"2023-02-09T09:49:57","slug":"dulce-limonada-obra-del-artista-diego-vicente-nueva-pieza-del-cemfac-de-los-llanos-de-aridane","status":"publish","type":"post","link":"https:\/\/www.aridane.org\/city\/2023\/02\/09\/dulce-limonada-obra-del-artista-diego-vicente-nueva-pieza-del-cemfac-de-los-llanos-de-aridane\/","title":{"rendered":"`Dulce limonada\u2019, obra del artista Diego Vicente. Nueva pieza del CEMFAC de Los Llanos de Aridane"},"content":{"rendered":"<section class=\"wpb-content-wrapper\"><p>[vc_row css_animation=\u00bb\u00bb row_type=\u00bbrow\u00bb use_row_as_full_screen_section=\u00bbno\u00bb type=\u00bbfull_width\u00bb angled_section=\u00bbno\u00bb text_align=\u00bbleft\u00bb background_image_as_pattern=\u00bbwithout_pattern\u00bb][vc_column][vc_row_inner row_type=\u00bbrow\u00bb type=\u00bbgrid\u00bb text_align=\u00bbleft\u00bb css_animation=\u00bb\u00bb][vc_column_inner][vc_empty_space height=\u00bb20px\u00bb][vc_column_text]<\/p>\n<ul>\n<li style=\"text-align: justify;\"><em>Esta obra se encuentra ubicada en el muro perimetral, lado este, del CEIP Mayantigo, \u201ciluminando la Plaza Juan Pablo II, y d\u00e1ndole a este espacio un nuevo y contempor\u00e1neo concepto c\u00edvico\u201d.<\/em><\/li>\n<\/ul>\n<p>&nbsp;<\/p>\n<p style=\"text-align: justify;\"><strong>Los Llanos de Aridane, 9 de febrero de 2023.-<\/strong> El Ayuntamiento de Los Llanos de Aridane a trav\u00e9s de la concejal de Cultura, Charo Gonz\u00e1lez, ha confirmado que La Ciudad en el Museo Foro de Arte Contempor\u00e1neo, El CEMFAC, ya cuenta con una nueva obra en su colecci\u00f3n, en este caso del del artista aragon\u00e9s Diego Vicente. Gonz\u00e1lez se\u00f1ala que esta nueva obra, con el sugerente t\u00edtulo \u2018Dulce limonada\u2019, se encuentra ubicada en el muro perimetral, lado este, del CEIP Mayantigo, \u201ciluminando la Plaza Juan Pablo II, y d\u00e1ndole a este espacio un nuevo y contempor\u00e1neo concepto c\u00edvico\u201d.<\/p>\n<p style=\"text-align: justify;\">La concejal explica que esta obra, de m\u00e1s de 60 metros de largo, trata de generar un recorrido diferente para el viandante, \u201cque al ir caminando frente al mural puede disfrutar de una armon\u00eda crom\u00e1tica generada con 14 colores. Se trata de una obra inspirada en la naturaleza y sus diferentes elementos, que juega a medio camino entre lo abstracto y lo figurativo, dejando al espectador encargado de encontrar su propia lectura\u201d.<\/p>\n<p style=\"text-align: justify;\">Adem\u00e1s, se\u00f1ala que el t\u00edtulo de la pieza nace de un comentario realizado por E.T.A. Hoffmann, en el que se refer\u00eda a la m\u00fasica de Rossini como una `dulce limonada\u2019 que quienes buscan diversi\u00f3n en las artes se tragan sin mayor malestar. A esta limonada, seg\u00fan este escritor y m\u00fasico, se opone el vino fogoso, fuerte y recio de los grandes compositores dram\u00e1ticos. De esta forma Hoffman tomaba clara posici\u00f3n en la dicotom\u00eda serio versus entretenido que ocupa la cr\u00edtica del arte desde el siglo XIX. \u201cDe esta manera, este mural adopta como t\u00edtulo el adjetivo con el que se refiere a la m\u00fasica de Rossini, tratando de reivindicar una belleza libre de una determinada expresi\u00f3n, capaz de conseguir un efecto global a trav\u00e9s de la pintura que alcance el terreno m\u00e1s sensible del espectador, extraer de la flor su perfume o de la fruta su jugo, es hacer abstracci\u00f3n expresamente de lo natura.<\/p>\n<p style=\"text-align: justify;\">Desde la concejal\u00eda de Cultura afirman que muchas de las formar de esta obra han sido creadas a partir de los resultados obtenidos en talleres creativos realizados de forma previa en diferentes colegios de la geograf\u00eda europea, y confirma que \u201ccon esta din\u00e1mica, el alumnado de 6\u00ba de primaria del CEIP Mayantigo tambi\u00e9n ha participado en estos talleres pudiendo as\u00ed inspirar futuros murales en distintos lugares del mundo\u201d.<\/p>\n<p style=\"text-align: justify;\"><strong>Diego Vicente<\/strong><\/p>\n<p style=\"text-align: justify;\">Ilustrador por la Escuela de Artes y Oficios de Zaragoza y dise\u00f1ador gr\u00e1fico por la Escuela Superior de Dise\u00f1o de Arag\u00f3n, cursando el \u00faltimo a\u00f1o en el Plymouth College of Art.<\/p>\n<p style=\"text-align: justify;\">En el a\u00f1o 2014 entr\u00f3 a formar parte del reconocido colectivo art\u00edstico Boa Mistura, donde tuvo la oportunidad de formarse y desarrollarse como artista a lo largo y ancho del mapa.<\/p>\n<p style=\"text-align: justify;\">En el a\u00f1o 2019 decidi\u00f3 comenzar una carrera art\u00edstica en solitario, con el objetivo de investigar y desarrollar su propia obra, tratando de cruzar nuevas metas y cumplir nuevos objetivos.<\/p>\n<p style=\"text-align: justify;\">Se considera un artista pl\u00e1stico, actualmente enfocado en la pintura, aunque la mayor parte de su obra se sigue desarrollando en el espacio p\u00fablico a trav\u00e9s del mural.<\/p>\n<p style=\"text-align: justify;\">En lo art\u00edstico trata de conectar lo abstracto con lo figurativo, la pintura con el dibujo, su espacio m\u00e1s visceral con el m\u00e1s racional. Busca hasta donde puede llevar esta fusi\u00f3n con el fin de encontrar un lenguaje propio. Le gustan las lecturas abiertas y subjetivas de cada imagen. De esta forma, encuentra a menudo resultados imprevisibles que se entrelazan y conviven con la parte m\u00e1s controlada de cada obra: composiciones cargadas de sentimientos y significados que sit\u00faan al espectador como el encargado de descifrarlos.<\/p>\n<p>[\/vc_column_text][vc_empty_space height=\u00bb20px\u00bb][\/vc_column_inner][\/vc_row_inner][\/vc_column][\/vc_row]<\/p>\n<\/section>","protected":false},"excerpt":{"rendered":"<p>[vc_row css_animation=\u00bb\u00bb row_type=\u00bbrow\u00bb use_row_as_full_screen_section=\u00bbno\u00bb type=\u00bbfull_width\u00bb angled_section=\u00bbno\u00bb text_align=\u00bbleft\u00bb background_image_as_pattern=\u00bbwithout_pattern\u00bb][vc_column][vc_row_inner row_type=\u00bbrow\u00bb type=\u00bbgrid\u00bb text_align=\u00bbleft\u00bb css_animation=\u00bb\u00bb][vc_column_inner][vc_empty_space height=\u00bb20px\u00bb][vc_column_text] Esta obra se encuentra ubicada en el muro perimetral, lado este, del CEIP Mayantigo, \u201ciluminando la Plaza Juan Pablo II, y d\u00e1ndole a este espacio un nuevo y contempor\u00e1neo concepto c\u00edvico\u201d. &nbsp;&#8230;<\/p>\n","protected":false},"author":1,"featured_media":0,"comment_status":"closed","ping_status":"open","sticky":false,"template":"","format":"standard","meta":{"footnotes":""},"categories":[6],"tags":[],"class_list":["post-1360","post","type-post","status-publish","format-standard","hentry","category-prensa"],"yoast_head":"<!-- This site is optimized with the Yoast SEO plugin v22.7 - https:\/\/yoast.com\/wordpress\/plugins\/seo\/ -->\n<title>`Dulce limonada\u2019, obra del artista Diego Vicente. Nueva pieza del CEMFAC de Los Llanos de Aridane - Ayuntamiento de Los Llanos de Aridane<\/title>\n<meta name=\"description\" content=\"El Ayuntamiento de Los Llanos de Aridane presenta el cartel y el programa de La Patrona 2021 con el lema \u201cRemedios, m\u00e1s que un nombre.\u201d\" \/>\n<meta name=\"robots\" content=\"index, follow, max-snippet:-1, max-image-preview:large, max-video-preview:-1\" \/>\n<link rel=\"canonical\" href=\"https:\/\/www.aridane.org\/city\/2023\/02\/09\/dulce-limonada-obra-del-artista-diego-vicente-nueva-pieza-del-cemfac-de-los-llanos-de-aridane\/\" \/>\n<meta property=\"og:locale\" content=\"es_ES\" \/>\n<meta property=\"og:type\" content=\"article\" \/>\n<meta property=\"og:title\" content=\"`Dulce limonada\u2019, obra del artista Diego Vicente. Nueva pieza del CEMFAC de Los Llanos de Aridane - Ayuntamiento de Los Llanos de Aridane\" \/>\n<meta property=\"og:description\" content=\"El Ayuntamiento de Los Llanos de Aridane presenta el cartel y el programa de La Patrona 2021 con el lema \u201cRemedios, m\u00e1s que un nombre.\u201d\" \/>\n<meta property=\"og:url\" content=\"https:\/\/www.aridane.org\/city\/2023\/02\/09\/dulce-limonada-obra-del-artista-diego-vicente-nueva-pieza-del-cemfac-de-los-llanos-de-aridane\/\" \/>\n<meta property=\"og:site_name\" content=\"Ayuntamiento de Los Llanos de Aridane\" \/>\n<meta property=\"article:published_time\" content=\"2023-02-09T09:49:57+00:00\" \/>\n<meta name=\"author\" content=\"Richard Diaz\" \/>\n<meta name=\"twitter:card\" content=\"summary_large_image\" \/>\n<meta name=\"twitter:label1\" content=\"Escrito por\" \/>\n\t<meta name=\"twitter:data1\" content=\"Richard Diaz\" \/>\n\t<meta name=\"twitter:label2\" content=\"Tiempo de lectura\" \/>\n\t<meta name=\"twitter:data2\" content=\"3 minutos\" \/>\n<script type=\"application\/ld+json\" class=\"yoast-schema-graph\">{\"@context\":\"https:\/\/schema.org\",\"@graph\":[{\"@type\":\"WebPage\",\"@id\":\"https:\/\/www.aridane.org\/city\/2023\/02\/09\/dulce-limonada-obra-del-artista-diego-vicente-nueva-pieza-del-cemfac-de-los-llanos-de-aridane\/\",\"url\":\"https:\/\/www.aridane.org\/city\/2023\/02\/09\/dulce-limonada-obra-del-artista-diego-vicente-nueva-pieza-del-cemfac-de-los-llanos-de-aridane\/\",\"name\":\"`Dulce limonada\u2019, obra del artista Diego Vicente. Nueva pieza del CEMFAC de Los Llanos de Aridane - Ayuntamiento de Los Llanos de Aridane\",\"isPartOf\":{\"@id\":\"https:\/\/www.aridane.org\/city\/#website\"},\"datePublished\":\"2023-02-09T09:49:57+00:00\",\"dateModified\":\"2023-02-09T09:49:57+00:00\",\"author\":{\"@id\":\"https:\/\/www.aridane.org\/city\/#\/schema\/person\/7d352ec7f29881716f298394432e7209\"},\"description\":\"El Ayuntamiento de Los Llanos de Aridane presenta el cartel y el programa de La Patrona 2021 con el lema \u201cRemedios, m\u00e1s que un nombre.\u201d\",\"breadcrumb\":{\"@id\":\"https:\/\/www.aridane.org\/city\/2023\/02\/09\/dulce-limonada-obra-del-artista-diego-vicente-nueva-pieza-del-cemfac-de-los-llanos-de-aridane\/#breadcrumb\"},\"inLanguage\":\"es\",\"potentialAction\":[{\"@type\":\"ReadAction\",\"target\":[\"https:\/\/www.aridane.org\/city\/2023\/02\/09\/dulce-limonada-obra-del-artista-diego-vicente-nueva-pieza-del-cemfac-de-los-llanos-de-aridane\/\"]}]},{\"@type\":\"BreadcrumbList\",\"@id\":\"https:\/\/www.aridane.org\/city\/2023\/02\/09\/dulce-limonada-obra-del-artista-diego-vicente-nueva-pieza-del-cemfac-de-los-llanos-de-aridane\/#breadcrumb\",\"itemListElement\":[{\"@type\":\"ListItem\",\"position\":1,\"name\":\"Portada\",\"item\":\"https:\/\/www.aridane.org\/city\/\"},{\"@type\":\"ListItem\",\"position\":2,\"name\":\"`Dulce limonada\u2019, obra del artista Diego Vicente. Nueva pieza del CEMFAC de Los Llanos de Aridane\"}]},{\"@type\":\"WebSite\",\"@id\":\"https:\/\/www.aridane.org\/city\/#website\",\"url\":\"https:\/\/www.aridane.org\/city\/\",\"name\":\"Ayuntamiento de Los Llanos de Aridane\",\"description\":\"\",\"potentialAction\":[{\"@type\":\"SearchAction\",\"target\":{\"@type\":\"EntryPoint\",\"urlTemplate\":\"https:\/\/www.aridane.org\/city\/?s={search_term_string}\"},\"query-input\":\"required name=search_term_string\"}],\"inLanguage\":\"es\"},{\"@type\":\"Person\",\"@id\":\"https:\/\/www.aridane.org\/city\/#\/schema\/person\/7d352ec7f29881716f298394432e7209\",\"name\":\"Richard Diaz\",\"image\":{\"@type\":\"ImageObject\",\"inLanguage\":\"es\",\"@id\":\"https:\/\/www.aridane.org\/city\/#\/schema\/person\/image\/\",\"url\":\"https:\/\/secure.gravatar.com\/avatar\/bacd6aefc26a4a204943090a4c596cd10f0857081ef3cfd12084a70ecb3161d5?s=96&d=mm&r=g\",\"contentUrl\":\"https:\/\/secure.gravatar.com\/avatar\/bacd6aefc26a4a204943090a4c596cd10f0857081ef3cfd12084a70ecb3161d5?s=96&d=mm&r=g\",\"caption\":\"Richard Diaz\"},\"sameAs\":[\"https:\/\/www.aridane.org\/city\"],\"url\":\"https:\/\/www.aridane.org\/city\/author\/richard-diaz\/\"}]}<\/script>\n<!-- \/ Yoast SEO plugin. -->","yoast_head_json":{"title":"`Dulce limonada\u2019, obra del artista Diego Vicente. Nueva pieza del CEMFAC de Los Llanos de Aridane - Ayuntamiento de Los Llanos de Aridane","description":"El Ayuntamiento de Los Llanos de Aridane presenta el cartel y el programa de La Patrona 2021 con el lema \u201cRemedios, m\u00e1s que un nombre.\u201d","robots":{"index":"index","follow":"follow","max-snippet":"max-snippet:-1","max-image-preview":"max-image-preview:large","max-video-preview":"max-video-preview:-1"},"canonical":"https:\/\/www.aridane.org\/city\/2023\/02\/09\/dulce-limonada-obra-del-artista-diego-vicente-nueva-pieza-del-cemfac-de-los-llanos-de-aridane\/","og_locale":"es_ES","og_type":"article","og_title":"`Dulce limonada\u2019, obra del artista Diego Vicente. Nueva pieza del CEMFAC de Los Llanos de Aridane - Ayuntamiento de Los Llanos de Aridane","og_description":"El Ayuntamiento de Los Llanos de Aridane presenta el cartel y el programa de La Patrona 2021 con el lema \u201cRemedios, m\u00e1s que un nombre.\u201d","og_url":"https:\/\/www.aridane.org\/city\/2023\/02\/09\/dulce-limonada-obra-del-artista-diego-vicente-nueva-pieza-del-cemfac-de-los-llanos-de-aridane\/","og_site_name":"Ayuntamiento de Los Llanos de Aridane","article_published_time":"2023-02-09T09:49:57+00:00","author":"Richard Diaz","twitter_card":"summary_large_image","twitter_misc":{"Escrito por":"Richard Diaz","Tiempo de lectura":"3 minutos"},"schema":{"@context":"https:\/\/schema.org","@graph":[{"@type":"WebPage","@id":"https:\/\/www.aridane.org\/city\/2023\/02\/09\/dulce-limonada-obra-del-artista-diego-vicente-nueva-pieza-del-cemfac-de-los-llanos-de-aridane\/","url":"https:\/\/www.aridane.org\/city\/2023\/02\/09\/dulce-limonada-obra-del-artista-diego-vicente-nueva-pieza-del-cemfac-de-los-llanos-de-aridane\/","name":"`Dulce limonada\u2019, obra del artista Diego Vicente. Nueva pieza del CEMFAC de Los Llanos de Aridane - Ayuntamiento de Los Llanos de Aridane","isPartOf":{"@id":"https:\/\/www.aridane.org\/city\/#website"},"datePublished":"2023-02-09T09:49:57+00:00","dateModified":"2023-02-09T09:49:57+00:00","author":{"@id":"https:\/\/www.aridane.org\/city\/#\/schema\/person\/7d352ec7f29881716f298394432e7209"},"description":"El Ayuntamiento de Los Llanos de Aridane presenta el cartel y el programa de La Patrona 2021 con el lema \u201cRemedios, m\u00e1s que un nombre.\u201d","breadcrumb":{"@id":"https:\/\/www.aridane.org\/city\/2023\/02\/09\/dulce-limonada-obra-del-artista-diego-vicente-nueva-pieza-del-cemfac-de-los-llanos-de-aridane\/#breadcrumb"},"inLanguage":"es","potentialAction":[{"@type":"ReadAction","target":["https:\/\/www.aridane.org\/city\/2023\/02\/09\/dulce-limonada-obra-del-artista-diego-vicente-nueva-pieza-del-cemfac-de-los-llanos-de-aridane\/"]}]},{"@type":"BreadcrumbList","@id":"https:\/\/www.aridane.org\/city\/2023\/02\/09\/dulce-limonada-obra-del-artista-diego-vicente-nueva-pieza-del-cemfac-de-los-llanos-de-aridane\/#breadcrumb","itemListElement":[{"@type":"ListItem","position":1,"name":"Portada","item":"https:\/\/www.aridane.org\/city\/"},{"@type":"ListItem","position":2,"name":"`Dulce limonada\u2019, obra del artista Diego Vicente. Nueva pieza del CEMFAC de Los Llanos de Aridane"}]},{"@type":"WebSite","@id":"https:\/\/www.aridane.org\/city\/#website","url":"https:\/\/www.aridane.org\/city\/","name":"Ayuntamiento de Los Llanos de Aridane","description":"","potentialAction":[{"@type":"SearchAction","target":{"@type":"EntryPoint","urlTemplate":"https:\/\/www.aridane.org\/city\/?s={search_term_string}"},"query-input":"required name=search_term_string"}],"inLanguage":"es"},{"@type":"Person","@id":"https:\/\/www.aridane.org\/city\/#\/schema\/person\/7d352ec7f29881716f298394432e7209","name":"Richard Diaz","image":{"@type":"ImageObject","inLanguage":"es","@id":"https:\/\/www.aridane.org\/city\/#\/schema\/person\/image\/","url":"https:\/\/secure.gravatar.com\/avatar\/bacd6aefc26a4a204943090a4c596cd10f0857081ef3cfd12084a70ecb3161d5?s=96&d=mm&r=g","contentUrl":"https:\/\/secure.gravatar.com\/avatar\/bacd6aefc26a4a204943090a4c596cd10f0857081ef3cfd12084a70ecb3161d5?s=96&d=mm&r=g","caption":"Richard Diaz"},"sameAs":["https:\/\/www.aridane.org\/city"],"url":"https:\/\/www.aridane.org\/city\/author\/richard-diaz\/"}]}},"_links":{"self":[{"href":"https:\/\/www.aridane.org\/city\/wp-json\/wp\/v2\/posts\/1360","targetHints":{"allow":["GET"]}}],"collection":[{"href":"https:\/\/www.aridane.org\/city\/wp-json\/wp\/v2\/posts"}],"about":[{"href":"https:\/\/www.aridane.org\/city\/wp-json\/wp\/v2\/types\/post"}],"author":[{"embeddable":true,"href":"https:\/\/www.aridane.org\/city\/wp-json\/wp\/v2\/users\/1"}],"replies":[{"embeddable":true,"href":"https:\/\/www.aridane.org\/city\/wp-json\/wp\/v2\/comments?post=1360"}],"version-history":[{"count":0,"href":"https:\/\/www.aridane.org\/city\/wp-json\/wp\/v2\/posts\/1360\/revisions"}],"wp:attachment":[{"href":"https:\/\/www.aridane.org\/city\/wp-json\/wp\/v2\/media?parent=1360"}],"wp:term":[{"taxonomy":"category","embeddable":true,"href":"https:\/\/www.aridane.org\/city\/wp-json\/wp\/v2\/categories?post=1360"},{"taxonomy":"post_tag","embeddable":true,"href":"https:\/\/www.aridane.org\/city\/wp-json\/wp\/v2\/tags?post=1360"}],"curies":[{"name":"wp","href":"https:\/\/api.w.org\/{rel}","templated":true}]}}