{"id":1365,"date":"2023-02-10T09:57:05","date_gmt":"2023-02-10T09:57:05","guid":{"rendered":"https:\/\/aridane.org\/ciudad\/?p=1365"},"modified":"2023-02-10T09:57:05","modified_gmt":"2023-02-10T09:57:05","slug":"el-ayuntamiento-de-los-llanos-de-aridane-aplaza-la-gala-de-la-fantasia-adulta-debido-a-las-inclemencias-meteorologicas","status":"publish","type":"post","link":"https:\/\/www.aridane.org\/city\/2023\/02\/10\/el-ayuntamiento-de-los-llanos-de-aridane-aplaza-la-gala-de-la-fantasia-adulta-debido-a-las-inclemencias-meteorologicas\/","title":{"rendered":"El Ayuntamiento de Los Llanos de Aridane aplaza la Gala de la Fantas\u00eda Adulta debido a las inclemencias meteorol\u00f3gicas"},"content":{"rendered":"<section class=\"wpb-content-wrapper\"><p>[vc_row css_animation=\u00bb\u00bb row_type=\u00bbrow\u00bb use_row_as_full_screen_section=\u00bbno\u00bb type=\u00bbfull_width\u00bb angled_section=\u00bbno\u00bb text_align=\u00bbleft\u00bb background_image_as_pattern=\u00bbwithout_pattern\u00bb][vc_column][vc_row_inner row_type=\u00bbrow\u00bb type=\u00bbgrid\u00bb text_align=\u00bbleft\u00bb css_animation=\u00bb\u00bb][vc_column_inner][vc_empty_space height=\u00bb20px\u00bb][vc_column_text]<\/p>\n<ul>\n<li style=\"text-align: justify;\"><em>La concejal explica que, tras las reuniones mantenidas con los grupos del Carnaval y los dise\u00f1adores, \u00a0la Gala de La Fantas\u00eda Adulta se llevar\u00e1 a cabo el domingo, 12 de febrero, a partir de las 21:00 horas. Mientras, que la programaci\u00f3n para el s\u00e1bado, Festival de Murgas y Gala de Elecci\u00f3n de la Fantas\u00eda Infantil, se mantiene igual; y la Gala de Elecci\u00f3n de la Fantas\u00eda de la Gran Dama del Carnaval El Musical se trasladar\u00e1 para el lunes, a las 19:00 horas.<\/em><\/li>\n<li style=\"text-align: justify;\"><em>Adem\u00e1s, confirma que estas previsiones pueden estar sujetas a cambio, seg\u00fan se desarrolle la situaci\u00f3n meteorol\u00f3gica en el municipio.<\/em><\/li>\n<\/ul>\n<p>&nbsp;<\/p>\n<p style=\"text-align: justify;\"><strong>Los Llanos de Aridane, 9 de febrero de 2023.-<\/strong> El Ayuntamiento de Los Llanos de Aridane a trav\u00e9s de la concejal de Fiestas, M\u00f3nica Gonz\u00e1lez, ha confirmado que \u201ctras reunirnos con los grupos del Carnaval y los dise\u00f1adores, y debido a las inclemencias meteorol\u00f3gicas, la Gala de Elecci\u00f3n de la Fantas\u00eda Adulta se trasladar\u00e1 al pr\u00f3ximo domingo, 12 de febrero, a las 21:00 horas en el reciento del Carnaval, en la Plaza Juan Pablo II. Mientras que la Gala de Elecci\u00f3n de la Fantas\u00eda de la Gran Dama se trasladar\u00e1 al pr\u00f3ximo lunes 13 de febrero, a partir de las 19:00 horas\u201d, se\u00f1ala.<\/p>\n<p style=\"text-align: justify;\">Con respecto a la programaci\u00f3n del s\u00e1bado, Gonz\u00e1lez explica que por el momento se mantiene, y recuerda que a las 13:00 horas tendr\u00e1 lugar el festival de Murgas en la Plaza de Espa\u00f1a, \u201ccon la participaci\u00f3n de los Mamelucos, Bambones, Diablos Locos, y los Conejos Inolvidables\u201d. Mientras que a partir de las 19:00 horas se desarrollar\u00e1 la Gala de la Fantas\u00eda Infantil del Carnaval El Musical en el recinto del carnaval, en la Plaza Juan Pablo II.<\/p>\n<p style=\"text-align: justify;\">Adem\u00e1s, la concejal reconoce que estas previsiones est\u00e1n sujetas a cambio, \u201cseg\u00fan se desarrolle la situaci\u00f3n meteorol\u00f3gica en el municipio. Y confirma que \u201cdebido a la intensa organizaci\u00f3n que llevan los Carnavales estamos actuando de manera r\u00e1pida y urgente, con el fin de que nadie se viese perjudicado\u201d, se\u00f1ala.<\/p>\n<p style=\"text-align: justify;\">Por \u00faltimo, desde el Ayuntamiento de Los Llanos de Aridane se agradece a todos los grupos del carnaval y a todas las personas que est\u00e1n trabajando para en el desarrollo del mismo, \u201csu \u00a0esfuerzo, ganas y entrega para que se est\u00e9n llevando a cabo y sean todo un \u00e9xito\u201d.<\/p>\n<p>[\/vc_column_text][vc_empty_space height=\u00bb20px\u00bb][\/vc_column_inner][\/vc_row_inner][\/vc_column][\/vc_row]<\/p>\n<\/section>","protected":false},"excerpt":{"rendered":"<p>[vc_row css_animation=\u00bb\u00bb row_type=\u00bbrow\u00bb use_row_as_full_screen_section=\u00bbno\u00bb type=\u00bbfull_width\u00bb angled_section=\u00bbno\u00bb text_align=\u00bbleft\u00bb background_image_as_pattern=\u00bbwithout_pattern\u00bb][vc_column][vc_row_inner row_type=\u00bbrow\u00bb type=\u00bbgrid\u00bb text_align=\u00bbleft\u00bb css_animation=\u00bb\u00bb][vc_column_inner][vc_empty_space height=\u00bb20px\u00bb][vc_column_text] La concejal explica que, tras las reuniones mantenidas con los grupos del Carnaval y los dise\u00f1adores, \u00a0la Gala de La Fantas\u00eda Adulta se llevar\u00e1 a cabo el domingo, 12 de febrero, a&#8230;<\/p>\n","protected":false},"author":1,"featured_media":0,"comment_status":"closed","ping_status":"open","sticky":false,"template":"","format":"standard","meta":{"footnotes":""},"categories":[6],"tags":[],"class_list":["post-1365","post","type-post","status-publish","format-standard","hentry","category-prensa"],"yoast_head":"<!-- This site is optimized with the Yoast SEO plugin v22.7 - https:\/\/yoast.com\/wordpress\/plugins\/seo\/ -->\n<title>El Ayuntamiento de Los Llanos de Aridane aplaza la Gala de la Fantas\u00eda Adulta debido a las inclemencias meteorol\u00f3gicas - Ayuntamiento de Los Llanos de Aridane<\/title>\n<meta name=\"description\" content=\"El Ayuntamiento de Los Llanos de Aridane presenta el cartel y el programa de La Patrona 2021 con el lema \u201cRemedios, m\u00e1s que un nombre.\u201d\" \/>\n<meta name=\"robots\" content=\"index, follow, max-snippet:-1, max-image-preview:large, max-video-preview:-1\" \/>\n<link rel=\"canonical\" href=\"https:\/\/www.aridane.org\/city\/2023\/02\/10\/el-ayuntamiento-de-los-llanos-de-aridane-aplaza-la-gala-de-la-fantasia-adulta-debido-a-las-inclemencias-meteorologicas\/\" \/>\n<meta property=\"og:locale\" content=\"es_ES\" \/>\n<meta property=\"og:type\" content=\"article\" \/>\n<meta property=\"og:title\" content=\"El Ayuntamiento de Los Llanos de Aridane aplaza la Gala de la Fantas\u00eda Adulta debido a las inclemencias meteorol\u00f3gicas - Ayuntamiento de Los Llanos de Aridane\" \/>\n<meta property=\"og:description\" content=\"El Ayuntamiento de Los Llanos de Aridane presenta el cartel y el programa de La Patrona 2021 con el lema \u201cRemedios, m\u00e1s que un nombre.\u201d\" \/>\n<meta property=\"og:url\" content=\"https:\/\/www.aridane.org\/city\/2023\/02\/10\/el-ayuntamiento-de-los-llanos-de-aridane-aplaza-la-gala-de-la-fantasia-adulta-debido-a-las-inclemencias-meteorologicas\/\" \/>\n<meta property=\"og:site_name\" content=\"Ayuntamiento de Los Llanos de Aridane\" \/>\n<meta property=\"article:published_time\" content=\"2023-02-10T09:57:05+00:00\" \/>\n<meta name=\"author\" content=\"Richard Diaz\" \/>\n<meta name=\"twitter:card\" content=\"summary_large_image\" \/>\n<meta name=\"twitter:label1\" content=\"Escrito por\" \/>\n\t<meta name=\"twitter:data1\" content=\"Richard Diaz\" \/>\n\t<meta name=\"twitter:label2\" content=\"Tiempo de lectura\" \/>\n\t<meta name=\"twitter:data2\" content=\"2 minutos\" \/>\n<script type=\"application\/ld+json\" class=\"yoast-schema-graph\">{\"@context\":\"https:\/\/schema.org\",\"@graph\":[{\"@type\":\"WebPage\",\"@id\":\"https:\/\/www.aridane.org\/city\/2023\/02\/10\/el-ayuntamiento-de-los-llanos-de-aridane-aplaza-la-gala-de-la-fantasia-adulta-debido-a-las-inclemencias-meteorologicas\/\",\"url\":\"https:\/\/www.aridane.org\/city\/2023\/02\/10\/el-ayuntamiento-de-los-llanos-de-aridane-aplaza-la-gala-de-la-fantasia-adulta-debido-a-las-inclemencias-meteorologicas\/\",\"name\":\"El Ayuntamiento de Los Llanos de Aridane aplaza la Gala de la Fantas\u00eda Adulta debido a las inclemencias meteorol\u00f3gicas - Ayuntamiento de Los Llanos de Aridane\",\"isPartOf\":{\"@id\":\"https:\/\/www.aridane.org\/city\/#website\"},\"datePublished\":\"2023-02-10T09:57:05+00:00\",\"dateModified\":\"2023-02-10T09:57:05+00:00\",\"author\":{\"@id\":\"https:\/\/www.aridane.org\/city\/#\/schema\/person\/7d352ec7f29881716f298394432e7209\"},\"description\":\"El Ayuntamiento de Los Llanos de Aridane presenta el cartel y el programa de La Patrona 2021 con el lema \u201cRemedios, m\u00e1s que un nombre.\u201d\",\"breadcrumb\":{\"@id\":\"https:\/\/www.aridane.org\/city\/2023\/02\/10\/el-ayuntamiento-de-los-llanos-de-aridane-aplaza-la-gala-de-la-fantasia-adulta-debido-a-las-inclemencias-meteorologicas\/#breadcrumb\"},\"inLanguage\":\"es\",\"potentialAction\":[{\"@type\":\"ReadAction\",\"target\":[\"https:\/\/www.aridane.org\/city\/2023\/02\/10\/el-ayuntamiento-de-los-llanos-de-aridane-aplaza-la-gala-de-la-fantasia-adulta-debido-a-las-inclemencias-meteorologicas\/\"]}]},{\"@type\":\"BreadcrumbList\",\"@id\":\"https:\/\/www.aridane.org\/city\/2023\/02\/10\/el-ayuntamiento-de-los-llanos-de-aridane-aplaza-la-gala-de-la-fantasia-adulta-debido-a-las-inclemencias-meteorologicas\/#breadcrumb\",\"itemListElement\":[{\"@type\":\"ListItem\",\"position\":1,\"name\":\"Portada\",\"item\":\"https:\/\/www.aridane.org\/city\/\"},{\"@type\":\"ListItem\",\"position\":2,\"name\":\"El Ayuntamiento de Los Llanos de Aridane aplaza la Gala de la Fantas\u00eda Adulta debido a las inclemencias meteorol\u00f3gicas\"}]},{\"@type\":\"WebSite\",\"@id\":\"https:\/\/www.aridane.org\/city\/#website\",\"url\":\"https:\/\/www.aridane.org\/city\/\",\"name\":\"Ayuntamiento de Los Llanos de Aridane\",\"description\":\"\",\"potentialAction\":[{\"@type\":\"SearchAction\",\"target\":{\"@type\":\"EntryPoint\",\"urlTemplate\":\"https:\/\/www.aridane.org\/city\/?s={search_term_string}\"},\"query-input\":\"required name=search_term_string\"}],\"inLanguage\":\"es\"},{\"@type\":\"Person\",\"@id\":\"https:\/\/www.aridane.org\/city\/#\/schema\/person\/7d352ec7f29881716f298394432e7209\",\"name\":\"Richard Diaz\",\"image\":{\"@type\":\"ImageObject\",\"inLanguage\":\"es\",\"@id\":\"https:\/\/www.aridane.org\/city\/#\/schema\/person\/image\/\",\"url\":\"https:\/\/secure.gravatar.com\/avatar\/bacd6aefc26a4a204943090a4c596cd10f0857081ef3cfd12084a70ecb3161d5?s=96&d=mm&r=g\",\"contentUrl\":\"https:\/\/secure.gravatar.com\/avatar\/bacd6aefc26a4a204943090a4c596cd10f0857081ef3cfd12084a70ecb3161d5?s=96&d=mm&r=g\",\"caption\":\"Richard Diaz\"},\"sameAs\":[\"https:\/\/www.aridane.org\/city\"],\"url\":\"https:\/\/www.aridane.org\/city\/author\/richard-diaz\/\"}]}<\/script>\n<!-- \/ Yoast SEO plugin. -->","yoast_head_json":{"title":"El Ayuntamiento de Los Llanos de Aridane aplaza la Gala de la Fantas\u00eda Adulta debido a las inclemencias meteorol\u00f3gicas - Ayuntamiento de Los Llanos de Aridane","description":"El Ayuntamiento de Los Llanos de Aridane presenta el cartel y el programa de La Patrona 2021 con el lema \u201cRemedios, m\u00e1s que un nombre.\u201d","robots":{"index":"index","follow":"follow","max-snippet":"max-snippet:-1","max-image-preview":"max-image-preview:large","max-video-preview":"max-video-preview:-1"},"canonical":"https:\/\/www.aridane.org\/city\/2023\/02\/10\/el-ayuntamiento-de-los-llanos-de-aridane-aplaza-la-gala-de-la-fantasia-adulta-debido-a-las-inclemencias-meteorologicas\/","og_locale":"es_ES","og_type":"article","og_title":"El Ayuntamiento de Los Llanos de Aridane aplaza la Gala de la Fantas\u00eda Adulta debido a las inclemencias meteorol\u00f3gicas - Ayuntamiento de Los Llanos de Aridane","og_description":"El Ayuntamiento de Los Llanos de Aridane presenta el cartel y el programa de La Patrona 2021 con el lema \u201cRemedios, m\u00e1s que un nombre.\u201d","og_url":"https:\/\/www.aridane.org\/city\/2023\/02\/10\/el-ayuntamiento-de-los-llanos-de-aridane-aplaza-la-gala-de-la-fantasia-adulta-debido-a-las-inclemencias-meteorologicas\/","og_site_name":"Ayuntamiento de Los Llanos de Aridane","article_published_time":"2023-02-10T09:57:05+00:00","author":"Richard Diaz","twitter_card":"summary_large_image","twitter_misc":{"Escrito por":"Richard Diaz","Tiempo de lectura":"2 minutos"},"schema":{"@context":"https:\/\/schema.org","@graph":[{"@type":"WebPage","@id":"https:\/\/www.aridane.org\/city\/2023\/02\/10\/el-ayuntamiento-de-los-llanos-de-aridane-aplaza-la-gala-de-la-fantasia-adulta-debido-a-las-inclemencias-meteorologicas\/","url":"https:\/\/www.aridane.org\/city\/2023\/02\/10\/el-ayuntamiento-de-los-llanos-de-aridane-aplaza-la-gala-de-la-fantasia-adulta-debido-a-las-inclemencias-meteorologicas\/","name":"El Ayuntamiento de Los Llanos de Aridane aplaza la Gala de la Fantas\u00eda Adulta debido a las inclemencias meteorol\u00f3gicas - Ayuntamiento de Los Llanos de Aridane","isPartOf":{"@id":"https:\/\/www.aridane.org\/city\/#website"},"datePublished":"2023-02-10T09:57:05+00:00","dateModified":"2023-02-10T09:57:05+00:00","author":{"@id":"https:\/\/www.aridane.org\/city\/#\/schema\/person\/7d352ec7f29881716f298394432e7209"},"description":"El Ayuntamiento de Los Llanos de Aridane presenta el cartel y el programa de La Patrona 2021 con el lema \u201cRemedios, m\u00e1s que un nombre.\u201d","breadcrumb":{"@id":"https:\/\/www.aridane.org\/city\/2023\/02\/10\/el-ayuntamiento-de-los-llanos-de-aridane-aplaza-la-gala-de-la-fantasia-adulta-debido-a-las-inclemencias-meteorologicas\/#breadcrumb"},"inLanguage":"es","potentialAction":[{"@type":"ReadAction","target":["https:\/\/www.aridane.org\/city\/2023\/02\/10\/el-ayuntamiento-de-los-llanos-de-aridane-aplaza-la-gala-de-la-fantasia-adulta-debido-a-las-inclemencias-meteorologicas\/"]}]},{"@type":"BreadcrumbList","@id":"https:\/\/www.aridane.org\/city\/2023\/02\/10\/el-ayuntamiento-de-los-llanos-de-aridane-aplaza-la-gala-de-la-fantasia-adulta-debido-a-las-inclemencias-meteorologicas\/#breadcrumb","itemListElement":[{"@type":"ListItem","position":1,"name":"Portada","item":"https:\/\/www.aridane.org\/city\/"},{"@type":"ListItem","position":2,"name":"El Ayuntamiento de Los Llanos de Aridane aplaza la Gala de la Fantas\u00eda Adulta debido a las inclemencias meteorol\u00f3gicas"}]},{"@type":"WebSite","@id":"https:\/\/www.aridane.org\/city\/#website","url":"https:\/\/www.aridane.org\/city\/","name":"Ayuntamiento de Los Llanos de Aridane","description":"","potentialAction":[{"@type":"SearchAction","target":{"@type":"EntryPoint","urlTemplate":"https:\/\/www.aridane.org\/city\/?s={search_term_string}"},"query-input":"required name=search_term_string"}],"inLanguage":"es"},{"@type":"Person","@id":"https:\/\/www.aridane.org\/city\/#\/schema\/person\/7d352ec7f29881716f298394432e7209","name":"Richard Diaz","image":{"@type":"ImageObject","inLanguage":"es","@id":"https:\/\/www.aridane.org\/city\/#\/schema\/person\/image\/","url":"https:\/\/secure.gravatar.com\/avatar\/bacd6aefc26a4a204943090a4c596cd10f0857081ef3cfd12084a70ecb3161d5?s=96&d=mm&r=g","contentUrl":"https:\/\/secure.gravatar.com\/avatar\/bacd6aefc26a4a204943090a4c596cd10f0857081ef3cfd12084a70ecb3161d5?s=96&d=mm&r=g","caption":"Richard Diaz"},"sameAs":["https:\/\/www.aridane.org\/city"],"url":"https:\/\/www.aridane.org\/city\/author\/richard-diaz\/"}]}},"_links":{"self":[{"href":"https:\/\/www.aridane.org\/city\/wp-json\/wp\/v2\/posts\/1365","targetHints":{"allow":["GET"]}}],"collection":[{"href":"https:\/\/www.aridane.org\/city\/wp-json\/wp\/v2\/posts"}],"about":[{"href":"https:\/\/www.aridane.org\/city\/wp-json\/wp\/v2\/types\/post"}],"author":[{"embeddable":true,"href":"https:\/\/www.aridane.org\/city\/wp-json\/wp\/v2\/users\/1"}],"replies":[{"embeddable":true,"href":"https:\/\/www.aridane.org\/city\/wp-json\/wp\/v2\/comments?post=1365"}],"version-history":[{"count":0,"href":"https:\/\/www.aridane.org\/city\/wp-json\/wp\/v2\/posts\/1365\/revisions"}],"wp:attachment":[{"href":"https:\/\/www.aridane.org\/city\/wp-json\/wp\/v2\/media?parent=1365"}],"wp:term":[{"taxonomy":"category","embeddable":true,"href":"https:\/\/www.aridane.org\/city\/wp-json\/wp\/v2\/categories?post=1365"},{"taxonomy":"post_tag","embeddable":true,"href":"https:\/\/www.aridane.org\/city\/wp-json\/wp\/v2\/tags?post=1365"}],"curies":[{"name":"wp","href":"https:\/\/api.w.org\/{rel}","templated":true}]}}