{"id":1368,"date":"2023-02-10T14:32:26","date_gmt":"2023-02-10T14:32:26","guid":{"rendered":"https:\/\/aridane.org\/ciudad\/?p=1368"},"modified":"2023-02-10T14:32:26","modified_gmt":"2023-02-10T14:32:26","slug":"todo-preparado-en-los-llanos-para-vivir-manana-el-festival-de-murgas-y-la-gala-de-eleccion-de-la-fantasia-infantil-del-carnaval-el-musical","status":"publish","type":"post","link":"https:\/\/www.aridane.org\/city\/2023\/02\/10\/todo-preparado-en-los-llanos-para-vivir-manana-el-festival-de-murgas-y-la-gala-de-eleccion-de-la-fantasia-infantil-del-carnaval-el-musical\/","title":{"rendered":"Todo preparado en Los Llanos para vivir ma\u00f1ana el Festival de Murgas y la Gala de elecci\u00f3n de la Fantas\u00eda Infantil del Carnaval El Musical"},"content":{"rendered":"<section class=\"wpb-content-wrapper\"><p>[vc_row css_animation=\u00bb\u00bb row_type=\u00bbrow\u00bb use_row_as_full_screen_section=\u00bbno\u00bb type=\u00bbfull_width\u00bb angled_section=\u00bbno\u00bb text_align=\u00bbleft\u00bb background_image_as_pattern=\u00bbwithout_pattern\u00bb][vc_column][vc_row_inner row_type=\u00bbrow\u00bb type=\u00bbgrid\u00bb text_align=\u00bbleft\u00bb css_animation=\u00bb\u00bb][vc_column_inner][vc_empty_space height=\u00bb20px\u00bb][vc_column_text]<\/p>\n<ul>\n<li style=\"text-align: justify;\"><em>La concejal explica que el Festival de Murgas comenzar\u00e1 a las 12:30 horas, en la Plaza de Espa\u00f1a. Mientas que la Gala Infantil ser\u00e1 a partir de las 19:00 horas en el reciento del Carnaval, Plaza Juan Pablo II.<\/em><\/li>\n<li style=\"text-align: justify;\"><em>Adem\u00e1s recuerda que esta programaci\u00f3n est\u00e1 sujeta a cambios, seg\u00fan se desarrolle la situaci\u00f3n meteorol\u00f3gica en el municipio.<\/em><\/li>\n<\/ul>\n<p>&nbsp;<\/p>\n<p style=\"text-align: justify;\"><strong>Los Llanos de Aridane, 10 de febrero de 2022.-<\/strong>El Ayuntamiento de Los Llanos de Aridane a trav\u00e9s del concejal de Fiestas, M\u00f3nica Gonz\u00e1lez, ha confirmado que \u201cya est\u00e1 todo preparado en el municipio acoja ma\u00f1ana, s\u00e1bado 11 de febrero, el Festival de Murgas y la Gala de elecci\u00f3n de la Fantas\u00eda Infantil del Carnaval El Musical. Aunque la programaci\u00f3n est\u00e1 sujeta a cambios, seg\u00fan se desarrolle la situaci\u00f3n meteor\u00f3loga en el municipio\u201d, se\u00f1ala.<\/p>\n<p style=\"text-align: justify;\">La concejal explica que a partir de las 12:30 horas, en la Plaza de Espa\u00f1a, tendr\u00e1 lugar el Festival de Murgas, con la participaci\u00f3n de los Mamelucos, los Bambones, los Diablos Locos, y los Conejos Inolvidables, \u201ca quienes agradecemos, una vez m\u00e1s, su disponibilidad, y disposici\u00f3n para seguir haciendo grande el carnaval de Los Llanos de Aridane\u201d.<\/p>\n<p style=\"text-align: justify;\">Posteriormente, a las 19:00 y esta vez en el reciento del Carnaval, en la Plaza Juan Pablo II, tres candidatas se disputar\u00e1n el t\u00edtulo de Fantas\u00eda Infantil del Carnaval El Musical de Los Llanos de Aridane, en una gala que estar\u00e1 presentada por Tot\u00f3 El Payaso, y que contar\u00e1 con las actuaciones de: Ohana Infantil, Baby Corazao, Inicia, Samba Do Corazao Baby, Cacao, Samba Do Corazao, y con la actuaci\u00f3n del Grupo Epsylon\u201d.<\/p>\n<p style=\"text-align: justify;\">Por \u00faltimo, desde el Ayuntamiento de Los Llanos de Aridane invitamos a todas las personas que lo deseen a participar en las distintas actividades que se han programado dentro del Carnaval El Musical, y \u201cagradecemos el esfuerzo, trabajo e involucraci\u00f3n de todos los grupos del carnaval, as\u00ed como de todas las personas que est\u00e1n trabajando en el desarrollo del mismo, para que sea, un a\u00f1o m\u00e1s, todo un \u00e9xito\u201d.<\/p>\n<p>&nbsp;<\/p>\n<p><strong>Candidatas Fantas\u00eda Infantil Carnaval El Musical<\/strong><\/p>\n<p style=\"text-align: justify;\"><strong>1.- Yeneva Hern\u00e1ndez Rodr\u00edguez\u00a0<\/strong><br \/>\nFantas\u00eda: \u201cTodos me quieren a m\u00ed\u201d<br \/>\nDise\u00f1ador: Fco. Javier Rguez. Pedrianes<br \/>\nRepresenta a: Asociaci\u00f3n Dise\u00f1adores del Carnaval Auharita, Asociaci\u00f3n de Vecinos El Retamar,Casitas Rosheli, FRAN autoescuela, ValleMar Congelados, Arvelo jugueter\u00eda, Agr\u00edcolas AgroLaguna, Mini Market, Vicente D\u00edaz D\u00edaz Carpinter\u00eda de aluminio, Rinc\u00f3n de Fidela, Agr\u00edcola Anibe S. L., D- Hormiguss SLU, Valent\u00edn Ramos Servicio T\u00e9cnico y Asesoramiento, NANNO`S GOURMET.<\/p>\n<p style=\"text-align: justify;\"><strong>2.- Martina Molina Hern\u00e1ndez<\/strong><br \/>\nFantas\u00eda: \u201cA recoger, a colocar, cada cosita en su lugar\u201d<br \/>\nDise\u00f1os Meli\u00e1n<br \/>\nRepresenta a: Asociaci\u00f3n de Vecinos Los Barros \u2013 Los Pedregales, Transportes Acosta G\u00f3mez(TAG), CLIMACO Inform\u00e1tica, BRISAN La Palma, Tienda de Ropa Infantil Arco Iris El Paso, Ayuntamiento de Tazacorte, Ayuntamiento de Puntallana, Bingo La Palma, Alvafre Transporte y Excavaciones, Palmafrut, Desi peluquer\u00eda y est\u00e9tica, Antojitos.<\/p>\n<p style=\"text-align: justify;\"><strong>3.- Mariana Hern\u00e1ndez Mart\u00edn.<\/strong><br \/>\nFantas\u00eda: Divi\u00e9rtete conmigo.<br \/>\nDise\u00f1o: Miguel Hern\u00e1ndez Riverol<br \/>\nRepresenta a: Asociaci\u00f3n de Vecinos Los Barros \u2013 Los Pedregales, Ayuntamiento de Garaf\u00eda, Agroisle\u00f1a, Merjo, J. N. Novias, Kiosco Tenegu\u00eda, Transportes Fran, Bodegas Perdomo, Multiservicios Alejandro Barreto Castro, Suma Supermercados, Las Tricias Supermercado, Platanitos Kennedy, Frutas NaturPalma, Transportes \u2013 Gr\u00faas \u2013 Contenedores Alberto, Autoescuela Diego, El Plus del Fumador, El Geco Libero, Danymar Sider\u00fargicos, Churrer\u00eda Isidro, Caucho Taller Mec\u00e1nico, Carpinter\u00eda Antonio Le\u00f3n, Servicio R\u00e1pido Ag\u00fcita, Helader\u00eda La Dolce Vita.<\/p>\n<p>[\/vc_column_text][vc_empty_space height=\u00bb20px\u00bb][\/vc_column_inner][\/vc_row_inner][\/vc_column][\/vc_row]<\/p>\n<\/section>","protected":false},"excerpt":{"rendered":"<p>[vc_row css_animation=\u00bb\u00bb row_type=\u00bbrow\u00bb use_row_as_full_screen_section=\u00bbno\u00bb type=\u00bbfull_width\u00bb angled_section=\u00bbno\u00bb text_align=\u00bbleft\u00bb background_image_as_pattern=\u00bbwithout_pattern\u00bb][vc_column][vc_row_inner row_type=\u00bbrow\u00bb type=\u00bbgrid\u00bb text_align=\u00bbleft\u00bb css_animation=\u00bb\u00bb][vc_column_inner][vc_empty_space height=\u00bb20px\u00bb][vc_column_text] La concejal explica que el Festival de Murgas comenzar\u00e1 a las 12:30 horas, en la Plaza de Espa\u00f1a. Mientas que la Gala Infantil ser\u00e1 a partir de las 19:00 horas en el&#8230;<\/p>\n","protected":false},"author":1,"featured_media":0,"comment_status":"closed","ping_status":"open","sticky":false,"template":"","format":"standard","meta":{"footnotes":""},"categories":[6],"tags":[],"class_list":["post-1368","post","type-post","status-publish","format-standard","hentry","category-prensa"],"yoast_head":"<!-- This site is optimized with the Yoast SEO plugin v22.7 - https:\/\/yoast.com\/wordpress\/plugins\/seo\/ -->\n<title>Todo preparado en Los Llanos para vivir ma\u00f1ana el Festival de Murgas y la Gala de elecci\u00f3n de la Fantas\u00eda Infantil del Carnaval El Musical - Ayuntamiento de Los Llanos de Aridane<\/title>\n<meta name=\"description\" content=\"El Ayuntamiento de Los Llanos de Aridane presenta el cartel y el programa de La Patrona 2021 con el lema \u201cRemedios, m\u00e1s que un nombre.\u201d\" \/>\n<meta name=\"robots\" content=\"index, follow, max-snippet:-1, max-image-preview:large, max-video-preview:-1\" \/>\n<link rel=\"canonical\" href=\"https:\/\/www.aridane.org\/city\/2023\/02\/10\/todo-preparado-en-los-llanos-para-vivir-manana-el-festival-de-murgas-y-la-gala-de-eleccion-de-la-fantasia-infantil-del-carnaval-el-musical\/\" \/>\n<meta property=\"og:locale\" content=\"es_ES\" \/>\n<meta property=\"og:type\" content=\"article\" \/>\n<meta property=\"og:title\" content=\"Todo preparado en Los Llanos para vivir ma\u00f1ana el Festival de Murgas y la Gala de elecci\u00f3n de la Fantas\u00eda Infantil del Carnaval El Musical - Ayuntamiento de Los Llanos de Aridane\" \/>\n<meta property=\"og:description\" content=\"El Ayuntamiento de Los Llanos de Aridane presenta el cartel y el programa de La Patrona 2021 con el lema \u201cRemedios, m\u00e1s que un nombre.\u201d\" \/>\n<meta property=\"og:url\" content=\"https:\/\/www.aridane.org\/city\/2023\/02\/10\/todo-preparado-en-los-llanos-para-vivir-manana-el-festival-de-murgas-y-la-gala-de-eleccion-de-la-fantasia-infantil-del-carnaval-el-musical\/\" \/>\n<meta property=\"og:site_name\" content=\"Ayuntamiento de Los Llanos de Aridane\" \/>\n<meta property=\"article:published_time\" content=\"2023-02-10T14:32:26+00:00\" \/>\n<meta name=\"author\" content=\"Richard Diaz\" \/>\n<meta name=\"twitter:card\" content=\"summary_large_image\" \/>\n<meta name=\"twitter:label1\" content=\"Escrito por\" \/>\n\t<meta name=\"twitter:data1\" content=\"Richard Diaz\" \/>\n\t<meta name=\"twitter:label2\" content=\"Tiempo de lectura\" \/>\n\t<meta name=\"twitter:data2\" content=\"3 minutos\" \/>\n<script type=\"application\/ld+json\" class=\"yoast-schema-graph\">{\"@context\":\"https:\/\/schema.org\",\"@graph\":[{\"@type\":\"WebPage\",\"@id\":\"https:\/\/www.aridane.org\/city\/2023\/02\/10\/todo-preparado-en-los-llanos-para-vivir-manana-el-festival-de-murgas-y-la-gala-de-eleccion-de-la-fantasia-infantil-del-carnaval-el-musical\/\",\"url\":\"https:\/\/www.aridane.org\/city\/2023\/02\/10\/todo-preparado-en-los-llanos-para-vivir-manana-el-festival-de-murgas-y-la-gala-de-eleccion-de-la-fantasia-infantil-del-carnaval-el-musical\/\",\"name\":\"Todo preparado en Los Llanos para vivir ma\u00f1ana el Festival de Murgas y la Gala de elecci\u00f3n de la Fantas\u00eda Infantil del Carnaval El Musical - Ayuntamiento de Los Llanos de Aridane\",\"isPartOf\":{\"@id\":\"https:\/\/www.aridane.org\/city\/#website\"},\"datePublished\":\"2023-02-10T14:32:26+00:00\",\"dateModified\":\"2023-02-10T14:32:26+00:00\",\"author\":{\"@id\":\"https:\/\/www.aridane.org\/city\/#\/schema\/person\/7d352ec7f29881716f298394432e7209\"},\"description\":\"El Ayuntamiento de Los Llanos de Aridane presenta el cartel y el programa de La Patrona 2021 con el lema \u201cRemedios, m\u00e1s que un nombre.\u201d\",\"breadcrumb\":{\"@id\":\"https:\/\/www.aridane.org\/city\/2023\/02\/10\/todo-preparado-en-los-llanos-para-vivir-manana-el-festival-de-murgas-y-la-gala-de-eleccion-de-la-fantasia-infantil-del-carnaval-el-musical\/#breadcrumb\"},\"inLanguage\":\"es\",\"potentialAction\":[{\"@type\":\"ReadAction\",\"target\":[\"https:\/\/www.aridane.org\/city\/2023\/02\/10\/todo-preparado-en-los-llanos-para-vivir-manana-el-festival-de-murgas-y-la-gala-de-eleccion-de-la-fantasia-infantil-del-carnaval-el-musical\/\"]}]},{\"@type\":\"BreadcrumbList\",\"@id\":\"https:\/\/www.aridane.org\/city\/2023\/02\/10\/todo-preparado-en-los-llanos-para-vivir-manana-el-festival-de-murgas-y-la-gala-de-eleccion-de-la-fantasia-infantil-del-carnaval-el-musical\/#breadcrumb\",\"itemListElement\":[{\"@type\":\"ListItem\",\"position\":1,\"name\":\"Portada\",\"item\":\"https:\/\/www.aridane.org\/city\/\"},{\"@type\":\"ListItem\",\"position\":2,\"name\":\"Todo preparado en Los Llanos para vivir ma\u00f1ana el Festival de Murgas y la Gala de elecci\u00f3n de la Fantas\u00eda Infantil del Carnaval El Musical\"}]},{\"@type\":\"WebSite\",\"@id\":\"https:\/\/www.aridane.org\/city\/#website\",\"url\":\"https:\/\/www.aridane.org\/city\/\",\"name\":\"Ayuntamiento de Los Llanos de Aridane\",\"description\":\"\",\"potentialAction\":[{\"@type\":\"SearchAction\",\"target\":{\"@type\":\"EntryPoint\",\"urlTemplate\":\"https:\/\/www.aridane.org\/city\/?s={search_term_string}\"},\"query-input\":\"required name=search_term_string\"}],\"inLanguage\":\"es\"},{\"@type\":\"Person\",\"@id\":\"https:\/\/www.aridane.org\/city\/#\/schema\/person\/7d352ec7f29881716f298394432e7209\",\"name\":\"Richard Diaz\",\"image\":{\"@type\":\"ImageObject\",\"inLanguage\":\"es\",\"@id\":\"https:\/\/www.aridane.org\/city\/#\/schema\/person\/image\/\",\"url\":\"https:\/\/secure.gravatar.com\/avatar\/bacd6aefc26a4a204943090a4c596cd10f0857081ef3cfd12084a70ecb3161d5?s=96&d=mm&r=g\",\"contentUrl\":\"https:\/\/secure.gravatar.com\/avatar\/bacd6aefc26a4a204943090a4c596cd10f0857081ef3cfd12084a70ecb3161d5?s=96&d=mm&r=g\",\"caption\":\"Richard Diaz\"},\"sameAs\":[\"https:\/\/www.aridane.org\/city\"],\"url\":\"https:\/\/www.aridane.org\/city\/author\/richard-diaz\/\"}]}<\/script>\n<!-- \/ Yoast SEO plugin. -->","yoast_head_json":{"title":"Todo preparado en Los Llanos para vivir ma\u00f1ana el Festival de Murgas y la Gala de elecci\u00f3n de la Fantas\u00eda Infantil del Carnaval El Musical - Ayuntamiento de Los Llanos de Aridane","description":"El Ayuntamiento de Los Llanos de Aridane presenta el cartel y el programa de La Patrona 2021 con el lema \u201cRemedios, m\u00e1s que un nombre.\u201d","robots":{"index":"index","follow":"follow","max-snippet":"max-snippet:-1","max-image-preview":"max-image-preview:large","max-video-preview":"max-video-preview:-1"},"canonical":"https:\/\/www.aridane.org\/city\/2023\/02\/10\/todo-preparado-en-los-llanos-para-vivir-manana-el-festival-de-murgas-y-la-gala-de-eleccion-de-la-fantasia-infantil-del-carnaval-el-musical\/","og_locale":"es_ES","og_type":"article","og_title":"Todo preparado en Los Llanos para vivir ma\u00f1ana el Festival de Murgas y la Gala de elecci\u00f3n de la Fantas\u00eda Infantil del Carnaval El Musical - Ayuntamiento de Los Llanos de Aridane","og_description":"El Ayuntamiento de Los Llanos de Aridane presenta el cartel y el programa de La Patrona 2021 con el lema \u201cRemedios, m\u00e1s que un nombre.\u201d","og_url":"https:\/\/www.aridane.org\/city\/2023\/02\/10\/todo-preparado-en-los-llanos-para-vivir-manana-el-festival-de-murgas-y-la-gala-de-eleccion-de-la-fantasia-infantil-del-carnaval-el-musical\/","og_site_name":"Ayuntamiento de Los Llanos de Aridane","article_published_time":"2023-02-10T14:32:26+00:00","author":"Richard Diaz","twitter_card":"summary_large_image","twitter_misc":{"Escrito por":"Richard Diaz","Tiempo de lectura":"3 minutos"},"schema":{"@context":"https:\/\/schema.org","@graph":[{"@type":"WebPage","@id":"https:\/\/www.aridane.org\/city\/2023\/02\/10\/todo-preparado-en-los-llanos-para-vivir-manana-el-festival-de-murgas-y-la-gala-de-eleccion-de-la-fantasia-infantil-del-carnaval-el-musical\/","url":"https:\/\/www.aridane.org\/city\/2023\/02\/10\/todo-preparado-en-los-llanos-para-vivir-manana-el-festival-de-murgas-y-la-gala-de-eleccion-de-la-fantasia-infantil-del-carnaval-el-musical\/","name":"Todo preparado en Los Llanos para vivir ma\u00f1ana el Festival de Murgas y la Gala de elecci\u00f3n de la Fantas\u00eda Infantil del Carnaval El Musical - Ayuntamiento de Los Llanos de Aridane","isPartOf":{"@id":"https:\/\/www.aridane.org\/city\/#website"},"datePublished":"2023-02-10T14:32:26+00:00","dateModified":"2023-02-10T14:32:26+00:00","author":{"@id":"https:\/\/www.aridane.org\/city\/#\/schema\/person\/7d352ec7f29881716f298394432e7209"},"description":"El Ayuntamiento de Los Llanos de Aridane presenta el cartel y el programa de La Patrona 2021 con el lema \u201cRemedios, m\u00e1s que un nombre.\u201d","breadcrumb":{"@id":"https:\/\/www.aridane.org\/city\/2023\/02\/10\/todo-preparado-en-los-llanos-para-vivir-manana-el-festival-de-murgas-y-la-gala-de-eleccion-de-la-fantasia-infantil-del-carnaval-el-musical\/#breadcrumb"},"inLanguage":"es","potentialAction":[{"@type":"ReadAction","target":["https:\/\/www.aridane.org\/city\/2023\/02\/10\/todo-preparado-en-los-llanos-para-vivir-manana-el-festival-de-murgas-y-la-gala-de-eleccion-de-la-fantasia-infantil-del-carnaval-el-musical\/"]}]},{"@type":"BreadcrumbList","@id":"https:\/\/www.aridane.org\/city\/2023\/02\/10\/todo-preparado-en-los-llanos-para-vivir-manana-el-festival-de-murgas-y-la-gala-de-eleccion-de-la-fantasia-infantil-del-carnaval-el-musical\/#breadcrumb","itemListElement":[{"@type":"ListItem","position":1,"name":"Portada","item":"https:\/\/www.aridane.org\/city\/"},{"@type":"ListItem","position":2,"name":"Todo preparado en Los Llanos para vivir ma\u00f1ana el Festival de Murgas y la Gala de elecci\u00f3n de la Fantas\u00eda Infantil del Carnaval El Musical"}]},{"@type":"WebSite","@id":"https:\/\/www.aridane.org\/city\/#website","url":"https:\/\/www.aridane.org\/city\/","name":"Ayuntamiento de Los Llanos de Aridane","description":"","potentialAction":[{"@type":"SearchAction","target":{"@type":"EntryPoint","urlTemplate":"https:\/\/www.aridane.org\/city\/?s={search_term_string}"},"query-input":"required name=search_term_string"}],"inLanguage":"es"},{"@type":"Person","@id":"https:\/\/www.aridane.org\/city\/#\/schema\/person\/7d352ec7f29881716f298394432e7209","name":"Richard Diaz","image":{"@type":"ImageObject","inLanguage":"es","@id":"https:\/\/www.aridane.org\/city\/#\/schema\/person\/image\/","url":"https:\/\/secure.gravatar.com\/avatar\/bacd6aefc26a4a204943090a4c596cd10f0857081ef3cfd12084a70ecb3161d5?s=96&d=mm&r=g","contentUrl":"https:\/\/secure.gravatar.com\/avatar\/bacd6aefc26a4a204943090a4c596cd10f0857081ef3cfd12084a70ecb3161d5?s=96&d=mm&r=g","caption":"Richard Diaz"},"sameAs":["https:\/\/www.aridane.org\/city"],"url":"https:\/\/www.aridane.org\/city\/author\/richard-diaz\/"}]}},"_links":{"self":[{"href":"https:\/\/www.aridane.org\/city\/wp-json\/wp\/v2\/posts\/1368","targetHints":{"allow":["GET"]}}],"collection":[{"href":"https:\/\/www.aridane.org\/city\/wp-json\/wp\/v2\/posts"}],"about":[{"href":"https:\/\/www.aridane.org\/city\/wp-json\/wp\/v2\/types\/post"}],"author":[{"embeddable":true,"href":"https:\/\/www.aridane.org\/city\/wp-json\/wp\/v2\/users\/1"}],"replies":[{"embeddable":true,"href":"https:\/\/www.aridane.org\/city\/wp-json\/wp\/v2\/comments?post=1368"}],"version-history":[{"count":0,"href":"https:\/\/www.aridane.org\/city\/wp-json\/wp\/v2\/posts\/1368\/revisions"}],"wp:attachment":[{"href":"https:\/\/www.aridane.org\/city\/wp-json\/wp\/v2\/media?parent=1368"}],"wp:term":[{"taxonomy":"category","embeddable":true,"href":"https:\/\/www.aridane.org\/city\/wp-json\/wp\/v2\/categories?post=1368"},{"taxonomy":"post_tag","embeddable":true,"href":"https:\/\/www.aridane.org\/city\/wp-json\/wp\/v2\/tags?post=1368"}],"curies":[{"name":"wp","href":"https:\/\/api.w.org\/{rel}","templated":true}]}}