{"id":1371,"date":"2023-02-11T10:10:45","date_gmt":"2023-02-11T10:10:45","guid":{"rendered":"https:\/\/aridane.org\/ciudad\/?p=1371"},"modified":"2023-02-11T10:10:45","modified_gmt":"2023-02-11T10:10:45","slug":"cinco-candidatas-se-disputaran-el-titulo-de-fantasia-adulta-del-carnaval-el-musical-de-los-llanos-de-aridane","status":"publish","type":"post","link":"https:\/\/www.aridane.org\/city\/2023\/02\/11\/cinco-candidatas-se-disputaran-el-titulo-de-fantasia-adulta-del-carnaval-el-musical-de-los-llanos-de-aridane\/","title":{"rendered":"Cinco candidatas se disputar\u00e1n el t\u00edtulo de Fantas\u00eda Adulta del Carnaval El Musical de Los Llanos de Aridane"},"content":{"rendered":"<section class=\"wpb-content-wrapper\"><p>[vc_row css_animation=\u00bb\u00bb row_type=\u00bbrow\u00bb use_row_as_full_screen_section=\u00bbno\u00bb type=\u00bbfull_width\u00bb angled_section=\u00bbno\u00bb text_align=\u00bbleft\u00bb background_image_as_pattern=\u00bbwithout_pattern\u00bb][vc_column][vc_row_inner row_type=\u00bbrow\u00bb type=\u00bbgrid\u00bb text_align=\u00bbleft\u00bb css_animation=\u00bb\u00bb][vc_column_inner][vc_empty_space height=\u00bb20px\u00bb][vc_column_text]<\/p>\n<ul>\n<li>\n<p style=\"text-align: justify;\"><em>La concejal del \u00e1rea, M\u00f3nica Gonz\u00e1lez, explica que el acto tendr\u00e1 lugar ma\u00f1ana, domingo 12 de febrero, a partir de las 21:00 horas en la Plaza Juan Pablo II.<\/em><\/p>\n<\/li>\n<li>\n<p style=\"text-align: justify;\"><em>Adem\u00e1s, recuerda que esta programaci\u00f3n est\u00e1 sujeta a cambios, seg\u00fan se desarrolle la situaci\u00f3n meteorol\u00f3gica en el municipio.<\/em><\/p>\n<\/li>\n<\/ul>\n<p>&nbsp;<\/p>\n<p style=\"text-align: justify;\"><strong>Los Llanos de Aridane, 11 de febrero de 2023.-<\/strong> El Ayuntamiento de Los Llanos de Aridane a trav\u00e9s de su concejal, M\u00f3nica Gonz\u00e1lez, ha confirmado \u201cque cinco candidatas se disputar\u00e1n el t\u00edtulo de Fantas\u00eda Adulta del Carnaval El Musical, en la gala que se desarrollar\u00e1 ma\u00f1ana, domingo 12 de febrero, en el recinto del Carnaval ubicado en la Plaza Juan Pablo II a partir de las 21:00 horas\u201d.<\/p>\n<p style=\"text-align: justify;\">Gonz\u00e1lez explica que la gala estar\u00e1 conducida por la presentadora Magaly C\u00e1ceres, \u201cy tambi\u00e9n contaremos con la actuaci\u00f3n de la Murga los Conejos Inolvidables, y los grupos del carnaval: Revolution Dance, Tropicana, Ohana, Batucada Badakatun, Samba Do Corazao Junior, Bahia, V\u00eda L\u00e1ctea, R\u00edo de Fuego, Sabaiba y Samba Do Corazao. Adem\u00e1s, durante la misma intervendr\u00e1n los personajes t\u00edpicos del carnaval aridanense: Do\u00f1a Silvana, Las Viejas Caballotas, Don Rufo, Mary Poppins, \u00a0El Deshollinador, Don Arnaldo y Do\u00f1a Antonia, y Julio Iglesias, a quienes este a\u00f1o hemos querido rendir homenaje en el cartel que se ha dise\u00f1ado\u201d.<\/p>\n<p style=\"text-align: justify;\">Por \u00faltimo, desde el Ayuntamiento de Los Llanos de Aridane se agradece a todos los grupos del carnaval, dise\u00f1adores, candidatas y personas que est\u00e1n trabajando en esta gala \u201csu esfuerzo y trabajo a lo largo de estos d\u00edas para poderse llevar a cabo, pese a que tuvo que ser aplazado. Y se invita a todas las personas que lo deseen a participar en el mismo\u201d.<\/p>\n<p>&nbsp;<\/p>\n<p style=\"text-align: justify;\"><strong>Candidatas Fantas\u00eda Adulta del Carnaval El Musical<\/strong><\/p>\n<p style=\"text-align: justify;\"><strong>1.- Kimberly P\u00e9rez Ariza<\/strong><br \/>\nFantas\u00eda: Los Colores del Alma.<br \/>\nDise\u00f1o: Ana Portocarrero<br \/>\nRepresenta a: Asociaci\u00f3n de Dise\u00f1adores del Carnaval Auharita , Autos Soyka S.L.U. , Comparsa Samba do Corazao, Cerrajer\u00eda y Estructuras Met\u00e1licas Daniel Su\u00e1rez, Restaurante Montecarlo, Ferreter\u00eda Argual, Pescados Ivanka, Golofiesta, Taller Jul\u00edn, San Petronio, Palmaflor, IM Impresi\u00f3n, Harmony Pets, Florister\u00eda Miss Butterfly, Restaurante Los Argentinos, Marrero Ferreter\u00eda y Hogar, Stereo Studio, Multitienda La Que Se Avecina, Jugueter\u00edas Arvelo, Abora Complementos y Moda, Caracoles Papershow, By Babilonia.<\/p>\n<p style=\"text-align: justify;\"><strong>2.- Carla Le\u00f3n Castro.<\/strong><br \/>\nFantas\u00eda: Bonita<br \/>\nDise\u00f1os Meli\u00e1n ( Yordi y Amanda)<br \/>\nRepresenta a: Asociaci\u00f3n de Vecinos Los Barrios y Pedregales, Kiosco Montecarlo, Macaronesia aguacates, San Petronio. Padilla (Tapizados Pame), Toyota, Agroisle\u00f1a Suministros S.L., Supermercado La Vera S.L., Bar Bocatta, Almanoe, El Chopo, Mc To\u00f1o, Javi Gr\u00faas, Supermercado Isla Bonita, Decoeventos Canarias, Ayuntamiento de El Paso, Cafeter\u00eda Marex, Reformas Integrales Kilian El Churro, Confecciones Nieves, Andrea Yanes Dentista, Dulcer\u00eda Las Nieves.<\/p>\n<p style=\"text-align: justify;\"><strong>3.- Leticia Sim\u00f3n Rodr\u00edguez.<\/strong><br \/>\nFantas\u00eda: Leyenda del \u00d1anduti<br \/>\nDise\u00f1o: Miguel Hern\u00e1ndez Riverol.<br \/>\nRepresenta a: Asociaci\u00f3n de Vecinos Los Barros \u2013 Los Pedregales, Asociaci\u00f3n Salud Mental La Palma, D`Lucio Decoraci\u00f3n, Rosy Mart\u00edn Cuidamos Tu Belleza, Multitienda Isla Bonita, El Plus del Fumador, Cotton`s , Different, Ferreter\u00eda Argual, Bar Parrilla, Midisol, Ferreter\u00eda Los Chelos, Peluquer\u00eda Estilo, Mansilla Centro Odontol\u00f3gico, Centro de Atenci\u00f3n Integral Herbri, Sabores y Recuerdos; D La Palma, Merjo, Trapos, \u00d2pticavalle, C.B. Francisco y Jos\u00e9, Agroisle\u00f1a, Restaurante Playa Mont, Transportes Fran, Agr\u00edcola Eden, Mc To\u00f1o, Restaurante Balc\u00f3n Taburiente, Bar Punto de Encuentro, Asesor\u00eda Montse Barroso, H\u00e9rnandez Acosta Asesores, Kiosco La Plaza. SuperKilo, Restaurante Tinguaro, Mc To\u00f1o, Kiosco Tenegu\u00eda, Carpinter\u00eda Antonio Le\u00f3n, Bar Avenida, V\u00eda L\u00e1ctea, Servicio R\u00e1pido Ag\u00fcita, Bar Cafeter\u00eda Loro Pancho, Helader\u00eda La Dolce Vita. Caracoles Papershow, El Bosque Encantado Ludoteca, Carpinter\u00eda Jos\u00e9 Gregorio Ramos Glez, Psic\u00f3logos para Todos, Constructora 2 Tumbos, Caf\u00e9 Bar Las Tejas, Bar El Americano \u2013 El Paso, Foto Estudio Koury.<\/p>\n<p style=\"text-align: justify;\"><strong>4.- Naiara Alejo Bores\u00a0<\/strong><br \/>\nFantas\u00eda: \u201cEl Quinto Sol\u201d<br \/>\nDise\u00f1ador: Fco. Javier Rguez. Pedrianes.<br \/>\nRepresenta a: Asociaci\u00f3n de Dise\u00f1adores del Carnaval Auharita, Asociaci\u00f3n de Vecinos El Retamar, Ayuntamiento El Paso, Casitas Rosheli, FRAN autoescuela, ValleMar Congelados, Arvelo jugueter\u00eda, R\u00f3tulos El Paso, Winnit Acerina El Paso, Comparsa Samba do Corazao, Joyer\u00eda Isabel, Librer\u00eda \u2013 Papeler\u00eda GUACIMARA, R\u00f3tulos NOLO, MP SIRMAX Reformas, Imprenta Natalia L\u00f3pez Impresi\u00f3n Digital y Textil, El Rapidit Multitienda El Paso, New Tex, Librer\u00eda Papeler\u00eda Clip.<\/p>\n<p style=\"text-align: justify;\"><strong>5.- Laura Acosta Morales<\/strong><br \/>\nFantas\u00eda: La Heredera de Aridane<br \/>\nDise\u00f1o: Eli\u00e9cer Hern\u00e1ndez<br \/>\nRepresenta a: CENTRO COMERCIAL TROCADERO, Asociaci\u00f3n de Vecinos Los Barros y Pedregales, Food Truck Buen Rollito, Academia Fly Luxury, Arepera la Esquina, Danza Dorian, Multitienda Isla Bonita, Construcciones y Reformas Pedro Miguel Hern\u00e1ndez Mart\u00edn, Ayuntamiento de Tazacorte, Restaurante Franconia Fusion El B\u00fanker, Viajes Idea, Agar Agar centro diet\u00e9tico reformhaus, E-Zone Computer and Phones, Roturaciones Amagar S.L, Mc To\u00f1o, Farmacia Tazacorte, V\u00edctor Hugo Seguros, Dpekes, Bar Saboy, Multitienda La que se avecina, Librer\u00eda Carel m\u00e1s que una papeler\u00eda, Vita Centro Fitness, Mi Bolso Dorado, Caf\u00e9 Marex, Mi Bocatta, Peluquer\u00eda Laura Garc\u00eda, Bar El Sevillano, Nanno\u00b4s Natural food for pets, Kamelot muebles y decoraci\u00f3n, Ferreter\u00eda Argual, Boutique Adri\u00b4s, Canada House, Tu Tienda de Todoque, Bar Lomo Blanco, Agente Exclusivo Sanitas. Ayatima Rivero, Caracoles Paper Show, Tahona Celi, Peluquer\u00eda Saira Martin, Jugueter\u00eda Arvelo, Antojitos, Rosa Palo, La Marmota, Diazar Atelier, Carlos G\u00f3mez Studio, Besay Vi\u00f1a Audiovisuales, Cala\u00b4s, Librer\u00eda El Estudiante, Alberto Manuel Arrocha, Zona 21 fitness coaching, Peluquer\u00eda \u00c1ngel, Bar Cafeter\u00eda el Chamo.<\/p>\n<p>[\/vc_column_text][vc_empty_space height=\u00bb20px\u00bb][\/vc_column_inner][\/vc_row_inner][\/vc_column][\/vc_row]<\/p>\n<\/section>","protected":false},"excerpt":{"rendered":"<p>[vc_row css_animation=\u00bb\u00bb row_type=\u00bbrow\u00bb use_row_as_full_screen_section=\u00bbno\u00bb type=\u00bbfull_width\u00bb angled_section=\u00bbno\u00bb text_align=\u00bbleft\u00bb background_image_as_pattern=\u00bbwithout_pattern\u00bb][vc_column][vc_row_inner row_type=\u00bbrow\u00bb type=\u00bbgrid\u00bb text_align=\u00bbleft\u00bb css_animation=\u00bb\u00bb][vc_column_inner][vc_empty_space height=\u00bb20px\u00bb][vc_column_text] La concejal del \u00e1rea, M\u00f3nica Gonz\u00e1lez, explica que el acto tendr\u00e1 lugar ma\u00f1ana, domingo 12 de febrero, a partir de las 21:00 horas en la Plaza Juan Pablo II. Adem\u00e1s, recuerda que&#8230;<\/p>\n","protected":false},"author":1,"featured_media":0,"comment_status":"closed","ping_status":"open","sticky":false,"template":"","format":"standard","meta":{"footnotes":""},"categories":[6],"tags":[],"class_list":["post-1371","post","type-post","status-publish","format-standard","hentry","category-prensa"],"yoast_head":"<!-- This site is optimized with the Yoast SEO plugin v22.7 - https:\/\/yoast.com\/wordpress\/plugins\/seo\/ -->\n<title>Cinco candidatas se disputar\u00e1n el t\u00edtulo de Fantas\u00eda Adulta del Carnaval El Musical de Los Llanos de Aridane - Ayuntamiento de Los Llanos de Aridane<\/title>\n<meta name=\"description\" content=\"El Ayuntamiento de Los Llanos de Aridane presenta el cartel y el programa de La Patrona 2021 con el lema \u201cRemedios, m\u00e1s que un nombre.\u201d\" \/>\n<meta name=\"robots\" content=\"index, follow, max-snippet:-1, max-image-preview:large, max-video-preview:-1\" \/>\n<link rel=\"canonical\" href=\"https:\/\/www.aridane.org\/city\/2023\/02\/11\/cinco-candidatas-se-disputaran-el-titulo-de-fantasia-adulta-del-carnaval-el-musical-de-los-llanos-de-aridane\/\" \/>\n<meta property=\"og:locale\" content=\"es_ES\" \/>\n<meta property=\"og:type\" content=\"article\" \/>\n<meta property=\"og:title\" content=\"Cinco candidatas se disputar\u00e1n el t\u00edtulo de Fantas\u00eda Adulta del Carnaval El Musical de Los Llanos de Aridane - Ayuntamiento de Los Llanos de Aridane\" \/>\n<meta property=\"og:description\" content=\"El Ayuntamiento de Los Llanos de Aridane presenta el cartel y el programa de La Patrona 2021 con el lema \u201cRemedios, m\u00e1s que un nombre.\u201d\" \/>\n<meta property=\"og:url\" content=\"https:\/\/www.aridane.org\/city\/2023\/02\/11\/cinco-candidatas-se-disputaran-el-titulo-de-fantasia-adulta-del-carnaval-el-musical-de-los-llanos-de-aridane\/\" \/>\n<meta property=\"og:site_name\" content=\"Ayuntamiento de Los Llanos de Aridane\" \/>\n<meta property=\"article:published_time\" content=\"2023-02-11T10:10:45+00:00\" \/>\n<meta name=\"author\" content=\"Richard Diaz\" \/>\n<meta name=\"twitter:card\" content=\"summary_large_image\" \/>\n<meta name=\"twitter:label1\" content=\"Escrito por\" \/>\n\t<meta name=\"twitter:data1\" content=\"Richard Diaz\" \/>\n\t<meta name=\"twitter:label2\" content=\"Tiempo de lectura\" \/>\n\t<meta name=\"twitter:data2\" content=\"4 minutos\" \/>\n<script type=\"application\/ld+json\" class=\"yoast-schema-graph\">{\"@context\":\"https:\/\/schema.org\",\"@graph\":[{\"@type\":\"WebPage\",\"@id\":\"https:\/\/www.aridane.org\/city\/2023\/02\/11\/cinco-candidatas-se-disputaran-el-titulo-de-fantasia-adulta-del-carnaval-el-musical-de-los-llanos-de-aridane\/\",\"url\":\"https:\/\/www.aridane.org\/city\/2023\/02\/11\/cinco-candidatas-se-disputaran-el-titulo-de-fantasia-adulta-del-carnaval-el-musical-de-los-llanos-de-aridane\/\",\"name\":\"Cinco candidatas se disputar\u00e1n el t\u00edtulo de Fantas\u00eda Adulta del Carnaval El Musical de Los Llanos de Aridane - Ayuntamiento de Los Llanos de Aridane\",\"isPartOf\":{\"@id\":\"https:\/\/www.aridane.org\/city\/#website\"},\"datePublished\":\"2023-02-11T10:10:45+00:00\",\"dateModified\":\"2023-02-11T10:10:45+00:00\",\"author\":{\"@id\":\"https:\/\/www.aridane.org\/city\/#\/schema\/person\/7d352ec7f29881716f298394432e7209\"},\"description\":\"El Ayuntamiento de Los Llanos de Aridane presenta el cartel y el programa de La Patrona 2021 con el lema \u201cRemedios, m\u00e1s que un nombre.\u201d\",\"breadcrumb\":{\"@id\":\"https:\/\/www.aridane.org\/city\/2023\/02\/11\/cinco-candidatas-se-disputaran-el-titulo-de-fantasia-adulta-del-carnaval-el-musical-de-los-llanos-de-aridane\/#breadcrumb\"},\"inLanguage\":\"es\",\"potentialAction\":[{\"@type\":\"ReadAction\",\"target\":[\"https:\/\/www.aridane.org\/city\/2023\/02\/11\/cinco-candidatas-se-disputaran-el-titulo-de-fantasia-adulta-del-carnaval-el-musical-de-los-llanos-de-aridane\/\"]}]},{\"@type\":\"BreadcrumbList\",\"@id\":\"https:\/\/www.aridane.org\/city\/2023\/02\/11\/cinco-candidatas-se-disputaran-el-titulo-de-fantasia-adulta-del-carnaval-el-musical-de-los-llanos-de-aridane\/#breadcrumb\",\"itemListElement\":[{\"@type\":\"ListItem\",\"position\":1,\"name\":\"Portada\",\"item\":\"https:\/\/www.aridane.org\/city\/\"},{\"@type\":\"ListItem\",\"position\":2,\"name\":\"Cinco candidatas se disputar\u00e1n el t\u00edtulo de Fantas\u00eda Adulta del Carnaval El Musical de Los Llanos de Aridane\"}]},{\"@type\":\"WebSite\",\"@id\":\"https:\/\/www.aridane.org\/city\/#website\",\"url\":\"https:\/\/www.aridane.org\/city\/\",\"name\":\"Ayuntamiento de Los Llanos de Aridane\",\"description\":\"\",\"potentialAction\":[{\"@type\":\"SearchAction\",\"target\":{\"@type\":\"EntryPoint\",\"urlTemplate\":\"https:\/\/www.aridane.org\/city\/?s={search_term_string}\"},\"query-input\":\"required name=search_term_string\"}],\"inLanguage\":\"es\"},{\"@type\":\"Person\",\"@id\":\"https:\/\/www.aridane.org\/city\/#\/schema\/person\/7d352ec7f29881716f298394432e7209\",\"name\":\"Richard Diaz\",\"image\":{\"@type\":\"ImageObject\",\"inLanguage\":\"es\",\"@id\":\"https:\/\/www.aridane.org\/city\/#\/schema\/person\/image\/\",\"url\":\"https:\/\/secure.gravatar.com\/avatar\/bacd6aefc26a4a204943090a4c596cd10f0857081ef3cfd12084a70ecb3161d5?s=96&d=mm&r=g\",\"contentUrl\":\"https:\/\/secure.gravatar.com\/avatar\/bacd6aefc26a4a204943090a4c596cd10f0857081ef3cfd12084a70ecb3161d5?s=96&d=mm&r=g\",\"caption\":\"Richard Diaz\"},\"sameAs\":[\"https:\/\/www.aridane.org\/city\"],\"url\":\"https:\/\/www.aridane.org\/city\/author\/richard-diaz\/\"}]}<\/script>\n<!-- \/ Yoast SEO plugin. -->","yoast_head_json":{"title":"Cinco candidatas se disputar\u00e1n el t\u00edtulo de Fantas\u00eda Adulta del Carnaval El Musical de Los Llanos de Aridane - Ayuntamiento de Los Llanos de Aridane","description":"El Ayuntamiento de Los Llanos de Aridane presenta el cartel y el programa de La Patrona 2021 con el lema \u201cRemedios, m\u00e1s que un nombre.\u201d","robots":{"index":"index","follow":"follow","max-snippet":"max-snippet:-1","max-image-preview":"max-image-preview:large","max-video-preview":"max-video-preview:-1"},"canonical":"https:\/\/www.aridane.org\/city\/2023\/02\/11\/cinco-candidatas-se-disputaran-el-titulo-de-fantasia-adulta-del-carnaval-el-musical-de-los-llanos-de-aridane\/","og_locale":"es_ES","og_type":"article","og_title":"Cinco candidatas se disputar\u00e1n el t\u00edtulo de Fantas\u00eda Adulta del Carnaval El Musical de Los Llanos de Aridane - Ayuntamiento de Los Llanos de Aridane","og_description":"El Ayuntamiento de Los Llanos de Aridane presenta el cartel y el programa de La Patrona 2021 con el lema \u201cRemedios, m\u00e1s que un nombre.\u201d","og_url":"https:\/\/www.aridane.org\/city\/2023\/02\/11\/cinco-candidatas-se-disputaran-el-titulo-de-fantasia-adulta-del-carnaval-el-musical-de-los-llanos-de-aridane\/","og_site_name":"Ayuntamiento de Los Llanos de Aridane","article_published_time":"2023-02-11T10:10:45+00:00","author":"Richard Diaz","twitter_card":"summary_large_image","twitter_misc":{"Escrito por":"Richard Diaz","Tiempo de lectura":"4 minutos"},"schema":{"@context":"https:\/\/schema.org","@graph":[{"@type":"WebPage","@id":"https:\/\/www.aridane.org\/city\/2023\/02\/11\/cinco-candidatas-se-disputaran-el-titulo-de-fantasia-adulta-del-carnaval-el-musical-de-los-llanos-de-aridane\/","url":"https:\/\/www.aridane.org\/city\/2023\/02\/11\/cinco-candidatas-se-disputaran-el-titulo-de-fantasia-adulta-del-carnaval-el-musical-de-los-llanos-de-aridane\/","name":"Cinco candidatas se disputar\u00e1n el t\u00edtulo de Fantas\u00eda Adulta del Carnaval El Musical de Los Llanos de Aridane - Ayuntamiento de Los Llanos de Aridane","isPartOf":{"@id":"https:\/\/www.aridane.org\/city\/#website"},"datePublished":"2023-02-11T10:10:45+00:00","dateModified":"2023-02-11T10:10:45+00:00","author":{"@id":"https:\/\/www.aridane.org\/city\/#\/schema\/person\/7d352ec7f29881716f298394432e7209"},"description":"El Ayuntamiento de Los Llanos de Aridane presenta el cartel y el programa de La Patrona 2021 con el lema \u201cRemedios, m\u00e1s que un nombre.\u201d","breadcrumb":{"@id":"https:\/\/www.aridane.org\/city\/2023\/02\/11\/cinco-candidatas-se-disputaran-el-titulo-de-fantasia-adulta-del-carnaval-el-musical-de-los-llanos-de-aridane\/#breadcrumb"},"inLanguage":"es","potentialAction":[{"@type":"ReadAction","target":["https:\/\/www.aridane.org\/city\/2023\/02\/11\/cinco-candidatas-se-disputaran-el-titulo-de-fantasia-adulta-del-carnaval-el-musical-de-los-llanos-de-aridane\/"]}]},{"@type":"BreadcrumbList","@id":"https:\/\/www.aridane.org\/city\/2023\/02\/11\/cinco-candidatas-se-disputaran-el-titulo-de-fantasia-adulta-del-carnaval-el-musical-de-los-llanos-de-aridane\/#breadcrumb","itemListElement":[{"@type":"ListItem","position":1,"name":"Portada","item":"https:\/\/www.aridane.org\/city\/"},{"@type":"ListItem","position":2,"name":"Cinco candidatas se disputar\u00e1n el t\u00edtulo de Fantas\u00eda Adulta del Carnaval El Musical de Los Llanos de Aridane"}]},{"@type":"WebSite","@id":"https:\/\/www.aridane.org\/city\/#website","url":"https:\/\/www.aridane.org\/city\/","name":"Ayuntamiento de Los Llanos de Aridane","description":"","potentialAction":[{"@type":"SearchAction","target":{"@type":"EntryPoint","urlTemplate":"https:\/\/www.aridane.org\/city\/?s={search_term_string}"},"query-input":"required name=search_term_string"}],"inLanguage":"es"},{"@type":"Person","@id":"https:\/\/www.aridane.org\/city\/#\/schema\/person\/7d352ec7f29881716f298394432e7209","name":"Richard Diaz","image":{"@type":"ImageObject","inLanguage":"es","@id":"https:\/\/www.aridane.org\/city\/#\/schema\/person\/image\/","url":"https:\/\/secure.gravatar.com\/avatar\/bacd6aefc26a4a204943090a4c596cd10f0857081ef3cfd12084a70ecb3161d5?s=96&d=mm&r=g","contentUrl":"https:\/\/secure.gravatar.com\/avatar\/bacd6aefc26a4a204943090a4c596cd10f0857081ef3cfd12084a70ecb3161d5?s=96&d=mm&r=g","caption":"Richard Diaz"},"sameAs":["https:\/\/www.aridane.org\/city"],"url":"https:\/\/www.aridane.org\/city\/author\/richard-diaz\/"}]}},"_links":{"self":[{"href":"https:\/\/www.aridane.org\/city\/wp-json\/wp\/v2\/posts\/1371","targetHints":{"allow":["GET"]}}],"collection":[{"href":"https:\/\/www.aridane.org\/city\/wp-json\/wp\/v2\/posts"}],"about":[{"href":"https:\/\/www.aridane.org\/city\/wp-json\/wp\/v2\/types\/post"}],"author":[{"embeddable":true,"href":"https:\/\/www.aridane.org\/city\/wp-json\/wp\/v2\/users\/1"}],"replies":[{"embeddable":true,"href":"https:\/\/www.aridane.org\/city\/wp-json\/wp\/v2\/comments?post=1371"}],"version-history":[{"count":0,"href":"https:\/\/www.aridane.org\/city\/wp-json\/wp\/v2\/posts\/1371\/revisions"}],"wp:attachment":[{"href":"https:\/\/www.aridane.org\/city\/wp-json\/wp\/v2\/media?parent=1371"}],"wp:term":[{"taxonomy":"category","embeddable":true,"href":"https:\/\/www.aridane.org\/city\/wp-json\/wp\/v2\/categories?post=1371"},{"taxonomy":"post_tag","embeddable":true,"href":"https:\/\/www.aridane.org\/city\/wp-json\/wp\/v2\/tags?post=1371"}],"curies":[{"name":"wp","href":"https:\/\/api.w.org\/{rel}","templated":true}]}}