{"id":1377,"date":"2023-02-12T11:27:09","date_gmt":"2023-02-12T11:27:09","guid":{"rendered":"https:\/\/aridane.org\/ciudad\/?p=1377"},"modified":"2023-02-12T11:27:09","modified_gmt":"2023-02-12T11:27:09","slug":"los-llanos-de-aridane-elegira-manana-a-la-fantasia-gran-dama-del-carnaval-el-musical","status":"publish","type":"post","link":"https:\/\/www.aridane.org\/city\/2023\/02\/12\/los-llanos-de-aridane-elegira-manana-a-la-fantasia-gran-dama-del-carnaval-el-musical\/","title":{"rendered":"Los Llanos de Aridane elegir\u00e1 ma\u00f1ana a la Fantas\u00eda Gran Dama del Carnaval El Musical"},"content":{"rendered":"<section class=\"wpb-content-wrapper\"><p>[vc_row css_animation=\u00bb\u00bb row_type=\u00bbrow\u00bb use_row_as_full_screen_section=\u00bbno\u00bb type=\u00bbfull_width\u00bb angled_section=\u00bbno\u00bb text_align=\u00bbleft\u00bb background_image_as_pattern=\u00bbwithout_pattern\u00bb][vc_column][vc_row_inner row_type=\u00bbrow\u00bb type=\u00bbgrid\u00bb text_align=\u00bbleft\u00bb css_animation=\u00bb\u00bb][vc_column_inner][vc_empty_space height=\u00bb20px\u00bb][vc_empty_space height=\u00bb20px\u00bb][\/vc_column_inner][\/vc_row_inner][vc_column_text]<\/p>\n<ul>\n<li style=\"text-align: justify;\"><em>Tres candidatas se disputar\u00e1n el t\u00edtulo en un acto que tendr\u00e1 lugar a partir de las 19:00 horas en la Plaza Juan Pablo II.<\/em><\/li>\n<\/ul>\n<p>&nbsp;<\/p>\n<p style=\"text-align: justify;\"><strong>Los Llanos de Aridane, 12 de febrero de 2023.-<\/strong> El Ayuntamiento de Los Llanos de Aridane a trav\u00e9s de la concejal de Fiestas, M\u00f3nica Gonz\u00e1lez, ha informado que \u201cma\u00f1ana, lunes 13 de febrero, a partir de las 19:00 horas en la Plaza Juan Pablo II tendr\u00e1 lugar la Gala en la que tres candidatas se disputar\u00e1n el t\u00edtulo de Fantas\u00eda Gran Dama del Carnaval El Musical\u201d, se\u00f1ala.<\/p>\n<p style=\"text-align: justify;\">Gonz\u00e1lez explica que esta evento estar\u00e1 conducido por el presentador Elvis Sanfiel, \u201cy contaremos con las actuaciones de la Asociaci\u00f3n Cultural de Mayores las Camelias, la parranda La Era, Do\u00f1a Silvana, Elvis y La Pimienta, y el Grupo Millenium\u201d.<\/p>\n<p style=\"text-align: justify;\">Desde el Consistorio aridanense se invita a todas las personas que lo deseen a participar en esta Gala, \u201cy una vez m\u00e1s, se agradece el esfuerzo y el trabajo de los grupos del carnaval y de todas las personas que est\u00e1n haciendo posible que el Carnaval El Musical de Los Llanos de Aridane est\u00e9 siendo todo un \u00e9xito\u201d.<\/p>\n<p>&nbsp;<\/p>\n<p style=\"text-align: justify;\"><strong>Fantas\u00edas Gran Dama Carnaval 2023 , Los Llanos de Aridane:<\/strong><\/p>\n<p style=\"text-align: justify;\"><strong>1.- Ana Mar\u00eda Dominga C\u00e1ceres G\u00f3mez<\/strong><br \/>\nFantas\u00eda: Furor<br \/>\nDise\u00f1o: Pipo G\u00f3mez<br \/>\nRepresenta a: Asociaci\u00f3n de Vecinos La Laguna de Tajuya.<\/p>\n<p style=\"text-align: justify;\"><strong>2.- Gertrudis de los Santos Fellove Hern\u00e1ndez.<\/strong><br \/>\nFantas\u00eda: Desde la inmensidad de la noche<br \/>\nDise\u00f1os Meli\u00e1n<br \/>\nRepresenta a: Asociaci\u00f3n de Vecinos Los Barros- Los Pedregales, Modas Nieves .Bazar Fuencaliente. Comercial Fuencaliente. GIC AR Neum\u00e1ticos y Colaboraci\u00f3n de la Asociaci\u00f3n de la Tercera Edad Centaurea de Fuencaliente.<\/p>\n<p style=\"text-align: justify;\"><strong>3.- Adela Argumero P\u00e9rez.<\/strong><br \/>\nFantas\u00eda: Te conozco mascarita.<br \/>\nDise\u00f1o: Miguel Hern\u00e1ndez Riverol.<br \/>\nRepresenta a: Asociaci\u00f3n de Vecinos Los Barros \u2013 Los Pedregales, Ayuntamiento de Garaf\u00eda, Agroisle\u00f1a, Merjo, Grupo Libertad, Bar Avenida, Taller Su\u00e1rez, Bodegas Perdomo, Apartamentos Yurena, Multitienda Isla Bonita, Trapos, Kiosco La Plaza, Javi Gr\u00faas, Peluquer\u00eda Estilo, Supermercado Argual, SuperKilo, Mc To\u00f1o, Ferreter\u00eda Argual, Carpinter\u00eda Antonio Le\u00f3n, Servicio R\u00e1pido Ag\u00fcita, Bar Cafeter\u00eda Loro Pancho, Helader\u00eda La Dolce Vita.<\/p>\n<p>[\/vc_column_text][\/vc_column][\/vc_row]<\/p>\n<\/section>","protected":false},"excerpt":{"rendered":"<p>[vc_row css_animation=\u00bb\u00bb row_type=\u00bbrow\u00bb use_row_as_full_screen_section=\u00bbno\u00bb type=\u00bbfull_width\u00bb angled_section=\u00bbno\u00bb text_align=\u00bbleft\u00bb background_image_as_pattern=\u00bbwithout_pattern\u00bb][vc_column][vc_row_inner row_type=\u00bbrow\u00bb type=\u00bbgrid\u00bb text_align=\u00bbleft\u00bb css_animation=\u00bb\u00bb][vc_column_inner][vc_empty_space height=\u00bb20px\u00bb][vc_empty_space height=\u00bb20px\u00bb][\/vc_column_inner][\/vc_row_inner][vc_column_text] Tres candidatas se disputar\u00e1n el t\u00edtulo en un acto que tendr\u00e1 lugar a partir de las 19:00 horas en la Plaza Juan Pablo II. &nbsp; Los Llanos de Aridane, 12 de&#8230;<\/p>\n","protected":false},"author":1,"featured_media":0,"comment_status":"closed","ping_status":"open","sticky":false,"template":"","format":"standard","meta":{"footnotes":""},"categories":[6],"tags":[],"class_list":["post-1377","post","type-post","status-publish","format-standard","hentry","category-prensa"],"yoast_head":"<!-- This site is optimized with the Yoast SEO plugin v22.7 - https:\/\/yoast.com\/wordpress\/plugins\/seo\/ -->\n<title>Los Llanos de Aridane elegir\u00e1 ma\u00f1ana a la Fantas\u00eda Gran Dama del Carnaval El Musical - Ayuntamiento de Los Llanos de Aridane<\/title>\n<meta name=\"description\" content=\"El Ayuntamiento de Los Llanos de Aridane presenta el cartel y el programa de La Patrona 2021 con el lema \u201cRemedios, m\u00e1s que un nombre.\u201d\" \/>\n<meta name=\"robots\" content=\"index, follow, max-snippet:-1, max-image-preview:large, max-video-preview:-1\" \/>\n<link rel=\"canonical\" href=\"https:\/\/www.aridane.org\/city\/2023\/02\/12\/los-llanos-de-aridane-elegira-manana-a-la-fantasia-gran-dama-del-carnaval-el-musical\/\" \/>\n<meta property=\"og:locale\" content=\"es_ES\" \/>\n<meta property=\"og:type\" content=\"article\" \/>\n<meta property=\"og:title\" content=\"Los Llanos de Aridane elegir\u00e1 ma\u00f1ana a la Fantas\u00eda Gran Dama del Carnaval El Musical - Ayuntamiento de Los Llanos de Aridane\" \/>\n<meta property=\"og:description\" content=\"El Ayuntamiento de Los Llanos de Aridane presenta el cartel y el programa de La Patrona 2021 con el lema \u201cRemedios, m\u00e1s que un nombre.\u201d\" \/>\n<meta property=\"og:url\" content=\"https:\/\/www.aridane.org\/city\/2023\/02\/12\/los-llanos-de-aridane-elegira-manana-a-la-fantasia-gran-dama-del-carnaval-el-musical\/\" \/>\n<meta property=\"og:site_name\" content=\"Ayuntamiento de Los Llanos de Aridane\" \/>\n<meta property=\"article:published_time\" content=\"2023-02-12T11:27:09+00:00\" \/>\n<meta name=\"author\" content=\"Richard Diaz\" \/>\n<meta name=\"twitter:card\" content=\"summary_large_image\" \/>\n<meta name=\"twitter:label1\" content=\"Escrito por\" \/>\n\t<meta name=\"twitter:data1\" content=\"Richard Diaz\" \/>\n\t<meta name=\"twitter:label2\" content=\"Tiempo de lectura\" \/>\n\t<meta name=\"twitter:data2\" content=\"2 minutos\" \/>\n<script type=\"application\/ld+json\" class=\"yoast-schema-graph\">{\"@context\":\"https:\/\/schema.org\",\"@graph\":[{\"@type\":\"WebPage\",\"@id\":\"https:\/\/www.aridane.org\/city\/2023\/02\/12\/los-llanos-de-aridane-elegira-manana-a-la-fantasia-gran-dama-del-carnaval-el-musical\/\",\"url\":\"https:\/\/www.aridane.org\/city\/2023\/02\/12\/los-llanos-de-aridane-elegira-manana-a-la-fantasia-gran-dama-del-carnaval-el-musical\/\",\"name\":\"Los Llanos de Aridane elegir\u00e1 ma\u00f1ana a la Fantas\u00eda Gran Dama del Carnaval El Musical - Ayuntamiento de Los Llanos de Aridane\",\"isPartOf\":{\"@id\":\"https:\/\/www.aridane.org\/city\/#website\"},\"datePublished\":\"2023-02-12T11:27:09+00:00\",\"dateModified\":\"2023-02-12T11:27:09+00:00\",\"author\":{\"@id\":\"https:\/\/www.aridane.org\/city\/#\/schema\/person\/7d352ec7f29881716f298394432e7209\"},\"description\":\"El Ayuntamiento de Los Llanos de Aridane presenta el cartel y el programa de La Patrona 2021 con el lema \u201cRemedios, m\u00e1s que un nombre.\u201d\",\"breadcrumb\":{\"@id\":\"https:\/\/www.aridane.org\/city\/2023\/02\/12\/los-llanos-de-aridane-elegira-manana-a-la-fantasia-gran-dama-del-carnaval-el-musical\/#breadcrumb\"},\"inLanguage\":\"es\",\"potentialAction\":[{\"@type\":\"ReadAction\",\"target\":[\"https:\/\/www.aridane.org\/city\/2023\/02\/12\/los-llanos-de-aridane-elegira-manana-a-la-fantasia-gran-dama-del-carnaval-el-musical\/\"]}]},{\"@type\":\"BreadcrumbList\",\"@id\":\"https:\/\/www.aridane.org\/city\/2023\/02\/12\/los-llanos-de-aridane-elegira-manana-a-la-fantasia-gran-dama-del-carnaval-el-musical\/#breadcrumb\",\"itemListElement\":[{\"@type\":\"ListItem\",\"position\":1,\"name\":\"Portada\",\"item\":\"https:\/\/www.aridane.org\/city\/\"},{\"@type\":\"ListItem\",\"position\":2,\"name\":\"Los Llanos de Aridane elegir\u00e1 ma\u00f1ana a la Fantas\u00eda Gran Dama del Carnaval El Musical\"}]},{\"@type\":\"WebSite\",\"@id\":\"https:\/\/www.aridane.org\/city\/#website\",\"url\":\"https:\/\/www.aridane.org\/city\/\",\"name\":\"Ayuntamiento de Los Llanos de Aridane\",\"description\":\"\",\"potentialAction\":[{\"@type\":\"SearchAction\",\"target\":{\"@type\":\"EntryPoint\",\"urlTemplate\":\"https:\/\/www.aridane.org\/city\/?s={search_term_string}\"},\"query-input\":\"required name=search_term_string\"}],\"inLanguage\":\"es\"},{\"@type\":\"Person\",\"@id\":\"https:\/\/www.aridane.org\/city\/#\/schema\/person\/7d352ec7f29881716f298394432e7209\",\"name\":\"Richard Diaz\",\"image\":{\"@type\":\"ImageObject\",\"inLanguage\":\"es\",\"@id\":\"https:\/\/www.aridane.org\/city\/#\/schema\/person\/image\/\",\"url\":\"https:\/\/secure.gravatar.com\/avatar\/bacd6aefc26a4a204943090a4c596cd10f0857081ef3cfd12084a70ecb3161d5?s=96&d=mm&r=g\",\"contentUrl\":\"https:\/\/secure.gravatar.com\/avatar\/bacd6aefc26a4a204943090a4c596cd10f0857081ef3cfd12084a70ecb3161d5?s=96&d=mm&r=g\",\"caption\":\"Richard Diaz\"},\"sameAs\":[\"https:\/\/www.aridane.org\/city\"],\"url\":\"https:\/\/www.aridane.org\/city\/author\/richard-diaz\/\"}]}<\/script>\n<!-- \/ Yoast SEO plugin. -->","yoast_head_json":{"title":"Los Llanos de Aridane elegir\u00e1 ma\u00f1ana a la Fantas\u00eda Gran Dama del Carnaval El Musical - Ayuntamiento de Los Llanos de Aridane","description":"El Ayuntamiento de Los Llanos de Aridane presenta el cartel y el programa de La Patrona 2021 con el lema \u201cRemedios, m\u00e1s que un nombre.\u201d","robots":{"index":"index","follow":"follow","max-snippet":"max-snippet:-1","max-image-preview":"max-image-preview:large","max-video-preview":"max-video-preview:-1"},"canonical":"https:\/\/www.aridane.org\/city\/2023\/02\/12\/los-llanos-de-aridane-elegira-manana-a-la-fantasia-gran-dama-del-carnaval-el-musical\/","og_locale":"es_ES","og_type":"article","og_title":"Los Llanos de Aridane elegir\u00e1 ma\u00f1ana a la Fantas\u00eda Gran Dama del Carnaval El Musical - Ayuntamiento de Los Llanos de Aridane","og_description":"El Ayuntamiento de Los Llanos de Aridane presenta el cartel y el programa de La Patrona 2021 con el lema \u201cRemedios, m\u00e1s que un nombre.\u201d","og_url":"https:\/\/www.aridane.org\/city\/2023\/02\/12\/los-llanos-de-aridane-elegira-manana-a-la-fantasia-gran-dama-del-carnaval-el-musical\/","og_site_name":"Ayuntamiento de Los Llanos de Aridane","article_published_time":"2023-02-12T11:27:09+00:00","author":"Richard Diaz","twitter_card":"summary_large_image","twitter_misc":{"Escrito por":"Richard Diaz","Tiempo de lectura":"2 minutos"},"schema":{"@context":"https:\/\/schema.org","@graph":[{"@type":"WebPage","@id":"https:\/\/www.aridane.org\/city\/2023\/02\/12\/los-llanos-de-aridane-elegira-manana-a-la-fantasia-gran-dama-del-carnaval-el-musical\/","url":"https:\/\/www.aridane.org\/city\/2023\/02\/12\/los-llanos-de-aridane-elegira-manana-a-la-fantasia-gran-dama-del-carnaval-el-musical\/","name":"Los Llanos de Aridane elegir\u00e1 ma\u00f1ana a la Fantas\u00eda Gran Dama del Carnaval El Musical - Ayuntamiento de Los Llanos de Aridane","isPartOf":{"@id":"https:\/\/www.aridane.org\/city\/#website"},"datePublished":"2023-02-12T11:27:09+00:00","dateModified":"2023-02-12T11:27:09+00:00","author":{"@id":"https:\/\/www.aridane.org\/city\/#\/schema\/person\/7d352ec7f29881716f298394432e7209"},"description":"El Ayuntamiento de Los Llanos de Aridane presenta el cartel y el programa de La Patrona 2021 con el lema \u201cRemedios, m\u00e1s que un nombre.\u201d","breadcrumb":{"@id":"https:\/\/www.aridane.org\/city\/2023\/02\/12\/los-llanos-de-aridane-elegira-manana-a-la-fantasia-gran-dama-del-carnaval-el-musical\/#breadcrumb"},"inLanguage":"es","potentialAction":[{"@type":"ReadAction","target":["https:\/\/www.aridane.org\/city\/2023\/02\/12\/los-llanos-de-aridane-elegira-manana-a-la-fantasia-gran-dama-del-carnaval-el-musical\/"]}]},{"@type":"BreadcrumbList","@id":"https:\/\/www.aridane.org\/city\/2023\/02\/12\/los-llanos-de-aridane-elegira-manana-a-la-fantasia-gran-dama-del-carnaval-el-musical\/#breadcrumb","itemListElement":[{"@type":"ListItem","position":1,"name":"Portada","item":"https:\/\/www.aridane.org\/city\/"},{"@type":"ListItem","position":2,"name":"Los Llanos de Aridane elegir\u00e1 ma\u00f1ana a la Fantas\u00eda Gran Dama del Carnaval El Musical"}]},{"@type":"WebSite","@id":"https:\/\/www.aridane.org\/city\/#website","url":"https:\/\/www.aridane.org\/city\/","name":"Ayuntamiento de Los Llanos de Aridane","description":"","potentialAction":[{"@type":"SearchAction","target":{"@type":"EntryPoint","urlTemplate":"https:\/\/www.aridane.org\/city\/?s={search_term_string}"},"query-input":"required name=search_term_string"}],"inLanguage":"es"},{"@type":"Person","@id":"https:\/\/www.aridane.org\/city\/#\/schema\/person\/7d352ec7f29881716f298394432e7209","name":"Richard Diaz","image":{"@type":"ImageObject","inLanguage":"es","@id":"https:\/\/www.aridane.org\/city\/#\/schema\/person\/image\/","url":"https:\/\/secure.gravatar.com\/avatar\/bacd6aefc26a4a204943090a4c596cd10f0857081ef3cfd12084a70ecb3161d5?s=96&d=mm&r=g","contentUrl":"https:\/\/secure.gravatar.com\/avatar\/bacd6aefc26a4a204943090a4c596cd10f0857081ef3cfd12084a70ecb3161d5?s=96&d=mm&r=g","caption":"Richard Diaz"},"sameAs":["https:\/\/www.aridane.org\/city"],"url":"https:\/\/www.aridane.org\/city\/author\/richard-diaz\/"}]}},"_links":{"self":[{"href":"https:\/\/www.aridane.org\/city\/wp-json\/wp\/v2\/posts\/1377","targetHints":{"allow":["GET"]}}],"collection":[{"href":"https:\/\/www.aridane.org\/city\/wp-json\/wp\/v2\/posts"}],"about":[{"href":"https:\/\/www.aridane.org\/city\/wp-json\/wp\/v2\/types\/post"}],"author":[{"embeddable":true,"href":"https:\/\/www.aridane.org\/city\/wp-json\/wp\/v2\/users\/1"}],"replies":[{"embeddable":true,"href":"https:\/\/www.aridane.org\/city\/wp-json\/wp\/v2\/comments?post=1377"}],"version-history":[{"count":0,"href":"https:\/\/www.aridane.org\/city\/wp-json\/wp\/v2\/posts\/1377\/revisions"}],"wp:attachment":[{"href":"https:\/\/www.aridane.org\/city\/wp-json\/wp\/v2\/media?parent=1377"}],"wp:term":[{"taxonomy":"category","embeddable":true,"href":"https:\/\/www.aridane.org\/city\/wp-json\/wp\/v2\/categories?post=1377"},{"taxonomy":"post_tag","embeddable":true,"href":"https:\/\/www.aridane.org\/city\/wp-json\/wp\/v2\/tags?post=1377"}],"curies":[{"name":"wp","href":"https:\/\/api.w.org\/{rel}","templated":true}]}}