{"id":1386,"date":"2023-02-13T11:44:42","date_gmt":"2023-02-13T11:44:42","guid":{"rendered":"https:\/\/aridane.org\/ciudad\/?p=1386"},"modified":"2023-07-31T09:16:11","modified_gmt":"2023-07-31T09:16:11","slug":"mas-de-130-alumnos-participan-en-la-semana-de-puertas-abiertas-sobre-sostenibilidad-y-medioambiente-que-ha-acogido-los-llanos-de-aridane","status":"publish","type":"post","link":"https:\/\/www.aridane.org\/city\/2023\/02\/13\/mas-de-130-alumnos-participan-en-la-semana-de-puertas-abiertas-sobre-sostenibilidad-y-medioambiente-que-ha-acogido-los-llanos-de-aridane\/","title":{"rendered":"M\u00e1s de 130 alumnos participan en la semana de puertas abiertas sobre Sostenibilidad y Medioambiente que ha acogido Los Llanos de Aridane"},"content":{"rendered":"<section class=\"wpb-content-wrapper\"><p>[vc_row css_animation=\u00bb\u00bb row_type=\u00bbrow\u00bb use_row_as_full_screen_section=\u00bbno\u00bb type=\u00bbfull_width\u00bb angled_section=\u00bbno\u00bb text_align=\u00bbleft\u00bb background_image_as_pattern=\u00bbwithout_pattern\u00bb][vc_column][vc_row_inner row_type=\u00bbrow\u00bb type=\u00bbgrid\u00bb text_align=\u00bbleft\u00bb css_animation=\u00bb\u00bb][vc_column_inner][vc_empty_space height=\u00bb20px\u00bb][vc_empty_space height=\u00bb20px\u00bb][\/vc_column_inner][\/vc_row_inner][vc_column_text]<\/p>\n<ul>\n<li style=\"text-align: justify;\"><em>Este evento se ha desarrollado, del 30 de enero al 4 de febrero, gracias a la colaboraci\u00f3n de la Consejer\u00eda de Transici\u00f3n Ecol\u00f3gica y Lucha contra el Cambio Clim\u00e1tico del Gobierno de Canarias.<\/em><\/li>\n<\/ul>\n<p>&nbsp;<\/p>\n<p style=\"text-align: justify;\"><strong>Los Llanos de Aridane, 13 de febrero de 2023.-<\/strong> El Ayuntamiento de Los Llanos de Aridane a trav\u00e9s del concejal de Medioambiente, V\u00edctor Gonz\u00e1lez, ha informado que \u201cm\u00e1s de 130 alumnos han participado en la campa\u00f1a itinerante para la informaci\u00f3n y sensibilizaci\u00f3n sobre el Cambio Clim\u00e1tico y sus efectos en el Archipi\u00e9lago, organizada por la Consejer\u00eda de Transici\u00f3n Ecol\u00f3gica y Lucha contra el Cambio Clim\u00e1tico del Gobierno de Canarias y el Consistorio aridanense. Y que se ha desarrollado entre el 30 de enero y el 4 de febrero, en la Escuela de Capacitaci\u00f3n Agraria\u201d, se\u00f1ala.<\/p>\n<p style=\"text-align: justify;\">El coordinador de la Escuela Agraria, Carlos Javier Reyes, ha puesto en valor el desarrollo de estas jornadas, \u201cen las que ha participado un importante n\u00famero de alumnos del municipio, y en las que hemos tratado de acercar y concienciar, de una manera did\u00e1ctica, el cambio clim\u00e1tico que estamos sufriendo en el archipi\u00e9lago, as\u00ed como la importancia de cuidar nuestro entorno\u201d.<\/p>\n<p style=\"text-align: justify;\">Por su parte, Gonz\u00e1lez afirma que concretamente han participado alumnos del colegio Sagrada Familia Nazaret, del Centro Ocupacional Taburiente, del Centro de Formaci\u00f3n Profesional del IES P\u00e9rez Pulido y todo el alumnado de la escuela de capacitaci\u00f3n agraria.<\/p>\n<p style=\"text-align: justify;\">Adem\u00e1s, explica que esta actividad se ha centrado en tres actividades. En primer lugar, una exposici\u00f3n itinerante para la informaci\u00f3n y sensibilizaci\u00f3n sobre el Cambio Clim\u00e1tico y sus efectos en el Archipi\u00e9lago, con visita interpretada con un gu\u00eda experto en el tema. En segundo lugar, se ha contado con una exposici\u00f3n autoguiada con 13 infograf\u00edas muy llamativas sobre los Objetivos de Desarrollo Sostenible, ODS, del Instituto de Productos Naturales- Centro Superior de Investigaciones Cient\u00edficas, IPNA- CSIC, y a trav\u00e9s de un c\u00f3digo QR se pod\u00eda ampliar la informaci\u00f3n con un art\u00edculo-blog donde se detalla la investigaci\u00f3n que se realiza alineada con alg\u00fan ODS. Adem\u00e1s, se daba acceso tambi\u00e9n a un podcast de 30 minutos donde se hace una entrevista al investigador\/a responsable del estudio. En tercer lugar, los alumnos tambi\u00e9n han visitado la explotaci\u00f3n agr\u00edcola y la presentaci\u00f3n de la Escuela de Capacitaci\u00f3n Agraria de Los Llanos e Aridane. Hay que recordar, se\u00f1ala Gonz\u00e1lez, \u201cque la explotaci\u00f3n agraria ecol\u00f3gica se encuentra a unos 500 metros a distancia del edificio principal, Los Barros, lugar en el que se realizan la mayor\u00eda de los actividades pr\u00e1cticas, totalmente equipada con numerosos recursos, maquinaria agroforestal, cultivos hort\u00edcolas, frutales subtropicales, ganader\u00eda, etc\u201d.<\/p>\n<p style=\"text-align: justify;\">Por \u00faltimo, desde el Ayuntamiento de Los Llanos de Aridane se pone en relieve esta actividad, \u201ccon la que buscamos seguir concienciando a los m\u00e1s j\u00f3venes sobre los buenos h\u00e1bitos con el medioambiente, y la importancia del cumplimiento de los Objetivos de Desarrollo Sostenibles\u201d.<\/p>\n<p>[\/vc_column_text][\/vc_column][\/vc_row]<\/p>\n<\/section>","protected":false},"excerpt":{"rendered":"<p>[vc_row css_animation=\u00bb\u00bb row_type=\u00bbrow\u00bb use_row_as_full_screen_section=\u00bbno\u00bb type=\u00bbfull_width\u00bb angled_section=\u00bbno\u00bb text_align=\u00bbleft\u00bb background_image_as_pattern=\u00bbwithout_pattern\u00bb][vc_column][vc_row_inner row_type=\u00bbrow\u00bb type=\u00bbgrid\u00bb text_align=\u00bbleft\u00bb css_animation=\u00bb\u00bb][vc_column_inner][vc_empty_space height=\u00bb20px\u00bb][vc_empty_space height=\u00bb20px\u00bb][\/vc_column_inner][\/vc_row_inner][vc_column_text] Este evento se ha desarrollado, del 30 de enero al 4 de febrero, gracias a la colaboraci\u00f3n de la Consejer\u00eda de Transici\u00f3n Ecol\u00f3gica y Lucha contra el Cambio Clim\u00e1tico del Gobierno&#8230;<\/p>\n","protected":false},"author":1,"featured_media":2615,"comment_status":"closed","ping_status":"open","sticky":false,"template":"","format":"standard","meta":{"footnotes":""},"categories":[6],"tags":[],"class_list":["post-1386","post","type-post","status-publish","format-standard","has-post-thumbnail","hentry","category-prensa"],"yoast_head":"<!-- This site is optimized with the Yoast SEO plugin v22.7 - https:\/\/yoast.com\/wordpress\/plugins\/seo\/ -->\n<title>M\u00e1s de 130 alumnos participan en la semana de puertas abiertas sobre Sostenibilidad y Medioambiente que ha acogido Los Llanos de Aridane - Ayuntamiento de Los Llanos de Aridane<\/title>\n<meta name=\"description\" content=\"El Ayuntamiento de Los Llanos de Aridane presenta el cartel y el programa de La Patrona 2021 con el lema \u201cRemedios, m\u00e1s que un nombre.\u201d\" \/>\n<meta name=\"robots\" content=\"index, follow, max-snippet:-1, max-image-preview:large, max-video-preview:-1\" \/>\n<link rel=\"canonical\" href=\"https:\/\/www.aridane.org\/city\/2023\/02\/13\/mas-de-130-alumnos-participan-en-la-semana-de-puertas-abiertas-sobre-sostenibilidad-y-medioambiente-que-ha-acogido-los-llanos-de-aridane\/\" \/>\n<meta property=\"og:locale\" content=\"es_ES\" \/>\n<meta property=\"og:type\" content=\"article\" \/>\n<meta property=\"og:title\" content=\"M\u00e1s de 130 alumnos participan en la semana de puertas abiertas sobre Sostenibilidad y Medioambiente que ha acogido Los Llanos de Aridane - Ayuntamiento de Los Llanos de Aridane\" \/>\n<meta property=\"og:description\" content=\"El Ayuntamiento de Los Llanos de Aridane presenta el cartel y el programa de La Patrona 2021 con el lema \u201cRemedios, m\u00e1s que un nombre.\u201d\" \/>\n<meta property=\"og:url\" content=\"https:\/\/www.aridane.org\/city\/2023\/02\/13\/mas-de-130-alumnos-participan-en-la-semana-de-puertas-abiertas-sobre-sostenibilidad-y-medioambiente-que-ha-acogido-los-llanos-de-aridane\/\" \/>\n<meta property=\"og:site_name\" content=\"Ayuntamiento de Los Llanos de Aridane\" \/>\n<meta property=\"article:published_time\" content=\"2023-02-13T11:44:42+00:00\" \/>\n<meta property=\"article:modified_time\" content=\"2023-07-31T09:16:11+00:00\" \/>\n<meta property=\"og:image\" content=\"https:\/\/www.aridane.org\/city\/wp-content\/uploads\/2023\/02\/sostenibilidad_y_medioambiente.jpg\" \/>\n\t<meta property=\"og:image:width\" content=\"1200\" \/>\n\t<meta property=\"og:image:height\" content=\"675\" \/>\n\t<meta property=\"og:image:type\" content=\"image\/jpeg\" \/>\n<meta name=\"author\" content=\"Richard Diaz\" \/>\n<meta name=\"twitter:card\" content=\"summary_large_image\" \/>\n<meta name=\"twitter:label1\" content=\"Escrito por\" \/>\n\t<meta name=\"twitter:data1\" content=\"Richard Diaz\" \/>\n\t<meta name=\"twitter:label2\" content=\"Tiempo de lectura\" \/>\n\t<meta name=\"twitter:data2\" content=\"3 minutos\" \/>\n<script type=\"application\/ld+json\" class=\"yoast-schema-graph\">{\"@context\":\"https:\/\/schema.org\",\"@graph\":[{\"@type\":\"WebPage\",\"@id\":\"https:\/\/www.aridane.org\/city\/2023\/02\/13\/mas-de-130-alumnos-participan-en-la-semana-de-puertas-abiertas-sobre-sostenibilidad-y-medioambiente-que-ha-acogido-los-llanos-de-aridane\/\",\"url\":\"https:\/\/www.aridane.org\/city\/2023\/02\/13\/mas-de-130-alumnos-participan-en-la-semana-de-puertas-abiertas-sobre-sostenibilidad-y-medioambiente-que-ha-acogido-los-llanos-de-aridane\/\",\"name\":\"M\u00e1s de 130 alumnos participan en la semana de puertas abiertas sobre Sostenibilidad y Medioambiente que ha acogido Los Llanos de Aridane - Ayuntamiento de Los Llanos de Aridane\",\"isPartOf\":{\"@id\":\"https:\/\/www.aridane.org\/city\/#website\"},\"primaryImageOfPage\":{\"@id\":\"https:\/\/www.aridane.org\/city\/2023\/02\/13\/mas-de-130-alumnos-participan-en-la-semana-de-puertas-abiertas-sobre-sostenibilidad-y-medioambiente-que-ha-acogido-los-llanos-de-aridane\/#primaryimage\"},\"image\":{\"@id\":\"https:\/\/www.aridane.org\/city\/2023\/02\/13\/mas-de-130-alumnos-participan-en-la-semana-de-puertas-abiertas-sobre-sostenibilidad-y-medioambiente-que-ha-acogido-los-llanos-de-aridane\/#primaryimage\"},\"thumbnailUrl\":\"https:\/\/www.aridane.org\/city\/wp-content\/uploads\/2023\/02\/sostenibilidad_y_medioambiente.jpg\",\"datePublished\":\"2023-02-13T11:44:42+00:00\",\"dateModified\":\"2023-07-31T09:16:11+00:00\",\"author\":{\"@id\":\"https:\/\/www.aridane.org\/city\/#\/schema\/person\/7d352ec7f29881716f298394432e7209\"},\"description\":\"El Ayuntamiento de Los Llanos de Aridane presenta el cartel y el programa de La Patrona 2021 con el lema \u201cRemedios, m\u00e1s que un nombre.\u201d\",\"breadcrumb\":{\"@id\":\"https:\/\/www.aridane.org\/city\/2023\/02\/13\/mas-de-130-alumnos-participan-en-la-semana-de-puertas-abiertas-sobre-sostenibilidad-y-medioambiente-que-ha-acogido-los-llanos-de-aridane\/#breadcrumb\"},\"inLanguage\":\"es\",\"potentialAction\":[{\"@type\":\"ReadAction\",\"target\":[\"https:\/\/www.aridane.org\/city\/2023\/02\/13\/mas-de-130-alumnos-participan-en-la-semana-de-puertas-abiertas-sobre-sostenibilidad-y-medioambiente-que-ha-acogido-los-llanos-de-aridane\/\"]}]},{\"@type\":\"ImageObject\",\"inLanguage\":\"es\",\"@id\":\"https:\/\/www.aridane.org\/city\/2023\/02\/13\/mas-de-130-alumnos-participan-en-la-semana-de-puertas-abiertas-sobre-sostenibilidad-y-medioambiente-que-ha-acogido-los-llanos-de-aridane\/#primaryimage\",\"url\":\"https:\/\/www.aridane.org\/city\/wp-content\/uploads\/2023\/02\/sostenibilidad_y_medioambiente.jpg\",\"contentUrl\":\"https:\/\/www.aridane.org\/city\/wp-content\/uploads\/2023\/02\/sostenibilidad_y_medioambiente.jpg\",\"width\":1200,\"height\":675},{\"@type\":\"BreadcrumbList\",\"@id\":\"https:\/\/www.aridane.org\/city\/2023\/02\/13\/mas-de-130-alumnos-participan-en-la-semana-de-puertas-abiertas-sobre-sostenibilidad-y-medioambiente-que-ha-acogido-los-llanos-de-aridane\/#breadcrumb\",\"itemListElement\":[{\"@type\":\"ListItem\",\"position\":1,\"name\":\"Portada\",\"item\":\"https:\/\/www.aridane.org\/city\/\"},{\"@type\":\"ListItem\",\"position\":2,\"name\":\"M\u00e1s de 130 alumnos participan en la semana de puertas abiertas sobre Sostenibilidad y Medioambiente que ha acogido Los Llanos de Aridane\"}]},{\"@type\":\"WebSite\",\"@id\":\"https:\/\/www.aridane.org\/city\/#website\",\"url\":\"https:\/\/www.aridane.org\/city\/\",\"name\":\"Ayuntamiento de Los Llanos de Aridane\",\"description\":\"\",\"potentialAction\":[{\"@type\":\"SearchAction\",\"target\":{\"@type\":\"EntryPoint\",\"urlTemplate\":\"https:\/\/www.aridane.org\/city\/?s={search_term_string}\"},\"query-input\":\"required name=search_term_string\"}],\"inLanguage\":\"es\"},{\"@type\":\"Person\",\"@id\":\"https:\/\/www.aridane.org\/city\/#\/schema\/person\/7d352ec7f29881716f298394432e7209\",\"name\":\"Richard Diaz\",\"image\":{\"@type\":\"ImageObject\",\"inLanguage\":\"es\",\"@id\":\"https:\/\/www.aridane.org\/city\/#\/schema\/person\/image\/\",\"url\":\"https:\/\/secure.gravatar.com\/avatar\/bacd6aefc26a4a204943090a4c596cd10f0857081ef3cfd12084a70ecb3161d5?s=96&d=mm&r=g\",\"contentUrl\":\"https:\/\/secure.gravatar.com\/avatar\/bacd6aefc26a4a204943090a4c596cd10f0857081ef3cfd12084a70ecb3161d5?s=96&d=mm&r=g\",\"caption\":\"Richard Diaz\"},\"sameAs\":[\"https:\/\/www.aridane.org\/city\"],\"url\":\"https:\/\/www.aridane.org\/city\/author\/richard-diaz\/\"}]}<\/script>\n<!-- \/ Yoast SEO plugin. -->","yoast_head_json":{"title":"M\u00e1s de 130 alumnos participan en la semana de puertas abiertas sobre Sostenibilidad y Medioambiente que ha acogido Los Llanos de Aridane - Ayuntamiento de Los Llanos de Aridane","description":"El Ayuntamiento de Los Llanos de Aridane presenta el cartel y el programa de La Patrona 2021 con el lema \u201cRemedios, m\u00e1s que un nombre.\u201d","robots":{"index":"index","follow":"follow","max-snippet":"max-snippet:-1","max-image-preview":"max-image-preview:large","max-video-preview":"max-video-preview:-1"},"canonical":"https:\/\/www.aridane.org\/city\/2023\/02\/13\/mas-de-130-alumnos-participan-en-la-semana-de-puertas-abiertas-sobre-sostenibilidad-y-medioambiente-que-ha-acogido-los-llanos-de-aridane\/","og_locale":"es_ES","og_type":"article","og_title":"M\u00e1s de 130 alumnos participan en la semana de puertas abiertas sobre Sostenibilidad y Medioambiente que ha acogido Los Llanos de Aridane - Ayuntamiento de Los Llanos de Aridane","og_description":"El Ayuntamiento de Los Llanos de Aridane presenta el cartel y el programa de La Patrona 2021 con el lema \u201cRemedios, m\u00e1s que un nombre.\u201d","og_url":"https:\/\/www.aridane.org\/city\/2023\/02\/13\/mas-de-130-alumnos-participan-en-la-semana-de-puertas-abiertas-sobre-sostenibilidad-y-medioambiente-que-ha-acogido-los-llanos-de-aridane\/","og_site_name":"Ayuntamiento de Los Llanos de Aridane","article_published_time":"2023-02-13T11:44:42+00:00","article_modified_time":"2023-07-31T09:16:11+00:00","og_image":[{"width":1200,"height":675,"url":"https:\/\/www.aridane.org\/city\/wp-content\/uploads\/2023\/02\/sostenibilidad_y_medioambiente.jpg","type":"image\/jpeg"}],"author":"Richard Diaz","twitter_card":"summary_large_image","twitter_misc":{"Escrito por":"Richard Diaz","Tiempo de lectura":"3 minutos"},"schema":{"@context":"https:\/\/schema.org","@graph":[{"@type":"WebPage","@id":"https:\/\/www.aridane.org\/city\/2023\/02\/13\/mas-de-130-alumnos-participan-en-la-semana-de-puertas-abiertas-sobre-sostenibilidad-y-medioambiente-que-ha-acogido-los-llanos-de-aridane\/","url":"https:\/\/www.aridane.org\/city\/2023\/02\/13\/mas-de-130-alumnos-participan-en-la-semana-de-puertas-abiertas-sobre-sostenibilidad-y-medioambiente-que-ha-acogido-los-llanos-de-aridane\/","name":"M\u00e1s de 130 alumnos participan en la semana de puertas abiertas sobre Sostenibilidad y Medioambiente que ha acogido Los Llanos de Aridane - Ayuntamiento de Los Llanos de Aridane","isPartOf":{"@id":"https:\/\/www.aridane.org\/city\/#website"},"primaryImageOfPage":{"@id":"https:\/\/www.aridane.org\/city\/2023\/02\/13\/mas-de-130-alumnos-participan-en-la-semana-de-puertas-abiertas-sobre-sostenibilidad-y-medioambiente-que-ha-acogido-los-llanos-de-aridane\/#primaryimage"},"image":{"@id":"https:\/\/www.aridane.org\/city\/2023\/02\/13\/mas-de-130-alumnos-participan-en-la-semana-de-puertas-abiertas-sobre-sostenibilidad-y-medioambiente-que-ha-acogido-los-llanos-de-aridane\/#primaryimage"},"thumbnailUrl":"https:\/\/www.aridane.org\/city\/wp-content\/uploads\/2023\/02\/sostenibilidad_y_medioambiente.jpg","datePublished":"2023-02-13T11:44:42+00:00","dateModified":"2023-07-31T09:16:11+00:00","author":{"@id":"https:\/\/www.aridane.org\/city\/#\/schema\/person\/7d352ec7f29881716f298394432e7209"},"description":"El Ayuntamiento de Los Llanos de Aridane presenta el cartel y el programa de La Patrona 2021 con el lema \u201cRemedios, m\u00e1s que un nombre.\u201d","breadcrumb":{"@id":"https:\/\/www.aridane.org\/city\/2023\/02\/13\/mas-de-130-alumnos-participan-en-la-semana-de-puertas-abiertas-sobre-sostenibilidad-y-medioambiente-que-ha-acogido-los-llanos-de-aridane\/#breadcrumb"},"inLanguage":"es","potentialAction":[{"@type":"ReadAction","target":["https:\/\/www.aridane.org\/city\/2023\/02\/13\/mas-de-130-alumnos-participan-en-la-semana-de-puertas-abiertas-sobre-sostenibilidad-y-medioambiente-que-ha-acogido-los-llanos-de-aridane\/"]}]},{"@type":"ImageObject","inLanguage":"es","@id":"https:\/\/www.aridane.org\/city\/2023\/02\/13\/mas-de-130-alumnos-participan-en-la-semana-de-puertas-abiertas-sobre-sostenibilidad-y-medioambiente-que-ha-acogido-los-llanos-de-aridane\/#primaryimage","url":"https:\/\/www.aridane.org\/city\/wp-content\/uploads\/2023\/02\/sostenibilidad_y_medioambiente.jpg","contentUrl":"https:\/\/www.aridane.org\/city\/wp-content\/uploads\/2023\/02\/sostenibilidad_y_medioambiente.jpg","width":1200,"height":675},{"@type":"BreadcrumbList","@id":"https:\/\/www.aridane.org\/city\/2023\/02\/13\/mas-de-130-alumnos-participan-en-la-semana-de-puertas-abiertas-sobre-sostenibilidad-y-medioambiente-que-ha-acogido-los-llanos-de-aridane\/#breadcrumb","itemListElement":[{"@type":"ListItem","position":1,"name":"Portada","item":"https:\/\/www.aridane.org\/city\/"},{"@type":"ListItem","position":2,"name":"M\u00e1s de 130 alumnos participan en la semana de puertas abiertas sobre Sostenibilidad y Medioambiente que ha acogido Los Llanos de Aridane"}]},{"@type":"WebSite","@id":"https:\/\/www.aridane.org\/city\/#website","url":"https:\/\/www.aridane.org\/city\/","name":"Ayuntamiento de Los Llanos de Aridane","description":"","potentialAction":[{"@type":"SearchAction","target":{"@type":"EntryPoint","urlTemplate":"https:\/\/www.aridane.org\/city\/?s={search_term_string}"},"query-input":"required name=search_term_string"}],"inLanguage":"es"},{"@type":"Person","@id":"https:\/\/www.aridane.org\/city\/#\/schema\/person\/7d352ec7f29881716f298394432e7209","name":"Richard Diaz","image":{"@type":"ImageObject","inLanguage":"es","@id":"https:\/\/www.aridane.org\/city\/#\/schema\/person\/image\/","url":"https:\/\/secure.gravatar.com\/avatar\/bacd6aefc26a4a204943090a4c596cd10f0857081ef3cfd12084a70ecb3161d5?s=96&d=mm&r=g","contentUrl":"https:\/\/secure.gravatar.com\/avatar\/bacd6aefc26a4a204943090a4c596cd10f0857081ef3cfd12084a70ecb3161d5?s=96&d=mm&r=g","caption":"Richard Diaz"},"sameAs":["https:\/\/www.aridane.org\/city"],"url":"https:\/\/www.aridane.org\/city\/author\/richard-diaz\/"}]}},"_links":{"self":[{"href":"https:\/\/www.aridane.org\/city\/wp-json\/wp\/v2\/posts\/1386","targetHints":{"allow":["GET"]}}],"collection":[{"href":"https:\/\/www.aridane.org\/city\/wp-json\/wp\/v2\/posts"}],"about":[{"href":"https:\/\/www.aridane.org\/city\/wp-json\/wp\/v2\/types\/post"}],"author":[{"embeddable":true,"href":"https:\/\/www.aridane.org\/city\/wp-json\/wp\/v2\/users\/1"}],"replies":[{"embeddable":true,"href":"https:\/\/www.aridane.org\/city\/wp-json\/wp\/v2\/comments?post=1386"}],"version-history":[{"count":1,"href":"https:\/\/www.aridane.org\/city\/wp-json\/wp\/v2\/posts\/1386\/revisions"}],"predecessor-version":[{"id":2616,"href":"https:\/\/www.aridane.org\/city\/wp-json\/wp\/v2\/posts\/1386\/revisions\/2616"}],"wp:featuredmedia":[{"embeddable":true,"href":"https:\/\/www.aridane.org\/city\/wp-json\/wp\/v2\/media\/2615"}],"wp:attachment":[{"href":"https:\/\/www.aridane.org\/city\/wp-json\/wp\/v2\/media?parent=1386"}],"wp:term":[{"taxonomy":"category","embeddable":true,"href":"https:\/\/www.aridane.org\/city\/wp-json\/wp\/v2\/categories?post=1386"},{"taxonomy":"post_tag","embeddable":true,"href":"https:\/\/www.aridane.org\/city\/wp-json\/wp\/v2\/tags?post=1386"}],"curies":[{"name":"wp","href":"https:\/\/api.w.org\/{rel}","templated":true}]}}