{"id":1393,"date":"2023-02-16T12:46:49","date_gmt":"2023-02-16T12:46:49","guid":{"rendered":"https:\/\/aridane.org\/ciudad\/?p=1393"},"modified":"2023-07-31T09:02:46","modified_gmt":"2023-07-31T09:02:46","slug":"los-llanos-de-aridane-se-prepara-para-vivir-la-gran-polvacera-este-sabado","status":"publish","type":"post","link":"https:\/\/www.aridane.org\/city\/2023\/02\/16\/los-llanos-de-aridane-se-prepara-para-vivir-la-gran-polvacera-este-sabado\/","title":{"rendered":"Los Llanos de Aridane se prepara para vivir la Gran Polvacera este s\u00e1bado"},"content":{"rendered":"<section class=\"wpb-content-wrapper\"><p>[vc_row css_animation=\u00bb\u00bb row_type=\u00bbrow\u00bb use_row_as_full_screen_section=\u00bbno\u00bb type=\u00bbfull_width\u00bb angled_section=\u00bbno\u00bb text_align=\u00bbleft\u00bb background_image_as_pattern=\u00bbwithout_pattern\u00bb][vc_column][vc_row_inner row_type=\u00bbrow\u00bb type=\u00bbgrid\u00bb text_align=\u00bbleft\u00bb css_animation=\u00bb\u00bb][vc_column_inner][vc_empty_space height=\u00bb20px\u00bb][vc_empty_space height=\u00bb20px\u00bb][\/vc_column_inner][\/vc_row_inner][vc_column_text]<\/p>\n<ul>\n<li style=\"text-align: justify;\"><em>La concejal, M\u00f3nica Gonz\u00e1lez, explica que despu\u00e9s de dos a\u00f1os sin poderse celebrar la Gran Polvacera vuelve con m\u00e1s fuerza que nunca, y con un amplio programa musical, para vivir y disfrutar de uno de los d\u00edas m\u00e1s esperados del Carnaval aridanense.<\/em><\/li>\n<\/ul>\n<p>&nbsp;<\/p>\n<p style=\"text-align: justify;\"><strong>Los Llanos de Aridane, 16 de febrero de 2023.-<\/strong> El Ayuntamiento de Los Llanos de Aridane a trav\u00e9s de la concejal de Fiestas, M\u00f3nica Gonz\u00e1lez, ha confirmado que \u201cya est\u00e1 todo preparado para vivir la Gran Polvacera, en la que un a\u00f1o m\u00e1s estamos seguro que nos acompa\u00f1ar\u00e1n miles de personas tanto de la Isla, como del resto del archipi\u00e9lago, despu\u00e9s de que hayamos estado dos a\u00f1os sin poder celebrarlo como consecuencia de la pandemia y posterior erupci\u00f3n del volc\u00e1n\u201d, se\u00f1ala.<\/p>\n<p style=\"text-align: justify;\">Gonz\u00e1lez recuerda que como marca la tradici\u00f3n de otros a\u00f1os Los Llanos volver\u00e1 a vivir la \u00a0explosi\u00f3n de polvos blancos al ritmo de las batucadas, que recorrer\u00e1n la calle Real hasta alcanzar la Plaza de Espa\u00f1a, \u201cmomento en el que se producir\u00e1 la tradicional cuenta atr\u00e1s, que estar\u00e1 amenizado por Arturo Castillo, y la orquesta Tres de Ca\u00f1a, para posteriormente y desde el balc\u00f3n del Ayuntamiento aridanense vivir uno de los momentos m\u00e1s esperados al vivir el estallido de colores: rojo, naranja, azul, verde, amarillo, violeta y rosa, formando los colores del arco\u00edris\u201d, se\u00f1ala.<\/p>\n<p style=\"text-align: justify;\">Adem\u00e1s, la concejal se\u00f1ala que a partir de las desde las 15:00 horas la fiesta del Carnaval El Musical se trasladar\u00e1 a la Plaza Juan Pablo II, \u201clugar en el que tendr\u00e1 lugar la tradicional verbena, contaremos con kioskos, y actuar\u00e1n: El Morocho, Maquinaria Band, DJ Renzzo, The Boys Machine, Dorada Band, DJ Jacob, DJ Aguiloche, Orquesta Libertad y \u00d3scar Mart\u00ednez\u201d.<\/p>\n<p style=\"text-align: justify;\">Por otro lado, desde la concejal\u00eda de Igualdad, que dirige Elena Pais, han confirmado que \u201ceste a\u00f1o se pondr\u00e1n tres puntos violetas el s\u00e1bado 18, el lunes 20 y el s\u00e1bado 25 en horarios que cubran gran parte de la noche, ubicado en el Centro de D\u00eda, con el fin de que podamos disfrutar de unos Carnavales seguros y respetuosos.<\/p>\n<p style=\"text-align: justify;\">Asimismo, recuerda que en los Puntos Violeta se tratan agresiones de car\u00e1cter machista, acosos, tocamientos sin permiso, comentarios ofensivos o agresiones de cualquier tipo y discriminatorias, y tambi\u00e9n se protege al colectivo LGBTI.<\/p>\n<p style=\"text-align: justify;\">Por \u00faltimo, desde el Ayuntamiento de Los Llanos de Aridane se invita a todas las personas que lo deseen a vivir y sentir La Gran Polvacera, \u201cuno de los d\u00edas m\u00e1s esperados del carnaval aridanense, y que a\u00f1o tras a\u00f1o alberga a un mayor n\u00famero de personas que se acercan a disfrutar de esta esperada cita\u201d.<\/p>\n<p>[\/vc_column_text][\/vc_column][\/vc_row]<\/p>\n<\/section>","protected":false},"excerpt":{"rendered":"<p>[vc_row css_animation=\u00bb\u00bb row_type=\u00bbrow\u00bb use_row_as_full_screen_section=\u00bbno\u00bb type=\u00bbfull_width\u00bb angled_section=\u00bbno\u00bb text_align=\u00bbleft\u00bb background_image_as_pattern=\u00bbwithout_pattern\u00bb][vc_column][vc_row_inner row_type=\u00bbrow\u00bb type=\u00bbgrid\u00bb text_align=\u00bbleft\u00bb css_animation=\u00bb\u00bb][vc_column_inner][vc_empty_space height=\u00bb20px\u00bb][vc_empty_space height=\u00bb20px\u00bb][\/vc_column_inner][\/vc_row_inner][vc_column_text] La concejal, M\u00f3nica Gonz\u00e1lez, explica que despu\u00e9s de dos a\u00f1os sin poderse celebrar la Gran Polvacera vuelve con m\u00e1s fuerza que nunca, y con un amplio programa musical, para vivir y&#8230;<\/p>\n","protected":false},"author":1,"featured_media":2610,"comment_status":"closed","ping_status":"open","sticky":false,"template":"","format":"standard","meta":{"footnotes":""},"categories":[6],"tags":[],"class_list":["post-1393","post","type-post","status-publish","format-standard","has-post-thumbnail","hentry","category-prensa"],"yoast_head":"<!-- This site is optimized with the Yoast SEO plugin v22.7 - https:\/\/yoast.com\/wordpress\/plugins\/seo\/ -->\n<title>Los Llanos de Aridane se prepara para vivir la Gran Polvacera este s\u00e1bado - Ayuntamiento de Los Llanos de Aridane<\/title>\n<meta name=\"description\" content=\"El Ayuntamiento de Los Llanos de Aridane presenta el cartel y el programa de La Patrona 2021 con el lema \u201cRemedios, m\u00e1s que un nombre.\u201d\" \/>\n<meta name=\"robots\" content=\"index, follow, max-snippet:-1, max-image-preview:large, max-video-preview:-1\" \/>\n<link rel=\"canonical\" href=\"https:\/\/www.aridane.org\/city\/2023\/02\/16\/los-llanos-de-aridane-se-prepara-para-vivir-la-gran-polvacera-este-sabado\/\" \/>\n<meta property=\"og:locale\" content=\"es_ES\" \/>\n<meta property=\"og:type\" content=\"article\" \/>\n<meta property=\"og:title\" content=\"Los Llanos de Aridane se prepara para vivir la Gran Polvacera este s\u00e1bado - Ayuntamiento de Los Llanos de Aridane\" \/>\n<meta property=\"og:description\" content=\"El Ayuntamiento de Los Llanos de Aridane presenta el cartel y el programa de La Patrona 2021 con el lema \u201cRemedios, m\u00e1s que un nombre.\u201d\" \/>\n<meta property=\"og:url\" content=\"https:\/\/www.aridane.org\/city\/2023\/02\/16\/los-llanos-de-aridane-se-prepara-para-vivir-la-gran-polvacera-este-sabado\/\" \/>\n<meta property=\"og:site_name\" content=\"Ayuntamiento de Los Llanos de Aridane\" \/>\n<meta property=\"article:published_time\" content=\"2023-02-16T12:46:49+00:00\" \/>\n<meta property=\"article:modified_time\" content=\"2023-07-31T09:02:46+00:00\" \/>\n<meta property=\"og:image\" content=\"https:\/\/www.aridane.org\/city\/wp-content\/uploads\/2023\/02\/polvacera_llanos_de_aridane.jpg\" \/>\n\t<meta property=\"og:image:width\" content=\"1200\" \/>\n\t<meta property=\"og:image:height\" content=\"675\" \/>\n\t<meta property=\"og:image:type\" content=\"image\/jpeg\" \/>\n<meta name=\"author\" content=\"Richard Diaz\" \/>\n<meta name=\"twitter:card\" content=\"summary_large_image\" \/>\n<meta name=\"twitter:label1\" content=\"Escrito por\" \/>\n\t<meta name=\"twitter:data1\" content=\"Richard Diaz\" \/>\n\t<meta name=\"twitter:label2\" content=\"Tiempo de lectura\" \/>\n\t<meta name=\"twitter:data2\" content=\"3 minutos\" \/>\n<script type=\"application\/ld+json\" class=\"yoast-schema-graph\">{\"@context\":\"https:\/\/schema.org\",\"@graph\":[{\"@type\":\"WebPage\",\"@id\":\"https:\/\/www.aridane.org\/city\/2023\/02\/16\/los-llanos-de-aridane-se-prepara-para-vivir-la-gran-polvacera-este-sabado\/\",\"url\":\"https:\/\/www.aridane.org\/city\/2023\/02\/16\/los-llanos-de-aridane-se-prepara-para-vivir-la-gran-polvacera-este-sabado\/\",\"name\":\"Los Llanos de Aridane se prepara para vivir la Gran Polvacera este s\u00e1bado - Ayuntamiento de Los Llanos de Aridane\",\"isPartOf\":{\"@id\":\"https:\/\/www.aridane.org\/city\/#website\"},\"primaryImageOfPage\":{\"@id\":\"https:\/\/www.aridane.org\/city\/2023\/02\/16\/los-llanos-de-aridane-se-prepara-para-vivir-la-gran-polvacera-este-sabado\/#primaryimage\"},\"image\":{\"@id\":\"https:\/\/www.aridane.org\/city\/2023\/02\/16\/los-llanos-de-aridane-se-prepara-para-vivir-la-gran-polvacera-este-sabado\/#primaryimage\"},\"thumbnailUrl\":\"https:\/\/www.aridane.org\/city\/wp-content\/uploads\/2023\/02\/polvacera_llanos_de_aridane.jpg\",\"datePublished\":\"2023-02-16T12:46:49+00:00\",\"dateModified\":\"2023-07-31T09:02:46+00:00\",\"author\":{\"@id\":\"https:\/\/www.aridane.org\/city\/#\/schema\/person\/7d352ec7f29881716f298394432e7209\"},\"description\":\"El Ayuntamiento de Los Llanos de Aridane presenta el cartel y el programa de La Patrona 2021 con el lema \u201cRemedios, m\u00e1s que un nombre.\u201d\",\"breadcrumb\":{\"@id\":\"https:\/\/www.aridane.org\/city\/2023\/02\/16\/los-llanos-de-aridane-se-prepara-para-vivir-la-gran-polvacera-este-sabado\/#breadcrumb\"},\"inLanguage\":\"es\",\"potentialAction\":[{\"@type\":\"ReadAction\",\"target\":[\"https:\/\/www.aridane.org\/city\/2023\/02\/16\/los-llanos-de-aridane-se-prepara-para-vivir-la-gran-polvacera-este-sabado\/\"]}]},{\"@type\":\"ImageObject\",\"inLanguage\":\"es\",\"@id\":\"https:\/\/www.aridane.org\/city\/2023\/02\/16\/los-llanos-de-aridane-se-prepara-para-vivir-la-gran-polvacera-este-sabado\/#primaryimage\",\"url\":\"https:\/\/www.aridane.org\/city\/wp-content\/uploads\/2023\/02\/polvacera_llanos_de_aridane.jpg\",\"contentUrl\":\"https:\/\/www.aridane.org\/city\/wp-content\/uploads\/2023\/02\/polvacera_llanos_de_aridane.jpg\",\"width\":1200,\"height\":675},{\"@type\":\"BreadcrumbList\",\"@id\":\"https:\/\/www.aridane.org\/city\/2023\/02\/16\/los-llanos-de-aridane-se-prepara-para-vivir-la-gran-polvacera-este-sabado\/#breadcrumb\",\"itemListElement\":[{\"@type\":\"ListItem\",\"position\":1,\"name\":\"Portada\",\"item\":\"https:\/\/www.aridane.org\/city\/\"},{\"@type\":\"ListItem\",\"position\":2,\"name\":\"Los Llanos de Aridane se prepara para vivir la Gran Polvacera este s\u00e1bado\"}]},{\"@type\":\"WebSite\",\"@id\":\"https:\/\/www.aridane.org\/city\/#website\",\"url\":\"https:\/\/www.aridane.org\/city\/\",\"name\":\"Ayuntamiento de Los Llanos de Aridane\",\"description\":\"\",\"potentialAction\":[{\"@type\":\"SearchAction\",\"target\":{\"@type\":\"EntryPoint\",\"urlTemplate\":\"https:\/\/www.aridane.org\/city\/?s={search_term_string}\"},\"query-input\":\"required name=search_term_string\"}],\"inLanguage\":\"es\"},{\"@type\":\"Person\",\"@id\":\"https:\/\/www.aridane.org\/city\/#\/schema\/person\/7d352ec7f29881716f298394432e7209\",\"name\":\"Richard Diaz\",\"image\":{\"@type\":\"ImageObject\",\"inLanguage\":\"es\",\"@id\":\"https:\/\/www.aridane.org\/city\/#\/schema\/person\/image\/\",\"url\":\"https:\/\/secure.gravatar.com\/avatar\/bacd6aefc26a4a204943090a4c596cd10f0857081ef3cfd12084a70ecb3161d5?s=96&d=mm&r=g\",\"contentUrl\":\"https:\/\/secure.gravatar.com\/avatar\/bacd6aefc26a4a204943090a4c596cd10f0857081ef3cfd12084a70ecb3161d5?s=96&d=mm&r=g\",\"caption\":\"Richard Diaz\"},\"sameAs\":[\"https:\/\/www.aridane.org\/city\"],\"url\":\"https:\/\/www.aridane.org\/city\/author\/richard-diaz\/\"}]}<\/script>\n<!-- \/ Yoast SEO plugin. -->","yoast_head_json":{"title":"Los Llanos de Aridane se prepara para vivir la Gran Polvacera este s\u00e1bado - Ayuntamiento de Los Llanos de Aridane","description":"El Ayuntamiento de Los Llanos de Aridane presenta el cartel y el programa de La Patrona 2021 con el lema \u201cRemedios, m\u00e1s que un nombre.\u201d","robots":{"index":"index","follow":"follow","max-snippet":"max-snippet:-1","max-image-preview":"max-image-preview:large","max-video-preview":"max-video-preview:-1"},"canonical":"https:\/\/www.aridane.org\/city\/2023\/02\/16\/los-llanos-de-aridane-se-prepara-para-vivir-la-gran-polvacera-este-sabado\/","og_locale":"es_ES","og_type":"article","og_title":"Los Llanos de Aridane se prepara para vivir la Gran Polvacera este s\u00e1bado - Ayuntamiento de Los Llanos de Aridane","og_description":"El Ayuntamiento de Los Llanos de Aridane presenta el cartel y el programa de La Patrona 2021 con el lema \u201cRemedios, m\u00e1s que un nombre.\u201d","og_url":"https:\/\/www.aridane.org\/city\/2023\/02\/16\/los-llanos-de-aridane-se-prepara-para-vivir-la-gran-polvacera-este-sabado\/","og_site_name":"Ayuntamiento de Los Llanos de Aridane","article_published_time":"2023-02-16T12:46:49+00:00","article_modified_time":"2023-07-31T09:02:46+00:00","og_image":[{"width":1200,"height":675,"url":"https:\/\/www.aridane.org\/city\/wp-content\/uploads\/2023\/02\/polvacera_llanos_de_aridane.jpg","type":"image\/jpeg"}],"author":"Richard Diaz","twitter_card":"summary_large_image","twitter_misc":{"Escrito por":"Richard Diaz","Tiempo de lectura":"3 minutos"},"schema":{"@context":"https:\/\/schema.org","@graph":[{"@type":"WebPage","@id":"https:\/\/www.aridane.org\/city\/2023\/02\/16\/los-llanos-de-aridane-se-prepara-para-vivir-la-gran-polvacera-este-sabado\/","url":"https:\/\/www.aridane.org\/city\/2023\/02\/16\/los-llanos-de-aridane-se-prepara-para-vivir-la-gran-polvacera-este-sabado\/","name":"Los Llanos de Aridane se prepara para vivir la Gran Polvacera este s\u00e1bado - Ayuntamiento de Los Llanos de Aridane","isPartOf":{"@id":"https:\/\/www.aridane.org\/city\/#website"},"primaryImageOfPage":{"@id":"https:\/\/www.aridane.org\/city\/2023\/02\/16\/los-llanos-de-aridane-se-prepara-para-vivir-la-gran-polvacera-este-sabado\/#primaryimage"},"image":{"@id":"https:\/\/www.aridane.org\/city\/2023\/02\/16\/los-llanos-de-aridane-se-prepara-para-vivir-la-gran-polvacera-este-sabado\/#primaryimage"},"thumbnailUrl":"https:\/\/www.aridane.org\/city\/wp-content\/uploads\/2023\/02\/polvacera_llanos_de_aridane.jpg","datePublished":"2023-02-16T12:46:49+00:00","dateModified":"2023-07-31T09:02:46+00:00","author":{"@id":"https:\/\/www.aridane.org\/city\/#\/schema\/person\/7d352ec7f29881716f298394432e7209"},"description":"El Ayuntamiento de Los Llanos de Aridane presenta el cartel y el programa de La Patrona 2021 con el lema \u201cRemedios, m\u00e1s que un nombre.\u201d","breadcrumb":{"@id":"https:\/\/www.aridane.org\/city\/2023\/02\/16\/los-llanos-de-aridane-se-prepara-para-vivir-la-gran-polvacera-este-sabado\/#breadcrumb"},"inLanguage":"es","potentialAction":[{"@type":"ReadAction","target":["https:\/\/www.aridane.org\/city\/2023\/02\/16\/los-llanos-de-aridane-se-prepara-para-vivir-la-gran-polvacera-este-sabado\/"]}]},{"@type":"ImageObject","inLanguage":"es","@id":"https:\/\/www.aridane.org\/city\/2023\/02\/16\/los-llanos-de-aridane-se-prepara-para-vivir-la-gran-polvacera-este-sabado\/#primaryimage","url":"https:\/\/www.aridane.org\/city\/wp-content\/uploads\/2023\/02\/polvacera_llanos_de_aridane.jpg","contentUrl":"https:\/\/www.aridane.org\/city\/wp-content\/uploads\/2023\/02\/polvacera_llanos_de_aridane.jpg","width":1200,"height":675},{"@type":"BreadcrumbList","@id":"https:\/\/www.aridane.org\/city\/2023\/02\/16\/los-llanos-de-aridane-se-prepara-para-vivir-la-gran-polvacera-este-sabado\/#breadcrumb","itemListElement":[{"@type":"ListItem","position":1,"name":"Portada","item":"https:\/\/www.aridane.org\/city\/"},{"@type":"ListItem","position":2,"name":"Los Llanos de Aridane se prepara para vivir la Gran Polvacera este s\u00e1bado"}]},{"@type":"WebSite","@id":"https:\/\/www.aridane.org\/city\/#website","url":"https:\/\/www.aridane.org\/city\/","name":"Ayuntamiento de Los Llanos de Aridane","description":"","potentialAction":[{"@type":"SearchAction","target":{"@type":"EntryPoint","urlTemplate":"https:\/\/www.aridane.org\/city\/?s={search_term_string}"},"query-input":"required name=search_term_string"}],"inLanguage":"es"},{"@type":"Person","@id":"https:\/\/www.aridane.org\/city\/#\/schema\/person\/7d352ec7f29881716f298394432e7209","name":"Richard Diaz","image":{"@type":"ImageObject","inLanguage":"es","@id":"https:\/\/www.aridane.org\/city\/#\/schema\/person\/image\/","url":"https:\/\/secure.gravatar.com\/avatar\/bacd6aefc26a4a204943090a4c596cd10f0857081ef3cfd12084a70ecb3161d5?s=96&d=mm&r=g","contentUrl":"https:\/\/secure.gravatar.com\/avatar\/bacd6aefc26a4a204943090a4c596cd10f0857081ef3cfd12084a70ecb3161d5?s=96&d=mm&r=g","caption":"Richard Diaz"},"sameAs":["https:\/\/www.aridane.org\/city"],"url":"https:\/\/www.aridane.org\/city\/author\/richard-diaz\/"}]}},"_links":{"self":[{"href":"https:\/\/www.aridane.org\/city\/wp-json\/wp\/v2\/posts\/1393","targetHints":{"allow":["GET"]}}],"collection":[{"href":"https:\/\/www.aridane.org\/city\/wp-json\/wp\/v2\/posts"}],"about":[{"href":"https:\/\/www.aridane.org\/city\/wp-json\/wp\/v2\/types\/post"}],"author":[{"embeddable":true,"href":"https:\/\/www.aridane.org\/city\/wp-json\/wp\/v2\/users\/1"}],"replies":[{"embeddable":true,"href":"https:\/\/www.aridane.org\/city\/wp-json\/wp\/v2\/comments?post=1393"}],"version-history":[{"count":2,"href":"https:\/\/www.aridane.org\/city\/wp-json\/wp\/v2\/posts\/1393\/revisions"}],"predecessor-version":[{"id":2612,"href":"https:\/\/www.aridane.org\/city\/wp-json\/wp\/v2\/posts\/1393\/revisions\/2612"}],"wp:featuredmedia":[{"embeddable":true,"href":"https:\/\/www.aridane.org\/city\/wp-json\/wp\/v2\/media\/2610"}],"wp:attachment":[{"href":"https:\/\/www.aridane.org\/city\/wp-json\/wp\/v2\/media?parent=1393"}],"wp:term":[{"taxonomy":"category","embeddable":true,"href":"https:\/\/www.aridane.org\/city\/wp-json\/wp\/v2\/categories?post=1393"},{"taxonomy":"post_tag","embeddable":true,"href":"https:\/\/www.aridane.org\/city\/wp-json\/wp\/v2\/tags?post=1393"}],"curies":[{"name":"wp","href":"https:\/\/api.w.org\/{rel}","templated":true}]}}