{"id":1401,"date":"2023-02-20T12:30:14","date_gmt":"2023-02-20T12:30:14","guid":{"rendered":"https:\/\/aridane.org\/ciudad\/?p=1401"},"modified":"2023-07-31T08:33:24","modified_gmt":"2023-07-31T08:33:24","slug":"los-llanos-de-aridane-vivira-manana-el-gran-coso-del-carnaval-el-musical","status":"publish","type":"post","link":"https:\/\/www.aridane.org\/city\/2023\/02\/20\/los-llanos-de-aridane-vivira-manana-el-gran-coso-del-carnaval-el-musical\/","title":{"rendered":"Los Llanos de Aridane vivir\u00e1 ma\u00f1ana el Gran Coso del Carnaval El Musical"},"content":{"rendered":"<section class=\"wpb-content-wrapper\"><p>[vc_row css_animation=\u00bb\u00bb row_type=\u00bbrow\u00bb use_row_as_full_screen_section=\u00bbno\u00bb type=\u00bbfull_width\u00bb angled_section=\u00bbno\u00bb text_align=\u00bbleft\u00bb background_image_as_pattern=\u00bbwithout_pattern\u00bb][vc_column][vc_row_inner row_type=\u00bbrow\u00bb type=\u00bbgrid\u00bb text_align=\u00bbleft\u00bb css_animation=\u00bb\u00bb][vc_column_inner][vc_empty_space height=\u00bb20px\u00bb][vc_empty_space height=\u00bb20px\u00bb][\/vc_column_inner][\/vc_row_inner][vc_column_text]<\/p>\n<ul>\n<li style=\"text-align: justify;\"><em>La concejal Fiestas, M\u00f3nica Gonz\u00e1lez, invita a todos los llanenses, y palmeros, a vivir y <\/em><em>disfrutar de este gran desfile en el que participan todas las formaciones que hacen <\/em><em>posible carnaval aridanense.<\/em><\/li>\n<\/ul>\n<p>&nbsp;<\/p>\n<p style=\"text-align: justify;\"><strong>Los Llanos de Aridane, 20 de febrero de 2023.-<\/strong> El Ayuntamiento de Los Llanos de Aridane a trav\u00e9s de la concejal de Fiestas, M\u00f3nica Gonz\u00e1lez, ha confirmado que \u201cma\u00f1ana, martes 21, a partir de las 17:00 horas se llevar\u00e1 a cabo el Gran Coso del Carnaval El Musical. Uno de los momentos m\u00e1s esperados en el que desfilar\u00e1n todas las formaciones que hacen posible el carnaval aridanense\u201d, se\u00f1ala.<\/p>\n<p style=\"text-align: justify;\">Gonz\u00e1lez explica que como cada a\u00f1o la comitiva partir\u00e1 desde la Avda. Enrique Mederos, por la zona de Ram\u00f3n Pol hasta llegar a la Avenida Doctor Fleming, para posteriormente dirigirse hacia la Plaza de Espa\u00f1a y culminar en la Avenida Venezuela. Adem\u00e1s, confirma que durante todo el recorrido participar\u00e1n todos los grupos del carnaval, murgas, comparsas, batucadas, \u201cy los vecinos, as\u00ed como todas las personas que se acerquen hasta nuestro municipio podr\u00e1n disfrutar de las majestuosas e impresionantes fantas\u00edas de la Gala Adulta, Gran Dama e Infantil\u201d.<\/p>\n<p style=\"text-align: justify;\">Asimismo, la concejal recuerda que la programaci\u00f3n contin\u00faa el jueves 23 cuando de 10:00 a 18:00 horas se lleve a cabo la exposici\u00f3n de la Fantas\u00edas ganadoras y participantes en las diferentes galas del Carnaval El Musical, en la Plaza de Espa\u00f1a y aleda\u00f1os. Mientras que el viernes ser\u00e1 el entierro de la Sardina, \u201ccomenzar\u00e1 en la Avenida Sarbelio P\u00e9rez Pulido, a las 17:00 horas, lugar en el que se repartir\u00e1 vino y sardinas y estar\u00e1 amenizado por parrandas. Posteriormente se proceder\u00e1 al recorrido f\u00fanebre desde El Retamar hasta la calle Ram\u00f3n Pol para proceder a la quema de Do\u00f1a Sardina . Mientras que a las 22:00 horas ser\u00e1 la verbena en la Plaza Juan Pablo II, que estar\u00e1 amenizada por Silvia Reyes. Tambi\u00e9n, el mismo viernes desde las 18:00 horas se podr\u00e1 disfrutar del Festival de Comparsas, en la Plaza Juan Pablo II\u201d.<\/p>\n<p style=\"text-align: justify;\">Por \u00faltimo, desde el Ayuntamiento de Los Llanos de Aridane se agradece a todos los grupos del carnaval \u201cel enorme esfuerzo y trabajo que est\u00e1n haciendo para que un a\u00f1o m\u00e1s el carnaval aridanense est\u00e9 siendo un referente en la Isla\u201d.<\/p>\n<p>[\/vc_column_text][\/vc_column][\/vc_row]<\/p>\n<\/section>","protected":false},"excerpt":{"rendered":"<p>[vc_row css_animation=\u00bb\u00bb row_type=\u00bbrow\u00bb use_row_as_full_screen_section=\u00bbno\u00bb type=\u00bbfull_width\u00bb angled_section=\u00bbno\u00bb text_align=\u00bbleft\u00bb background_image_as_pattern=\u00bbwithout_pattern\u00bb][vc_column][vc_row_inner row_type=\u00bbrow\u00bb type=\u00bbgrid\u00bb text_align=\u00bbleft\u00bb css_animation=\u00bb\u00bb][vc_column_inner][vc_empty_space height=\u00bb20px\u00bb][vc_empty_space height=\u00bb20px\u00bb][\/vc_column_inner][\/vc_row_inner][vc_column_text] La concejal Fiestas, M\u00f3nica Gonz\u00e1lez, invita a todos los llanenses, y palmeros, a vivir y disfrutar de este gran desfile en el que participan todas las formaciones que hacen posible carnaval&#8230;<\/p>\n","protected":false},"author":1,"featured_media":2606,"comment_status":"closed","ping_status":"open","sticky":false,"template":"","format":"standard","meta":{"footnotes":""},"categories":[6],"tags":[],"class_list":["post-1401","post","type-post","status-publish","format-standard","has-post-thumbnail","hentry","category-prensa"],"yoast_head":"<!-- This site is optimized with the Yoast SEO plugin v22.7 - https:\/\/yoast.com\/wordpress\/plugins\/seo\/ -->\n<title>Los Llanos de Aridane vivir\u00e1 ma\u00f1ana el Gran Coso del Carnaval El Musical - Ayuntamiento de Los Llanos de Aridane<\/title>\n<meta name=\"description\" content=\"El Ayuntamiento de Los Llanos de Aridane presenta el cartel y el programa de La Patrona 2021 con el lema \u201cRemedios, m\u00e1s que un nombre.\u201d\" \/>\n<meta name=\"robots\" content=\"index, follow, max-snippet:-1, max-image-preview:large, max-video-preview:-1\" \/>\n<link rel=\"canonical\" href=\"https:\/\/www.aridane.org\/city\/2023\/02\/20\/los-llanos-de-aridane-vivira-manana-el-gran-coso-del-carnaval-el-musical\/\" \/>\n<meta property=\"og:locale\" content=\"es_ES\" \/>\n<meta property=\"og:type\" content=\"article\" \/>\n<meta property=\"og:title\" content=\"Los Llanos de Aridane vivir\u00e1 ma\u00f1ana el Gran Coso del Carnaval El Musical - Ayuntamiento de Los Llanos de Aridane\" \/>\n<meta property=\"og:description\" content=\"El Ayuntamiento de Los Llanos de Aridane presenta el cartel y el programa de La Patrona 2021 con el lema \u201cRemedios, m\u00e1s que un nombre.\u201d\" \/>\n<meta property=\"og:url\" content=\"https:\/\/www.aridane.org\/city\/2023\/02\/20\/los-llanos-de-aridane-vivira-manana-el-gran-coso-del-carnaval-el-musical\/\" \/>\n<meta property=\"og:site_name\" content=\"Ayuntamiento de Los Llanos de Aridane\" \/>\n<meta property=\"article:published_time\" content=\"2023-02-20T12:30:14+00:00\" \/>\n<meta property=\"article:modified_time\" content=\"2023-07-31T08:33:24+00:00\" \/>\n<meta property=\"og:image\" content=\"https:\/\/www.aridane.org\/city\/wp-content\/uploads\/2023\/02\/coso_de_carnaval.jpg\" \/>\n\t<meta property=\"og:image:width\" content=\"1200\" \/>\n\t<meta property=\"og:image:height\" content=\"675\" \/>\n\t<meta property=\"og:image:type\" content=\"image\/jpeg\" \/>\n<meta name=\"author\" content=\"Richard Diaz\" \/>\n<meta name=\"twitter:card\" content=\"summary_large_image\" \/>\n<meta name=\"twitter:label1\" content=\"Escrito por\" \/>\n\t<meta name=\"twitter:data1\" content=\"Richard Diaz\" \/>\n\t<meta name=\"twitter:label2\" content=\"Tiempo de lectura\" \/>\n\t<meta name=\"twitter:data2\" content=\"2 minutos\" \/>\n<script type=\"application\/ld+json\" class=\"yoast-schema-graph\">{\"@context\":\"https:\/\/schema.org\",\"@graph\":[{\"@type\":\"WebPage\",\"@id\":\"https:\/\/www.aridane.org\/city\/2023\/02\/20\/los-llanos-de-aridane-vivira-manana-el-gran-coso-del-carnaval-el-musical\/\",\"url\":\"https:\/\/www.aridane.org\/city\/2023\/02\/20\/los-llanos-de-aridane-vivira-manana-el-gran-coso-del-carnaval-el-musical\/\",\"name\":\"Los Llanos de Aridane vivir\u00e1 ma\u00f1ana el Gran Coso del Carnaval El Musical - Ayuntamiento de Los Llanos de Aridane\",\"isPartOf\":{\"@id\":\"https:\/\/www.aridane.org\/city\/#website\"},\"primaryImageOfPage\":{\"@id\":\"https:\/\/www.aridane.org\/city\/2023\/02\/20\/los-llanos-de-aridane-vivira-manana-el-gran-coso-del-carnaval-el-musical\/#primaryimage\"},\"image\":{\"@id\":\"https:\/\/www.aridane.org\/city\/2023\/02\/20\/los-llanos-de-aridane-vivira-manana-el-gran-coso-del-carnaval-el-musical\/#primaryimage\"},\"thumbnailUrl\":\"https:\/\/www.aridane.org\/city\/wp-content\/uploads\/2023\/02\/coso_de_carnaval.jpg\",\"datePublished\":\"2023-02-20T12:30:14+00:00\",\"dateModified\":\"2023-07-31T08:33:24+00:00\",\"author\":{\"@id\":\"https:\/\/www.aridane.org\/city\/#\/schema\/person\/7d352ec7f29881716f298394432e7209\"},\"description\":\"El Ayuntamiento de Los Llanos de Aridane presenta el cartel y el programa de La Patrona 2021 con el lema \u201cRemedios, m\u00e1s que un nombre.\u201d\",\"breadcrumb\":{\"@id\":\"https:\/\/www.aridane.org\/city\/2023\/02\/20\/los-llanos-de-aridane-vivira-manana-el-gran-coso-del-carnaval-el-musical\/#breadcrumb\"},\"inLanguage\":\"es\",\"potentialAction\":[{\"@type\":\"ReadAction\",\"target\":[\"https:\/\/www.aridane.org\/city\/2023\/02\/20\/los-llanos-de-aridane-vivira-manana-el-gran-coso-del-carnaval-el-musical\/\"]}]},{\"@type\":\"ImageObject\",\"inLanguage\":\"es\",\"@id\":\"https:\/\/www.aridane.org\/city\/2023\/02\/20\/los-llanos-de-aridane-vivira-manana-el-gran-coso-del-carnaval-el-musical\/#primaryimage\",\"url\":\"https:\/\/www.aridane.org\/city\/wp-content\/uploads\/2023\/02\/coso_de_carnaval.jpg\",\"contentUrl\":\"https:\/\/www.aridane.org\/city\/wp-content\/uploads\/2023\/02\/coso_de_carnaval.jpg\",\"width\":1200,\"height\":675},{\"@type\":\"BreadcrumbList\",\"@id\":\"https:\/\/www.aridane.org\/city\/2023\/02\/20\/los-llanos-de-aridane-vivira-manana-el-gran-coso-del-carnaval-el-musical\/#breadcrumb\",\"itemListElement\":[{\"@type\":\"ListItem\",\"position\":1,\"name\":\"Portada\",\"item\":\"https:\/\/www.aridane.org\/city\/\"},{\"@type\":\"ListItem\",\"position\":2,\"name\":\"Los Llanos de Aridane vivir\u00e1 ma\u00f1ana el Gran Coso del Carnaval El Musical\"}]},{\"@type\":\"WebSite\",\"@id\":\"https:\/\/www.aridane.org\/city\/#website\",\"url\":\"https:\/\/www.aridane.org\/city\/\",\"name\":\"Ayuntamiento de Los Llanos de Aridane\",\"description\":\"\",\"potentialAction\":[{\"@type\":\"SearchAction\",\"target\":{\"@type\":\"EntryPoint\",\"urlTemplate\":\"https:\/\/www.aridane.org\/city\/?s={search_term_string}\"},\"query-input\":\"required name=search_term_string\"}],\"inLanguage\":\"es\"},{\"@type\":\"Person\",\"@id\":\"https:\/\/www.aridane.org\/city\/#\/schema\/person\/7d352ec7f29881716f298394432e7209\",\"name\":\"Richard Diaz\",\"image\":{\"@type\":\"ImageObject\",\"inLanguage\":\"es\",\"@id\":\"https:\/\/www.aridane.org\/city\/#\/schema\/person\/image\/\",\"url\":\"https:\/\/secure.gravatar.com\/avatar\/bacd6aefc26a4a204943090a4c596cd10f0857081ef3cfd12084a70ecb3161d5?s=96&d=mm&r=g\",\"contentUrl\":\"https:\/\/secure.gravatar.com\/avatar\/bacd6aefc26a4a204943090a4c596cd10f0857081ef3cfd12084a70ecb3161d5?s=96&d=mm&r=g\",\"caption\":\"Richard Diaz\"},\"sameAs\":[\"https:\/\/www.aridane.org\/city\"],\"url\":\"https:\/\/www.aridane.org\/city\/author\/richard-diaz\/\"}]}<\/script>\n<!-- \/ Yoast SEO plugin. -->","yoast_head_json":{"title":"Los Llanos de Aridane vivir\u00e1 ma\u00f1ana el Gran Coso del Carnaval El Musical - Ayuntamiento de Los Llanos de Aridane","description":"El Ayuntamiento de Los Llanos de Aridane presenta el cartel y el programa de La Patrona 2021 con el lema \u201cRemedios, m\u00e1s que un nombre.\u201d","robots":{"index":"index","follow":"follow","max-snippet":"max-snippet:-1","max-image-preview":"max-image-preview:large","max-video-preview":"max-video-preview:-1"},"canonical":"https:\/\/www.aridane.org\/city\/2023\/02\/20\/los-llanos-de-aridane-vivira-manana-el-gran-coso-del-carnaval-el-musical\/","og_locale":"es_ES","og_type":"article","og_title":"Los Llanos de Aridane vivir\u00e1 ma\u00f1ana el Gran Coso del Carnaval El Musical - Ayuntamiento de Los Llanos de Aridane","og_description":"El Ayuntamiento de Los Llanos de Aridane presenta el cartel y el programa de La Patrona 2021 con el lema \u201cRemedios, m\u00e1s que un nombre.\u201d","og_url":"https:\/\/www.aridane.org\/city\/2023\/02\/20\/los-llanos-de-aridane-vivira-manana-el-gran-coso-del-carnaval-el-musical\/","og_site_name":"Ayuntamiento de Los Llanos de Aridane","article_published_time":"2023-02-20T12:30:14+00:00","article_modified_time":"2023-07-31T08:33:24+00:00","og_image":[{"width":1200,"height":675,"url":"https:\/\/www.aridane.org\/city\/wp-content\/uploads\/2023\/02\/coso_de_carnaval.jpg","type":"image\/jpeg"}],"author":"Richard Diaz","twitter_card":"summary_large_image","twitter_misc":{"Escrito por":"Richard Diaz","Tiempo de lectura":"2 minutos"},"schema":{"@context":"https:\/\/schema.org","@graph":[{"@type":"WebPage","@id":"https:\/\/www.aridane.org\/city\/2023\/02\/20\/los-llanos-de-aridane-vivira-manana-el-gran-coso-del-carnaval-el-musical\/","url":"https:\/\/www.aridane.org\/city\/2023\/02\/20\/los-llanos-de-aridane-vivira-manana-el-gran-coso-del-carnaval-el-musical\/","name":"Los Llanos de Aridane vivir\u00e1 ma\u00f1ana el Gran Coso del Carnaval El Musical - Ayuntamiento de Los Llanos de Aridane","isPartOf":{"@id":"https:\/\/www.aridane.org\/city\/#website"},"primaryImageOfPage":{"@id":"https:\/\/www.aridane.org\/city\/2023\/02\/20\/los-llanos-de-aridane-vivira-manana-el-gran-coso-del-carnaval-el-musical\/#primaryimage"},"image":{"@id":"https:\/\/www.aridane.org\/city\/2023\/02\/20\/los-llanos-de-aridane-vivira-manana-el-gran-coso-del-carnaval-el-musical\/#primaryimage"},"thumbnailUrl":"https:\/\/www.aridane.org\/city\/wp-content\/uploads\/2023\/02\/coso_de_carnaval.jpg","datePublished":"2023-02-20T12:30:14+00:00","dateModified":"2023-07-31T08:33:24+00:00","author":{"@id":"https:\/\/www.aridane.org\/city\/#\/schema\/person\/7d352ec7f29881716f298394432e7209"},"description":"El Ayuntamiento de Los Llanos de Aridane presenta el cartel y el programa de La Patrona 2021 con el lema \u201cRemedios, m\u00e1s que un nombre.\u201d","breadcrumb":{"@id":"https:\/\/www.aridane.org\/city\/2023\/02\/20\/los-llanos-de-aridane-vivira-manana-el-gran-coso-del-carnaval-el-musical\/#breadcrumb"},"inLanguage":"es","potentialAction":[{"@type":"ReadAction","target":["https:\/\/www.aridane.org\/city\/2023\/02\/20\/los-llanos-de-aridane-vivira-manana-el-gran-coso-del-carnaval-el-musical\/"]}]},{"@type":"ImageObject","inLanguage":"es","@id":"https:\/\/www.aridane.org\/city\/2023\/02\/20\/los-llanos-de-aridane-vivira-manana-el-gran-coso-del-carnaval-el-musical\/#primaryimage","url":"https:\/\/www.aridane.org\/city\/wp-content\/uploads\/2023\/02\/coso_de_carnaval.jpg","contentUrl":"https:\/\/www.aridane.org\/city\/wp-content\/uploads\/2023\/02\/coso_de_carnaval.jpg","width":1200,"height":675},{"@type":"BreadcrumbList","@id":"https:\/\/www.aridane.org\/city\/2023\/02\/20\/los-llanos-de-aridane-vivira-manana-el-gran-coso-del-carnaval-el-musical\/#breadcrumb","itemListElement":[{"@type":"ListItem","position":1,"name":"Portada","item":"https:\/\/www.aridane.org\/city\/"},{"@type":"ListItem","position":2,"name":"Los Llanos de Aridane vivir\u00e1 ma\u00f1ana el Gran Coso del Carnaval El Musical"}]},{"@type":"WebSite","@id":"https:\/\/www.aridane.org\/city\/#website","url":"https:\/\/www.aridane.org\/city\/","name":"Ayuntamiento de Los Llanos de Aridane","description":"","potentialAction":[{"@type":"SearchAction","target":{"@type":"EntryPoint","urlTemplate":"https:\/\/www.aridane.org\/city\/?s={search_term_string}"},"query-input":"required name=search_term_string"}],"inLanguage":"es"},{"@type":"Person","@id":"https:\/\/www.aridane.org\/city\/#\/schema\/person\/7d352ec7f29881716f298394432e7209","name":"Richard Diaz","image":{"@type":"ImageObject","inLanguage":"es","@id":"https:\/\/www.aridane.org\/city\/#\/schema\/person\/image\/","url":"https:\/\/secure.gravatar.com\/avatar\/bacd6aefc26a4a204943090a4c596cd10f0857081ef3cfd12084a70ecb3161d5?s=96&d=mm&r=g","contentUrl":"https:\/\/secure.gravatar.com\/avatar\/bacd6aefc26a4a204943090a4c596cd10f0857081ef3cfd12084a70ecb3161d5?s=96&d=mm&r=g","caption":"Richard Diaz"},"sameAs":["https:\/\/www.aridane.org\/city"],"url":"https:\/\/www.aridane.org\/city\/author\/richard-diaz\/"}]}},"_links":{"self":[{"href":"https:\/\/www.aridane.org\/city\/wp-json\/wp\/v2\/posts\/1401","targetHints":{"allow":["GET"]}}],"collection":[{"href":"https:\/\/www.aridane.org\/city\/wp-json\/wp\/v2\/posts"}],"about":[{"href":"https:\/\/www.aridane.org\/city\/wp-json\/wp\/v2\/types\/post"}],"author":[{"embeddable":true,"href":"https:\/\/www.aridane.org\/city\/wp-json\/wp\/v2\/users\/1"}],"replies":[{"embeddable":true,"href":"https:\/\/www.aridane.org\/city\/wp-json\/wp\/v2\/comments?post=1401"}],"version-history":[{"count":1,"href":"https:\/\/www.aridane.org\/city\/wp-json\/wp\/v2\/posts\/1401\/revisions"}],"predecessor-version":[{"id":2607,"href":"https:\/\/www.aridane.org\/city\/wp-json\/wp\/v2\/posts\/1401\/revisions\/2607"}],"wp:featuredmedia":[{"embeddable":true,"href":"https:\/\/www.aridane.org\/city\/wp-json\/wp\/v2\/media\/2606"}],"wp:attachment":[{"href":"https:\/\/www.aridane.org\/city\/wp-json\/wp\/v2\/media?parent=1401"}],"wp:term":[{"taxonomy":"category","embeddable":true,"href":"https:\/\/www.aridane.org\/city\/wp-json\/wp\/v2\/categories?post=1401"},{"taxonomy":"post_tag","embeddable":true,"href":"https:\/\/www.aridane.org\/city\/wp-json\/wp\/v2\/tags?post=1401"}],"curies":[{"name":"wp","href":"https:\/\/api.w.org\/{rel}","templated":true}]}}