{"id":1406,"date":"2023-02-23T10:05:45","date_gmt":"2023-02-23T10:05:45","guid":{"rendered":"https:\/\/aridane.org\/ciudad\/?p=1406"},"modified":"2023-07-31T08:10:41","modified_gmt":"2023-07-31T08:10:41","slug":"el-entierro-de-la-sardina-y-el-festival-de-comparsas-protagonistas-este-viernes-del-carnaval-el-musical-de-los-llanos-de-aridane","status":"publish","type":"post","link":"https:\/\/www.aridane.org\/city\/2023\/02\/23\/el-entierro-de-la-sardina-y-el-festival-de-comparsas-protagonistas-este-viernes-del-carnaval-el-musical-de-los-llanos-de-aridane\/","title":{"rendered":"El entierro de la sardina y el festival de comparsas protagonistas este viernes del Carnaval El Musical de Los Llanos de Aridane"},"content":{"rendered":"<section class=\"wpb-content-wrapper\"><p>[vc_row css_animation=\u00bb\u00bb row_type=\u00bbrow\u00bb use_row_as_full_screen_section=\u00bbno\u00bb type=\u00bbfull_width\u00bb angled_section=\u00bbno\u00bb text_align=\u00bbleft\u00bb background_image_as_pattern=\u00bbwithout_pattern\u00bb][vc_column][vc_row_inner row_type=\u00bbrow\u00bb type=\u00bbgrid\u00bb text_align=\u00bbleft\u00bb css_animation=\u00bb\u00bb][vc_column_inner][vc_empty_space height=\u00bb20px\u00bb][vc_empty_space height=\u00bb20px\u00bb][\/vc_column_inner][\/vc_row_inner][vc_column_text]<\/p>\n<ul>\n<li style=\"text-align: justify;\"><em>La concejal explica que el velatorio de Do\u00f1a Sardina comenzar\u00e1 a partir de las 17:00 horas en la Avenida Sarbelio P\u00e9rez Pulido, mientras que el Festival de Comparsas se desarrollar\u00e1 a partir de las 18:00 horas en el reciento del carnaval, ubicado en la plaza Juan Pablo II.<\/em><\/li>\n<\/ul>\n<p>&nbsp;<\/p>\n<p style=\"text-align: justify;\"><strong>Los Llanos de Aridane, 23 de febrero de 2023.-<\/strong> El Ayuntamiento de Los Llanos de Aridane a trav\u00e9s de la concejal de Fiestas, M\u00f3nica Gonz\u00e1lez, ha confirmado que ma\u00f1ana viernes el municipio acoger\u00e1 el tradicional entierro de la sardina, \u201cuno de los actos principales con el que damos la bienvenida al \u00faltimo fin de semana del Carnaval El Musical\u201d, se\u00f1ala.<\/p>\n<p style=\"text-align: justify;\">Gonz\u00e1lez explica que el velatorio de Do\u00f1a Sardina dar\u00e1 comenzar\u00e1 en la Avenida Sarbelio P\u00e9rez Pulido, a las 17:00 horas, lugar en el que se repartir\u00e1 vino y sardinas y estar\u00e1 amenizado por la parranda El Lagar. Posteriormente, se proceder\u00e1 al recorrido f\u00fanebre desde El Retamar por la Calle Real hasta la Avenida Dr. Fleming, que seguir\u00e1 por la calle Luis Felipe G\u00f3mez Wang\u00fcemert hasta la Calle Ram\u00f3n Pol donde se proceder\u00e1 a la quema de Do\u00f1a Sardina. Adem\u00e1s, a las 22:00 horas est\u00e1 prevista la verbena en la Plaza Juan Pablo II, \u201cque este a\u00f1o estar\u00e1 amenizada por Silvia Reyes\u201d, se\u00f1ala.<\/p>\n<p style=\"text-align: justify;\">Mientras que ese mismo d\u00eda el ritmo de las comparsas aridanenses ser\u00e1n las protagonistas de Festival de Comparsas que se llevar\u00e1 a cabo a partir de las 18:00 horas en el recinto del carnaval, en la Plaza Juan Pablo II.<\/p>\n<p style=\"text-align: justify;\">Por \u00faltimo, desde el Ayuntamiento de Los Llanos de Aridane, se invita a todos los vecinos, y personas que est\u00e9n visitando la isla \u201ca vivir y sentir uno de los carnavales m\u00e1s importantes de la Isla Bonita\u201d.<\/p>\n<p>[\/vc_column_text][\/vc_column][\/vc_row]<\/p>\n<\/section>","protected":false},"excerpt":{"rendered":"<p>[vc_row css_animation=\u00bb\u00bb row_type=\u00bbrow\u00bb use_row_as_full_screen_section=\u00bbno\u00bb type=\u00bbfull_width\u00bb angled_section=\u00bbno\u00bb text_align=\u00bbleft\u00bb background_image_as_pattern=\u00bbwithout_pattern\u00bb][vc_column][vc_row_inner row_type=\u00bbrow\u00bb type=\u00bbgrid\u00bb text_align=\u00bbleft\u00bb css_animation=\u00bb\u00bb][vc_column_inner][vc_empty_space height=\u00bb20px\u00bb][vc_empty_space height=\u00bb20px\u00bb][\/vc_column_inner][\/vc_row_inner][vc_column_text] La concejal explica que el velatorio de Do\u00f1a Sardina comenzar\u00e1 a partir de las 17:00 horas en la Avenida Sarbelio P\u00e9rez Pulido, mientras que el Festival de Comparsas se desarrollar\u00e1 a&#8230;<\/p>\n","protected":false},"author":1,"featured_media":2602,"comment_status":"closed","ping_status":"open","sticky":false,"template":"","format":"standard","meta":{"footnotes":""},"categories":[6],"tags":[],"class_list":["post-1406","post","type-post","status-publish","format-standard","has-post-thumbnail","hentry","category-prensa"],"yoast_head":"<!-- This site is optimized with the Yoast SEO plugin v22.7 - https:\/\/yoast.com\/wordpress\/plugins\/seo\/ -->\n<title>El entierro de la sardina y el festival de comparsas protagonistas este viernes del Carnaval El Musical de Los Llanos de Aridane - Ayuntamiento de Los Llanos de Aridane<\/title>\n<meta name=\"description\" content=\"El Ayuntamiento de Los Llanos de Aridane presenta el cartel y el programa de La Patrona 2021 con el lema \u201cRemedios, m\u00e1s que un nombre.\u201d\" \/>\n<meta name=\"robots\" content=\"index, follow, max-snippet:-1, max-image-preview:large, max-video-preview:-1\" \/>\n<link rel=\"canonical\" href=\"https:\/\/www.aridane.org\/city\/2023\/02\/23\/el-entierro-de-la-sardina-y-el-festival-de-comparsas-protagonistas-este-viernes-del-carnaval-el-musical-de-los-llanos-de-aridane\/\" \/>\n<meta property=\"og:locale\" content=\"es_ES\" \/>\n<meta property=\"og:type\" content=\"article\" \/>\n<meta property=\"og:title\" content=\"El entierro de la sardina y el festival de comparsas protagonistas este viernes del Carnaval El Musical de Los Llanos de Aridane - Ayuntamiento de Los Llanos de Aridane\" \/>\n<meta property=\"og:description\" content=\"El Ayuntamiento de Los Llanos de Aridane presenta el cartel y el programa de La Patrona 2021 con el lema \u201cRemedios, m\u00e1s que un nombre.\u201d\" \/>\n<meta property=\"og:url\" content=\"https:\/\/www.aridane.org\/city\/2023\/02\/23\/el-entierro-de-la-sardina-y-el-festival-de-comparsas-protagonistas-este-viernes-del-carnaval-el-musical-de-los-llanos-de-aridane\/\" \/>\n<meta property=\"og:site_name\" content=\"Ayuntamiento de Los Llanos de Aridane\" \/>\n<meta property=\"article:published_time\" content=\"2023-02-23T10:05:45+00:00\" \/>\n<meta property=\"article:modified_time\" content=\"2023-07-31T08:10:41+00:00\" \/>\n<meta property=\"og:image\" content=\"https:\/\/www.aridane.org\/city\/wp-content\/uploads\/2023\/02\/sardina_y_comparzas.jpg\" \/>\n\t<meta property=\"og:image:width\" content=\"1200\" \/>\n\t<meta property=\"og:image:height\" content=\"675\" \/>\n\t<meta property=\"og:image:type\" content=\"image\/jpeg\" \/>\n<meta name=\"author\" content=\"Richard Diaz\" \/>\n<meta name=\"twitter:card\" content=\"summary_large_image\" \/>\n<meta name=\"twitter:label1\" content=\"Escrito por\" \/>\n\t<meta name=\"twitter:data1\" content=\"Richard Diaz\" \/>\n\t<meta name=\"twitter:label2\" content=\"Tiempo de lectura\" \/>\n\t<meta name=\"twitter:data2\" content=\"2 minutos\" \/>\n<script type=\"application\/ld+json\" class=\"yoast-schema-graph\">{\"@context\":\"https:\/\/schema.org\",\"@graph\":[{\"@type\":\"WebPage\",\"@id\":\"https:\/\/www.aridane.org\/city\/2023\/02\/23\/el-entierro-de-la-sardina-y-el-festival-de-comparsas-protagonistas-este-viernes-del-carnaval-el-musical-de-los-llanos-de-aridane\/\",\"url\":\"https:\/\/www.aridane.org\/city\/2023\/02\/23\/el-entierro-de-la-sardina-y-el-festival-de-comparsas-protagonistas-este-viernes-del-carnaval-el-musical-de-los-llanos-de-aridane\/\",\"name\":\"El entierro de la sardina y el festival de comparsas protagonistas este viernes del Carnaval El Musical de Los Llanos de Aridane - Ayuntamiento de Los Llanos de Aridane\",\"isPartOf\":{\"@id\":\"https:\/\/www.aridane.org\/city\/#website\"},\"primaryImageOfPage\":{\"@id\":\"https:\/\/www.aridane.org\/city\/2023\/02\/23\/el-entierro-de-la-sardina-y-el-festival-de-comparsas-protagonistas-este-viernes-del-carnaval-el-musical-de-los-llanos-de-aridane\/#primaryimage\"},\"image\":{\"@id\":\"https:\/\/www.aridane.org\/city\/2023\/02\/23\/el-entierro-de-la-sardina-y-el-festival-de-comparsas-protagonistas-este-viernes-del-carnaval-el-musical-de-los-llanos-de-aridane\/#primaryimage\"},\"thumbnailUrl\":\"https:\/\/www.aridane.org\/city\/wp-content\/uploads\/2023\/02\/sardina_y_comparzas.jpg\",\"datePublished\":\"2023-02-23T10:05:45+00:00\",\"dateModified\":\"2023-07-31T08:10:41+00:00\",\"author\":{\"@id\":\"https:\/\/www.aridane.org\/city\/#\/schema\/person\/7d352ec7f29881716f298394432e7209\"},\"description\":\"El Ayuntamiento de Los Llanos de Aridane presenta el cartel y el programa de La Patrona 2021 con el lema \u201cRemedios, m\u00e1s que un nombre.\u201d\",\"breadcrumb\":{\"@id\":\"https:\/\/www.aridane.org\/city\/2023\/02\/23\/el-entierro-de-la-sardina-y-el-festival-de-comparsas-protagonistas-este-viernes-del-carnaval-el-musical-de-los-llanos-de-aridane\/#breadcrumb\"},\"inLanguage\":\"es\",\"potentialAction\":[{\"@type\":\"ReadAction\",\"target\":[\"https:\/\/www.aridane.org\/city\/2023\/02\/23\/el-entierro-de-la-sardina-y-el-festival-de-comparsas-protagonistas-este-viernes-del-carnaval-el-musical-de-los-llanos-de-aridane\/\"]}]},{\"@type\":\"ImageObject\",\"inLanguage\":\"es\",\"@id\":\"https:\/\/www.aridane.org\/city\/2023\/02\/23\/el-entierro-de-la-sardina-y-el-festival-de-comparsas-protagonistas-este-viernes-del-carnaval-el-musical-de-los-llanos-de-aridane\/#primaryimage\",\"url\":\"https:\/\/www.aridane.org\/city\/wp-content\/uploads\/2023\/02\/sardina_y_comparzas.jpg\",\"contentUrl\":\"https:\/\/www.aridane.org\/city\/wp-content\/uploads\/2023\/02\/sardina_y_comparzas.jpg\",\"width\":1200,\"height\":675},{\"@type\":\"BreadcrumbList\",\"@id\":\"https:\/\/www.aridane.org\/city\/2023\/02\/23\/el-entierro-de-la-sardina-y-el-festival-de-comparsas-protagonistas-este-viernes-del-carnaval-el-musical-de-los-llanos-de-aridane\/#breadcrumb\",\"itemListElement\":[{\"@type\":\"ListItem\",\"position\":1,\"name\":\"Portada\",\"item\":\"https:\/\/www.aridane.org\/city\/\"},{\"@type\":\"ListItem\",\"position\":2,\"name\":\"El entierro de la sardina y el festival de comparsas protagonistas este viernes del Carnaval El Musical de Los Llanos de Aridane\"}]},{\"@type\":\"WebSite\",\"@id\":\"https:\/\/www.aridane.org\/city\/#website\",\"url\":\"https:\/\/www.aridane.org\/city\/\",\"name\":\"Ayuntamiento de Los Llanos de Aridane\",\"description\":\"\",\"potentialAction\":[{\"@type\":\"SearchAction\",\"target\":{\"@type\":\"EntryPoint\",\"urlTemplate\":\"https:\/\/www.aridane.org\/city\/?s={search_term_string}\"},\"query-input\":\"required name=search_term_string\"}],\"inLanguage\":\"es\"},{\"@type\":\"Person\",\"@id\":\"https:\/\/www.aridane.org\/city\/#\/schema\/person\/7d352ec7f29881716f298394432e7209\",\"name\":\"Richard Diaz\",\"image\":{\"@type\":\"ImageObject\",\"inLanguage\":\"es\",\"@id\":\"https:\/\/www.aridane.org\/city\/#\/schema\/person\/image\/\",\"url\":\"https:\/\/secure.gravatar.com\/avatar\/bacd6aefc26a4a204943090a4c596cd10f0857081ef3cfd12084a70ecb3161d5?s=96&d=mm&r=g\",\"contentUrl\":\"https:\/\/secure.gravatar.com\/avatar\/bacd6aefc26a4a204943090a4c596cd10f0857081ef3cfd12084a70ecb3161d5?s=96&d=mm&r=g\",\"caption\":\"Richard Diaz\"},\"sameAs\":[\"https:\/\/www.aridane.org\/city\"],\"url\":\"https:\/\/www.aridane.org\/city\/author\/richard-diaz\/\"}]}<\/script>\n<!-- \/ Yoast SEO plugin. -->","yoast_head_json":{"title":"El entierro de la sardina y el festival de comparsas protagonistas este viernes del Carnaval El Musical de Los Llanos de Aridane - Ayuntamiento de Los Llanos de Aridane","description":"El Ayuntamiento de Los Llanos de Aridane presenta el cartel y el programa de La Patrona 2021 con el lema \u201cRemedios, m\u00e1s que un nombre.\u201d","robots":{"index":"index","follow":"follow","max-snippet":"max-snippet:-1","max-image-preview":"max-image-preview:large","max-video-preview":"max-video-preview:-1"},"canonical":"https:\/\/www.aridane.org\/city\/2023\/02\/23\/el-entierro-de-la-sardina-y-el-festival-de-comparsas-protagonistas-este-viernes-del-carnaval-el-musical-de-los-llanos-de-aridane\/","og_locale":"es_ES","og_type":"article","og_title":"El entierro de la sardina y el festival de comparsas protagonistas este viernes del Carnaval El Musical de Los Llanos de Aridane - Ayuntamiento de Los Llanos de Aridane","og_description":"El Ayuntamiento de Los Llanos de Aridane presenta el cartel y el programa de La Patrona 2021 con el lema \u201cRemedios, m\u00e1s que un nombre.\u201d","og_url":"https:\/\/www.aridane.org\/city\/2023\/02\/23\/el-entierro-de-la-sardina-y-el-festival-de-comparsas-protagonistas-este-viernes-del-carnaval-el-musical-de-los-llanos-de-aridane\/","og_site_name":"Ayuntamiento de Los Llanos de Aridane","article_published_time":"2023-02-23T10:05:45+00:00","article_modified_time":"2023-07-31T08:10:41+00:00","og_image":[{"width":1200,"height":675,"url":"https:\/\/www.aridane.org\/city\/wp-content\/uploads\/2023\/02\/sardina_y_comparzas.jpg","type":"image\/jpeg"}],"author":"Richard Diaz","twitter_card":"summary_large_image","twitter_misc":{"Escrito por":"Richard Diaz","Tiempo de lectura":"2 minutos"},"schema":{"@context":"https:\/\/schema.org","@graph":[{"@type":"WebPage","@id":"https:\/\/www.aridane.org\/city\/2023\/02\/23\/el-entierro-de-la-sardina-y-el-festival-de-comparsas-protagonistas-este-viernes-del-carnaval-el-musical-de-los-llanos-de-aridane\/","url":"https:\/\/www.aridane.org\/city\/2023\/02\/23\/el-entierro-de-la-sardina-y-el-festival-de-comparsas-protagonistas-este-viernes-del-carnaval-el-musical-de-los-llanos-de-aridane\/","name":"El entierro de la sardina y el festival de comparsas protagonistas este viernes del Carnaval El Musical de Los Llanos de Aridane - Ayuntamiento de Los Llanos de Aridane","isPartOf":{"@id":"https:\/\/www.aridane.org\/city\/#website"},"primaryImageOfPage":{"@id":"https:\/\/www.aridane.org\/city\/2023\/02\/23\/el-entierro-de-la-sardina-y-el-festival-de-comparsas-protagonistas-este-viernes-del-carnaval-el-musical-de-los-llanos-de-aridane\/#primaryimage"},"image":{"@id":"https:\/\/www.aridane.org\/city\/2023\/02\/23\/el-entierro-de-la-sardina-y-el-festival-de-comparsas-protagonistas-este-viernes-del-carnaval-el-musical-de-los-llanos-de-aridane\/#primaryimage"},"thumbnailUrl":"https:\/\/www.aridane.org\/city\/wp-content\/uploads\/2023\/02\/sardina_y_comparzas.jpg","datePublished":"2023-02-23T10:05:45+00:00","dateModified":"2023-07-31T08:10:41+00:00","author":{"@id":"https:\/\/www.aridane.org\/city\/#\/schema\/person\/7d352ec7f29881716f298394432e7209"},"description":"El Ayuntamiento de Los Llanos de Aridane presenta el cartel y el programa de La Patrona 2021 con el lema \u201cRemedios, m\u00e1s que un nombre.\u201d","breadcrumb":{"@id":"https:\/\/www.aridane.org\/city\/2023\/02\/23\/el-entierro-de-la-sardina-y-el-festival-de-comparsas-protagonistas-este-viernes-del-carnaval-el-musical-de-los-llanos-de-aridane\/#breadcrumb"},"inLanguage":"es","potentialAction":[{"@type":"ReadAction","target":["https:\/\/www.aridane.org\/city\/2023\/02\/23\/el-entierro-de-la-sardina-y-el-festival-de-comparsas-protagonistas-este-viernes-del-carnaval-el-musical-de-los-llanos-de-aridane\/"]}]},{"@type":"ImageObject","inLanguage":"es","@id":"https:\/\/www.aridane.org\/city\/2023\/02\/23\/el-entierro-de-la-sardina-y-el-festival-de-comparsas-protagonistas-este-viernes-del-carnaval-el-musical-de-los-llanos-de-aridane\/#primaryimage","url":"https:\/\/www.aridane.org\/city\/wp-content\/uploads\/2023\/02\/sardina_y_comparzas.jpg","contentUrl":"https:\/\/www.aridane.org\/city\/wp-content\/uploads\/2023\/02\/sardina_y_comparzas.jpg","width":1200,"height":675},{"@type":"BreadcrumbList","@id":"https:\/\/www.aridane.org\/city\/2023\/02\/23\/el-entierro-de-la-sardina-y-el-festival-de-comparsas-protagonistas-este-viernes-del-carnaval-el-musical-de-los-llanos-de-aridane\/#breadcrumb","itemListElement":[{"@type":"ListItem","position":1,"name":"Portada","item":"https:\/\/www.aridane.org\/city\/"},{"@type":"ListItem","position":2,"name":"El entierro de la sardina y el festival de comparsas protagonistas este viernes del Carnaval El Musical de Los Llanos de Aridane"}]},{"@type":"WebSite","@id":"https:\/\/www.aridane.org\/city\/#website","url":"https:\/\/www.aridane.org\/city\/","name":"Ayuntamiento de Los Llanos de Aridane","description":"","potentialAction":[{"@type":"SearchAction","target":{"@type":"EntryPoint","urlTemplate":"https:\/\/www.aridane.org\/city\/?s={search_term_string}"},"query-input":"required name=search_term_string"}],"inLanguage":"es"},{"@type":"Person","@id":"https:\/\/www.aridane.org\/city\/#\/schema\/person\/7d352ec7f29881716f298394432e7209","name":"Richard Diaz","image":{"@type":"ImageObject","inLanguage":"es","@id":"https:\/\/www.aridane.org\/city\/#\/schema\/person\/image\/","url":"https:\/\/secure.gravatar.com\/avatar\/bacd6aefc26a4a204943090a4c596cd10f0857081ef3cfd12084a70ecb3161d5?s=96&d=mm&r=g","contentUrl":"https:\/\/secure.gravatar.com\/avatar\/bacd6aefc26a4a204943090a4c596cd10f0857081ef3cfd12084a70ecb3161d5?s=96&d=mm&r=g","caption":"Richard Diaz"},"sameAs":["https:\/\/www.aridane.org\/city"],"url":"https:\/\/www.aridane.org\/city\/author\/richard-diaz\/"}]}},"_links":{"self":[{"href":"https:\/\/www.aridane.org\/city\/wp-json\/wp\/v2\/posts\/1406","targetHints":{"allow":["GET"]}}],"collection":[{"href":"https:\/\/www.aridane.org\/city\/wp-json\/wp\/v2\/posts"}],"about":[{"href":"https:\/\/www.aridane.org\/city\/wp-json\/wp\/v2\/types\/post"}],"author":[{"embeddable":true,"href":"https:\/\/www.aridane.org\/city\/wp-json\/wp\/v2\/users\/1"}],"replies":[{"embeddable":true,"href":"https:\/\/www.aridane.org\/city\/wp-json\/wp\/v2\/comments?post=1406"}],"version-history":[{"count":1,"href":"https:\/\/www.aridane.org\/city\/wp-json\/wp\/v2\/posts\/1406\/revisions"}],"predecessor-version":[{"id":2603,"href":"https:\/\/www.aridane.org\/city\/wp-json\/wp\/v2\/posts\/1406\/revisions\/2603"}],"wp:featuredmedia":[{"embeddable":true,"href":"https:\/\/www.aridane.org\/city\/wp-json\/wp\/v2\/media\/2602"}],"wp:attachment":[{"href":"https:\/\/www.aridane.org\/city\/wp-json\/wp\/v2\/media?parent=1406"}],"wp:term":[{"taxonomy":"category","embeddable":true,"href":"https:\/\/www.aridane.org\/city\/wp-json\/wp\/v2\/categories?post=1406"},{"taxonomy":"post_tag","embeddable":true,"href":"https:\/\/www.aridane.org\/city\/wp-json\/wp\/v2\/tags?post=1406"}],"curies":[{"name":"wp","href":"https:\/\/api.w.org\/{rel}","templated":true}]}}