{"id":1410,"date":"2023-02-24T10:20:57","date_gmt":"2023-02-24T10:20:57","guid":{"rendered":"https:\/\/aridane.org\/ciudad\/?p=1410"},"modified":"2023-07-31T08:06:45","modified_gmt":"2023-07-31T08:06:45","slug":"el-carnaval-el-musical-de-los-llanos-de-aridane-se-despide-con-el-pasacalles-de-batucadas-y-comparsas-y-posterior-verbena","status":"publish","type":"post","link":"https:\/\/www.aridane.org\/city\/2023\/02\/24\/el-carnaval-el-musical-de-los-llanos-de-aridane-se-despide-con-el-pasacalles-de-batucadas-y-comparsas-y-posterior-verbena\/","title":{"rendered":"El Carnaval El Musical de Los Llanos de Aridane se despide con el pasacalles de batucadas y comparsas y posterior verbena"},"content":{"rendered":"<section class=\"wpb-content-wrapper\"><p>[vc_row css_animation=\u00bb\u00bb row_type=\u00bbrow\u00bb use_row_as_full_screen_section=\u00bbno\u00bb type=\u00bbfull_width\u00bb angled_section=\u00bbno\u00bb text_align=\u00bbleft\u00bb background_image_as_pattern=\u00bbwithout_pattern\u00bb][vc_column][vc_row_inner row_type=\u00bbrow\u00bb type=\u00bbgrid\u00bb text_align=\u00bbleft\u00bb css_animation=\u00bb\u00bb][vc_column_inner][vc_empty_space height=\u00bb20px\u00bb][vc_empty_space height=\u00bb20px\u00bb][\/vc_column_inner][\/vc_row_inner][vc_column_text]<\/p>\n<ul>\n<li style=\"text-align: justify;\">La concejal de Fiestas, M\u00f3nica Gonz\u00e1lez, invita a todos los vecinos del municipio, as\u00ed como del resto de la Isla, a participar en las \u00faltimas actividades del carnaval aridanense, que un a\u00f1o m\u00e1s est\u00e1 siendo todo un \u00e9xito.<\/li>\n<\/ul>\n<p>&nbsp;<\/p>\n<p style=\"text-align: justify;\"><strong>Los Llanos de Aridane, 24 febrero de 2023.-<\/strong> El Ayuntamiento de Los Llanos de Aridane a trav\u00e9s del concejal de Fiestas, M\u00f3nica Gonz\u00e1lez, ha confirmado que \u201ccomo ya viene siendo habitual, ma\u00f1ana, s\u00e1bado de pi\u00f1ata, despediremos el Carnaval El Musical con el pasacalles de batucadas y comparsas, en el centro del municipio. Mientras que por la tarde noche ser\u00e1 el momento de la verbena, para la que contaremos con un amplio cartel musical\u201d, se\u00f1ala.<\/p>\n<p style=\"text-align: justify;\">Gonz\u00e1lez explica que a las 11:00 los distintos grupos de batucadas de la isla y comparsas llenar\u00e1n de ritmo y color las calles del centro de de Los Llanos de Aridane \u201cpara encontrarse en la Plaza de Espa\u00f1a, y ah\u00ed proceder al encuentro de todas ellas. Uno de los actos que a\u00f1o tras a\u00f1o se ha ido consolidando como uno de los m\u00e1s esperados\u201d, se\u00f1ala.<\/p>\n<p style=\"text-align: justify;\">Posteriormente, la concejal explica que a las 19:00 horas est\u00e1 previsto que comience la verbena, en la Plaza Juan Pablo II, que estar\u00e1 amenizada por: Grupo a Cuatro, Iv\u00e1n Cac\u00fa y su orquesta, Orquesta GeneraSi\u00f3n, Orquesta La Banda Local, Dj Aguiloche, DJ Jacob y Orquesta Libertad. \u201cUn amplio cartel que terminar\u00e1 de madrugada, y con el que hemos querido despedir, por todo lo alto, el carnaval aridanense\u201d, asegura.<\/p>\n<p style=\"text-align: justify;\">Por \u00faltimo, desde el Ayuntamiento de Los Llanos de Aridane se invita a todas las personas del municipio y del resto de la isla, as\u00ed como las personas que se encuentren de turismo en la misma, a participar en el \u00faltimo d\u00eda del carnaval de Los Llanos, \u201cque un a\u00f1o m\u00e1s est\u00e1 siendo todo un \u00e9xito de participaci\u00f3n\u201d.<\/p>\n<p>[\/vc_column_text][\/vc_column][\/vc_row]<\/p>\n<\/section>","protected":false},"excerpt":{"rendered":"<p>[vc_row css_animation=\u00bb\u00bb row_type=\u00bbrow\u00bb use_row_as_full_screen_section=\u00bbno\u00bb type=\u00bbfull_width\u00bb angled_section=\u00bbno\u00bb text_align=\u00bbleft\u00bb background_image_as_pattern=\u00bbwithout_pattern\u00bb][vc_column][vc_row_inner row_type=\u00bbrow\u00bb type=\u00bbgrid\u00bb text_align=\u00bbleft\u00bb css_animation=\u00bb\u00bb][vc_column_inner][vc_empty_space height=\u00bb20px\u00bb][vc_empty_space height=\u00bb20px\u00bb][\/vc_column_inner][\/vc_row_inner][vc_column_text] La concejal de Fiestas, M\u00f3nica Gonz\u00e1lez, invita a todos los vecinos del municipio, as\u00ed como del resto de la Isla, a participar en las \u00faltimas actividades del carnaval aridanense, que un&#8230;<\/p>\n","protected":false},"author":1,"featured_media":2600,"comment_status":"closed","ping_status":"open","sticky":false,"template":"","format":"standard","meta":{"footnotes":""},"categories":[6],"tags":[],"class_list":["post-1410","post","type-post","status-publish","format-standard","has-post-thumbnail","hentry","category-prensa"],"yoast_head":"<!-- This site is optimized with the Yoast SEO plugin v22.7 - https:\/\/yoast.com\/wordpress\/plugins\/seo\/ -->\n<title>El Carnaval El Musical de Los Llanos de Aridane se despide con el pasacalles de batucadas y comparsas y posterior verbena - Ayuntamiento de Los Llanos de Aridane<\/title>\n<meta name=\"description\" content=\"El Ayuntamiento de Los Llanos de Aridane presenta el cartel y el programa de La Patrona 2021 con el lema \u201cRemedios, m\u00e1s que un nombre.\u201d\" \/>\n<meta name=\"robots\" content=\"index, follow, max-snippet:-1, max-image-preview:large, max-video-preview:-1\" \/>\n<link rel=\"canonical\" href=\"https:\/\/www.aridane.org\/city\/2023\/02\/24\/el-carnaval-el-musical-de-los-llanos-de-aridane-se-despide-con-el-pasacalles-de-batucadas-y-comparsas-y-posterior-verbena\/\" \/>\n<meta property=\"og:locale\" content=\"es_ES\" \/>\n<meta property=\"og:type\" content=\"article\" \/>\n<meta property=\"og:title\" content=\"El Carnaval El Musical de Los Llanos de Aridane se despide con el pasacalles de batucadas y comparsas y posterior verbena - Ayuntamiento de Los Llanos de Aridane\" \/>\n<meta property=\"og:description\" content=\"El Ayuntamiento de Los Llanos de Aridane presenta el cartel y el programa de La Patrona 2021 con el lema \u201cRemedios, m\u00e1s que un nombre.\u201d\" \/>\n<meta property=\"og:url\" content=\"https:\/\/www.aridane.org\/city\/2023\/02\/24\/el-carnaval-el-musical-de-los-llanos-de-aridane-se-despide-con-el-pasacalles-de-batucadas-y-comparsas-y-posterior-verbena\/\" \/>\n<meta property=\"og:site_name\" content=\"Ayuntamiento de Los Llanos de Aridane\" \/>\n<meta property=\"article:published_time\" content=\"2023-02-24T10:20:57+00:00\" \/>\n<meta property=\"article:modified_time\" content=\"2023-07-31T08:06:45+00:00\" \/>\n<meta property=\"og:image\" content=\"https:\/\/www.aridane.org\/city\/wp-content\/uploads\/2023\/02\/carnaval_batucada.jpg\" \/>\n\t<meta property=\"og:image:width\" content=\"1200\" \/>\n\t<meta property=\"og:image:height\" content=\"675\" \/>\n\t<meta property=\"og:image:type\" content=\"image\/jpeg\" \/>\n<meta name=\"author\" content=\"Richard Diaz\" \/>\n<meta name=\"twitter:card\" content=\"summary_large_image\" \/>\n<meta name=\"twitter:label1\" content=\"Escrito por\" \/>\n\t<meta name=\"twitter:data1\" content=\"Richard Diaz\" \/>\n\t<meta name=\"twitter:label2\" content=\"Tiempo de lectura\" \/>\n\t<meta name=\"twitter:data2\" content=\"2 minutos\" \/>\n<script type=\"application\/ld+json\" class=\"yoast-schema-graph\">{\"@context\":\"https:\/\/schema.org\",\"@graph\":[{\"@type\":\"WebPage\",\"@id\":\"https:\/\/www.aridane.org\/city\/2023\/02\/24\/el-carnaval-el-musical-de-los-llanos-de-aridane-se-despide-con-el-pasacalles-de-batucadas-y-comparsas-y-posterior-verbena\/\",\"url\":\"https:\/\/www.aridane.org\/city\/2023\/02\/24\/el-carnaval-el-musical-de-los-llanos-de-aridane-se-despide-con-el-pasacalles-de-batucadas-y-comparsas-y-posterior-verbena\/\",\"name\":\"El Carnaval El Musical de Los Llanos de Aridane se despide con el pasacalles de batucadas y comparsas y posterior verbena - Ayuntamiento de Los Llanos de Aridane\",\"isPartOf\":{\"@id\":\"https:\/\/www.aridane.org\/city\/#website\"},\"primaryImageOfPage\":{\"@id\":\"https:\/\/www.aridane.org\/city\/2023\/02\/24\/el-carnaval-el-musical-de-los-llanos-de-aridane-se-despide-con-el-pasacalles-de-batucadas-y-comparsas-y-posterior-verbena\/#primaryimage\"},\"image\":{\"@id\":\"https:\/\/www.aridane.org\/city\/2023\/02\/24\/el-carnaval-el-musical-de-los-llanos-de-aridane-se-despide-con-el-pasacalles-de-batucadas-y-comparsas-y-posterior-verbena\/#primaryimage\"},\"thumbnailUrl\":\"https:\/\/www.aridane.org\/city\/wp-content\/uploads\/2023\/02\/carnaval_batucada.jpg\",\"datePublished\":\"2023-02-24T10:20:57+00:00\",\"dateModified\":\"2023-07-31T08:06:45+00:00\",\"author\":{\"@id\":\"https:\/\/www.aridane.org\/city\/#\/schema\/person\/7d352ec7f29881716f298394432e7209\"},\"description\":\"El Ayuntamiento de Los Llanos de Aridane presenta el cartel y el programa de La Patrona 2021 con el lema \u201cRemedios, m\u00e1s que un nombre.\u201d\",\"breadcrumb\":{\"@id\":\"https:\/\/www.aridane.org\/city\/2023\/02\/24\/el-carnaval-el-musical-de-los-llanos-de-aridane-se-despide-con-el-pasacalles-de-batucadas-y-comparsas-y-posterior-verbena\/#breadcrumb\"},\"inLanguage\":\"es\",\"potentialAction\":[{\"@type\":\"ReadAction\",\"target\":[\"https:\/\/www.aridane.org\/city\/2023\/02\/24\/el-carnaval-el-musical-de-los-llanos-de-aridane-se-despide-con-el-pasacalles-de-batucadas-y-comparsas-y-posterior-verbena\/\"]}]},{\"@type\":\"ImageObject\",\"inLanguage\":\"es\",\"@id\":\"https:\/\/www.aridane.org\/city\/2023\/02\/24\/el-carnaval-el-musical-de-los-llanos-de-aridane-se-despide-con-el-pasacalles-de-batucadas-y-comparsas-y-posterior-verbena\/#primaryimage\",\"url\":\"https:\/\/www.aridane.org\/city\/wp-content\/uploads\/2023\/02\/carnaval_batucada.jpg\",\"contentUrl\":\"https:\/\/www.aridane.org\/city\/wp-content\/uploads\/2023\/02\/carnaval_batucada.jpg\",\"width\":1200,\"height\":675},{\"@type\":\"BreadcrumbList\",\"@id\":\"https:\/\/www.aridane.org\/city\/2023\/02\/24\/el-carnaval-el-musical-de-los-llanos-de-aridane-se-despide-con-el-pasacalles-de-batucadas-y-comparsas-y-posterior-verbena\/#breadcrumb\",\"itemListElement\":[{\"@type\":\"ListItem\",\"position\":1,\"name\":\"Portada\",\"item\":\"https:\/\/www.aridane.org\/city\/\"},{\"@type\":\"ListItem\",\"position\":2,\"name\":\"El Carnaval El Musical de Los Llanos de Aridane se despide con el pasacalles de batucadas y comparsas y posterior verbena\"}]},{\"@type\":\"WebSite\",\"@id\":\"https:\/\/www.aridane.org\/city\/#website\",\"url\":\"https:\/\/www.aridane.org\/city\/\",\"name\":\"Ayuntamiento de Los Llanos de Aridane\",\"description\":\"\",\"potentialAction\":[{\"@type\":\"SearchAction\",\"target\":{\"@type\":\"EntryPoint\",\"urlTemplate\":\"https:\/\/www.aridane.org\/city\/?s={search_term_string}\"},\"query-input\":\"required name=search_term_string\"}],\"inLanguage\":\"es\"},{\"@type\":\"Person\",\"@id\":\"https:\/\/www.aridane.org\/city\/#\/schema\/person\/7d352ec7f29881716f298394432e7209\",\"name\":\"Richard Diaz\",\"image\":{\"@type\":\"ImageObject\",\"inLanguage\":\"es\",\"@id\":\"https:\/\/www.aridane.org\/city\/#\/schema\/person\/image\/\",\"url\":\"https:\/\/secure.gravatar.com\/avatar\/bacd6aefc26a4a204943090a4c596cd10f0857081ef3cfd12084a70ecb3161d5?s=96&d=mm&r=g\",\"contentUrl\":\"https:\/\/secure.gravatar.com\/avatar\/bacd6aefc26a4a204943090a4c596cd10f0857081ef3cfd12084a70ecb3161d5?s=96&d=mm&r=g\",\"caption\":\"Richard Diaz\"},\"sameAs\":[\"https:\/\/www.aridane.org\/city\"],\"url\":\"https:\/\/www.aridane.org\/city\/author\/richard-diaz\/\"}]}<\/script>\n<!-- \/ Yoast SEO plugin. -->","yoast_head_json":{"title":"El Carnaval El Musical de Los Llanos de Aridane se despide con el pasacalles de batucadas y comparsas y posterior verbena - Ayuntamiento de Los Llanos de Aridane","description":"El Ayuntamiento de Los Llanos de Aridane presenta el cartel y el programa de La Patrona 2021 con el lema \u201cRemedios, m\u00e1s que un nombre.\u201d","robots":{"index":"index","follow":"follow","max-snippet":"max-snippet:-1","max-image-preview":"max-image-preview:large","max-video-preview":"max-video-preview:-1"},"canonical":"https:\/\/www.aridane.org\/city\/2023\/02\/24\/el-carnaval-el-musical-de-los-llanos-de-aridane-se-despide-con-el-pasacalles-de-batucadas-y-comparsas-y-posterior-verbena\/","og_locale":"es_ES","og_type":"article","og_title":"El Carnaval El Musical de Los Llanos de Aridane se despide con el pasacalles de batucadas y comparsas y posterior verbena - Ayuntamiento de Los Llanos de Aridane","og_description":"El Ayuntamiento de Los Llanos de Aridane presenta el cartel y el programa de La Patrona 2021 con el lema \u201cRemedios, m\u00e1s que un nombre.\u201d","og_url":"https:\/\/www.aridane.org\/city\/2023\/02\/24\/el-carnaval-el-musical-de-los-llanos-de-aridane-se-despide-con-el-pasacalles-de-batucadas-y-comparsas-y-posterior-verbena\/","og_site_name":"Ayuntamiento de Los Llanos de Aridane","article_published_time":"2023-02-24T10:20:57+00:00","article_modified_time":"2023-07-31T08:06:45+00:00","og_image":[{"width":1200,"height":675,"url":"https:\/\/www.aridane.org\/city\/wp-content\/uploads\/2023\/02\/carnaval_batucada.jpg","type":"image\/jpeg"}],"author":"Richard Diaz","twitter_card":"summary_large_image","twitter_misc":{"Escrito por":"Richard Diaz","Tiempo de lectura":"2 minutos"},"schema":{"@context":"https:\/\/schema.org","@graph":[{"@type":"WebPage","@id":"https:\/\/www.aridane.org\/city\/2023\/02\/24\/el-carnaval-el-musical-de-los-llanos-de-aridane-se-despide-con-el-pasacalles-de-batucadas-y-comparsas-y-posterior-verbena\/","url":"https:\/\/www.aridane.org\/city\/2023\/02\/24\/el-carnaval-el-musical-de-los-llanos-de-aridane-se-despide-con-el-pasacalles-de-batucadas-y-comparsas-y-posterior-verbena\/","name":"El Carnaval El Musical de Los Llanos de Aridane se despide con el pasacalles de batucadas y comparsas y posterior verbena - Ayuntamiento de Los Llanos de Aridane","isPartOf":{"@id":"https:\/\/www.aridane.org\/city\/#website"},"primaryImageOfPage":{"@id":"https:\/\/www.aridane.org\/city\/2023\/02\/24\/el-carnaval-el-musical-de-los-llanos-de-aridane-se-despide-con-el-pasacalles-de-batucadas-y-comparsas-y-posterior-verbena\/#primaryimage"},"image":{"@id":"https:\/\/www.aridane.org\/city\/2023\/02\/24\/el-carnaval-el-musical-de-los-llanos-de-aridane-se-despide-con-el-pasacalles-de-batucadas-y-comparsas-y-posterior-verbena\/#primaryimage"},"thumbnailUrl":"https:\/\/www.aridane.org\/city\/wp-content\/uploads\/2023\/02\/carnaval_batucada.jpg","datePublished":"2023-02-24T10:20:57+00:00","dateModified":"2023-07-31T08:06:45+00:00","author":{"@id":"https:\/\/www.aridane.org\/city\/#\/schema\/person\/7d352ec7f29881716f298394432e7209"},"description":"El Ayuntamiento de Los Llanos de Aridane presenta el cartel y el programa de La Patrona 2021 con el lema \u201cRemedios, m\u00e1s que un nombre.\u201d","breadcrumb":{"@id":"https:\/\/www.aridane.org\/city\/2023\/02\/24\/el-carnaval-el-musical-de-los-llanos-de-aridane-se-despide-con-el-pasacalles-de-batucadas-y-comparsas-y-posterior-verbena\/#breadcrumb"},"inLanguage":"es","potentialAction":[{"@type":"ReadAction","target":["https:\/\/www.aridane.org\/city\/2023\/02\/24\/el-carnaval-el-musical-de-los-llanos-de-aridane-se-despide-con-el-pasacalles-de-batucadas-y-comparsas-y-posterior-verbena\/"]}]},{"@type":"ImageObject","inLanguage":"es","@id":"https:\/\/www.aridane.org\/city\/2023\/02\/24\/el-carnaval-el-musical-de-los-llanos-de-aridane-se-despide-con-el-pasacalles-de-batucadas-y-comparsas-y-posterior-verbena\/#primaryimage","url":"https:\/\/www.aridane.org\/city\/wp-content\/uploads\/2023\/02\/carnaval_batucada.jpg","contentUrl":"https:\/\/www.aridane.org\/city\/wp-content\/uploads\/2023\/02\/carnaval_batucada.jpg","width":1200,"height":675},{"@type":"BreadcrumbList","@id":"https:\/\/www.aridane.org\/city\/2023\/02\/24\/el-carnaval-el-musical-de-los-llanos-de-aridane-se-despide-con-el-pasacalles-de-batucadas-y-comparsas-y-posterior-verbena\/#breadcrumb","itemListElement":[{"@type":"ListItem","position":1,"name":"Portada","item":"https:\/\/www.aridane.org\/city\/"},{"@type":"ListItem","position":2,"name":"El Carnaval El Musical de Los Llanos de Aridane se despide con el pasacalles de batucadas y comparsas y posterior verbena"}]},{"@type":"WebSite","@id":"https:\/\/www.aridane.org\/city\/#website","url":"https:\/\/www.aridane.org\/city\/","name":"Ayuntamiento de Los Llanos de Aridane","description":"","potentialAction":[{"@type":"SearchAction","target":{"@type":"EntryPoint","urlTemplate":"https:\/\/www.aridane.org\/city\/?s={search_term_string}"},"query-input":"required name=search_term_string"}],"inLanguage":"es"},{"@type":"Person","@id":"https:\/\/www.aridane.org\/city\/#\/schema\/person\/7d352ec7f29881716f298394432e7209","name":"Richard Diaz","image":{"@type":"ImageObject","inLanguage":"es","@id":"https:\/\/www.aridane.org\/city\/#\/schema\/person\/image\/","url":"https:\/\/secure.gravatar.com\/avatar\/bacd6aefc26a4a204943090a4c596cd10f0857081ef3cfd12084a70ecb3161d5?s=96&d=mm&r=g","contentUrl":"https:\/\/secure.gravatar.com\/avatar\/bacd6aefc26a4a204943090a4c596cd10f0857081ef3cfd12084a70ecb3161d5?s=96&d=mm&r=g","caption":"Richard Diaz"},"sameAs":["https:\/\/www.aridane.org\/city"],"url":"https:\/\/www.aridane.org\/city\/author\/richard-diaz\/"}]}},"_links":{"self":[{"href":"https:\/\/www.aridane.org\/city\/wp-json\/wp\/v2\/posts\/1410","targetHints":{"allow":["GET"]}}],"collection":[{"href":"https:\/\/www.aridane.org\/city\/wp-json\/wp\/v2\/posts"}],"about":[{"href":"https:\/\/www.aridane.org\/city\/wp-json\/wp\/v2\/types\/post"}],"author":[{"embeddable":true,"href":"https:\/\/www.aridane.org\/city\/wp-json\/wp\/v2\/users\/1"}],"replies":[{"embeddable":true,"href":"https:\/\/www.aridane.org\/city\/wp-json\/wp\/v2\/comments?post=1410"}],"version-history":[{"count":1,"href":"https:\/\/www.aridane.org\/city\/wp-json\/wp\/v2\/posts\/1410\/revisions"}],"predecessor-version":[{"id":2601,"href":"https:\/\/www.aridane.org\/city\/wp-json\/wp\/v2\/posts\/1410\/revisions\/2601"}],"wp:featuredmedia":[{"embeddable":true,"href":"https:\/\/www.aridane.org\/city\/wp-json\/wp\/v2\/media\/2600"}],"wp:attachment":[{"href":"https:\/\/www.aridane.org\/city\/wp-json\/wp\/v2\/media?parent=1410"}],"wp:term":[{"taxonomy":"category","embeddable":true,"href":"https:\/\/www.aridane.org\/city\/wp-json\/wp\/v2\/categories?post=1410"},{"taxonomy":"post_tag","embeddable":true,"href":"https:\/\/www.aridane.org\/city\/wp-json\/wp\/v2\/tags?post=1410"}],"curies":[{"name":"wp","href":"https:\/\/api.w.org\/{rel}","templated":true}]}}