{"id":1413,"date":"2023-02-24T13:28:48","date_gmt":"2023-02-24T13:28:48","guid":{"rendered":"https:\/\/aridane.org\/ciudad\/?p=1413"},"modified":"2023-07-31T07:46:18","modified_gmt":"2023-07-31T07:46:18","slug":"el-ayuntamiento-de-los-llanos-de-aridane-aprueba-un-credito-extrajudicial-de-cerca-de-3-millones-de-euros-para-cumplir-poder-con-sus-proveedores-y-con-los-aridanenses","status":"publish","type":"post","link":"https:\/\/www.aridane.org\/city\/2023\/02\/24\/el-ayuntamiento-de-los-llanos-de-aridane-aprueba-un-credito-extrajudicial-de-cerca-de-3-millones-de-euros-para-cumplir-poder-con-sus-proveedores-y-con-los-aridanenses\/","title":{"rendered":"El Ayuntamiento de Los Llanos de Aridane aprueba un cr\u00e9dito extrajudicial de cerca de 3 millones de euros para cumplir poder con sus proveedores y con los aridanenses"},"content":{"rendered":"<section class=\"wpb-content-wrapper\"><p>[vc_row css_animation=\u00bb\u00bb row_type=\u00bbrow\u00bb use_row_as_full_screen_section=\u00bbno\u00bb type=\u00bbfull_width\u00bb angled_section=\u00bbno\u00bb text_align=\u00bbleft\u00bb background_image_as_pattern=\u00bbwithout_pattern\u00bb][vc_column][vc_row_inner row_type=\u00bbrow\u00bb type=\u00bbgrid\u00bb text_align=\u00bbleft\u00bb css_animation=\u00bb\u00bb][vc_column_inner][vc_empty_space height=\u00bb20px\u00bb][vc_empty_space height=\u00bb20px\u00bb][\/vc_column_inner][\/vc_row_inner][vc_column_text]<\/p>\n<ul>\n<li style=\"text-align: justify;\"><em>La alcaldesa pone en valor el esfuerzo tit\u00e1nico que se lleva haciendo desde hace un a\u00f1o y medio para asumir, con fondos propios, las facturas ocasionadas por el volc\u00e1n, despu\u00e9s de que a\u00fan el Ministerio del Interior no haya transferido ni un solo euro.<\/em><\/li>\n<li style=\"text-align: justify;\"><em>Adem\u00e1s, defiende que en todo momento se ha hecho una gesti\u00f3n transparente de los gastos ocasionados por el volc\u00e1n.<\/em><\/li>\n<\/ul>\n<p>&nbsp;<\/p>\n<p style=\"text-align: justify;\"><strong>Los Llanos de Aridane, 24 de febrero de 2023.-<\/strong> El Ayuntamiento de Los Llanos de Aridane a trav\u00e9s de su alcaldesa, Noelia Garc\u00eda Leal, ha confirmado que tras el pleno celebrado ayer se ha aprobado un cr\u00e9dito extrajudicial que asciende hasta casi los 3 millones de euros, \u201ccon el objetivo de seguir avanzando para poder cumplir con nuestros proveedores, y continuar dando una respuesta eficaz a las necesidades de nuestros ciudadanos. Un a\u00f1o y medio despu\u00e9s de que erupcionase el volc\u00e1n, a\u00fan estamos esperando que el Ministerio del Interior nos abone las facturas comprometidas con las administraciones locales\u201d, se\u00f1ala.<\/p>\n<p style=\"text-align: justify;\">Garc\u00eda Leal ha explicado que para ello, previsiblemente, se har\u00e1 frente a trav\u00e9s de la partida que ha contemplado el Cabildo de La Palma en su presupuesto para ayudarnos, y con parte del remanente. Adem\u00e1s, defiende que \u201cdesde el Consistorio aridanense estamos realizando un esfuerzo tit\u00e1nico, desde el pasado 19 de septiembre de 2021, con fondos propios, a trav\u00e9s de un presupuesto ordinario, para dar respuesta a una situaci\u00f3n extraordinaria como la que han vivido nuestros vecinos.<\/p>\n<p style=\"text-align: justify;\">Asimismo, la alcaldesa ha defendido que en todo momento se ha llevado a cabo una gesti\u00f3n transparente de las facturas del volc\u00e1n, \u201cexplic\u00e1ndoselas a los grupos de la oposici\u00f3n las veces que ha hecho falta, con el fin de que est\u00e9n informados en todo momento de los pasos que estaba dando este equipo de Gobierno\u201d, se\u00f1ala.<\/p>\n<p style=\"text-align: justify;\">La regidora tambi\u00e9n ha recordado que \u201cel Ayuntamiento de Los Llanos de Aridane durante los \u00faltimos a\u00f1os ha dejado de ser una administraci\u00f3n incumplidora y se ha convertido en una administraci\u00f3n cumplidora. En el a\u00f1o 2015, cuando llegamos al Gobierno Municipal, el Consistorio acumulaba impagos por m\u00e1s de 15 millones de euros millones de euros, en ese momento tambi\u00e9n tuvimos que hacer tambi\u00e9n una aprobaci\u00f3n de cr\u00e9dito extrajudicial de gastos generados por la anterior Corporaci\u00f3n de 1,5 millones de euros, y tan solo 5 a\u00f1os m\u00e1s tarde, en 2017, pusimos la deuda a O\u201d.<\/p>\n<p style=\"text-align: justify;\">Por \u00faltimo, Garc\u00eda Leal ha se\u00f1alado que \u201cante situaciones extraordinarias hay que adoptar medidas extraordinarias, como la que hemos llevado a acabo, pero es de vital importancia que de una vez por todas el Gobierno de Espa\u00f1a abone las facturas que tiene comprometidas con las administraciones locales\u201d.<\/p>\n<p>[\/vc_column_text][\/vc_column][\/vc_row]<\/p>\n<\/section>","protected":false},"excerpt":{"rendered":"<p>[vc_row css_animation=\u00bb\u00bb row_type=\u00bbrow\u00bb use_row_as_full_screen_section=\u00bbno\u00bb type=\u00bbfull_width\u00bb angled_section=\u00bbno\u00bb text_align=\u00bbleft\u00bb background_image_as_pattern=\u00bbwithout_pattern\u00bb][vc_column][vc_row_inner row_type=\u00bbrow\u00bb type=\u00bbgrid\u00bb text_align=\u00bbleft\u00bb css_animation=\u00bb\u00bb][vc_column_inner][vc_empty_space height=\u00bb20px\u00bb][vc_empty_space height=\u00bb20px\u00bb][\/vc_column_inner][\/vc_row_inner][vc_column_text] La alcaldesa pone en valor el esfuerzo tit\u00e1nico que se lleva haciendo desde hace un a\u00f1o y medio para asumir, con fondos propios, las facturas ocasionadas por el volc\u00e1n, despu\u00e9s de&#8230;<\/p>\n","protected":false},"author":1,"featured_media":2491,"comment_status":"closed","ping_status":"open","sticky":false,"template":"","format":"standard","meta":{"footnotes":""},"categories":[6],"tags":[],"class_list":["post-1413","post","type-post","status-publish","format-standard","has-post-thumbnail","hentry","category-prensa"],"yoast_head":"<!-- This site is optimized with the Yoast SEO plugin v22.7 - https:\/\/yoast.com\/wordpress\/plugins\/seo\/ -->\n<title>El Ayuntamiento de Los Llanos de Aridane aprueba un cr\u00e9dito extrajudicial de cerca de 3 millones de euros para cumplir poder con sus proveedores y con los aridanenses - Ayuntamiento de Los Llanos de Aridane<\/title>\n<meta name=\"description\" content=\"El Ayuntamiento de Los Llanos de Aridane presenta el cartel y el programa de La Patrona 2021 con el lema \u201cRemedios, m\u00e1s que un nombre.\u201d\" \/>\n<meta name=\"robots\" content=\"index, follow, max-snippet:-1, max-image-preview:large, max-video-preview:-1\" \/>\n<link rel=\"canonical\" href=\"https:\/\/www.aridane.org\/city\/2023\/02\/24\/el-ayuntamiento-de-los-llanos-de-aridane-aprueba-un-credito-extrajudicial-de-cerca-de-3-millones-de-euros-para-cumplir-poder-con-sus-proveedores-y-con-los-aridanenses\/\" \/>\n<meta property=\"og:locale\" content=\"es_ES\" \/>\n<meta property=\"og:type\" content=\"article\" \/>\n<meta property=\"og:title\" content=\"El Ayuntamiento de Los Llanos de Aridane aprueba un cr\u00e9dito extrajudicial de cerca de 3 millones de euros para cumplir poder con sus proveedores y con los aridanenses - Ayuntamiento de Los Llanos de Aridane\" \/>\n<meta property=\"og:description\" content=\"El Ayuntamiento de Los Llanos de Aridane presenta el cartel y el programa de La Patrona 2021 con el lema \u201cRemedios, m\u00e1s que un nombre.\u201d\" \/>\n<meta property=\"og:url\" content=\"https:\/\/www.aridane.org\/city\/2023\/02\/24\/el-ayuntamiento-de-los-llanos-de-aridane-aprueba-un-credito-extrajudicial-de-cerca-de-3-millones-de-euros-para-cumplir-poder-con-sus-proveedores-y-con-los-aridanenses\/\" \/>\n<meta property=\"og:site_name\" content=\"Ayuntamiento de Los Llanos de Aridane\" \/>\n<meta property=\"article:published_time\" content=\"2023-02-24T13:28:48+00:00\" \/>\n<meta property=\"article:modified_time\" content=\"2023-07-31T07:46:18+00:00\" \/>\n<meta property=\"og:image\" content=\"https:\/\/www.aridane.org\/city\/wp-content\/uploads\/2023\/04\/ayto_aridane_1.jpg\" \/>\n\t<meta property=\"og:image:width\" content=\"1200\" \/>\n\t<meta property=\"og:image:height\" content=\"675\" \/>\n\t<meta property=\"og:image:type\" content=\"image\/jpeg\" \/>\n<meta name=\"author\" content=\"Richard Diaz\" \/>\n<meta name=\"twitter:card\" content=\"summary_large_image\" \/>\n<meta name=\"twitter:label1\" content=\"Escrito por\" \/>\n\t<meta name=\"twitter:data1\" content=\"Richard Diaz\" \/>\n\t<meta name=\"twitter:label2\" content=\"Tiempo de lectura\" \/>\n\t<meta name=\"twitter:data2\" content=\"3 minutos\" \/>\n<script type=\"application\/ld+json\" class=\"yoast-schema-graph\">{\"@context\":\"https:\/\/schema.org\",\"@graph\":[{\"@type\":\"WebPage\",\"@id\":\"https:\/\/www.aridane.org\/city\/2023\/02\/24\/el-ayuntamiento-de-los-llanos-de-aridane-aprueba-un-credito-extrajudicial-de-cerca-de-3-millones-de-euros-para-cumplir-poder-con-sus-proveedores-y-con-los-aridanenses\/\",\"url\":\"https:\/\/www.aridane.org\/city\/2023\/02\/24\/el-ayuntamiento-de-los-llanos-de-aridane-aprueba-un-credito-extrajudicial-de-cerca-de-3-millones-de-euros-para-cumplir-poder-con-sus-proveedores-y-con-los-aridanenses\/\",\"name\":\"El Ayuntamiento de Los Llanos de Aridane aprueba un cr\u00e9dito extrajudicial de cerca de 3 millones de euros para cumplir poder con sus proveedores y con los aridanenses - Ayuntamiento de Los Llanos de Aridane\",\"isPartOf\":{\"@id\":\"https:\/\/www.aridane.org\/city\/#website\"},\"primaryImageOfPage\":{\"@id\":\"https:\/\/www.aridane.org\/city\/2023\/02\/24\/el-ayuntamiento-de-los-llanos-de-aridane-aprueba-un-credito-extrajudicial-de-cerca-de-3-millones-de-euros-para-cumplir-poder-con-sus-proveedores-y-con-los-aridanenses\/#primaryimage\"},\"image\":{\"@id\":\"https:\/\/www.aridane.org\/city\/2023\/02\/24\/el-ayuntamiento-de-los-llanos-de-aridane-aprueba-un-credito-extrajudicial-de-cerca-de-3-millones-de-euros-para-cumplir-poder-con-sus-proveedores-y-con-los-aridanenses\/#primaryimage\"},\"thumbnailUrl\":\"https:\/\/www.aridane.org\/city\/wp-content\/uploads\/2023\/04\/ayto_aridane_1.jpg\",\"datePublished\":\"2023-02-24T13:28:48+00:00\",\"dateModified\":\"2023-07-31T07:46:18+00:00\",\"author\":{\"@id\":\"https:\/\/www.aridane.org\/city\/#\/schema\/person\/7d352ec7f29881716f298394432e7209\"},\"description\":\"El Ayuntamiento de Los Llanos de Aridane presenta el cartel y el programa de La Patrona 2021 con el lema \u201cRemedios, m\u00e1s que un nombre.\u201d\",\"breadcrumb\":{\"@id\":\"https:\/\/www.aridane.org\/city\/2023\/02\/24\/el-ayuntamiento-de-los-llanos-de-aridane-aprueba-un-credito-extrajudicial-de-cerca-de-3-millones-de-euros-para-cumplir-poder-con-sus-proveedores-y-con-los-aridanenses\/#breadcrumb\"},\"inLanguage\":\"es\",\"potentialAction\":[{\"@type\":\"ReadAction\",\"target\":[\"https:\/\/www.aridane.org\/city\/2023\/02\/24\/el-ayuntamiento-de-los-llanos-de-aridane-aprueba-un-credito-extrajudicial-de-cerca-de-3-millones-de-euros-para-cumplir-poder-con-sus-proveedores-y-con-los-aridanenses\/\"]}]},{\"@type\":\"ImageObject\",\"inLanguage\":\"es\",\"@id\":\"https:\/\/www.aridane.org\/city\/2023\/02\/24\/el-ayuntamiento-de-los-llanos-de-aridane-aprueba-un-credito-extrajudicial-de-cerca-de-3-millones-de-euros-para-cumplir-poder-con-sus-proveedores-y-con-los-aridanenses\/#primaryimage\",\"url\":\"https:\/\/www.aridane.org\/city\/wp-content\/uploads\/2023\/04\/ayto_aridane_1.jpg\",\"contentUrl\":\"https:\/\/www.aridane.org\/city\/wp-content\/uploads\/2023\/04\/ayto_aridane_1.jpg\",\"width\":1200,\"height\":675},{\"@type\":\"BreadcrumbList\",\"@id\":\"https:\/\/www.aridane.org\/city\/2023\/02\/24\/el-ayuntamiento-de-los-llanos-de-aridane-aprueba-un-credito-extrajudicial-de-cerca-de-3-millones-de-euros-para-cumplir-poder-con-sus-proveedores-y-con-los-aridanenses\/#breadcrumb\",\"itemListElement\":[{\"@type\":\"ListItem\",\"position\":1,\"name\":\"Portada\",\"item\":\"https:\/\/www.aridane.org\/city\/\"},{\"@type\":\"ListItem\",\"position\":2,\"name\":\"El Ayuntamiento de Los Llanos de Aridane aprueba un cr\u00e9dito extrajudicial de cerca de 3 millones de euros para cumplir poder con sus proveedores y con los aridanenses\"}]},{\"@type\":\"WebSite\",\"@id\":\"https:\/\/www.aridane.org\/city\/#website\",\"url\":\"https:\/\/www.aridane.org\/city\/\",\"name\":\"Ayuntamiento de Los Llanos de Aridane\",\"description\":\"\",\"potentialAction\":[{\"@type\":\"SearchAction\",\"target\":{\"@type\":\"EntryPoint\",\"urlTemplate\":\"https:\/\/www.aridane.org\/city\/?s={search_term_string}\"},\"query-input\":\"required name=search_term_string\"}],\"inLanguage\":\"es\"},{\"@type\":\"Person\",\"@id\":\"https:\/\/www.aridane.org\/city\/#\/schema\/person\/7d352ec7f29881716f298394432e7209\",\"name\":\"Richard Diaz\",\"image\":{\"@type\":\"ImageObject\",\"inLanguage\":\"es\",\"@id\":\"https:\/\/www.aridane.org\/city\/#\/schema\/person\/image\/\",\"url\":\"https:\/\/secure.gravatar.com\/avatar\/bacd6aefc26a4a204943090a4c596cd10f0857081ef3cfd12084a70ecb3161d5?s=96&d=mm&r=g\",\"contentUrl\":\"https:\/\/secure.gravatar.com\/avatar\/bacd6aefc26a4a204943090a4c596cd10f0857081ef3cfd12084a70ecb3161d5?s=96&d=mm&r=g\",\"caption\":\"Richard Diaz\"},\"sameAs\":[\"https:\/\/www.aridane.org\/city\"],\"url\":\"https:\/\/www.aridane.org\/city\/author\/richard-diaz\/\"}]}<\/script>\n<!-- \/ Yoast SEO plugin. -->","yoast_head_json":{"title":"El Ayuntamiento de Los Llanos de Aridane aprueba un cr\u00e9dito extrajudicial de cerca de 3 millones de euros para cumplir poder con sus proveedores y con los aridanenses - Ayuntamiento de Los Llanos de Aridane","description":"El Ayuntamiento de Los Llanos de Aridane presenta el cartel y el programa de La Patrona 2021 con el lema \u201cRemedios, m\u00e1s que un nombre.\u201d","robots":{"index":"index","follow":"follow","max-snippet":"max-snippet:-1","max-image-preview":"max-image-preview:large","max-video-preview":"max-video-preview:-1"},"canonical":"https:\/\/www.aridane.org\/city\/2023\/02\/24\/el-ayuntamiento-de-los-llanos-de-aridane-aprueba-un-credito-extrajudicial-de-cerca-de-3-millones-de-euros-para-cumplir-poder-con-sus-proveedores-y-con-los-aridanenses\/","og_locale":"es_ES","og_type":"article","og_title":"El Ayuntamiento de Los Llanos de Aridane aprueba un cr\u00e9dito extrajudicial de cerca de 3 millones de euros para cumplir poder con sus proveedores y con los aridanenses - Ayuntamiento de Los Llanos de Aridane","og_description":"El Ayuntamiento de Los Llanos de Aridane presenta el cartel y el programa de La Patrona 2021 con el lema \u201cRemedios, m\u00e1s que un nombre.\u201d","og_url":"https:\/\/www.aridane.org\/city\/2023\/02\/24\/el-ayuntamiento-de-los-llanos-de-aridane-aprueba-un-credito-extrajudicial-de-cerca-de-3-millones-de-euros-para-cumplir-poder-con-sus-proveedores-y-con-los-aridanenses\/","og_site_name":"Ayuntamiento de Los Llanos de Aridane","article_published_time":"2023-02-24T13:28:48+00:00","article_modified_time":"2023-07-31T07:46:18+00:00","og_image":[{"width":1200,"height":675,"url":"https:\/\/www.aridane.org\/city\/wp-content\/uploads\/2023\/04\/ayto_aridane_1.jpg","type":"image\/jpeg"}],"author":"Richard Diaz","twitter_card":"summary_large_image","twitter_misc":{"Escrito por":"Richard Diaz","Tiempo de lectura":"3 minutos"},"schema":{"@context":"https:\/\/schema.org","@graph":[{"@type":"WebPage","@id":"https:\/\/www.aridane.org\/city\/2023\/02\/24\/el-ayuntamiento-de-los-llanos-de-aridane-aprueba-un-credito-extrajudicial-de-cerca-de-3-millones-de-euros-para-cumplir-poder-con-sus-proveedores-y-con-los-aridanenses\/","url":"https:\/\/www.aridane.org\/city\/2023\/02\/24\/el-ayuntamiento-de-los-llanos-de-aridane-aprueba-un-credito-extrajudicial-de-cerca-de-3-millones-de-euros-para-cumplir-poder-con-sus-proveedores-y-con-los-aridanenses\/","name":"El Ayuntamiento de Los Llanos de Aridane aprueba un cr\u00e9dito extrajudicial de cerca de 3 millones de euros para cumplir poder con sus proveedores y con los aridanenses - Ayuntamiento de Los Llanos de Aridane","isPartOf":{"@id":"https:\/\/www.aridane.org\/city\/#website"},"primaryImageOfPage":{"@id":"https:\/\/www.aridane.org\/city\/2023\/02\/24\/el-ayuntamiento-de-los-llanos-de-aridane-aprueba-un-credito-extrajudicial-de-cerca-de-3-millones-de-euros-para-cumplir-poder-con-sus-proveedores-y-con-los-aridanenses\/#primaryimage"},"image":{"@id":"https:\/\/www.aridane.org\/city\/2023\/02\/24\/el-ayuntamiento-de-los-llanos-de-aridane-aprueba-un-credito-extrajudicial-de-cerca-de-3-millones-de-euros-para-cumplir-poder-con-sus-proveedores-y-con-los-aridanenses\/#primaryimage"},"thumbnailUrl":"https:\/\/www.aridane.org\/city\/wp-content\/uploads\/2023\/04\/ayto_aridane_1.jpg","datePublished":"2023-02-24T13:28:48+00:00","dateModified":"2023-07-31T07:46:18+00:00","author":{"@id":"https:\/\/www.aridane.org\/city\/#\/schema\/person\/7d352ec7f29881716f298394432e7209"},"description":"El Ayuntamiento de Los Llanos de Aridane presenta el cartel y el programa de La Patrona 2021 con el lema \u201cRemedios, m\u00e1s que un nombre.\u201d","breadcrumb":{"@id":"https:\/\/www.aridane.org\/city\/2023\/02\/24\/el-ayuntamiento-de-los-llanos-de-aridane-aprueba-un-credito-extrajudicial-de-cerca-de-3-millones-de-euros-para-cumplir-poder-con-sus-proveedores-y-con-los-aridanenses\/#breadcrumb"},"inLanguage":"es","potentialAction":[{"@type":"ReadAction","target":["https:\/\/www.aridane.org\/city\/2023\/02\/24\/el-ayuntamiento-de-los-llanos-de-aridane-aprueba-un-credito-extrajudicial-de-cerca-de-3-millones-de-euros-para-cumplir-poder-con-sus-proveedores-y-con-los-aridanenses\/"]}]},{"@type":"ImageObject","inLanguage":"es","@id":"https:\/\/www.aridane.org\/city\/2023\/02\/24\/el-ayuntamiento-de-los-llanos-de-aridane-aprueba-un-credito-extrajudicial-de-cerca-de-3-millones-de-euros-para-cumplir-poder-con-sus-proveedores-y-con-los-aridanenses\/#primaryimage","url":"https:\/\/www.aridane.org\/city\/wp-content\/uploads\/2023\/04\/ayto_aridane_1.jpg","contentUrl":"https:\/\/www.aridane.org\/city\/wp-content\/uploads\/2023\/04\/ayto_aridane_1.jpg","width":1200,"height":675},{"@type":"BreadcrumbList","@id":"https:\/\/www.aridane.org\/city\/2023\/02\/24\/el-ayuntamiento-de-los-llanos-de-aridane-aprueba-un-credito-extrajudicial-de-cerca-de-3-millones-de-euros-para-cumplir-poder-con-sus-proveedores-y-con-los-aridanenses\/#breadcrumb","itemListElement":[{"@type":"ListItem","position":1,"name":"Portada","item":"https:\/\/www.aridane.org\/city\/"},{"@type":"ListItem","position":2,"name":"El Ayuntamiento de Los Llanos de Aridane aprueba un cr\u00e9dito extrajudicial de cerca de 3 millones de euros para cumplir poder con sus proveedores y con los aridanenses"}]},{"@type":"WebSite","@id":"https:\/\/www.aridane.org\/city\/#website","url":"https:\/\/www.aridane.org\/city\/","name":"Ayuntamiento de Los Llanos de Aridane","description":"","potentialAction":[{"@type":"SearchAction","target":{"@type":"EntryPoint","urlTemplate":"https:\/\/www.aridane.org\/city\/?s={search_term_string}"},"query-input":"required name=search_term_string"}],"inLanguage":"es"},{"@type":"Person","@id":"https:\/\/www.aridane.org\/city\/#\/schema\/person\/7d352ec7f29881716f298394432e7209","name":"Richard Diaz","image":{"@type":"ImageObject","inLanguage":"es","@id":"https:\/\/www.aridane.org\/city\/#\/schema\/person\/image\/","url":"https:\/\/secure.gravatar.com\/avatar\/bacd6aefc26a4a204943090a4c596cd10f0857081ef3cfd12084a70ecb3161d5?s=96&d=mm&r=g","contentUrl":"https:\/\/secure.gravatar.com\/avatar\/bacd6aefc26a4a204943090a4c596cd10f0857081ef3cfd12084a70ecb3161d5?s=96&d=mm&r=g","caption":"Richard Diaz"},"sameAs":["https:\/\/www.aridane.org\/city"],"url":"https:\/\/www.aridane.org\/city\/author\/richard-diaz\/"}]}},"_links":{"self":[{"href":"https:\/\/www.aridane.org\/city\/wp-json\/wp\/v2\/posts\/1413","targetHints":{"allow":["GET"]}}],"collection":[{"href":"https:\/\/www.aridane.org\/city\/wp-json\/wp\/v2\/posts"}],"about":[{"href":"https:\/\/www.aridane.org\/city\/wp-json\/wp\/v2\/types\/post"}],"author":[{"embeddable":true,"href":"https:\/\/www.aridane.org\/city\/wp-json\/wp\/v2\/users\/1"}],"replies":[{"embeddable":true,"href":"https:\/\/www.aridane.org\/city\/wp-json\/wp\/v2\/comments?post=1413"}],"version-history":[{"count":1,"href":"https:\/\/www.aridane.org\/city\/wp-json\/wp\/v2\/posts\/1413\/revisions"}],"predecessor-version":[{"id":2599,"href":"https:\/\/www.aridane.org\/city\/wp-json\/wp\/v2\/posts\/1413\/revisions\/2599"}],"wp:featuredmedia":[{"embeddable":true,"href":"https:\/\/www.aridane.org\/city\/wp-json\/wp\/v2\/media\/2491"}],"wp:attachment":[{"href":"https:\/\/www.aridane.org\/city\/wp-json\/wp\/v2\/media?parent=1413"}],"wp:term":[{"taxonomy":"category","embeddable":true,"href":"https:\/\/www.aridane.org\/city\/wp-json\/wp\/v2\/categories?post=1413"},{"taxonomy":"post_tag","embeddable":true,"href":"https:\/\/www.aridane.org\/city\/wp-json\/wp\/v2\/tags?post=1413"}],"curies":[{"name":"wp","href":"https:\/\/api.w.org\/{rel}","templated":true}]}}