{"id":1416,"date":"2023-02-27T10:35:36","date_gmt":"2023-02-27T10:35:36","guid":{"rendered":"https:\/\/aridane.org\/ciudad\/?p=1416"},"modified":"2023-07-31T07:44:55","modified_gmt":"2023-07-31T07:44:55","slug":"el-ayuntamiento-de-los-llanos-de-aridane-confirma-que-su-carnaval-sigue-consolidandose-como-seguro","status":"publish","type":"post","link":"https:\/\/www.aridane.org\/city\/2023\/02\/27\/el-ayuntamiento-de-los-llanos-de-aridane-confirma-que-su-carnaval-sigue-consolidandose-como-seguro\/","title":{"rendered":"El Ayuntamiento de Los Llanos de Aridane confirma que su carnaval sigue consolid\u00e1ndose como seguro"},"content":{"rendered":"<section class=\"wpb-content-wrapper\"><p>[vc_row css_animation=\u00bb\u00bb row_type=\u00bbrow\u00bb use_row_as_full_screen_section=\u00bbno\u00bb type=\u00bbfull_width\u00bb angled_section=\u00bbno\u00bb text_align=\u00bbleft\u00bb background_image_as_pattern=\u00bbwithout_pattern\u00bb][vc_column][vc_row_inner row_type=\u00bbrow\u00bb type=\u00bbgrid\u00bb text_align=\u00bbleft\u00bb css_animation=\u00bb\u00bb][vc_column_inner][vc_empty_space height=\u00bb20px\u00bb][vc_empty_space height=\u00bb20px\u00bb][\/vc_column_inner][\/vc_row_inner][vc_column_text]<\/p>\n<ul>\n<li><em>La concejal agradece la actitud c\u00edvica y respetuosa de los ciudadanos.<\/em><\/li>\n<li><em>Adem\u00e1s, pone en valor la labor de la Polic\u00eda Local, la Guardia Civil, Servicios Sanitarios, Bomberos, Protecci\u00f3n Civil Axer, Protecci\u00f3n Civil Fuente de Piedra y Protecci\u00f3n Civil Cort\u00e9s de la Frontera, que de manera coordinada han trabajado velando, en todo momento, por la seguridad de la multitud de personas que han participado en el carnaval aridanense.<\/em><\/li>\n<\/ul>\n<p>&nbsp;<\/p>\n<p><strong>Los Llanos de Aridane, 27 de febrero de 2023.-<\/strong> El Ayuntamiento de Los Llanos de Aridane a trav\u00e9s de la concejal de Seguridad, Lorena Hern\u00e1ndez Labrador, ha confirmado que \u201clos carnavales aridanenses han transcurridos sin incidentes a destacar. Por lo que se siguen consolidando como un carnaval seguro\u201d, se\u00f1ala.<\/p>\n<p>Hern\u00e1ndez Labrador explica que en total han sido miles las personas las que han participado en los diferentes actos que se han preparado desde el Consistorio aridanense, como: La Polvacera, Las Galas de las Fantas\u00edas, o el \u00faltimo Fin de semana de pi\u00f1ata. \u201cY destacamos que todos ellos han transcurrido con total normalidad, y sin incidentes rese\u00f1ables. Por lo que agradecemos a todas las personas su actitud c\u00edvica y respetuosa para que todos hayamos podido disfrutar de estos multitudinarios carnavales, de manera tranquila\u201d, asegura.<\/p>\n<p>Adem\u00e1s, ha confirmado que desde que comenzasen los carnavales el pasado 4 hasta el pasado s\u00e1bado 26 de febrero han sido atendidas por los sanitarios cerca de 60 personas, \u201ctodas ellas sin consecuencias graves\u201d.<\/p>\n<p>Por \u00faltimo, la concejal ha agradecido a la Polic\u00eda Local, Guardia Civil, Protecci\u00f3n Civil Axer, Bomberos, Servicios Sanitarios, Protecci\u00f3n Civil Fuente de Piedra y Protecci\u00f3n Civil Cort\u00e9s, estas dos \u00faltimas agrupaciones desplaz\u00e1ndose desde M\u00e1laga para apoyarnos, \u201cel gran trabajo que han realizado de manera coordinada, a lo largo de estas semanas, velando en todo momento por el buen desarrollo de todos los actos del carnaval aridanense, as\u00ed como por la seguridad de todos los participantes\u201d, se\u00f1ala.[\/vc_column_text][\/vc_column][\/vc_row]<\/p>\n<\/section>","protected":false},"excerpt":{"rendered":"<p>[vc_row css_animation=\u00bb\u00bb row_type=\u00bbrow\u00bb use_row_as_full_screen_section=\u00bbno\u00bb type=\u00bbfull_width\u00bb angled_section=\u00bbno\u00bb text_align=\u00bbleft\u00bb background_image_as_pattern=\u00bbwithout_pattern\u00bb][vc_column][vc_row_inner row_type=\u00bbrow\u00bb type=\u00bbgrid\u00bb text_align=\u00bbleft\u00bb css_animation=\u00bb\u00bb][vc_column_inner][vc_empty_space height=\u00bb20px\u00bb][vc_empty_space height=\u00bb20px\u00bb][\/vc_column_inner][\/vc_row_inner][vc_column_text] La concejal agradece la actitud c\u00edvica y respetuosa de los ciudadanos. Adem\u00e1s, pone en valor la labor de la Polic\u00eda Local, la Guardia Civil, Servicios Sanitarios, Bomberos, Protecci\u00f3n Civil Axer, Protecci\u00f3n&#8230;<\/p>\n","protected":false},"author":1,"featured_media":2597,"comment_status":"closed","ping_status":"open","sticky":false,"template":"","format":"standard","meta":{"footnotes":""},"categories":[6],"tags":[],"class_list":["post-1416","post","type-post","status-publish","format-standard","has-post-thumbnail","hentry","category-prensa"],"yoast_head":"<!-- This site is optimized with the Yoast SEO plugin v22.7 - https:\/\/yoast.com\/wordpress\/plugins\/seo\/ -->\n<title>El Ayuntamiento de Los Llanos de Aridane confirma que su carnaval sigue consolid\u00e1ndose como seguro - Ayuntamiento de Los Llanos de Aridane<\/title>\n<meta name=\"description\" content=\"El Ayuntamiento de Los Llanos de Aridane presenta el cartel y el programa de La Patrona 2021 con el lema \u201cRemedios, m\u00e1s que un nombre.\u201d\" \/>\n<meta name=\"robots\" content=\"index, follow, max-snippet:-1, max-image-preview:large, max-video-preview:-1\" \/>\n<link rel=\"canonical\" href=\"https:\/\/www.aridane.org\/city\/2023\/02\/27\/el-ayuntamiento-de-los-llanos-de-aridane-confirma-que-su-carnaval-sigue-consolidandose-como-seguro\/\" \/>\n<meta property=\"og:locale\" content=\"es_ES\" \/>\n<meta property=\"og:type\" content=\"article\" \/>\n<meta property=\"og:title\" content=\"El Ayuntamiento de Los Llanos de Aridane confirma que su carnaval sigue consolid\u00e1ndose como seguro - Ayuntamiento de Los Llanos de Aridane\" \/>\n<meta property=\"og:description\" content=\"El Ayuntamiento de Los Llanos de Aridane presenta el cartel y el programa de La Patrona 2021 con el lema \u201cRemedios, m\u00e1s que un nombre.\u201d\" \/>\n<meta property=\"og:url\" content=\"https:\/\/www.aridane.org\/city\/2023\/02\/27\/el-ayuntamiento-de-los-llanos-de-aridane-confirma-que-su-carnaval-sigue-consolidandose-como-seguro\/\" \/>\n<meta property=\"og:site_name\" content=\"Ayuntamiento de Los Llanos de Aridane\" \/>\n<meta property=\"article:published_time\" content=\"2023-02-27T10:35:36+00:00\" \/>\n<meta property=\"article:modified_time\" content=\"2023-07-31T07:44:55+00:00\" \/>\n<meta property=\"og:image\" content=\"https:\/\/www.aridane.org\/city\/wp-content\/uploads\/2023\/02\/carnaval_seguro.jpg\" \/>\n\t<meta property=\"og:image:width\" content=\"1200\" \/>\n\t<meta property=\"og:image:height\" content=\"675\" \/>\n\t<meta property=\"og:image:type\" content=\"image\/jpeg\" \/>\n<meta name=\"author\" content=\"Richard Diaz\" \/>\n<meta name=\"twitter:card\" content=\"summary_large_image\" \/>\n<meta name=\"twitter:label1\" content=\"Escrito por\" \/>\n\t<meta name=\"twitter:data1\" content=\"Richard Diaz\" \/>\n\t<meta name=\"twitter:label2\" content=\"Tiempo de lectura\" \/>\n\t<meta name=\"twitter:data2\" content=\"2 minutos\" \/>\n<script type=\"application\/ld+json\" class=\"yoast-schema-graph\">{\"@context\":\"https:\/\/schema.org\",\"@graph\":[{\"@type\":\"WebPage\",\"@id\":\"https:\/\/www.aridane.org\/city\/2023\/02\/27\/el-ayuntamiento-de-los-llanos-de-aridane-confirma-que-su-carnaval-sigue-consolidandose-como-seguro\/\",\"url\":\"https:\/\/www.aridane.org\/city\/2023\/02\/27\/el-ayuntamiento-de-los-llanos-de-aridane-confirma-que-su-carnaval-sigue-consolidandose-como-seguro\/\",\"name\":\"El Ayuntamiento de Los Llanos de Aridane confirma que su carnaval sigue consolid\u00e1ndose como seguro - Ayuntamiento de Los Llanos de Aridane\",\"isPartOf\":{\"@id\":\"https:\/\/www.aridane.org\/city\/#website\"},\"primaryImageOfPage\":{\"@id\":\"https:\/\/www.aridane.org\/city\/2023\/02\/27\/el-ayuntamiento-de-los-llanos-de-aridane-confirma-que-su-carnaval-sigue-consolidandose-como-seguro\/#primaryimage\"},\"image\":{\"@id\":\"https:\/\/www.aridane.org\/city\/2023\/02\/27\/el-ayuntamiento-de-los-llanos-de-aridane-confirma-que-su-carnaval-sigue-consolidandose-como-seguro\/#primaryimage\"},\"thumbnailUrl\":\"https:\/\/www.aridane.org\/city\/wp-content\/uploads\/2023\/02\/carnaval_seguro.jpg\",\"datePublished\":\"2023-02-27T10:35:36+00:00\",\"dateModified\":\"2023-07-31T07:44:55+00:00\",\"author\":{\"@id\":\"https:\/\/www.aridane.org\/city\/#\/schema\/person\/7d352ec7f29881716f298394432e7209\"},\"description\":\"El Ayuntamiento de Los Llanos de Aridane presenta el cartel y el programa de La Patrona 2021 con el lema \u201cRemedios, m\u00e1s que un nombre.\u201d\",\"breadcrumb\":{\"@id\":\"https:\/\/www.aridane.org\/city\/2023\/02\/27\/el-ayuntamiento-de-los-llanos-de-aridane-confirma-que-su-carnaval-sigue-consolidandose-como-seguro\/#breadcrumb\"},\"inLanguage\":\"es\",\"potentialAction\":[{\"@type\":\"ReadAction\",\"target\":[\"https:\/\/www.aridane.org\/city\/2023\/02\/27\/el-ayuntamiento-de-los-llanos-de-aridane-confirma-que-su-carnaval-sigue-consolidandose-como-seguro\/\"]}]},{\"@type\":\"ImageObject\",\"inLanguage\":\"es\",\"@id\":\"https:\/\/www.aridane.org\/city\/2023\/02\/27\/el-ayuntamiento-de-los-llanos-de-aridane-confirma-que-su-carnaval-sigue-consolidandose-como-seguro\/#primaryimage\",\"url\":\"https:\/\/www.aridane.org\/city\/wp-content\/uploads\/2023\/02\/carnaval_seguro.jpg\",\"contentUrl\":\"https:\/\/www.aridane.org\/city\/wp-content\/uploads\/2023\/02\/carnaval_seguro.jpg\",\"width\":1200,\"height\":675},{\"@type\":\"BreadcrumbList\",\"@id\":\"https:\/\/www.aridane.org\/city\/2023\/02\/27\/el-ayuntamiento-de-los-llanos-de-aridane-confirma-que-su-carnaval-sigue-consolidandose-como-seguro\/#breadcrumb\",\"itemListElement\":[{\"@type\":\"ListItem\",\"position\":1,\"name\":\"Portada\",\"item\":\"https:\/\/www.aridane.org\/city\/\"},{\"@type\":\"ListItem\",\"position\":2,\"name\":\"El Ayuntamiento de Los Llanos de Aridane confirma que su carnaval sigue consolid\u00e1ndose como seguro\"}]},{\"@type\":\"WebSite\",\"@id\":\"https:\/\/www.aridane.org\/city\/#website\",\"url\":\"https:\/\/www.aridane.org\/city\/\",\"name\":\"Ayuntamiento de Los Llanos de Aridane\",\"description\":\"\",\"potentialAction\":[{\"@type\":\"SearchAction\",\"target\":{\"@type\":\"EntryPoint\",\"urlTemplate\":\"https:\/\/www.aridane.org\/city\/?s={search_term_string}\"},\"query-input\":\"required name=search_term_string\"}],\"inLanguage\":\"es\"},{\"@type\":\"Person\",\"@id\":\"https:\/\/www.aridane.org\/city\/#\/schema\/person\/7d352ec7f29881716f298394432e7209\",\"name\":\"Richard Diaz\",\"image\":{\"@type\":\"ImageObject\",\"inLanguage\":\"es\",\"@id\":\"https:\/\/www.aridane.org\/city\/#\/schema\/person\/image\/\",\"url\":\"https:\/\/secure.gravatar.com\/avatar\/bacd6aefc26a4a204943090a4c596cd10f0857081ef3cfd12084a70ecb3161d5?s=96&d=mm&r=g\",\"contentUrl\":\"https:\/\/secure.gravatar.com\/avatar\/bacd6aefc26a4a204943090a4c596cd10f0857081ef3cfd12084a70ecb3161d5?s=96&d=mm&r=g\",\"caption\":\"Richard Diaz\"},\"sameAs\":[\"https:\/\/www.aridane.org\/city\"],\"url\":\"https:\/\/www.aridane.org\/city\/author\/richard-diaz\/\"}]}<\/script>\n<!-- \/ Yoast SEO plugin. -->","yoast_head_json":{"title":"El Ayuntamiento de Los Llanos de Aridane confirma que su carnaval sigue consolid\u00e1ndose como seguro - Ayuntamiento de Los Llanos de Aridane","description":"El Ayuntamiento de Los Llanos de Aridane presenta el cartel y el programa de La Patrona 2021 con el lema \u201cRemedios, m\u00e1s que un nombre.\u201d","robots":{"index":"index","follow":"follow","max-snippet":"max-snippet:-1","max-image-preview":"max-image-preview:large","max-video-preview":"max-video-preview:-1"},"canonical":"https:\/\/www.aridane.org\/city\/2023\/02\/27\/el-ayuntamiento-de-los-llanos-de-aridane-confirma-que-su-carnaval-sigue-consolidandose-como-seguro\/","og_locale":"es_ES","og_type":"article","og_title":"El Ayuntamiento de Los Llanos de Aridane confirma que su carnaval sigue consolid\u00e1ndose como seguro - Ayuntamiento de Los Llanos de Aridane","og_description":"El Ayuntamiento de Los Llanos de Aridane presenta el cartel y el programa de La Patrona 2021 con el lema \u201cRemedios, m\u00e1s que un nombre.\u201d","og_url":"https:\/\/www.aridane.org\/city\/2023\/02\/27\/el-ayuntamiento-de-los-llanos-de-aridane-confirma-que-su-carnaval-sigue-consolidandose-como-seguro\/","og_site_name":"Ayuntamiento de Los Llanos de Aridane","article_published_time":"2023-02-27T10:35:36+00:00","article_modified_time":"2023-07-31T07:44:55+00:00","og_image":[{"width":1200,"height":675,"url":"https:\/\/www.aridane.org\/city\/wp-content\/uploads\/2023\/02\/carnaval_seguro.jpg","type":"image\/jpeg"}],"author":"Richard Diaz","twitter_card":"summary_large_image","twitter_misc":{"Escrito por":"Richard Diaz","Tiempo de lectura":"2 minutos"},"schema":{"@context":"https:\/\/schema.org","@graph":[{"@type":"WebPage","@id":"https:\/\/www.aridane.org\/city\/2023\/02\/27\/el-ayuntamiento-de-los-llanos-de-aridane-confirma-que-su-carnaval-sigue-consolidandose-como-seguro\/","url":"https:\/\/www.aridane.org\/city\/2023\/02\/27\/el-ayuntamiento-de-los-llanos-de-aridane-confirma-que-su-carnaval-sigue-consolidandose-como-seguro\/","name":"El Ayuntamiento de Los Llanos de Aridane confirma que su carnaval sigue consolid\u00e1ndose como seguro - Ayuntamiento de Los Llanos de Aridane","isPartOf":{"@id":"https:\/\/www.aridane.org\/city\/#website"},"primaryImageOfPage":{"@id":"https:\/\/www.aridane.org\/city\/2023\/02\/27\/el-ayuntamiento-de-los-llanos-de-aridane-confirma-que-su-carnaval-sigue-consolidandose-como-seguro\/#primaryimage"},"image":{"@id":"https:\/\/www.aridane.org\/city\/2023\/02\/27\/el-ayuntamiento-de-los-llanos-de-aridane-confirma-que-su-carnaval-sigue-consolidandose-como-seguro\/#primaryimage"},"thumbnailUrl":"https:\/\/www.aridane.org\/city\/wp-content\/uploads\/2023\/02\/carnaval_seguro.jpg","datePublished":"2023-02-27T10:35:36+00:00","dateModified":"2023-07-31T07:44:55+00:00","author":{"@id":"https:\/\/www.aridane.org\/city\/#\/schema\/person\/7d352ec7f29881716f298394432e7209"},"description":"El Ayuntamiento de Los Llanos de Aridane presenta el cartel y el programa de La Patrona 2021 con el lema \u201cRemedios, m\u00e1s que un nombre.\u201d","breadcrumb":{"@id":"https:\/\/www.aridane.org\/city\/2023\/02\/27\/el-ayuntamiento-de-los-llanos-de-aridane-confirma-que-su-carnaval-sigue-consolidandose-como-seguro\/#breadcrumb"},"inLanguage":"es","potentialAction":[{"@type":"ReadAction","target":["https:\/\/www.aridane.org\/city\/2023\/02\/27\/el-ayuntamiento-de-los-llanos-de-aridane-confirma-que-su-carnaval-sigue-consolidandose-como-seguro\/"]}]},{"@type":"ImageObject","inLanguage":"es","@id":"https:\/\/www.aridane.org\/city\/2023\/02\/27\/el-ayuntamiento-de-los-llanos-de-aridane-confirma-que-su-carnaval-sigue-consolidandose-como-seguro\/#primaryimage","url":"https:\/\/www.aridane.org\/city\/wp-content\/uploads\/2023\/02\/carnaval_seguro.jpg","contentUrl":"https:\/\/www.aridane.org\/city\/wp-content\/uploads\/2023\/02\/carnaval_seguro.jpg","width":1200,"height":675},{"@type":"BreadcrumbList","@id":"https:\/\/www.aridane.org\/city\/2023\/02\/27\/el-ayuntamiento-de-los-llanos-de-aridane-confirma-que-su-carnaval-sigue-consolidandose-como-seguro\/#breadcrumb","itemListElement":[{"@type":"ListItem","position":1,"name":"Portada","item":"https:\/\/www.aridane.org\/city\/"},{"@type":"ListItem","position":2,"name":"El Ayuntamiento de Los Llanos de Aridane confirma que su carnaval sigue consolid\u00e1ndose como seguro"}]},{"@type":"WebSite","@id":"https:\/\/www.aridane.org\/city\/#website","url":"https:\/\/www.aridane.org\/city\/","name":"Ayuntamiento de Los Llanos de Aridane","description":"","potentialAction":[{"@type":"SearchAction","target":{"@type":"EntryPoint","urlTemplate":"https:\/\/www.aridane.org\/city\/?s={search_term_string}"},"query-input":"required name=search_term_string"}],"inLanguage":"es"},{"@type":"Person","@id":"https:\/\/www.aridane.org\/city\/#\/schema\/person\/7d352ec7f29881716f298394432e7209","name":"Richard Diaz","image":{"@type":"ImageObject","inLanguage":"es","@id":"https:\/\/www.aridane.org\/city\/#\/schema\/person\/image\/","url":"https:\/\/secure.gravatar.com\/avatar\/bacd6aefc26a4a204943090a4c596cd10f0857081ef3cfd12084a70ecb3161d5?s=96&d=mm&r=g","contentUrl":"https:\/\/secure.gravatar.com\/avatar\/bacd6aefc26a4a204943090a4c596cd10f0857081ef3cfd12084a70ecb3161d5?s=96&d=mm&r=g","caption":"Richard Diaz"},"sameAs":["https:\/\/www.aridane.org\/city"],"url":"https:\/\/www.aridane.org\/city\/author\/richard-diaz\/"}]}},"_links":{"self":[{"href":"https:\/\/www.aridane.org\/city\/wp-json\/wp\/v2\/posts\/1416","targetHints":{"allow":["GET"]}}],"collection":[{"href":"https:\/\/www.aridane.org\/city\/wp-json\/wp\/v2\/posts"}],"about":[{"href":"https:\/\/www.aridane.org\/city\/wp-json\/wp\/v2\/types\/post"}],"author":[{"embeddable":true,"href":"https:\/\/www.aridane.org\/city\/wp-json\/wp\/v2\/users\/1"}],"replies":[{"embeddable":true,"href":"https:\/\/www.aridane.org\/city\/wp-json\/wp\/v2\/comments?post=1416"}],"version-history":[{"count":1,"href":"https:\/\/www.aridane.org\/city\/wp-json\/wp\/v2\/posts\/1416\/revisions"}],"predecessor-version":[{"id":2598,"href":"https:\/\/www.aridane.org\/city\/wp-json\/wp\/v2\/posts\/1416\/revisions\/2598"}],"wp:featuredmedia":[{"embeddable":true,"href":"https:\/\/www.aridane.org\/city\/wp-json\/wp\/v2\/media\/2597"}],"wp:attachment":[{"href":"https:\/\/www.aridane.org\/city\/wp-json\/wp\/v2\/media?parent=1416"}],"wp:term":[{"taxonomy":"category","embeddable":true,"href":"https:\/\/www.aridane.org\/city\/wp-json\/wp\/v2\/categories?post=1416"},{"taxonomy":"post_tag","embeddable":true,"href":"https:\/\/www.aridane.org\/city\/wp-json\/wp\/v2\/tags?post=1416"}],"curies":[{"name":"wp","href":"https:\/\/api.w.org\/{rel}","templated":true}]}}