{"id":1420,"date":"2023-02-28T12:26:03","date_gmt":"2023-02-28T12:26:03","guid":{"rendered":"https:\/\/aridane.org\/ciudad\/?p=1420"},"modified":"2023-07-31T07:15:34","modified_gmt":"2023-07-31T07:15:34","slug":"garcia-leal-solicita-al-gobierno-de-canarias-que-se-reactiven-las-obras-del-centro-de-formacion-profesional-integrado-de-los-llanos-para-su-puesta-en-marcha-a-la-mayor-brevedad","status":"publish","type":"post","link":"https:\/\/www.aridane.org\/city\/2023\/02\/28\/garcia-leal-solicita-al-gobierno-de-canarias-que-se-reactiven-las-obras-del-centro-de-formacion-profesional-integrado-de-los-llanos-para-su-puesta-en-marcha-a-la-mayor-brevedad\/","title":{"rendered":"Garc\u00eda Leal solicita al Gobierno de Canarias que se reactiven las obras del Centro de Formaci\u00f3n Profesional Integrado de Los Llanos para su puesta en marcha a la mayor brevedad"},"content":{"rendered":"<section class=\"wpb-content-wrapper\"><p>[vc_row css_animation=\u00bb\u00bb row_type=\u00bbrow\u00bb use_row_as_full_screen_section=\u00bbno\u00bb type=\u00bbfull_width\u00bb angled_section=\u00bbno\u00bb text_align=\u00bbleft\u00bb background_image_as_pattern=\u00bbwithout_pattern\u00bb][vc_column][vc_row_inner row_type=\u00bbrow\u00bb type=\u00bbgrid\u00bb text_align=\u00bbleft\u00bb css_animation=\u00bb\u00bb][vc_column_inner][vc_empty_space height=\u00bb20px\u00bb][vc_empty_space height=\u00bb20px\u00bb][\/vc_column_inner][\/vc_row_inner][vc_column_text]<\/p>\n<ul>\n<li style=\"text-align: justify;\"><em>La alcaldesa defiende que este Centro, que es una deuda hist\u00f3rica que tiene el Ejecutivo Regional con el municipio, ayudar\u00eda a fijar poblaci\u00f3n e impulsar\u00eda la recuperaci\u00f3n en la que ya se encuentra inmersa Los Llanos.<\/em><\/li>\n<\/ul>\n<p>&nbsp;<\/p>\n<p style=\"text-align: justify;\"><strong>Los Llanos de Aridane, 27 de febrero de 2023.-<\/strong> El Ayuntamiento de Los Llanos de Aridane a trav\u00e9s de su alcaldesa, Noelia Garc\u00eda Leal, solicita al Gobierno de Canarias que se reactiven las obras del Centro de Formaci\u00f3n Profesional Integrado de Los Llanos, \u201cpara su puesta en marcha cuanto antes\u201d, se\u00f1ala.<\/p>\n<p style=\"text-align: justify;\">Garc\u00eda Leal explica que este Centro supondr\u00eda un revulsivo importante para no solo el municipio, sino para la comarca convirti\u00e9ndose en el primer Centro Integrado de la Isla. \u201cDurante el a\u00f1o 2022 nos dijeron que ya se contaba con la actualizaci\u00f3n del proyecto y que se encargar\u00eda su ejecuci\u00f3n antes de que acabase el a\u00f1o, pero la realidad es que hemos empezado el a\u00f1o 2023, y a\u00fan no sabemos nada de este asunto. En este expediente ha habido una desidia absoluta por parte de la Consejer\u00eda de Educaci\u00f3n, que nos lleva dando largas desde el inicio de la legislatura, y que ni siquiera la situaci\u00f3n econ\u00f3mica derivada del volc\u00e1n les ha hecho agilizar un expediente que lleva a\u00f1os dormido encima de alguna mesa, a pesar de los requerimientos tanto del Ayuntamiento como de la diputada popular Lorena Hernandez Labrador\u201d, se\u00f1ala.<\/p>\n<p style=\"text-align: justify;\">Adem\u00e1s, la alcaldesa reconoce que su funcionamiento supondr\u00eda un fuerte impulso\u00a0 para el presente y el futuro del municipio, \u201cya que nos ayudar\u00eda a fijar poblaci\u00f3n, y contribuir\u00eda a la recuperaci\u00f3n en la que ya nos encontramos inmersos\u201d.\u00a0 Asimismo, defiende que \u201csi queremos que nuestros j\u00f3venes se queden en la isla tenemos que hacer, todas las administraciones, un esfuerzo por ofrecerles oportunidades aqu\u00ed\u201d, asegura. Este centro, y seg\u00fan inform\u00f3 la Consejer\u00eda en el a\u00f1o 2014, no solo se impartir\u00edan las ense\u00f1anzas propias de\u00a0 la Formaci\u00f3n Profesional, sino que estar\u00e1 en condiciones de ofrecer otras modalidades de formaci\u00f3n continua y ocupacional dirigidas a trabajadores en activo y a desempleados.<\/p>\n<p style=\"text-align: justify;\">Por \u00faltimo, desde el Ayuntamiento de Los Llanos de Aridane se pide que se tenga en consideraci\u00f3n este petici\u00f3n, \u201cporque no podemos olvidarnos que precisamente nuestros j\u00f3venes son el futuro de la Isla y debemos trabajar, y nos deben apoyar con temas como la puesta en marcha de este Centro de Formaci\u00f3n Profesional, para que el talento palmero se quede en la Isla\u201d.<\/p>\n<p>[\/vc_column_text][\/vc_column][\/vc_row]<\/p>\n<\/section>","protected":false},"excerpt":{"rendered":"<p>[vc_row css_animation=\u00bb\u00bb row_type=\u00bbrow\u00bb use_row_as_full_screen_section=\u00bbno\u00bb type=\u00bbfull_width\u00bb angled_section=\u00bbno\u00bb text_align=\u00bbleft\u00bb background_image_as_pattern=\u00bbwithout_pattern\u00bb][vc_column][vc_row_inner row_type=\u00bbrow\u00bb type=\u00bbgrid\u00bb text_align=\u00bbleft\u00bb css_animation=\u00bb\u00bb][vc_column_inner][vc_empty_space height=\u00bb20px\u00bb][vc_empty_space height=\u00bb20px\u00bb][\/vc_column_inner][\/vc_row_inner][vc_column_text] La alcaldesa defiende que este Centro, que es una deuda hist\u00f3rica que tiene el Ejecutivo Regional con el municipio, ayudar\u00eda a fijar poblaci\u00f3n e impulsar\u00eda la recuperaci\u00f3n en la que ya&#8230;<\/p>\n","protected":false},"author":1,"featured_media":2595,"comment_status":"closed","ping_status":"open","sticky":false,"template":"","format":"standard","meta":{"footnotes":""},"categories":[6],"tags":[],"class_list":["post-1420","post","type-post","status-publish","format-standard","has-post-thumbnail","hentry","category-prensa"],"yoast_head":"<!-- This site is optimized with the Yoast SEO plugin v22.7 - https:\/\/yoast.com\/wordpress\/plugins\/seo\/ -->\n<title>Garc\u00eda Leal solicita al Gobierno de Canarias que se reactiven las obras del Centro de Formaci\u00f3n Profesional Integrado de Los Llanos para su puesta en marcha a la mayor brevedad - Ayuntamiento de Los Llanos de Aridane<\/title>\n<meta name=\"description\" content=\"El Ayuntamiento de Los Llanos de Aridane presenta el cartel y el programa de La Patrona 2021 con el lema \u201cRemedios, m\u00e1s que un nombre.\u201d\" \/>\n<meta name=\"robots\" content=\"index, follow, max-snippet:-1, max-image-preview:large, max-video-preview:-1\" \/>\n<link rel=\"canonical\" href=\"https:\/\/www.aridane.org\/city\/2023\/02\/28\/garcia-leal-solicita-al-gobierno-de-canarias-que-se-reactiven-las-obras-del-centro-de-formacion-profesional-integrado-de-los-llanos-para-su-puesta-en-marcha-a-la-mayor-brevedad\/\" \/>\n<meta property=\"og:locale\" content=\"es_ES\" \/>\n<meta property=\"og:type\" content=\"article\" \/>\n<meta property=\"og:title\" content=\"Garc\u00eda Leal solicita al Gobierno de Canarias que se reactiven las obras del Centro de Formaci\u00f3n Profesional Integrado de Los Llanos para su puesta en marcha a la mayor brevedad - Ayuntamiento de Los Llanos de Aridane\" \/>\n<meta property=\"og:description\" content=\"El Ayuntamiento de Los Llanos de Aridane presenta el cartel y el programa de La Patrona 2021 con el lema \u201cRemedios, m\u00e1s que un nombre.\u201d\" \/>\n<meta property=\"og:url\" content=\"https:\/\/www.aridane.org\/city\/2023\/02\/28\/garcia-leal-solicita-al-gobierno-de-canarias-que-se-reactiven-las-obras-del-centro-de-formacion-profesional-integrado-de-los-llanos-para-su-puesta-en-marcha-a-la-mayor-brevedad\/\" \/>\n<meta property=\"og:site_name\" content=\"Ayuntamiento de Los Llanos de Aridane\" \/>\n<meta property=\"article:published_time\" content=\"2023-02-28T12:26:03+00:00\" \/>\n<meta property=\"article:modified_time\" content=\"2023-07-31T07:15:34+00:00\" \/>\n<meta property=\"og:image\" content=\"https:\/\/www.aridane.org\/city\/wp-content\/uploads\/2023\/02\/obras_centro_formacion.jpg\" \/>\n\t<meta property=\"og:image:width\" content=\"1200\" \/>\n\t<meta property=\"og:image:height\" content=\"675\" \/>\n\t<meta property=\"og:image:type\" content=\"image\/jpeg\" \/>\n<meta name=\"author\" content=\"Richard Diaz\" \/>\n<meta name=\"twitter:card\" content=\"summary_large_image\" \/>\n<meta name=\"twitter:label1\" content=\"Escrito por\" \/>\n\t<meta name=\"twitter:data1\" content=\"Richard Diaz\" \/>\n\t<meta name=\"twitter:label2\" content=\"Tiempo de lectura\" \/>\n\t<meta name=\"twitter:data2\" content=\"2 minutos\" \/>\n<script type=\"application\/ld+json\" class=\"yoast-schema-graph\">{\"@context\":\"https:\/\/schema.org\",\"@graph\":[{\"@type\":\"WebPage\",\"@id\":\"https:\/\/www.aridane.org\/city\/2023\/02\/28\/garcia-leal-solicita-al-gobierno-de-canarias-que-se-reactiven-las-obras-del-centro-de-formacion-profesional-integrado-de-los-llanos-para-su-puesta-en-marcha-a-la-mayor-brevedad\/\",\"url\":\"https:\/\/www.aridane.org\/city\/2023\/02\/28\/garcia-leal-solicita-al-gobierno-de-canarias-que-se-reactiven-las-obras-del-centro-de-formacion-profesional-integrado-de-los-llanos-para-su-puesta-en-marcha-a-la-mayor-brevedad\/\",\"name\":\"Garc\u00eda Leal solicita al Gobierno de Canarias que se reactiven las obras del Centro de Formaci\u00f3n Profesional Integrado de Los Llanos para su puesta en marcha a la mayor brevedad - Ayuntamiento de Los Llanos de Aridane\",\"isPartOf\":{\"@id\":\"https:\/\/www.aridane.org\/city\/#website\"},\"primaryImageOfPage\":{\"@id\":\"https:\/\/www.aridane.org\/city\/2023\/02\/28\/garcia-leal-solicita-al-gobierno-de-canarias-que-se-reactiven-las-obras-del-centro-de-formacion-profesional-integrado-de-los-llanos-para-su-puesta-en-marcha-a-la-mayor-brevedad\/#primaryimage\"},\"image\":{\"@id\":\"https:\/\/www.aridane.org\/city\/2023\/02\/28\/garcia-leal-solicita-al-gobierno-de-canarias-que-se-reactiven-las-obras-del-centro-de-formacion-profesional-integrado-de-los-llanos-para-su-puesta-en-marcha-a-la-mayor-brevedad\/#primaryimage\"},\"thumbnailUrl\":\"https:\/\/www.aridane.org\/city\/wp-content\/uploads\/2023\/02\/obras_centro_formacion.jpg\",\"datePublished\":\"2023-02-28T12:26:03+00:00\",\"dateModified\":\"2023-07-31T07:15:34+00:00\",\"author\":{\"@id\":\"https:\/\/www.aridane.org\/city\/#\/schema\/person\/7d352ec7f29881716f298394432e7209\"},\"description\":\"El Ayuntamiento de Los Llanos de Aridane presenta el cartel y el programa de La Patrona 2021 con el lema \u201cRemedios, m\u00e1s que un nombre.\u201d\",\"breadcrumb\":{\"@id\":\"https:\/\/www.aridane.org\/city\/2023\/02\/28\/garcia-leal-solicita-al-gobierno-de-canarias-que-se-reactiven-las-obras-del-centro-de-formacion-profesional-integrado-de-los-llanos-para-su-puesta-en-marcha-a-la-mayor-brevedad\/#breadcrumb\"},\"inLanguage\":\"es\",\"potentialAction\":[{\"@type\":\"ReadAction\",\"target\":[\"https:\/\/www.aridane.org\/city\/2023\/02\/28\/garcia-leal-solicita-al-gobierno-de-canarias-que-se-reactiven-las-obras-del-centro-de-formacion-profesional-integrado-de-los-llanos-para-su-puesta-en-marcha-a-la-mayor-brevedad\/\"]}]},{\"@type\":\"ImageObject\",\"inLanguage\":\"es\",\"@id\":\"https:\/\/www.aridane.org\/city\/2023\/02\/28\/garcia-leal-solicita-al-gobierno-de-canarias-que-se-reactiven-las-obras-del-centro-de-formacion-profesional-integrado-de-los-llanos-para-su-puesta-en-marcha-a-la-mayor-brevedad\/#primaryimage\",\"url\":\"https:\/\/www.aridane.org\/city\/wp-content\/uploads\/2023\/02\/obras_centro_formacion.jpg\",\"contentUrl\":\"https:\/\/www.aridane.org\/city\/wp-content\/uploads\/2023\/02\/obras_centro_formacion.jpg\",\"width\":1200,\"height\":675},{\"@type\":\"BreadcrumbList\",\"@id\":\"https:\/\/www.aridane.org\/city\/2023\/02\/28\/garcia-leal-solicita-al-gobierno-de-canarias-que-se-reactiven-las-obras-del-centro-de-formacion-profesional-integrado-de-los-llanos-para-su-puesta-en-marcha-a-la-mayor-brevedad\/#breadcrumb\",\"itemListElement\":[{\"@type\":\"ListItem\",\"position\":1,\"name\":\"Portada\",\"item\":\"https:\/\/www.aridane.org\/city\/\"},{\"@type\":\"ListItem\",\"position\":2,\"name\":\"Garc\u00eda Leal solicita al Gobierno de Canarias que se reactiven las obras del Centro de Formaci\u00f3n Profesional Integrado de Los Llanos para su puesta en marcha a la mayor brevedad\"}]},{\"@type\":\"WebSite\",\"@id\":\"https:\/\/www.aridane.org\/city\/#website\",\"url\":\"https:\/\/www.aridane.org\/city\/\",\"name\":\"Ayuntamiento de Los Llanos de Aridane\",\"description\":\"\",\"potentialAction\":[{\"@type\":\"SearchAction\",\"target\":{\"@type\":\"EntryPoint\",\"urlTemplate\":\"https:\/\/www.aridane.org\/city\/?s={search_term_string}\"},\"query-input\":\"required name=search_term_string\"}],\"inLanguage\":\"es\"},{\"@type\":\"Person\",\"@id\":\"https:\/\/www.aridane.org\/city\/#\/schema\/person\/7d352ec7f29881716f298394432e7209\",\"name\":\"Richard Diaz\",\"image\":{\"@type\":\"ImageObject\",\"inLanguage\":\"es\",\"@id\":\"https:\/\/www.aridane.org\/city\/#\/schema\/person\/image\/\",\"url\":\"https:\/\/secure.gravatar.com\/avatar\/bacd6aefc26a4a204943090a4c596cd10f0857081ef3cfd12084a70ecb3161d5?s=96&d=mm&r=g\",\"contentUrl\":\"https:\/\/secure.gravatar.com\/avatar\/bacd6aefc26a4a204943090a4c596cd10f0857081ef3cfd12084a70ecb3161d5?s=96&d=mm&r=g\",\"caption\":\"Richard Diaz\"},\"sameAs\":[\"https:\/\/www.aridane.org\/city\"],\"url\":\"https:\/\/www.aridane.org\/city\/author\/richard-diaz\/\"}]}<\/script>\n<!-- \/ Yoast SEO plugin. -->","yoast_head_json":{"title":"Garc\u00eda Leal solicita al Gobierno de Canarias que se reactiven las obras del Centro de Formaci\u00f3n Profesional Integrado de Los Llanos para su puesta en marcha a la mayor brevedad - Ayuntamiento de Los Llanos de Aridane","description":"El Ayuntamiento de Los Llanos de Aridane presenta el cartel y el programa de La Patrona 2021 con el lema \u201cRemedios, m\u00e1s que un nombre.\u201d","robots":{"index":"index","follow":"follow","max-snippet":"max-snippet:-1","max-image-preview":"max-image-preview:large","max-video-preview":"max-video-preview:-1"},"canonical":"https:\/\/www.aridane.org\/city\/2023\/02\/28\/garcia-leal-solicita-al-gobierno-de-canarias-que-se-reactiven-las-obras-del-centro-de-formacion-profesional-integrado-de-los-llanos-para-su-puesta-en-marcha-a-la-mayor-brevedad\/","og_locale":"es_ES","og_type":"article","og_title":"Garc\u00eda Leal solicita al Gobierno de Canarias que se reactiven las obras del Centro de Formaci\u00f3n Profesional Integrado de Los Llanos para su puesta en marcha a la mayor brevedad - Ayuntamiento de Los Llanos de Aridane","og_description":"El Ayuntamiento de Los Llanos de Aridane presenta el cartel y el programa de La Patrona 2021 con el lema \u201cRemedios, m\u00e1s que un nombre.\u201d","og_url":"https:\/\/www.aridane.org\/city\/2023\/02\/28\/garcia-leal-solicita-al-gobierno-de-canarias-que-se-reactiven-las-obras-del-centro-de-formacion-profesional-integrado-de-los-llanos-para-su-puesta-en-marcha-a-la-mayor-brevedad\/","og_site_name":"Ayuntamiento de Los Llanos de Aridane","article_published_time":"2023-02-28T12:26:03+00:00","article_modified_time":"2023-07-31T07:15:34+00:00","og_image":[{"width":1200,"height":675,"url":"https:\/\/www.aridane.org\/city\/wp-content\/uploads\/2023\/02\/obras_centro_formacion.jpg","type":"image\/jpeg"}],"author":"Richard Diaz","twitter_card":"summary_large_image","twitter_misc":{"Escrito por":"Richard Diaz","Tiempo de lectura":"2 minutos"},"schema":{"@context":"https:\/\/schema.org","@graph":[{"@type":"WebPage","@id":"https:\/\/www.aridane.org\/city\/2023\/02\/28\/garcia-leal-solicita-al-gobierno-de-canarias-que-se-reactiven-las-obras-del-centro-de-formacion-profesional-integrado-de-los-llanos-para-su-puesta-en-marcha-a-la-mayor-brevedad\/","url":"https:\/\/www.aridane.org\/city\/2023\/02\/28\/garcia-leal-solicita-al-gobierno-de-canarias-que-se-reactiven-las-obras-del-centro-de-formacion-profesional-integrado-de-los-llanos-para-su-puesta-en-marcha-a-la-mayor-brevedad\/","name":"Garc\u00eda Leal solicita al Gobierno de Canarias que se reactiven las obras del Centro de Formaci\u00f3n Profesional Integrado de Los Llanos para su puesta en marcha a la mayor brevedad - Ayuntamiento de Los Llanos de Aridane","isPartOf":{"@id":"https:\/\/www.aridane.org\/city\/#website"},"primaryImageOfPage":{"@id":"https:\/\/www.aridane.org\/city\/2023\/02\/28\/garcia-leal-solicita-al-gobierno-de-canarias-que-se-reactiven-las-obras-del-centro-de-formacion-profesional-integrado-de-los-llanos-para-su-puesta-en-marcha-a-la-mayor-brevedad\/#primaryimage"},"image":{"@id":"https:\/\/www.aridane.org\/city\/2023\/02\/28\/garcia-leal-solicita-al-gobierno-de-canarias-que-se-reactiven-las-obras-del-centro-de-formacion-profesional-integrado-de-los-llanos-para-su-puesta-en-marcha-a-la-mayor-brevedad\/#primaryimage"},"thumbnailUrl":"https:\/\/www.aridane.org\/city\/wp-content\/uploads\/2023\/02\/obras_centro_formacion.jpg","datePublished":"2023-02-28T12:26:03+00:00","dateModified":"2023-07-31T07:15:34+00:00","author":{"@id":"https:\/\/www.aridane.org\/city\/#\/schema\/person\/7d352ec7f29881716f298394432e7209"},"description":"El Ayuntamiento de Los Llanos de Aridane presenta el cartel y el programa de La Patrona 2021 con el lema \u201cRemedios, m\u00e1s que un nombre.\u201d","breadcrumb":{"@id":"https:\/\/www.aridane.org\/city\/2023\/02\/28\/garcia-leal-solicita-al-gobierno-de-canarias-que-se-reactiven-las-obras-del-centro-de-formacion-profesional-integrado-de-los-llanos-para-su-puesta-en-marcha-a-la-mayor-brevedad\/#breadcrumb"},"inLanguage":"es","potentialAction":[{"@type":"ReadAction","target":["https:\/\/www.aridane.org\/city\/2023\/02\/28\/garcia-leal-solicita-al-gobierno-de-canarias-que-se-reactiven-las-obras-del-centro-de-formacion-profesional-integrado-de-los-llanos-para-su-puesta-en-marcha-a-la-mayor-brevedad\/"]}]},{"@type":"ImageObject","inLanguage":"es","@id":"https:\/\/www.aridane.org\/city\/2023\/02\/28\/garcia-leal-solicita-al-gobierno-de-canarias-que-se-reactiven-las-obras-del-centro-de-formacion-profesional-integrado-de-los-llanos-para-su-puesta-en-marcha-a-la-mayor-brevedad\/#primaryimage","url":"https:\/\/www.aridane.org\/city\/wp-content\/uploads\/2023\/02\/obras_centro_formacion.jpg","contentUrl":"https:\/\/www.aridane.org\/city\/wp-content\/uploads\/2023\/02\/obras_centro_formacion.jpg","width":1200,"height":675},{"@type":"BreadcrumbList","@id":"https:\/\/www.aridane.org\/city\/2023\/02\/28\/garcia-leal-solicita-al-gobierno-de-canarias-que-se-reactiven-las-obras-del-centro-de-formacion-profesional-integrado-de-los-llanos-para-su-puesta-en-marcha-a-la-mayor-brevedad\/#breadcrumb","itemListElement":[{"@type":"ListItem","position":1,"name":"Portada","item":"https:\/\/www.aridane.org\/city\/"},{"@type":"ListItem","position":2,"name":"Garc\u00eda Leal solicita al Gobierno de Canarias que se reactiven las obras del Centro de Formaci\u00f3n Profesional Integrado de Los Llanos para su puesta en marcha a la mayor brevedad"}]},{"@type":"WebSite","@id":"https:\/\/www.aridane.org\/city\/#website","url":"https:\/\/www.aridane.org\/city\/","name":"Ayuntamiento de Los Llanos de Aridane","description":"","potentialAction":[{"@type":"SearchAction","target":{"@type":"EntryPoint","urlTemplate":"https:\/\/www.aridane.org\/city\/?s={search_term_string}"},"query-input":"required name=search_term_string"}],"inLanguage":"es"},{"@type":"Person","@id":"https:\/\/www.aridane.org\/city\/#\/schema\/person\/7d352ec7f29881716f298394432e7209","name":"Richard Diaz","image":{"@type":"ImageObject","inLanguage":"es","@id":"https:\/\/www.aridane.org\/city\/#\/schema\/person\/image\/","url":"https:\/\/secure.gravatar.com\/avatar\/bacd6aefc26a4a204943090a4c596cd10f0857081ef3cfd12084a70ecb3161d5?s=96&d=mm&r=g","contentUrl":"https:\/\/secure.gravatar.com\/avatar\/bacd6aefc26a4a204943090a4c596cd10f0857081ef3cfd12084a70ecb3161d5?s=96&d=mm&r=g","caption":"Richard Diaz"},"sameAs":["https:\/\/www.aridane.org\/city"],"url":"https:\/\/www.aridane.org\/city\/author\/richard-diaz\/"}]}},"_links":{"self":[{"href":"https:\/\/www.aridane.org\/city\/wp-json\/wp\/v2\/posts\/1420","targetHints":{"allow":["GET"]}}],"collection":[{"href":"https:\/\/www.aridane.org\/city\/wp-json\/wp\/v2\/posts"}],"about":[{"href":"https:\/\/www.aridane.org\/city\/wp-json\/wp\/v2\/types\/post"}],"author":[{"embeddable":true,"href":"https:\/\/www.aridane.org\/city\/wp-json\/wp\/v2\/users\/1"}],"replies":[{"embeddable":true,"href":"https:\/\/www.aridane.org\/city\/wp-json\/wp\/v2\/comments?post=1420"}],"version-history":[{"count":1,"href":"https:\/\/www.aridane.org\/city\/wp-json\/wp\/v2\/posts\/1420\/revisions"}],"predecessor-version":[{"id":2596,"href":"https:\/\/www.aridane.org\/city\/wp-json\/wp\/v2\/posts\/1420\/revisions\/2596"}],"wp:featuredmedia":[{"embeddable":true,"href":"https:\/\/www.aridane.org\/city\/wp-json\/wp\/v2\/media\/2595"}],"wp:attachment":[{"href":"https:\/\/www.aridane.org\/city\/wp-json\/wp\/v2\/media?parent=1420"}],"wp:term":[{"taxonomy":"category","embeddable":true,"href":"https:\/\/www.aridane.org\/city\/wp-json\/wp\/v2\/categories?post=1420"},{"taxonomy":"post_tag","embeddable":true,"href":"https:\/\/www.aridane.org\/city\/wp-json\/wp\/v2\/tags?post=1420"}],"curies":[{"name":"wp","href":"https:\/\/api.w.org\/{rel}","templated":true}]}}