{"id":1425,"date":"2023-02-28T13:32:40","date_gmt":"2023-02-28T13:32:40","guid":{"rendered":"https:\/\/aridane.org\/ciudad\/?p=1425"},"modified":"2023-07-31T07:09:18","modified_gmt":"2023-07-31T07:09:18","slug":"reabre-sus-puertas-la-casa-museo-del-vino-las-manchas-de-los-llanos-de-aridane","status":"publish","type":"post","link":"https:\/\/www.aridane.org\/city\/2023\/02\/28\/reabre-sus-puertas-la-casa-museo-del-vino-las-manchas-de-los-llanos-de-aridane\/","title":{"rendered":"Reabre sus puertas la Casa-Museo del Vino Las Manchas de Los Llanos de Aridane"},"content":{"rendered":"<section class=\"wpb-content-wrapper\"><p>[vc_row css_animation=\u00bb\u00bb row_type=\u00bbrow\u00bb use_row_as_full_screen_section=\u00bbno\u00bb type=\u00bbfull_width\u00bb angled_section=\u00bbno\u00bb text_align=\u00bbleft\u00bb background_image_as_pattern=\u00bbwithout_pattern\u00bb][vc_column][vc_row_inner row_type=\u00bbrow\u00bb type=\u00bbgrid\u00bb text_align=\u00bbleft\u00bb css_animation=\u00bb\u00bb][vc_column_inner][vc_empty_space height=\u00bb20px\u00bb][vc_empty_space height=\u00bb20px\u00bb][\/vc_column_inner][\/vc_row_inner][vc_column_text]<\/p>\n<ul>\n<li style=\"text-align: justify;\"><em>La concejal de Promoci\u00f3n Econ\u00f3mica, Inmaculada Fern\u00e1ndez, explica que en este espacio se va a seguir apostando por promocionar y dar a conocer la rica cultura vitivin\u00edcola con la que cuenta el municipio.<\/em><\/li>\n<li style=\"text-align: justify;\"><em>El horario ser\u00e1 de lunes a viernes de 9:00 a 16:00 horas.<\/em><\/li>\n<\/ul>\n<p>&nbsp;<\/p>\n<p style=\"text-align: justify;\"><strong>Los Llanos de Aridane, 28 de febrero de 2023.-<\/strong> El Ayuntamiento de Los Llanos de Aridane a trav\u00e9s de la concejal de Promoci\u00f3n Econ\u00f3mica, Inmaculada Fern\u00e1ndez, ha confirmado que el Casa-Museo del Vino Las Manchas abrir\u00e1 sus puertas ma\u00f1ana, mi\u00e9rcoles 1 de marzo, \u201ccon el objetivo de seguir fomentando, potenciando y dando a conocer la rica cultura vitivin\u00edcola con la que cuenta nuestro municipio\u201d, se\u00f1ala.<\/p>\n<p style=\"text-align: justify;\">Fern\u00e1ndez explica que la Casa-Museo del Vino Las Manchas, ubicada en el antiguo solar de una antigua vivienda rural de maestros, ofrece los servicios de \u201cinformaci\u00f3n tur\u00edstica, exposici\u00f3n, degustaci\u00f3n y venta de vinos\u201d. Adem\u00e1s, confirma que su horario ser\u00e1 de lunes a viernes de 9:00 a 16:00 horas.<\/p>\n<p style=\"text-align: justify;\">La concejal informa que esta infraestructura ha permanecido cerrada desde el pasado 19 septiembre del 2021, momento en el que erupcion\u00f3 el volc\u00e1n, \u201cy durante este tiempo se ha aprovechado para hacer labores de mejora y de acondicionamiento del mismo. Adem\u00e1s, una vez que se abri\u00f3 la zona, se acogi\u00f3 por ejemplo el Proyecto de Atenci\u00f3n a Personas Mayores con Funciones Cognitivas Deterioradas del barrio de Las Manchas, que se lleva a cabo desde la concejal\u00eda de Acci\u00f3n Social junto a la delegaci\u00f3n de la comarca oeste de Cruz Roja\u201d.<\/p>\n<p style=\"text-align: justify;\">Precisamente, la concejal Acci\u00f3n Social, Elena Concepci\u00f3n, ha puesto en valor el importante papel que ha jugado este espacio \u201cpermiti\u00e9ndonos, pese a la compleja situaci\u00f3n que ha vivido esta zona del municipio, poder seguir prestando este servicio con el que buscamos estimular cognitivamente las capacidades mentales, motrices, sensoriales y emocionales de las personas que se encuentran en proceso de envejecimiento, con el fin de mejorar su autonom\u00eda y bienestar. Y tambi\u00e9n, nos ha permitido acoger as\u00ed otro tipo de actividades con otras entidades, y con personas desplazadas en los hoteles\u201d.<\/p>\n<p style=\"text-align: justify;\">Por \u00faltimo, desde el Ayuntamiento de Los Llanos de Aridane se invita a todas las personas a visitar este espacio, \u201cen el que podr\u00e1n conocer m\u00e1s sobre el rico patrimonio vitivin\u00edcola con el que contamos en el municipio\u201d.<\/p>\n<p>[\/vc_column_text][\/vc_column][\/vc_row]<\/p>\n<\/section>","protected":false},"excerpt":{"rendered":"<p>[vc_row css_animation=\u00bb\u00bb row_type=\u00bbrow\u00bb use_row_as_full_screen_section=\u00bbno\u00bb type=\u00bbfull_width\u00bb angled_section=\u00bbno\u00bb text_align=\u00bbleft\u00bb background_image_as_pattern=\u00bbwithout_pattern\u00bb][vc_column][vc_row_inner row_type=\u00bbrow\u00bb type=\u00bbgrid\u00bb text_align=\u00bbleft\u00bb css_animation=\u00bb\u00bb][vc_column_inner][vc_empty_space height=\u00bb20px\u00bb][vc_empty_space height=\u00bb20px\u00bb][\/vc_column_inner][\/vc_row_inner][vc_column_text] La concejal de Promoci\u00f3n Econ\u00f3mica, Inmaculada Fern\u00e1ndez, explica que en este espacio se va a seguir apostando por promocionar y dar a conocer la rica cultura vitivin\u00edcola con la que cuenta&#8230;<\/p>\n","protected":false},"author":1,"featured_media":2593,"comment_status":"closed","ping_status":"open","sticky":false,"template":"","format":"standard","meta":{"footnotes":""},"categories":[6],"tags":[],"class_list":["post-1425","post","type-post","status-publish","format-standard","has-post-thumbnail","hentry","category-prensa"],"yoast_head":"<!-- This site is optimized with the Yoast SEO plugin v22.7 - https:\/\/yoast.com\/wordpress\/plugins\/seo\/ -->\n<title>Reabre sus puertas la Casa-Museo del Vino Las Manchas de Los Llanos de Aridane - Ayuntamiento de Los Llanos de Aridane<\/title>\n<meta name=\"description\" content=\"El Ayuntamiento de Los Llanos de Aridane presenta el cartel y el programa de La Patrona 2021 con el lema \u201cRemedios, m\u00e1s que un nombre.\u201d\" \/>\n<meta name=\"robots\" content=\"index, follow, max-snippet:-1, max-image-preview:large, max-video-preview:-1\" \/>\n<link rel=\"canonical\" href=\"https:\/\/www.aridane.org\/city\/2023\/02\/28\/reabre-sus-puertas-la-casa-museo-del-vino-las-manchas-de-los-llanos-de-aridane\/\" \/>\n<meta property=\"og:locale\" content=\"es_ES\" \/>\n<meta property=\"og:type\" content=\"article\" \/>\n<meta property=\"og:title\" content=\"Reabre sus puertas la Casa-Museo del Vino Las Manchas de Los Llanos de Aridane - Ayuntamiento de Los Llanos de Aridane\" \/>\n<meta property=\"og:description\" content=\"El Ayuntamiento de Los Llanos de Aridane presenta el cartel y el programa de La Patrona 2021 con el lema \u201cRemedios, m\u00e1s que un nombre.\u201d\" \/>\n<meta property=\"og:url\" content=\"https:\/\/www.aridane.org\/city\/2023\/02\/28\/reabre-sus-puertas-la-casa-museo-del-vino-las-manchas-de-los-llanos-de-aridane\/\" \/>\n<meta property=\"og:site_name\" content=\"Ayuntamiento de Los Llanos de Aridane\" \/>\n<meta property=\"article:published_time\" content=\"2023-02-28T13:32:40+00:00\" \/>\n<meta property=\"article:modified_time\" content=\"2023-07-31T07:09:18+00:00\" \/>\n<meta property=\"og:image\" content=\"https:\/\/www.aridane.org\/city\/wp-content\/uploads\/2023\/02\/apertura_mude_del_vino.jpg\" \/>\n\t<meta property=\"og:image:width\" content=\"1200\" \/>\n\t<meta property=\"og:image:height\" content=\"675\" \/>\n\t<meta property=\"og:image:type\" content=\"image\/jpeg\" \/>\n<meta name=\"author\" content=\"Richard Diaz\" \/>\n<meta name=\"twitter:card\" content=\"summary_large_image\" \/>\n<meta name=\"twitter:label1\" content=\"Escrito por\" \/>\n\t<meta name=\"twitter:data1\" content=\"Richard Diaz\" \/>\n\t<meta name=\"twitter:label2\" content=\"Tiempo de lectura\" \/>\n\t<meta name=\"twitter:data2\" content=\"2 minutos\" \/>\n<script type=\"application\/ld+json\" class=\"yoast-schema-graph\">{\"@context\":\"https:\/\/schema.org\",\"@graph\":[{\"@type\":\"WebPage\",\"@id\":\"https:\/\/www.aridane.org\/city\/2023\/02\/28\/reabre-sus-puertas-la-casa-museo-del-vino-las-manchas-de-los-llanos-de-aridane\/\",\"url\":\"https:\/\/www.aridane.org\/city\/2023\/02\/28\/reabre-sus-puertas-la-casa-museo-del-vino-las-manchas-de-los-llanos-de-aridane\/\",\"name\":\"Reabre sus puertas la Casa-Museo del Vino Las Manchas de Los Llanos de Aridane - Ayuntamiento de Los Llanos de Aridane\",\"isPartOf\":{\"@id\":\"https:\/\/www.aridane.org\/city\/#website\"},\"primaryImageOfPage\":{\"@id\":\"https:\/\/www.aridane.org\/city\/2023\/02\/28\/reabre-sus-puertas-la-casa-museo-del-vino-las-manchas-de-los-llanos-de-aridane\/#primaryimage\"},\"image\":{\"@id\":\"https:\/\/www.aridane.org\/city\/2023\/02\/28\/reabre-sus-puertas-la-casa-museo-del-vino-las-manchas-de-los-llanos-de-aridane\/#primaryimage\"},\"thumbnailUrl\":\"https:\/\/www.aridane.org\/city\/wp-content\/uploads\/2023\/02\/apertura_mude_del_vino.jpg\",\"datePublished\":\"2023-02-28T13:32:40+00:00\",\"dateModified\":\"2023-07-31T07:09:18+00:00\",\"author\":{\"@id\":\"https:\/\/www.aridane.org\/city\/#\/schema\/person\/7d352ec7f29881716f298394432e7209\"},\"description\":\"El Ayuntamiento de Los Llanos de Aridane presenta el cartel y el programa de La Patrona 2021 con el lema \u201cRemedios, m\u00e1s que un nombre.\u201d\",\"breadcrumb\":{\"@id\":\"https:\/\/www.aridane.org\/city\/2023\/02\/28\/reabre-sus-puertas-la-casa-museo-del-vino-las-manchas-de-los-llanos-de-aridane\/#breadcrumb\"},\"inLanguage\":\"es\",\"potentialAction\":[{\"@type\":\"ReadAction\",\"target\":[\"https:\/\/www.aridane.org\/city\/2023\/02\/28\/reabre-sus-puertas-la-casa-museo-del-vino-las-manchas-de-los-llanos-de-aridane\/\"]}]},{\"@type\":\"ImageObject\",\"inLanguage\":\"es\",\"@id\":\"https:\/\/www.aridane.org\/city\/2023\/02\/28\/reabre-sus-puertas-la-casa-museo-del-vino-las-manchas-de-los-llanos-de-aridane\/#primaryimage\",\"url\":\"https:\/\/www.aridane.org\/city\/wp-content\/uploads\/2023\/02\/apertura_mude_del_vino.jpg\",\"contentUrl\":\"https:\/\/www.aridane.org\/city\/wp-content\/uploads\/2023\/02\/apertura_mude_del_vino.jpg\",\"width\":1200,\"height\":675},{\"@type\":\"BreadcrumbList\",\"@id\":\"https:\/\/www.aridane.org\/city\/2023\/02\/28\/reabre-sus-puertas-la-casa-museo-del-vino-las-manchas-de-los-llanos-de-aridane\/#breadcrumb\",\"itemListElement\":[{\"@type\":\"ListItem\",\"position\":1,\"name\":\"Portada\",\"item\":\"https:\/\/www.aridane.org\/city\/\"},{\"@type\":\"ListItem\",\"position\":2,\"name\":\"Reabre sus puertas la Casa-Museo del Vino Las Manchas de Los Llanos de Aridane\"}]},{\"@type\":\"WebSite\",\"@id\":\"https:\/\/www.aridane.org\/city\/#website\",\"url\":\"https:\/\/www.aridane.org\/city\/\",\"name\":\"Ayuntamiento de Los Llanos de Aridane\",\"description\":\"\",\"potentialAction\":[{\"@type\":\"SearchAction\",\"target\":{\"@type\":\"EntryPoint\",\"urlTemplate\":\"https:\/\/www.aridane.org\/city\/?s={search_term_string}\"},\"query-input\":\"required name=search_term_string\"}],\"inLanguage\":\"es\"},{\"@type\":\"Person\",\"@id\":\"https:\/\/www.aridane.org\/city\/#\/schema\/person\/7d352ec7f29881716f298394432e7209\",\"name\":\"Richard Diaz\",\"image\":{\"@type\":\"ImageObject\",\"inLanguage\":\"es\",\"@id\":\"https:\/\/www.aridane.org\/city\/#\/schema\/person\/image\/\",\"url\":\"https:\/\/secure.gravatar.com\/avatar\/bacd6aefc26a4a204943090a4c596cd10f0857081ef3cfd12084a70ecb3161d5?s=96&d=mm&r=g\",\"contentUrl\":\"https:\/\/secure.gravatar.com\/avatar\/bacd6aefc26a4a204943090a4c596cd10f0857081ef3cfd12084a70ecb3161d5?s=96&d=mm&r=g\",\"caption\":\"Richard Diaz\"},\"sameAs\":[\"https:\/\/www.aridane.org\/city\"],\"url\":\"https:\/\/www.aridane.org\/city\/author\/richard-diaz\/\"}]}<\/script>\n<!-- \/ Yoast SEO plugin. -->","yoast_head_json":{"title":"Reabre sus puertas la Casa-Museo del Vino Las Manchas de Los Llanos de Aridane - Ayuntamiento de Los Llanos de Aridane","description":"El Ayuntamiento de Los Llanos de Aridane presenta el cartel y el programa de La Patrona 2021 con el lema \u201cRemedios, m\u00e1s que un nombre.\u201d","robots":{"index":"index","follow":"follow","max-snippet":"max-snippet:-1","max-image-preview":"max-image-preview:large","max-video-preview":"max-video-preview:-1"},"canonical":"https:\/\/www.aridane.org\/city\/2023\/02\/28\/reabre-sus-puertas-la-casa-museo-del-vino-las-manchas-de-los-llanos-de-aridane\/","og_locale":"es_ES","og_type":"article","og_title":"Reabre sus puertas la Casa-Museo del Vino Las Manchas de Los Llanos de Aridane - Ayuntamiento de Los Llanos de Aridane","og_description":"El Ayuntamiento de Los Llanos de Aridane presenta el cartel y el programa de La Patrona 2021 con el lema \u201cRemedios, m\u00e1s que un nombre.\u201d","og_url":"https:\/\/www.aridane.org\/city\/2023\/02\/28\/reabre-sus-puertas-la-casa-museo-del-vino-las-manchas-de-los-llanos-de-aridane\/","og_site_name":"Ayuntamiento de Los Llanos de Aridane","article_published_time":"2023-02-28T13:32:40+00:00","article_modified_time":"2023-07-31T07:09:18+00:00","og_image":[{"width":1200,"height":675,"url":"https:\/\/www.aridane.org\/city\/wp-content\/uploads\/2023\/02\/apertura_mude_del_vino.jpg","type":"image\/jpeg"}],"author":"Richard Diaz","twitter_card":"summary_large_image","twitter_misc":{"Escrito por":"Richard Diaz","Tiempo de lectura":"2 minutos"},"schema":{"@context":"https:\/\/schema.org","@graph":[{"@type":"WebPage","@id":"https:\/\/www.aridane.org\/city\/2023\/02\/28\/reabre-sus-puertas-la-casa-museo-del-vino-las-manchas-de-los-llanos-de-aridane\/","url":"https:\/\/www.aridane.org\/city\/2023\/02\/28\/reabre-sus-puertas-la-casa-museo-del-vino-las-manchas-de-los-llanos-de-aridane\/","name":"Reabre sus puertas la Casa-Museo del Vino Las Manchas de Los Llanos de Aridane - Ayuntamiento de Los Llanos de Aridane","isPartOf":{"@id":"https:\/\/www.aridane.org\/city\/#website"},"primaryImageOfPage":{"@id":"https:\/\/www.aridane.org\/city\/2023\/02\/28\/reabre-sus-puertas-la-casa-museo-del-vino-las-manchas-de-los-llanos-de-aridane\/#primaryimage"},"image":{"@id":"https:\/\/www.aridane.org\/city\/2023\/02\/28\/reabre-sus-puertas-la-casa-museo-del-vino-las-manchas-de-los-llanos-de-aridane\/#primaryimage"},"thumbnailUrl":"https:\/\/www.aridane.org\/city\/wp-content\/uploads\/2023\/02\/apertura_mude_del_vino.jpg","datePublished":"2023-02-28T13:32:40+00:00","dateModified":"2023-07-31T07:09:18+00:00","author":{"@id":"https:\/\/www.aridane.org\/city\/#\/schema\/person\/7d352ec7f29881716f298394432e7209"},"description":"El Ayuntamiento de Los Llanos de Aridane presenta el cartel y el programa de La Patrona 2021 con el lema \u201cRemedios, m\u00e1s que un nombre.\u201d","breadcrumb":{"@id":"https:\/\/www.aridane.org\/city\/2023\/02\/28\/reabre-sus-puertas-la-casa-museo-del-vino-las-manchas-de-los-llanos-de-aridane\/#breadcrumb"},"inLanguage":"es","potentialAction":[{"@type":"ReadAction","target":["https:\/\/www.aridane.org\/city\/2023\/02\/28\/reabre-sus-puertas-la-casa-museo-del-vino-las-manchas-de-los-llanos-de-aridane\/"]}]},{"@type":"ImageObject","inLanguage":"es","@id":"https:\/\/www.aridane.org\/city\/2023\/02\/28\/reabre-sus-puertas-la-casa-museo-del-vino-las-manchas-de-los-llanos-de-aridane\/#primaryimage","url":"https:\/\/www.aridane.org\/city\/wp-content\/uploads\/2023\/02\/apertura_mude_del_vino.jpg","contentUrl":"https:\/\/www.aridane.org\/city\/wp-content\/uploads\/2023\/02\/apertura_mude_del_vino.jpg","width":1200,"height":675},{"@type":"BreadcrumbList","@id":"https:\/\/www.aridane.org\/city\/2023\/02\/28\/reabre-sus-puertas-la-casa-museo-del-vino-las-manchas-de-los-llanos-de-aridane\/#breadcrumb","itemListElement":[{"@type":"ListItem","position":1,"name":"Portada","item":"https:\/\/www.aridane.org\/city\/"},{"@type":"ListItem","position":2,"name":"Reabre sus puertas la Casa-Museo del Vino Las Manchas de Los Llanos de Aridane"}]},{"@type":"WebSite","@id":"https:\/\/www.aridane.org\/city\/#website","url":"https:\/\/www.aridane.org\/city\/","name":"Ayuntamiento de Los Llanos de Aridane","description":"","potentialAction":[{"@type":"SearchAction","target":{"@type":"EntryPoint","urlTemplate":"https:\/\/www.aridane.org\/city\/?s={search_term_string}"},"query-input":"required name=search_term_string"}],"inLanguage":"es"},{"@type":"Person","@id":"https:\/\/www.aridane.org\/city\/#\/schema\/person\/7d352ec7f29881716f298394432e7209","name":"Richard Diaz","image":{"@type":"ImageObject","inLanguage":"es","@id":"https:\/\/www.aridane.org\/city\/#\/schema\/person\/image\/","url":"https:\/\/secure.gravatar.com\/avatar\/bacd6aefc26a4a204943090a4c596cd10f0857081ef3cfd12084a70ecb3161d5?s=96&d=mm&r=g","contentUrl":"https:\/\/secure.gravatar.com\/avatar\/bacd6aefc26a4a204943090a4c596cd10f0857081ef3cfd12084a70ecb3161d5?s=96&d=mm&r=g","caption":"Richard Diaz"},"sameAs":["https:\/\/www.aridane.org\/city"],"url":"https:\/\/www.aridane.org\/city\/author\/richard-diaz\/"}]}},"_links":{"self":[{"href":"https:\/\/www.aridane.org\/city\/wp-json\/wp\/v2\/posts\/1425","targetHints":{"allow":["GET"]}}],"collection":[{"href":"https:\/\/www.aridane.org\/city\/wp-json\/wp\/v2\/posts"}],"about":[{"href":"https:\/\/www.aridane.org\/city\/wp-json\/wp\/v2\/types\/post"}],"author":[{"embeddable":true,"href":"https:\/\/www.aridane.org\/city\/wp-json\/wp\/v2\/users\/1"}],"replies":[{"embeddable":true,"href":"https:\/\/www.aridane.org\/city\/wp-json\/wp\/v2\/comments?post=1425"}],"version-history":[{"count":1,"href":"https:\/\/www.aridane.org\/city\/wp-json\/wp\/v2\/posts\/1425\/revisions"}],"predecessor-version":[{"id":2594,"href":"https:\/\/www.aridane.org\/city\/wp-json\/wp\/v2\/posts\/1425\/revisions\/2594"}],"wp:featuredmedia":[{"embeddable":true,"href":"https:\/\/www.aridane.org\/city\/wp-json\/wp\/v2\/media\/2593"}],"wp:attachment":[{"href":"https:\/\/www.aridane.org\/city\/wp-json\/wp\/v2\/media?parent=1425"}],"wp:term":[{"taxonomy":"category","embeddable":true,"href":"https:\/\/www.aridane.org\/city\/wp-json\/wp\/v2\/categories?post=1425"},{"taxonomy":"post_tag","embeddable":true,"href":"https:\/\/www.aridane.org\/city\/wp-json\/wp\/v2\/tags?post=1425"}],"curies":[{"name":"wp","href":"https:\/\/api.w.org\/{rel}","templated":true}]}}