{"id":1428,"date":"2023-03-01T10:38:21","date_gmt":"2023-03-01T10:38:21","guid":{"rendered":"https:\/\/aridane.org\/ciudad\/?p=1428"},"modified":"2023-07-31T07:06:17","modified_gmt":"2023-07-31T07:06:17","slug":"los-llanos-de-aridane-espera-por-sanidad-y-salud-publica-para-dar-agua-a-los-vecinos-la-bombilla-y-puerto-naos","status":"publish","type":"post","link":"https:\/\/www.aridane.org\/city\/2023\/03\/01\/los-llanos-de-aridane-espera-por-sanidad-y-salud-publica-para-dar-agua-a-los-vecinos-la-bombilla-y-puerto-naos\/","title":{"rendered":"Los Llanos de Aridane espera por Sanidad y Salud P\u00fablica para dar agua a los vecinos La Bombilla y Puerto Naos"},"content":{"rendered":"<section class=\"wpb-content-wrapper\"><p>[vc_row css_animation=\u00bb\u00bb row_type=\u00bbrow\u00bb use_row_as_full_screen_section=\u00bbno\u00bb type=\u00bbfull_width\u00bb angled_section=\u00bbno\u00bb text_align=\u00bbleft\u00bb background_image_as_pattern=\u00bbwithout_pattern\u00bb][vc_column][vc_row_inner row_type=\u00bbrow\u00bb type=\u00bbgrid\u00bb text_align=\u00bbleft\u00bb css_animation=\u00bb\u00bb][vc_column_inner][vc_empty_space height=\u00bb20px\u00bb][vc_empty_space height=\u00bb20px\u00bb][\/vc_column_inner][\/vc_row_inner][vc_column_text]<\/p>\n<ul>\n<li style=\"text-align: justify;\"><em>El concejal de Aguas, Fran Leal, espera que en las pr\u00f3ximas semanas se consigan resolver estos tr\u00e1mites administrativos, en los que el Consistorio lleva semanas trabajando.<\/em><\/li>\n<li style=\"text-align: justify;\"><em>Adem\u00e1s, agradece el enorme esfuerzo que est\u00e1n realizando los t\u00e9cnicos de sanidad para ayudar y buscar soluciones a los vecinos.<\/em><\/li>\n<\/ul>\n<p>&nbsp;<\/p>\n<p style=\"text-align: justify;\"><strong>Los Llanos de Aridane, 1 de marzo de 2023.-<\/strong> El Ayuntamiento de Los Llanos de Aridane a trav\u00e9s del concejal de Aguas, Fran Leal, ha informado que \u201cse est\u00e1n ultimando \u00a0los tr\u00e1mites administrativos exigidos por salud p\u00fablica para dar agua a la zona de La Bombilla y Puerto Naos\u201d.<\/p>\n<p style=\"text-align: justify;\">Leal recuerda que la erupci\u00f3n volc\u00e1nica interrumpi\u00f3 el suministro de agua de la zona norte con la sur, \u201cy desde ese momento hemos hecho un esfuerzo tit\u00e1nico tanto desde el Consistorio aridanense como desde el Cabildo Insular para restaurar el suministro, cuanto antes. Para ello, hemos desplegado una red de m\u00e1s de 15 km de canalizaciones, en tiempo r\u00e9cord, y hemos puesto en funcionamiento un dep\u00f3sito abandonado, cuya documentaci\u00f3n ya ha sido remitida a sanidad, para su puesta en marcha a la mayor brevedad\u201d, asegura.<\/p>\n<p style=\"text-align: justify;\">En referencia al dep\u00f3sito, el concejal explica que esta infraestructura se ha tenido que adaptar, ya que se encontraba en estado de semiabandono, desde los a\u00f1os 90, \u201cy para que cumpliera los requisitos exigidos por sanidad, se ha impermeabilizado tanto los vasos como las cubiertas, valvuler\u00eda, vallado y una vez terminadas todas las obras, se ha comenzado con los requisitos previos a poder dar el servicio. Aportaci\u00f3n de certificaciones de materiales y valvuler\u00edas empleados, anal\u00edticas y contra anal\u00edticas en los puntos de muestreo como en el propio dep\u00f3sito. Todo ello, con el fin de dar un servicio con seguridad y garant\u00edas a los vecinos\u201d, se\u00f1ala. Adem\u00e1s, confirma que en estos momentos, \u201cestamos a la espera de que el dep\u00f3sito sea dado de alta en el SINAC, Sistema Informaci\u00f3n Nacional Aguas de Consumo, que es un requisito previo exigido por sanidad para dar agua a los vecinos\u201d.<\/p>\n<p style=\"text-align: justify;\">Desde la concejal\u00eda de Aguas tambi\u00e9n han agradecido a los t\u00e9cnicos de sanidad su esfuerzo por buscar una soluci\u00f3n a la mayor brevedad, as\u00ed como a los operarios municipales, \u201cque desde que los vecinos de esta zona han podido acceder a sus viviendas para realizar tareas de limpieza abren y cierran el agua a diario, inclusive festivos, con el fin de dar apoyo a estas personas\u201d.<\/p>\n<p style=\"text-align: justify;\">Por \u00faltimo, desde el Ayuntamiento de Los Llanos de Aridane se recuerda que \u201cmantener el agua abierta sin que las viviendas est\u00e9n habitadas puede suponer un grave riesgo para los inmuebles, y de producirse una rotura dentro de la vivienda, y al no poderse localizar hasta la siguiente entrada de los propietarios, el Ayuntamiento no se hace responsable\u201d.<\/p>\n<p>[\/vc_column_text][\/vc_column][\/vc_row]<\/p>\n<\/section>","protected":false},"excerpt":{"rendered":"<p>[vc_row css_animation=\u00bb\u00bb row_type=\u00bbrow\u00bb use_row_as_full_screen_section=\u00bbno\u00bb type=\u00bbfull_width\u00bb angled_section=\u00bbno\u00bb text_align=\u00bbleft\u00bb background_image_as_pattern=\u00bbwithout_pattern\u00bb][vc_column][vc_row_inner row_type=\u00bbrow\u00bb type=\u00bbgrid\u00bb text_align=\u00bbleft\u00bb css_animation=\u00bb\u00bb][vc_column_inner][vc_empty_space height=\u00bb20px\u00bb][vc_empty_space height=\u00bb20px\u00bb][\/vc_column_inner][\/vc_row_inner][vc_column_text] El concejal de Aguas, Fran Leal, espera que en las pr\u00f3ximas semanas se consigan resolver estos tr\u00e1mites administrativos, en los que el Consistorio lleva semanas trabajando. Adem\u00e1s, agradece el enorme esfuerzo&#8230;<\/p>\n","protected":false},"author":1,"featured_media":2590,"comment_status":"closed","ping_status":"open","sticky":false,"template":"","format":"standard","meta":{"footnotes":""},"categories":[6],"tags":[],"class_list":["post-1428","post","type-post","status-publish","format-standard","has-post-thumbnail","hentry","category-prensa"],"yoast_head":"<!-- This site is optimized with the Yoast SEO plugin v22.7 - https:\/\/yoast.com\/wordpress\/plugins\/seo\/ -->\n<title>Los Llanos de Aridane espera por Sanidad y Salud P\u00fablica para dar agua a los vecinos La Bombilla y Puerto Naos - Ayuntamiento de Los Llanos de Aridane<\/title>\n<meta name=\"description\" content=\"El Ayuntamiento de Los Llanos de Aridane presenta el cartel y el programa de La Patrona 2021 con el lema \u201cRemedios, m\u00e1s que un nombre.\u201d\" \/>\n<meta name=\"robots\" content=\"index, follow, max-snippet:-1, max-image-preview:large, max-video-preview:-1\" \/>\n<link rel=\"canonical\" href=\"https:\/\/www.aridane.org\/city\/2023\/03\/01\/los-llanos-de-aridane-espera-por-sanidad-y-salud-publica-para-dar-agua-a-los-vecinos-la-bombilla-y-puerto-naos\/\" \/>\n<meta property=\"og:locale\" content=\"es_ES\" \/>\n<meta property=\"og:type\" content=\"article\" \/>\n<meta property=\"og:title\" content=\"Los Llanos de Aridane espera por Sanidad y Salud P\u00fablica para dar agua a los vecinos La Bombilla y Puerto Naos - Ayuntamiento de Los Llanos de Aridane\" \/>\n<meta property=\"og:description\" content=\"El Ayuntamiento de Los Llanos de Aridane presenta el cartel y el programa de La Patrona 2021 con el lema \u201cRemedios, m\u00e1s que un nombre.\u201d\" \/>\n<meta property=\"og:url\" content=\"https:\/\/www.aridane.org\/city\/2023\/03\/01\/los-llanos-de-aridane-espera-por-sanidad-y-salud-publica-para-dar-agua-a-los-vecinos-la-bombilla-y-puerto-naos\/\" \/>\n<meta property=\"og:site_name\" content=\"Ayuntamiento de Los Llanos de Aridane\" \/>\n<meta property=\"article:published_time\" content=\"2023-03-01T10:38:21+00:00\" \/>\n<meta property=\"article:modified_time\" content=\"2023-07-31T07:06:17+00:00\" \/>\n<meta property=\"og:image\" content=\"https:\/\/www.aridane.org\/city\/wp-content\/uploads\/2023\/03\/agua_vecinos.jpg\" \/>\n\t<meta property=\"og:image:width\" content=\"1200\" \/>\n\t<meta property=\"og:image:height\" content=\"675\" \/>\n\t<meta property=\"og:image:type\" content=\"image\/jpeg\" \/>\n<meta name=\"author\" content=\"Richard Diaz\" \/>\n<meta name=\"twitter:card\" content=\"summary_large_image\" \/>\n<meta name=\"twitter:label1\" content=\"Escrito por\" \/>\n\t<meta name=\"twitter:data1\" content=\"Richard Diaz\" \/>\n\t<meta name=\"twitter:label2\" content=\"Tiempo de lectura\" \/>\n\t<meta name=\"twitter:data2\" content=\"3 minutos\" \/>\n<script type=\"application\/ld+json\" class=\"yoast-schema-graph\">{\"@context\":\"https:\/\/schema.org\",\"@graph\":[{\"@type\":\"WebPage\",\"@id\":\"https:\/\/www.aridane.org\/city\/2023\/03\/01\/los-llanos-de-aridane-espera-por-sanidad-y-salud-publica-para-dar-agua-a-los-vecinos-la-bombilla-y-puerto-naos\/\",\"url\":\"https:\/\/www.aridane.org\/city\/2023\/03\/01\/los-llanos-de-aridane-espera-por-sanidad-y-salud-publica-para-dar-agua-a-los-vecinos-la-bombilla-y-puerto-naos\/\",\"name\":\"Los Llanos de Aridane espera por Sanidad y Salud P\u00fablica para dar agua a los vecinos La Bombilla y Puerto Naos - Ayuntamiento de Los Llanos de Aridane\",\"isPartOf\":{\"@id\":\"https:\/\/www.aridane.org\/city\/#website\"},\"primaryImageOfPage\":{\"@id\":\"https:\/\/www.aridane.org\/city\/2023\/03\/01\/los-llanos-de-aridane-espera-por-sanidad-y-salud-publica-para-dar-agua-a-los-vecinos-la-bombilla-y-puerto-naos\/#primaryimage\"},\"image\":{\"@id\":\"https:\/\/www.aridane.org\/city\/2023\/03\/01\/los-llanos-de-aridane-espera-por-sanidad-y-salud-publica-para-dar-agua-a-los-vecinos-la-bombilla-y-puerto-naos\/#primaryimage\"},\"thumbnailUrl\":\"https:\/\/www.aridane.org\/city\/wp-content\/uploads\/2023\/03\/agua_vecinos.jpg\",\"datePublished\":\"2023-03-01T10:38:21+00:00\",\"dateModified\":\"2023-07-31T07:06:17+00:00\",\"author\":{\"@id\":\"https:\/\/www.aridane.org\/city\/#\/schema\/person\/7d352ec7f29881716f298394432e7209\"},\"description\":\"El Ayuntamiento de Los Llanos de Aridane presenta el cartel y el programa de La Patrona 2021 con el lema \u201cRemedios, m\u00e1s que un nombre.\u201d\",\"breadcrumb\":{\"@id\":\"https:\/\/www.aridane.org\/city\/2023\/03\/01\/los-llanos-de-aridane-espera-por-sanidad-y-salud-publica-para-dar-agua-a-los-vecinos-la-bombilla-y-puerto-naos\/#breadcrumb\"},\"inLanguage\":\"es\",\"potentialAction\":[{\"@type\":\"ReadAction\",\"target\":[\"https:\/\/www.aridane.org\/city\/2023\/03\/01\/los-llanos-de-aridane-espera-por-sanidad-y-salud-publica-para-dar-agua-a-los-vecinos-la-bombilla-y-puerto-naos\/\"]}]},{\"@type\":\"ImageObject\",\"inLanguage\":\"es\",\"@id\":\"https:\/\/www.aridane.org\/city\/2023\/03\/01\/los-llanos-de-aridane-espera-por-sanidad-y-salud-publica-para-dar-agua-a-los-vecinos-la-bombilla-y-puerto-naos\/#primaryimage\",\"url\":\"https:\/\/www.aridane.org\/city\/wp-content\/uploads\/2023\/03\/agua_vecinos.jpg\",\"contentUrl\":\"https:\/\/www.aridane.org\/city\/wp-content\/uploads\/2023\/03\/agua_vecinos.jpg\",\"width\":1200,\"height\":675},{\"@type\":\"BreadcrumbList\",\"@id\":\"https:\/\/www.aridane.org\/city\/2023\/03\/01\/los-llanos-de-aridane-espera-por-sanidad-y-salud-publica-para-dar-agua-a-los-vecinos-la-bombilla-y-puerto-naos\/#breadcrumb\",\"itemListElement\":[{\"@type\":\"ListItem\",\"position\":1,\"name\":\"Portada\",\"item\":\"https:\/\/www.aridane.org\/city\/\"},{\"@type\":\"ListItem\",\"position\":2,\"name\":\"Los Llanos de Aridane espera por Sanidad y Salud P\u00fablica para dar agua a los vecinos La Bombilla y Puerto Naos\"}]},{\"@type\":\"WebSite\",\"@id\":\"https:\/\/www.aridane.org\/city\/#website\",\"url\":\"https:\/\/www.aridane.org\/city\/\",\"name\":\"Ayuntamiento de Los Llanos de Aridane\",\"description\":\"\",\"potentialAction\":[{\"@type\":\"SearchAction\",\"target\":{\"@type\":\"EntryPoint\",\"urlTemplate\":\"https:\/\/www.aridane.org\/city\/?s={search_term_string}\"},\"query-input\":\"required name=search_term_string\"}],\"inLanguage\":\"es\"},{\"@type\":\"Person\",\"@id\":\"https:\/\/www.aridane.org\/city\/#\/schema\/person\/7d352ec7f29881716f298394432e7209\",\"name\":\"Richard Diaz\",\"image\":{\"@type\":\"ImageObject\",\"inLanguage\":\"es\",\"@id\":\"https:\/\/www.aridane.org\/city\/#\/schema\/person\/image\/\",\"url\":\"https:\/\/secure.gravatar.com\/avatar\/bacd6aefc26a4a204943090a4c596cd10f0857081ef3cfd12084a70ecb3161d5?s=96&d=mm&r=g\",\"contentUrl\":\"https:\/\/secure.gravatar.com\/avatar\/bacd6aefc26a4a204943090a4c596cd10f0857081ef3cfd12084a70ecb3161d5?s=96&d=mm&r=g\",\"caption\":\"Richard Diaz\"},\"sameAs\":[\"https:\/\/www.aridane.org\/city\"],\"url\":\"https:\/\/www.aridane.org\/city\/author\/richard-diaz\/\"}]}<\/script>\n<!-- \/ Yoast SEO plugin. -->","yoast_head_json":{"title":"Los Llanos de Aridane espera por Sanidad y Salud P\u00fablica para dar agua a los vecinos La Bombilla y Puerto Naos - Ayuntamiento de Los Llanos de Aridane","description":"El Ayuntamiento de Los Llanos de Aridane presenta el cartel y el programa de La Patrona 2021 con el lema \u201cRemedios, m\u00e1s que un nombre.\u201d","robots":{"index":"index","follow":"follow","max-snippet":"max-snippet:-1","max-image-preview":"max-image-preview:large","max-video-preview":"max-video-preview:-1"},"canonical":"https:\/\/www.aridane.org\/city\/2023\/03\/01\/los-llanos-de-aridane-espera-por-sanidad-y-salud-publica-para-dar-agua-a-los-vecinos-la-bombilla-y-puerto-naos\/","og_locale":"es_ES","og_type":"article","og_title":"Los Llanos de Aridane espera por Sanidad y Salud P\u00fablica para dar agua a los vecinos La Bombilla y Puerto Naos - Ayuntamiento de Los Llanos de Aridane","og_description":"El Ayuntamiento de Los Llanos de Aridane presenta el cartel y el programa de La Patrona 2021 con el lema \u201cRemedios, m\u00e1s que un nombre.\u201d","og_url":"https:\/\/www.aridane.org\/city\/2023\/03\/01\/los-llanos-de-aridane-espera-por-sanidad-y-salud-publica-para-dar-agua-a-los-vecinos-la-bombilla-y-puerto-naos\/","og_site_name":"Ayuntamiento de Los Llanos de Aridane","article_published_time":"2023-03-01T10:38:21+00:00","article_modified_time":"2023-07-31T07:06:17+00:00","og_image":[{"width":1200,"height":675,"url":"https:\/\/www.aridane.org\/city\/wp-content\/uploads\/2023\/03\/agua_vecinos.jpg","type":"image\/jpeg"}],"author":"Richard Diaz","twitter_card":"summary_large_image","twitter_misc":{"Escrito por":"Richard Diaz","Tiempo de lectura":"3 minutos"},"schema":{"@context":"https:\/\/schema.org","@graph":[{"@type":"WebPage","@id":"https:\/\/www.aridane.org\/city\/2023\/03\/01\/los-llanos-de-aridane-espera-por-sanidad-y-salud-publica-para-dar-agua-a-los-vecinos-la-bombilla-y-puerto-naos\/","url":"https:\/\/www.aridane.org\/city\/2023\/03\/01\/los-llanos-de-aridane-espera-por-sanidad-y-salud-publica-para-dar-agua-a-los-vecinos-la-bombilla-y-puerto-naos\/","name":"Los Llanos de Aridane espera por Sanidad y Salud P\u00fablica para dar agua a los vecinos La Bombilla y Puerto Naos - Ayuntamiento de Los Llanos de Aridane","isPartOf":{"@id":"https:\/\/www.aridane.org\/city\/#website"},"primaryImageOfPage":{"@id":"https:\/\/www.aridane.org\/city\/2023\/03\/01\/los-llanos-de-aridane-espera-por-sanidad-y-salud-publica-para-dar-agua-a-los-vecinos-la-bombilla-y-puerto-naos\/#primaryimage"},"image":{"@id":"https:\/\/www.aridane.org\/city\/2023\/03\/01\/los-llanos-de-aridane-espera-por-sanidad-y-salud-publica-para-dar-agua-a-los-vecinos-la-bombilla-y-puerto-naos\/#primaryimage"},"thumbnailUrl":"https:\/\/www.aridane.org\/city\/wp-content\/uploads\/2023\/03\/agua_vecinos.jpg","datePublished":"2023-03-01T10:38:21+00:00","dateModified":"2023-07-31T07:06:17+00:00","author":{"@id":"https:\/\/www.aridane.org\/city\/#\/schema\/person\/7d352ec7f29881716f298394432e7209"},"description":"El Ayuntamiento de Los Llanos de Aridane presenta el cartel y el programa de La Patrona 2021 con el lema \u201cRemedios, m\u00e1s que un nombre.\u201d","breadcrumb":{"@id":"https:\/\/www.aridane.org\/city\/2023\/03\/01\/los-llanos-de-aridane-espera-por-sanidad-y-salud-publica-para-dar-agua-a-los-vecinos-la-bombilla-y-puerto-naos\/#breadcrumb"},"inLanguage":"es","potentialAction":[{"@type":"ReadAction","target":["https:\/\/www.aridane.org\/city\/2023\/03\/01\/los-llanos-de-aridane-espera-por-sanidad-y-salud-publica-para-dar-agua-a-los-vecinos-la-bombilla-y-puerto-naos\/"]}]},{"@type":"ImageObject","inLanguage":"es","@id":"https:\/\/www.aridane.org\/city\/2023\/03\/01\/los-llanos-de-aridane-espera-por-sanidad-y-salud-publica-para-dar-agua-a-los-vecinos-la-bombilla-y-puerto-naos\/#primaryimage","url":"https:\/\/www.aridane.org\/city\/wp-content\/uploads\/2023\/03\/agua_vecinos.jpg","contentUrl":"https:\/\/www.aridane.org\/city\/wp-content\/uploads\/2023\/03\/agua_vecinos.jpg","width":1200,"height":675},{"@type":"BreadcrumbList","@id":"https:\/\/www.aridane.org\/city\/2023\/03\/01\/los-llanos-de-aridane-espera-por-sanidad-y-salud-publica-para-dar-agua-a-los-vecinos-la-bombilla-y-puerto-naos\/#breadcrumb","itemListElement":[{"@type":"ListItem","position":1,"name":"Portada","item":"https:\/\/www.aridane.org\/city\/"},{"@type":"ListItem","position":2,"name":"Los Llanos de Aridane espera por Sanidad y Salud P\u00fablica para dar agua a los vecinos La Bombilla y Puerto Naos"}]},{"@type":"WebSite","@id":"https:\/\/www.aridane.org\/city\/#website","url":"https:\/\/www.aridane.org\/city\/","name":"Ayuntamiento de Los Llanos de Aridane","description":"","potentialAction":[{"@type":"SearchAction","target":{"@type":"EntryPoint","urlTemplate":"https:\/\/www.aridane.org\/city\/?s={search_term_string}"},"query-input":"required name=search_term_string"}],"inLanguage":"es"},{"@type":"Person","@id":"https:\/\/www.aridane.org\/city\/#\/schema\/person\/7d352ec7f29881716f298394432e7209","name":"Richard Diaz","image":{"@type":"ImageObject","inLanguage":"es","@id":"https:\/\/www.aridane.org\/city\/#\/schema\/person\/image\/","url":"https:\/\/secure.gravatar.com\/avatar\/bacd6aefc26a4a204943090a4c596cd10f0857081ef3cfd12084a70ecb3161d5?s=96&d=mm&r=g","contentUrl":"https:\/\/secure.gravatar.com\/avatar\/bacd6aefc26a4a204943090a4c596cd10f0857081ef3cfd12084a70ecb3161d5?s=96&d=mm&r=g","caption":"Richard Diaz"},"sameAs":["https:\/\/www.aridane.org\/city"],"url":"https:\/\/www.aridane.org\/city\/author\/richard-diaz\/"}]}},"_links":{"self":[{"href":"https:\/\/www.aridane.org\/city\/wp-json\/wp\/v2\/posts\/1428","targetHints":{"allow":["GET"]}}],"collection":[{"href":"https:\/\/www.aridane.org\/city\/wp-json\/wp\/v2\/posts"}],"about":[{"href":"https:\/\/www.aridane.org\/city\/wp-json\/wp\/v2\/types\/post"}],"author":[{"embeddable":true,"href":"https:\/\/www.aridane.org\/city\/wp-json\/wp\/v2\/users\/1"}],"replies":[{"embeddable":true,"href":"https:\/\/www.aridane.org\/city\/wp-json\/wp\/v2\/comments?post=1428"}],"version-history":[{"count":2,"href":"https:\/\/www.aridane.org\/city\/wp-json\/wp\/v2\/posts\/1428\/revisions"}],"predecessor-version":[{"id":2592,"href":"https:\/\/www.aridane.org\/city\/wp-json\/wp\/v2\/posts\/1428\/revisions\/2592"}],"wp:featuredmedia":[{"embeddable":true,"href":"https:\/\/www.aridane.org\/city\/wp-json\/wp\/v2\/media\/2590"}],"wp:attachment":[{"href":"https:\/\/www.aridane.org\/city\/wp-json\/wp\/v2\/media?parent=1428"}],"wp:term":[{"taxonomy":"category","embeddable":true,"href":"https:\/\/www.aridane.org\/city\/wp-json\/wp\/v2\/categories?post=1428"},{"taxonomy":"post_tag","embeddable":true,"href":"https:\/\/www.aridane.org\/city\/wp-json\/wp\/v2\/tags?post=1428"}],"curies":[{"name":"wp","href":"https:\/\/api.w.org\/{rel}","templated":true}]}}