{"id":1431,"date":"2023-03-02T12:22:51","date_gmt":"2023-03-02T12:22:51","guid":{"rendered":"https:\/\/aridane.org\/ciudad\/?p=1431"},"modified":"2023-07-28T08:48:05","modified_gmt":"2023-07-28T08:48:05","slug":"los-llanos-de-aridane-recoge-cerca-de-20-000-kilos-de-residuos-durante-la-celebracion-del-carnaval-el-musical","status":"publish","type":"post","link":"https:\/\/www.aridane.org\/city\/2023\/03\/02\/los-llanos-de-aridane-recoge-cerca-de-20-000-kilos-de-residuos-durante-la-celebracion-del-carnaval-el-musical\/","title":{"rendered":"Los Llanos de Aridane recoge cerca de 20.000 kilos de residuos durante la celebraci\u00f3n del Carnaval El Musical"},"content":{"rendered":"<section class=\"wpb-content-wrapper\"><p>[vc_row css_animation=\u00bb\u00bb row_type=\u00bbrow\u00bb use_row_as_full_screen_section=\u00bbno\u00bb type=\u00bbfull_width\u00bb angled_section=\u00bbno\u00bb text_align=\u00bbleft\u00bb background_image_as_pattern=\u00bbwithout_pattern\u00bb][vc_column][vc_row_inner row_type=\u00bbrow\u00bb type=\u00bbgrid\u00bb text_align=\u00bbleft\u00bb css_animation=\u00bb\u00bb][vc_column_inner][vc_empty_space height=\u00bb20px\u00bb][vc_empty_space height=\u00bb20px\u00bb][\/vc_column_inner][\/vc_row_inner][vc_column_text]<\/p>\n<ul>\n<li style=\"text-align: justify;\"><em>El concejal de Servicios Municipales, Jos\u00e9 Mar\u00eda Rivera, pone en valor el gran trabajo de los operarios de limpieza, para en tiempo r\u00e9cord, dejar el municipio limpio de nuevo.<\/em><\/li>\n<\/ul>\n<p>&nbsp;<\/p>\n<p style=\"text-align: justify;\"><strong>Los Llanos de Aridane, 2 de marzo de 2023.-<\/strong> El Ayuntamiento de Los Llanos de Aridane, a trav\u00e9s del concejal de Servicios Municipales, Jos\u00e9 Mar\u00eda Rivera, ha confirmado que los operarios de limpieza municipales \u201chan recogido durante los m\u00e1s de 20 d\u00edas de celebraci\u00f3n del Carnaval El Musical cerca de 20.000 kilos de residuos\u201d, se\u00f1ala.<\/p>\n<p style=\"text-align: justify;\">Rivera explica que en estas tareas de limpieza han participado 45 operarios, 2 barredoras, 2 camiones cubas de limpieza, y 1 hidrolimpiadora, \u201cpermitiendo, estos \u00faltimos, realizar los baldeos de aceras y calzadas. Y cuyo objetivo ha sido el garantizar que en todo momento el espacio volviese a quedar en excelentes condiciones, a la mayor brevedad\u201d, se\u00f1ala. Adem\u00e1s, confirma que tambi\u00e9n se ha contado con 20 contenedores y 40 papeleras m\u00e1s, repartidos por todo el municipio, \u201cgracias a la colaboraci\u00f3n del Consorcio de Servicios, del Cabildo Insular de La Palma\u201d.<\/p>\n<p style=\"text-align: justify;\">Asimismo, el concejal recuerda que es de vital importancia \u201cque todos continuemos colaborando en mantener limpio Los Llanos, y para ello es fundamental que depositemos los residuos en los contenedores correspondientes\u201d.<\/p>\n<p style=\"text-align: justify;\">Por \u00faltimo, desde el Consistorio aridanense se agradece una vez m\u00e1s el esfuerzo de estos operarios, \u201ccuyo trabajo tambi\u00e9n ha sido clave para hayamos podido disfrutar de este carnaval tan esperado\u201d.<\/p>\n<p>[\/vc_column_text][\/vc_column][\/vc_row]<\/p>\n<\/section>","protected":false},"excerpt":{"rendered":"<p>[vc_row css_animation=\u00bb\u00bb row_type=\u00bbrow\u00bb use_row_as_full_screen_section=\u00bbno\u00bb type=\u00bbfull_width\u00bb angled_section=\u00bbno\u00bb text_align=\u00bbleft\u00bb background_image_as_pattern=\u00bbwithout_pattern\u00bb][vc_column][vc_row_inner row_type=\u00bbrow\u00bb type=\u00bbgrid\u00bb text_align=\u00bbleft\u00bb css_animation=\u00bb\u00bb][vc_column_inner][vc_empty_space height=\u00bb20px\u00bb][vc_empty_space height=\u00bb20px\u00bb][\/vc_column_inner][\/vc_row_inner][vc_column_text] El concejal de Servicios Municipales, Jos\u00e9 Mar\u00eda Rivera, pone en valor el gran trabajo de los operarios de limpieza, para en tiempo r\u00e9cord, dejar el municipio limpio de nuevo. &nbsp; Los&#8230;<\/p>\n","protected":false},"author":1,"featured_media":2586,"comment_status":"closed","ping_status":"open","sticky":false,"template":"","format":"standard","meta":{"footnotes":""},"categories":[6],"tags":[],"class_list":["post-1431","post","type-post","status-publish","format-standard","has-post-thumbnail","hentry","category-prensa"],"yoast_head":"<!-- This site is optimized with the Yoast SEO plugin v22.7 - https:\/\/yoast.com\/wordpress\/plugins\/seo\/ -->\n<title>Los Llanos de Aridane recoge cerca de 20.000 kilos de residuos durante la celebraci\u00f3n del Carnaval El Musical - Ayuntamiento de Los Llanos de Aridane<\/title>\n<meta name=\"description\" content=\"El Ayuntamiento de Los Llanos de Aridane presenta el cartel y el programa de La Patrona 2021 con el lema \u201cRemedios, m\u00e1s que un nombre.\u201d\" \/>\n<meta name=\"robots\" content=\"index, follow, max-snippet:-1, max-image-preview:large, max-video-preview:-1\" \/>\n<link rel=\"canonical\" href=\"https:\/\/www.aridane.org\/city\/2023\/03\/02\/los-llanos-de-aridane-recoge-cerca-de-20-000-kilos-de-residuos-durante-la-celebracion-del-carnaval-el-musical\/\" \/>\n<meta property=\"og:locale\" content=\"es_ES\" \/>\n<meta property=\"og:type\" content=\"article\" \/>\n<meta property=\"og:title\" content=\"Los Llanos de Aridane recoge cerca de 20.000 kilos de residuos durante la celebraci\u00f3n del Carnaval El Musical - Ayuntamiento de Los Llanos de Aridane\" \/>\n<meta property=\"og:description\" content=\"El Ayuntamiento de Los Llanos de Aridane presenta el cartel y el programa de La Patrona 2021 con el lema \u201cRemedios, m\u00e1s que un nombre.\u201d\" \/>\n<meta property=\"og:url\" content=\"https:\/\/www.aridane.org\/city\/2023\/03\/02\/los-llanos-de-aridane-recoge-cerca-de-20-000-kilos-de-residuos-durante-la-celebracion-del-carnaval-el-musical\/\" \/>\n<meta property=\"og:site_name\" content=\"Ayuntamiento de Los Llanos de Aridane\" \/>\n<meta property=\"article:published_time\" content=\"2023-03-02T12:22:51+00:00\" \/>\n<meta property=\"article:modified_time\" content=\"2023-07-28T08:48:05+00:00\" \/>\n<meta property=\"og:image\" content=\"https:\/\/www.aridane.org\/city\/wp-content\/uploads\/2023\/03\/recoleccion_de_residuos.jpg\" \/>\n\t<meta property=\"og:image:width\" content=\"1200\" \/>\n\t<meta property=\"og:image:height\" content=\"675\" \/>\n\t<meta property=\"og:image:type\" content=\"image\/jpeg\" \/>\n<meta name=\"author\" content=\"Richard Diaz\" \/>\n<meta name=\"twitter:card\" content=\"summary_large_image\" \/>\n<meta name=\"twitter:label1\" content=\"Escrito por\" \/>\n\t<meta name=\"twitter:data1\" content=\"Richard Diaz\" \/>\n\t<meta name=\"twitter:label2\" content=\"Tiempo de lectura\" \/>\n\t<meta name=\"twitter:data2\" content=\"2 minutos\" \/>\n<script type=\"application\/ld+json\" class=\"yoast-schema-graph\">{\"@context\":\"https:\/\/schema.org\",\"@graph\":[{\"@type\":\"WebPage\",\"@id\":\"https:\/\/www.aridane.org\/city\/2023\/03\/02\/los-llanos-de-aridane-recoge-cerca-de-20-000-kilos-de-residuos-durante-la-celebracion-del-carnaval-el-musical\/\",\"url\":\"https:\/\/www.aridane.org\/city\/2023\/03\/02\/los-llanos-de-aridane-recoge-cerca-de-20-000-kilos-de-residuos-durante-la-celebracion-del-carnaval-el-musical\/\",\"name\":\"Los Llanos de Aridane recoge cerca de 20.000 kilos de residuos durante la celebraci\u00f3n del Carnaval El Musical - Ayuntamiento de Los Llanos de Aridane\",\"isPartOf\":{\"@id\":\"https:\/\/www.aridane.org\/city\/#website\"},\"primaryImageOfPage\":{\"@id\":\"https:\/\/www.aridane.org\/city\/2023\/03\/02\/los-llanos-de-aridane-recoge-cerca-de-20-000-kilos-de-residuos-durante-la-celebracion-del-carnaval-el-musical\/#primaryimage\"},\"image\":{\"@id\":\"https:\/\/www.aridane.org\/city\/2023\/03\/02\/los-llanos-de-aridane-recoge-cerca-de-20-000-kilos-de-residuos-durante-la-celebracion-del-carnaval-el-musical\/#primaryimage\"},\"thumbnailUrl\":\"https:\/\/www.aridane.org\/city\/wp-content\/uploads\/2023\/03\/recoleccion_de_residuos.jpg\",\"datePublished\":\"2023-03-02T12:22:51+00:00\",\"dateModified\":\"2023-07-28T08:48:05+00:00\",\"author\":{\"@id\":\"https:\/\/www.aridane.org\/city\/#\/schema\/person\/7d352ec7f29881716f298394432e7209\"},\"description\":\"El Ayuntamiento de Los Llanos de Aridane presenta el cartel y el programa de La Patrona 2021 con el lema \u201cRemedios, m\u00e1s que un nombre.\u201d\",\"breadcrumb\":{\"@id\":\"https:\/\/www.aridane.org\/city\/2023\/03\/02\/los-llanos-de-aridane-recoge-cerca-de-20-000-kilos-de-residuos-durante-la-celebracion-del-carnaval-el-musical\/#breadcrumb\"},\"inLanguage\":\"es\",\"potentialAction\":[{\"@type\":\"ReadAction\",\"target\":[\"https:\/\/www.aridane.org\/city\/2023\/03\/02\/los-llanos-de-aridane-recoge-cerca-de-20-000-kilos-de-residuos-durante-la-celebracion-del-carnaval-el-musical\/\"]}]},{\"@type\":\"ImageObject\",\"inLanguage\":\"es\",\"@id\":\"https:\/\/www.aridane.org\/city\/2023\/03\/02\/los-llanos-de-aridane-recoge-cerca-de-20-000-kilos-de-residuos-durante-la-celebracion-del-carnaval-el-musical\/#primaryimage\",\"url\":\"https:\/\/www.aridane.org\/city\/wp-content\/uploads\/2023\/03\/recoleccion_de_residuos.jpg\",\"contentUrl\":\"https:\/\/www.aridane.org\/city\/wp-content\/uploads\/2023\/03\/recoleccion_de_residuos.jpg\",\"width\":1200,\"height\":675},{\"@type\":\"BreadcrumbList\",\"@id\":\"https:\/\/www.aridane.org\/city\/2023\/03\/02\/los-llanos-de-aridane-recoge-cerca-de-20-000-kilos-de-residuos-durante-la-celebracion-del-carnaval-el-musical\/#breadcrumb\",\"itemListElement\":[{\"@type\":\"ListItem\",\"position\":1,\"name\":\"Portada\",\"item\":\"https:\/\/www.aridane.org\/city\/\"},{\"@type\":\"ListItem\",\"position\":2,\"name\":\"Los Llanos de Aridane recoge cerca de 20.000 kilos de residuos durante la celebraci\u00f3n del Carnaval El Musical\"}]},{\"@type\":\"WebSite\",\"@id\":\"https:\/\/www.aridane.org\/city\/#website\",\"url\":\"https:\/\/www.aridane.org\/city\/\",\"name\":\"Ayuntamiento de Los Llanos de Aridane\",\"description\":\"\",\"potentialAction\":[{\"@type\":\"SearchAction\",\"target\":{\"@type\":\"EntryPoint\",\"urlTemplate\":\"https:\/\/www.aridane.org\/city\/?s={search_term_string}\"},\"query-input\":\"required name=search_term_string\"}],\"inLanguage\":\"es\"},{\"@type\":\"Person\",\"@id\":\"https:\/\/www.aridane.org\/city\/#\/schema\/person\/7d352ec7f29881716f298394432e7209\",\"name\":\"Richard Diaz\",\"image\":{\"@type\":\"ImageObject\",\"inLanguage\":\"es\",\"@id\":\"https:\/\/www.aridane.org\/city\/#\/schema\/person\/image\/\",\"url\":\"https:\/\/secure.gravatar.com\/avatar\/bacd6aefc26a4a204943090a4c596cd10f0857081ef3cfd12084a70ecb3161d5?s=96&d=mm&r=g\",\"contentUrl\":\"https:\/\/secure.gravatar.com\/avatar\/bacd6aefc26a4a204943090a4c596cd10f0857081ef3cfd12084a70ecb3161d5?s=96&d=mm&r=g\",\"caption\":\"Richard Diaz\"},\"sameAs\":[\"https:\/\/www.aridane.org\/city\"],\"url\":\"https:\/\/www.aridane.org\/city\/author\/richard-diaz\/\"}]}<\/script>\n<!-- \/ Yoast SEO plugin. -->","yoast_head_json":{"title":"Los Llanos de Aridane recoge cerca de 20.000 kilos de residuos durante la celebraci\u00f3n del Carnaval El Musical - Ayuntamiento de Los Llanos de Aridane","description":"El Ayuntamiento de Los Llanos de Aridane presenta el cartel y el programa de La Patrona 2021 con el lema \u201cRemedios, m\u00e1s que un nombre.\u201d","robots":{"index":"index","follow":"follow","max-snippet":"max-snippet:-1","max-image-preview":"max-image-preview:large","max-video-preview":"max-video-preview:-1"},"canonical":"https:\/\/www.aridane.org\/city\/2023\/03\/02\/los-llanos-de-aridane-recoge-cerca-de-20-000-kilos-de-residuos-durante-la-celebracion-del-carnaval-el-musical\/","og_locale":"es_ES","og_type":"article","og_title":"Los Llanos de Aridane recoge cerca de 20.000 kilos de residuos durante la celebraci\u00f3n del Carnaval El Musical - Ayuntamiento de Los Llanos de Aridane","og_description":"El Ayuntamiento de Los Llanos de Aridane presenta el cartel y el programa de La Patrona 2021 con el lema \u201cRemedios, m\u00e1s que un nombre.\u201d","og_url":"https:\/\/www.aridane.org\/city\/2023\/03\/02\/los-llanos-de-aridane-recoge-cerca-de-20-000-kilos-de-residuos-durante-la-celebracion-del-carnaval-el-musical\/","og_site_name":"Ayuntamiento de Los Llanos de Aridane","article_published_time":"2023-03-02T12:22:51+00:00","article_modified_time":"2023-07-28T08:48:05+00:00","og_image":[{"width":1200,"height":675,"url":"https:\/\/www.aridane.org\/city\/wp-content\/uploads\/2023\/03\/recoleccion_de_residuos.jpg","type":"image\/jpeg"}],"author":"Richard Diaz","twitter_card":"summary_large_image","twitter_misc":{"Escrito por":"Richard Diaz","Tiempo de lectura":"2 minutos"},"schema":{"@context":"https:\/\/schema.org","@graph":[{"@type":"WebPage","@id":"https:\/\/www.aridane.org\/city\/2023\/03\/02\/los-llanos-de-aridane-recoge-cerca-de-20-000-kilos-de-residuos-durante-la-celebracion-del-carnaval-el-musical\/","url":"https:\/\/www.aridane.org\/city\/2023\/03\/02\/los-llanos-de-aridane-recoge-cerca-de-20-000-kilos-de-residuos-durante-la-celebracion-del-carnaval-el-musical\/","name":"Los Llanos de Aridane recoge cerca de 20.000 kilos de residuos durante la celebraci\u00f3n del Carnaval El Musical - Ayuntamiento de Los Llanos de Aridane","isPartOf":{"@id":"https:\/\/www.aridane.org\/city\/#website"},"primaryImageOfPage":{"@id":"https:\/\/www.aridane.org\/city\/2023\/03\/02\/los-llanos-de-aridane-recoge-cerca-de-20-000-kilos-de-residuos-durante-la-celebracion-del-carnaval-el-musical\/#primaryimage"},"image":{"@id":"https:\/\/www.aridane.org\/city\/2023\/03\/02\/los-llanos-de-aridane-recoge-cerca-de-20-000-kilos-de-residuos-durante-la-celebracion-del-carnaval-el-musical\/#primaryimage"},"thumbnailUrl":"https:\/\/www.aridane.org\/city\/wp-content\/uploads\/2023\/03\/recoleccion_de_residuos.jpg","datePublished":"2023-03-02T12:22:51+00:00","dateModified":"2023-07-28T08:48:05+00:00","author":{"@id":"https:\/\/www.aridane.org\/city\/#\/schema\/person\/7d352ec7f29881716f298394432e7209"},"description":"El Ayuntamiento de Los Llanos de Aridane presenta el cartel y el programa de La Patrona 2021 con el lema \u201cRemedios, m\u00e1s que un nombre.\u201d","breadcrumb":{"@id":"https:\/\/www.aridane.org\/city\/2023\/03\/02\/los-llanos-de-aridane-recoge-cerca-de-20-000-kilos-de-residuos-durante-la-celebracion-del-carnaval-el-musical\/#breadcrumb"},"inLanguage":"es","potentialAction":[{"@type":"ReadAction","target":["https:\/\/www.aridane.org\/city\/2023\/03\/02\/los-llanos-de-aridane-recoge-cerca-de-20-000-kilos-de-residuos-durante-la-celebracion-del-carnaval-el-musical\/"]}]},{"@type":"ImageObject","inLanguage":"es","@id":"https:\/\/www.aridane.org\/city\/2023\/03\/02\/los-llanos-de-aridane-recoge-cerca-de-20-000-kilos-de-residuos-durante-la-celebracion-del-carnaval-el-musical\/#primaryimage","url":"https:\/\/www.aridane.org\/city\/wp-content\/uploads\/2023\/03\/recoleccion_de_residuos.jpg","contentUrl":"https:\/\/www.aridane.org\/city\/wp-content\/uploads\/2023\/03\/recoleccion_de_residuos.jpg","width":1200,"height":675},{"@type":"BreadcrumbList","@id":"https:\/\/www.aridane.org\/city\/2023\/03\/02\/los-llanos-de-aridane-recoge-cerca-de-20-000-kilos-de-residuos-durante-la-celebracion-del-carnaval-el-musical\/#breadcrumb","itemListElement":[{"@type":"ListItem","position":1,"name":"Portada","item":"https:\/\/www.aridane.org\/city\/"},{"@type":"ListItem","position":2,"name":"Los Llanos de Aridane recoge cerca de 20.000 kilos de residuos durante la celebraci\u00f3n del Carnaval El Musical"}]},{"@type":"WebSite","@id":"https:\/\/www.aridane.org\/city\/#website","url":"https:\/\/www.aridane.org\/city\/","name":"Ayuntamiento de Los Llanos de Aridane","description":"","potentialAction":[{"@type":"SearchAction","target":{"@type":"EntryPoint","urlTemplate":"https:\/\/www.aridane.org\/city\/?s={search_term_string}"},"query-input":"required name=search_term_string"}],"inLanguage":"es"},{"@type":"Person","@id":"https:\/\/www.aridane.org\/city\/#\/schema\/person\/7d352ec7f29881716f298394432e7209","name":"Richard Diaz","image":{"@type":"ImageObject","inLanguage":"es","@id":"https:\/\/www.aridane.org\/city\/#\/schema\/person\/image\/","url":"https:\/\/secure.gravatar.com\/avatar\/bacd6aefc26a4a204943090a4c596cd10f0857081ef3cfd12084a70ecb3161d5?s=96&d=mm&r=g","contentUrl":"https:\/\/secure.gravatar.com\/avatar\/bacd6aefc26a4a204943090a4c596cd10f0857081ef3cfd12084a70ecb3161d5?s=96&d=mm&r=g","caption":"Richard Diaz"},"sameAs":["https:\/\/www.aridane.org\/city"],"url":"https:\/\/www.aridane.org\/city\/author\/richard-diaz\/"}]}},"_links":{"self":[{"href":"https:\/\/www.aridane.org\/city\/wp-json\/wp\/v2\/posts\/1431","targetHints":{"allow":["GET"]}}],"collection":[{"href":"https:\/\/www.aridane.org\/city\/wp-json\/wp\/v2\/posts"}],"about":[{"href":"https:\/\/www.aridane.org\/city\/wp-json\/wp\/v2\/types\/post"}],"author":[{"embeddable":true,"href":"https:\/\/www.aridane.org\/city\/wp-json\/wp\/v2\/users\/1"}],"replies":[{"embeddable":true,"href":"https:\/\/www.aridane.org\/city\/wp-json\/wp\/v2\/comments?post=1431"}],"version-history":[{"count":1,"href":"https:\/\/www.aridane.org\/city\/wp-json\/wp\/v2\/posts\/1431\/revisions"}],"predecessor-version":[{"id":2587,"href":"https:\/\/www.aridane.org\/city\/wp-json\/wp\/v2\/posts\/1431\/revisions\/2587"}],"wp:featuredmedia":[{"embeddable":true,"href":"https:\/\/www.aridane.org\/city\/wp-json\/wp\/v2\/media\/2586"}],"wp:attachment":[{"href":"https:\/\/www.aridane.org\/city\/wp-json\/wp\/v2\/media?parent=1431"}],"wp:term":[{"taxonomy":"category","embeddable":true,"href":"https:\/\/www.aridane.org\/city\/wp-json\/wp\/v2\/categories?post=1431"},{"taxonomy":"post_tag","embeddable":true,"href":"https:\/\/www.aridane.org\/city\/wp-json\/wp\/v2\/tags?post=1431"}],"curies":[{"name":"wp","href":"https:\/\/api.w.org\/{rel}","templated":true}]}}