{"id":1437,"date":"2023-03-06T09:04:51","date_gmt":"2023-03-06T09:04:51","guid":{"rendered":"https:\/\/aridane.org\/ciudad\/?p=1437"},"modified":"2023-07-27T12:57:39","modified_gmt":"2023-07-27T12:57:39","slug":"los-llanos-de-aridane-se-convierte-en-el-epicentro-del-mundo-deportivo-con-la-celebracion-del-campeonato-de-la-federacion-internacional-de-padel-fip-rise-isla-de-la-palma","status":"publish","type":"post","link":"https:\/\/www.aridane.org\/city\/2023\/03\/06\/los-llanos-de-aridane-se-convierte-en-el-epicentro-del-mundo-deportivo-con-la-celebracion-del-campeonato-de-la-federacion-internacional-de-padel-fip-rise-isla-de-la-palma\/","title":{"rendered":"Los Llanos de Aridane se convierte en el epicentro del mundo deportivo con la celebraci\u00f3n del campeonato de la Federaci\u00f3n Internacional de P\u00e1del, FIP Rise Isla de La Palma"},"content":{"rendered":"<section class=\"wpb-content-wrapper\"><p>[vc_row css_animation=\u00bb\u00bb row_type=\u00bbrow\u00bb use_row_as_full_screen_section=\u00bbno\u00bb type=\u00bbfull_width\u00bb angled_section=\u00bbno\u00bb text_align=\u00bbleft\u00bb background_image_as_pattern=\u00bbwithout_pattern\u00bb][vc_column][vc_row_inner row_type=\u00bbrow\u00bb type=\u00bbgrid\u00bb text_align=\u00bbleft\u00bb css_animation=\u00bb\u00bb][vc_column_inner][vc_empty_space height=\u00bb20px\u00bb][vc_empty_space height=\u00bb20px\u00bb][\/vc_column_inner][\/vc_row_inner][vc_column_text]<\/p>\n<ul>\n<li style=\"text-align: justify;\"><em>Garc\u00eda Leal pone en relieve este evento \u00a0que servir\u00e1 para poner en lo m\u00e1s alto del mundo del deporte a Los Llanos de Aridane, y que tambi\u00e9n supondr\u00e1 un fuerte impulso para la recuperaci\u00f3n en la que se encuentra inmersa el municipio.<\/em><\/li>\n<li style=\"text-align: justify;\"><em>Por su parte, Camacho defiende que la celebraci\u00f3n de este campeonato responde al importante trabajo que se est\u00e1 haciendo desde el Cabildo de La Palma de conjugar el binomio de deporte y turismo.<\/em><\/li>\n<\/ul>\n<p>&nbsp;<\/p>\n<p style=\"text-align: justify;\"><strong>Los Llanos de Aridane, 6 de marzo de 2023.-<\/strong> El Ayuntamiento de Los Llanos de Aridane a trav\u00e9s del concejal de Deportes, V\u00edctor Gonz\u00e1lez; y junto a la alcaldesa, Noelia Garc\u00eda Leal; el consejero de Deportes y Turismo del Cabildo de La Palma, Ra\u00fal Camacho; y el organizador del FIP Rist Isla de La Palma IX Torneo Aquahobby, Nahun Mart\u00edn P\u00e9rez, han ofrecido hoy una rueda prensa para presentar el campeonato internacional de p\u00e1del, FIP Rise Isla de La Palma que se desarrollar\u00e1 en Los Llanos de Aridane desde hoy, lunes 6, hasta el pr\u00f3ximo s\u00e1bado 11 de marzo.<\/p>\n<p style=\"text-align: justify;\">El concejal de Deportes, V\u00edctor Gonz\u00e1lez, ha confirmado que en total se han inscritos m\u00e1s de 150 participantes de todas las partes del mundo, y ha explicado que \u201cel campeonato se desarrollar\u00e1 sobre una pista 360, ubicada en la plaza Juan Pablo II\u201d.<\/p>\n<p style=\"text-align: justify;\">Adem\u00e1s, \u00a0ha se\u00f1alado que \u201ceste evento es una cita ineludible para los amantes del p\u00e1del, y del mundo del deporte en general, en el que durante casi una semana vamos a poder disfrutar del mejor p\u00e1del del mundo con jugadores de todos los rincones, y una vez m\u00e1s situando a Los Llanos de Aridane como un referente dentro de los eventos deportivos no solo a nivel insular, sino tambi\u00e9n regional, nacional, y tambi\u00e9n internacional\u201d.<\/p>\n<p style=\"text-align: justify;\">Mientras, la alcaldesa de Los Llanos de Aridane, Noelia Garc\u00eda Leal, ha dado la bienvenida a los participantes, y equipos, y ha se\u00f1alado que \u201ceste campeonato responde al compromiso que tenemos desde el Ayuntamiento de fomentar las actividades que permitan seguir impulsando la econom\u00eda local. Estamos en un momento clave de la recuperaci\u00f3n, despu\u00e9s de haber sido el municipio m\u00e1s afectado por el volc\u00e1n, y vamos a seguir trabajando con las herramientas necesarias para atraer eventos que nos permitan seguir posicion\u00e1ndonos\u201d.<\/p>\n<p style=\"text-align: justify;\">Por su parte, el consejero de Deportes y Turismo, Ra\u00fal Camacho, ha puesto en valor esta cita \u201cque una vez m\u00e1s vuelve a poner a la Isla en el epicentro del mundo deportivo, a trav\u00e9s del mundo del p\u00e1del, \u00a0y sirve a la vez como elemento de promoci\u00f3n tur\u00edstica ya que son muchos los jugadores, que acompa\u00f1ados por sus equipos, vendr\u00e1n a disputar este torneo desde distintos puntos del mundo. Una vez m\u00e1s el Cabildo Insular vuelve a apostar por la uni\u00f3n de deporte y turismo para posicionar en lo m\u00e1s alto a La Palma\u201d.<\/p>\n<p style=\"text-align: justify;\">Por \u00faltimo, el organizador del FIP Rist Isla de La Palma IX Torneo Aquahobby, Nahun Mart\u00edn P\u00e9rez, ha afirmado que \u201cen este a\u00f1o 2023 el Torneo Aquahobby cumple su IX Edici\u00f3n y por primera en la isla de La Palma tendremos un Torneo Internacional FIP , bajo el amparo de la Federaci\u00f3n Internacional de P\u00e1del, puntuable para el Ranking FIP, De la Federaci\u00f3n Espa\u00f1ola y de la Federaci\u00f3n Canaria. Todo ello con una pista novedosa con c\u00e9sped de \u00faltima generaci\u00f3n. Adem\u00e1s, en el torneo tendremos jugadores\/as de diferentes nacionalidades de Francia, B\u00e9lgica, Italia, Portugal, Argentina, Brasil, Inglaterra, Espa\u00f1a, etc. Un evento \u00fanico es nuestra isla y uno de los m\u00e1s importantes de Canarias\u201d.<\/p>\n<p>[\/vc_column_text][\/vc_column][\/vc_row]<\/p>\n<\/section>","protected":false},"excerpt":{"rendered":"<p>[vc_row css_animation=\u00bb\u00bb row_type=\u00bbrow\u00bb use_row_as_full_screen_section=\u00bbno\u00bb type=\u00bbfull_width\u00bb angled_section=\u00bbno\u00bb text_align=\u00bbleft\u00bb background_image_as_pattern=\u00bbwithout_pattern\u00bb][vc_column][vc_row_inner row_type=\u00bbrow\u00bb type=\u00bbgrid\u00bb text_align=\u00bbleft\u00bb css_animation=\u00bb\u00bb][vc_column_inner][vc_empty_space height=\u00bb20px\u00bb][vc_empty_space height=\u00bb20px\u00bb][\/vc_column_inner][\/vc_row_inner][vc_column_text] Garc\u00eda Leal pone en relieve este evento \u00a0que servir\u00e1 para poner en lo m\u00e1s alto del mundo del deporte a Los Llanos de Aridane, y que tambi\u00e9n supondr\u00e1 un fuerte impulso&#8230;<\/p>\n","protected":false},"author":1,"featured_media":2579,"comment_status":"closed","ping_status":"open","sticky":false,"template":"","format":"standard","meta":{"footnotes":""},"categories":[6],"tags":[],"class_list":["post-1437","post","type-post","status-publish","format-standard","has-post-thumbnail","hentry","category-prensa"],"yoast_head":"<!-- This site is optimized with the Yoast SEO plugin v22.7 - https:\/\/yoast.com\/wordpress\/plugins\/seo\/ -->\n<title>Los Llanos de Aridane se convierte en el epicentro del mundo deportivo con la celebraci\u00f3n del campeonato de la Federaci\u00f3n Internacional de P\u00e1del, FIP Rise Isla de La Palma - Ayuntamiento de Los Llanos de Aridane<\/title>\n<meta name=\"description\" content=\"El Ayuntamiento de Los Llanos de Aridane presenta el cartel y el programa de La Patrona 2021 con el lema \u201cRemedios, m\u00e1s que un nombre.\u201d\" \/>\n<meta name=\"robots\" content=\"index, follow, max-snippet:-1, max-image-preview:large, max-video-preview:-1\" \/>\n<link rel=\"canonical\" href=\"https:\/\/www.aridane.org\/city\/2023\/03\/06\/los-llanos-de-aridane-se-convierte-en-el-epicentro-del-mundo-deportivo-con-la-celebracion-del-campeonato-de-la-federacion-internacional-de-padel-fip-rise-isla-de-la-palma\/\" \/>\n<meta property=\"og:locale\" content=\"es_ES\" \/>\n<meta property=\"og:type\" content=\"article\" \/>\n<meta property=\"og:title\" content=\"Los Llanos de Aridane se convierte en el epicentro del mundo deportivo con la celebraci\u00f3n del campeonato de la Federaci\u00f3n Internacional de P\u00e1del, FIP Rise Isla de La Palma - Ayuntamiento de Los Llanos de Aridane\" \/>\n<meta property=\"og:description\" content=\"El Ayuntamiento de Los Llanos de Aridane presenta el cartel y el programa de La Patrona 2021 con el lema \u201cRemedios, m\u00e1s que un nombre.\u201d\" \/>\n<meta property=\"og:url\" content=\"https:\/\/www.aridane.org\/city\/2023\/03\/06\/los-llanos-de-aridane-se-convierte-en-el-epicentro-del-mundo-deportivo-con-la-celebracion-del-campeonato-de-la-federacion-internacional-de-padel-fip-rise-isla-de-la-palma\/\" \/>\n<meta property=\"og:site_name\" content=\"Ayuntamiento de Los Llanos de Aridane\" \/>\n<meta property=\"article:published_time\" content=\"2023-03-06T09:04:51+00:00\" \/>\n<meta property=\"article:modified_time\" content=\"2023-07-27T12:57:39+00:00\" \/>\n<meta property=\"og:image\" content=\"https:\/\/www.aridane.org\/city\/wp-content\/uploads\/2023\/03\/padel_los_llanos.jpg\" \/>\n\t<meta property=\"og:image:width\" content=\"1200\" \/>\n\t<meta property=\"og:image:height\" content=\"675\" \/>\n\t<meta property=\"og:image:type\" content=\"image\/jpeg\" \/>\n<meta name=\"author\" content=\"Richard Diaz\" \/>\n<meta name=\"twitter:card\" content=\"summary_large_image\" \/>\n<meta name=\"twitter:label1\" content=\"Escrito por\" \/>\n\t<meta name=\"twitter:data1\" content=\"Richard Diaz\" \/>\n\t<meta name=\"twitter:label2\" content=\"Tiempo de lectura\" \/>\n\t<meta name=\"twitter:data2\" content=\"3 minutos\" \/>\n<script type=\"application\/ld+json\" class=\"yoast-schema-graph\">{\"@context\":\"https:\/\/schema.org\",\"@graph\":[{\"@type\":\"WebPage\",\"@id\":\"https:\/\/www.aridane.org\/city\/2023\/03\/06\/los-llanos-de-aridane-se-convierte-en-el-epicentro-del-mundo-deportivo-con-la-celebracion-del-campeonato-de-la-federacion-internacional-de-padel-fip-rise-isla-de-la-palma\/\",\"url\":\"https:\/\/www.aridane.org\/city\/2023\/03\/06\/los-llanos-de-aridane-se-convierte-en-el-epicentro-del-mundo-deportivo-con-la-celebracion-del-campeonato-de-la-federacion-internacional-de-padel-fip-rise-isla-de-la-palma\/\",\"name\":\"Los Llanos de Aridane se convierte en el epicentro del mundo deportivo con la celebraci\u00f3n del campeonato de la Federaci\u00f3n Internacional de P\u00e1del, FIP Rise Isla de La Palma - Ayuntamiento de Los Llanos de Aridane\",\"isPartOf\":{\"@id\":\"https:\/\/www.aridane.org\/city\/#website\"},\"primaryImageOfPage\":{\"@id\":\"https:\/\/www.aridane.org\/city\/2023\/03\/06\/los-llanos-de-aridane-se-convierte-en-el-epicentro-del-mundo-deportivo-con-la-celebracion-del-campeonato-de-la-federacion-internacional-de-padel-fip-rise-isla-de-la-palma\/#primaryimage\"},\"image\":{\"@id\":\"https:\/\/www.aridane.org\/city\/2023\/03\/06\/los-llanos-de-aridane-se-convierte-en-el-epicentro-del-mundo-deportivo-con-la-celebracion-del-campeonato-de-la-federacion-internacional-de-padel-fip-rise-isla-de-la-palma\/#primaryimage\"},\"thumbnailUrl\":\"https:\/\/www.aridane.org\/city\/wp-content\/uploads\/2023\/03\/padel_los_llanos.jpg\",\"datePublished\":\"2023-03-06T09:04:51+00:00\",\"dateModified\":\"2023-07-27T12:57:39+00:00\",\"author\":{\"@id\":\"https:\/\/www.aridane.org\/city\/#\/schema\/person\/7d352ec7f29881716f298394432e7209\"},\"description\":\"El Ayuntamiento de Los Llanos de Aridane presenta el cartel y el programa de La Patrona 2021 con el lema \u201cRemedios, m\u00e1s que un nombre.\u201d\",\"breadcrumb\":{\"@id\":\"https:\/\/www.aridane.org\/city\/2023\/03\/06\/los-llanos-de-aridane-se-convierte-en-el-epicentro-del-mundo-deportivo-con-la-celebracion-del-campeonato-de-la-federacion-internacional-de-padel-fip-rise-isla-de-la-palma\/#breadcrumb\"},\"inLanguage\":\"es\",\"potentialAction\":[{\"@type\":\"ReadAction\",\"target\":[\"https:\/\/www.aridane.org\/city\/2023\/03\/06\/los-llanos-de-aridane-se-convierte-en-el-epicentro-del-mundo-deportivo-con-la-celebracion-del-campeonato-de-la-federacion-internacional-de-padel-fip-rise-isla-de-la-palma\/\"]}]},{\"@type\":\"ImageObject\",\"inLanguage\":\"es\",\"@id\":\"https:\/\/www.aridane.org\/city\/2023\/03\/06\/los-llanos-de-aridane-se-convierte-en-el-epicentro-del-mundo-deportivo-con-la-celebracion-del-campeonato-de-la-federacion-internacional-de-padel-fip-rise-isla-de-la-palma\/#primaryimage\",\"url\":\"https:\/\/www.aridane.org\/city\/wp-content\/uploads\/2023\/03\/padel_los_llanos.jpg\",\"contentUrl\":\"https:\/\/www.aridane.org\/city\/wp-content\/uploads\/2023\/03\/padel_los_llanos.jpg\",\"width\":1200,\"height\":675},{\"@type\":\"BreadcrumbList\",\"@id\":\"https:\/\/www.aridane.org\/city\/2023\/03\/06\/los-llanos-de-aridane-se-convierte-en-el-epicentro-del-mundo-deportivo-con-la-celebracion-del-campeonato-de-la-federacion-internacional-de-padel-fip-rise-isla-de-la-palma\/#breadcrumb\",\"itemListElement\":[{\"@type\":\"ListItem\",\"position\":1,\"name\":\"Portada\",\"item\":\"https:\/\/www.aridane.org\/city\/\"},{\"@type\":\"ListItem\",\"position\":2,\"name\":\"Los Llanos de Aridane se convierte en el epicentro del mundo deportivo con la celebraci\u00f3n del campeonato de la Federaci\u00f3n Internacional de P\u00e1del, FIP Rise Isla de La Palma\"}]},{\"@type\":\"WebSite\",\"@id\":\"https:\/\/www.aridane.org\/city\/#website\",\"url\":\"https:\/\/www.aridane.org\/city\/\",\"name\":\"Ayuntamiento de Los Llanos de Aridane\",\"description\":\"\",\"potentialAction\":[{\"@type\":\"SearchAction\",\"target\":{\"@type\":\"EntryPoint\",\"urlTemplate\":\"https:\/\/www.aridane.org\/city\/?s={search_term_string}\"},\"query-input\":\"required name=search_term_string\"}],\"inLanguage\":\"es\"},{\"@type\":\"Person\",\"@id\":\"https:\/\/www.aridane.org\/city\/#\/schema\/person\/7d352ec7f29881716f298394432e7209\",\"name\":\"Richard Diaz\",\"image\":{\"@type\":\"ImageObject\",\"inLanguage\":\"es\",\"@id\":\"https:\/\/www.aridane.org\/city\/#\/schema\/person\/image\/\",\"url\":\"https:\/\/secure.gravatar.com\/avatar\/bacd6aefc26a4a204943090a4c596cd10f0857081ef3cfd12084a70ecb3161d5?s=96&d=mm&r=g\",\"contentUrl\":\"https:\/\/secure.gravatar.com\/avatar\/bacd6aefc26a4a204943090a4c596cd10f0857081ef3cfd12084a70ecb3161d5?s=96&d=mm&r=g\",\"caption\":\"Richard Diaz\"},\"sameAs\":[\"https:\/\/www.aridane.org\/city\"],\"url\":\"https:\/\/www.aridane.org\/city\/author\/richard-diaz\/\"}]}<\/script>\n<!-- \/ Yoast SEO plugin. -->","yoast_head_json":{"title":"Los Llanos de Aridane se convierte en el epicentro del mundo deportivo con la celebraci\u00f3n del campeonato de la Federaci\u00f3n Internacional de P\u00e1del, FIP Rise Isla de La Palma - Ayuntamiento de Los Llanos de Aridane","description":"El Ayuntamiento de Los Llanos de Aridane presenta el cartel y el programa de La Patrona 2021 con el lema \u201cRemedios, m\u00e1s que un nombre.\u201d","robots":{"index":"index","follow":"follow","max-snippet":"max-snippet:-1","max-image-preview":"max-image-preview:large","max-video-preview":"max-video-preview:-1"},"canonical":"https:\/\/www.aridane.org\/city\/2023\/03\/06\/los-llanos-de-aridane-se-convierte-en-el-epicentro-del-mundo-deportivo-con-la-celebracion-del-campeonato-de-la-federacion-internacional-de-padel-fip-rise-isla-de-la-palma\/","og_locale":"es_ES","og_type":"article","og_title":"Los Llanos de Aridane se convierte en el epicentro del mundo deportivo con la celebraci\u00f3n del campeonato de la Federaci\u00f3n Internacional de P\u00e1del, FIP Rise Isla de La Palma - Ayuntamiento de Los Llanos de Aridane","og_description":"El Ayuntamiento de Los Llanos de Aridane presenta el cartel y el programa de La Patrona 2021 con el lema \u201cRemedios, m\u00e1s que un nombre.\u201d","og_url":"https:\/\/www.aridane.org\/city\/2023\/03\/06\/los-llanos-de-aridane-se-convierte-en-el-epicentro-del-mundo-deportivo-con-la-celebracion-del-campeonato-de-la-federacion-internacional-de-padel-fip-rise-isla-de-la-palma\/","og_site_name":"Ayuntamiento de Los Llanos de Aridane","article_published_time":"2023-03-06T09:04:51+00:00","article_modified_time":"2023-07-27T12:57:39+00:00","og_image":[{"width":1200,"height":675,"url":"https:\/\/www.aridane.org\/city\/wp-content\/uploads\/2023\/03\/padel_los_llanos.jpg","type":"image\/jpeg"}],"author":"Richard Diaz","twitter_card":"summary_large_image","twitter_misc":{"Escrito por":"Richard Diaz","Tiempo de lectura":"3 minutos"},"schema":{"@context":"https:\/\/schema.org","@graph":[{"@type":"WebPage","@id":"https:\/\/www.aridane.org\/city\/2023\/03\/06\/los-llanos-de-aridane-se-convierte-en-el-epicentro-del-mundo-deportivo-con-la-celebracion-del-campeonato-de-la-federacion-internacional-de-padel-fip-rise-isla-de-la-palma\/","url":"https:\/\/www.aridane.org\/city\/2023\/03\/06\/los-llanos-de-aridane-se-convierte-en-el-epicentro-del-mundo-deportivo-con-la-celebracion-del-campeonato-de-la-federacion-internacional-de-padel-fip-rise-isla-de-la-palma\/","name":"Los Llanos de Aridane se convierte en el epicentro del mundo deportivo con la celebraci\u00f3n del campeonato de la Federaci\u00f3n Internacional de P\u00e1del, FIP Rise Isla de La Palma - Ayuntamiento de Los Llanos de Aridane","isPartOf":{"@id":"https:\/\/www.aridane.org\/city\/#website"},"primaryImageOfPage":{"@id":"https:\/\/www.aridane.org\/city\/2023\/03\/06\/los-llanos-de-aridane-se-convierte-en-el-epicentro-del-mundo-deportivo-con-la-celebracion-del-campeonato-de-la-federacion-internacional-de-padel-fip-rise-isla-de-la-palma\/#primaryimage"},"image":{"@id":"https:\/\/www.aridane.org\/city\/2023\/03\/06\/los-llanos-de-aridane-se-convierte-en-el-epicentro-del-mundo-deportivo-con-la-celebracion-del-campeonato-de-la-federacion-internacional-de-padel-fip-rise-isla-de-la-palma\/#primaryimage"},"thumbnailUrl":"https:\/\/www.aridane.org\/city\/wp-content\/uploads\/2023\/03\/padel_los_llanos.jpg","datePublished":"2023-03-06T09:04:51+00:00","dateModified":"2023-07-27T12:57:39+00:00","author":{"@id":"https:\/\/www.aridane.org\/city\/#\/schema\/person\/7d352ec7f29881716f298394432e7209"},"description":"El Ayuntamiento de Los Llanos de Aridane presenta el cartel y el programa de La Patrona 2021 con el lema \u201cRemedios, m\u00e1s que un nombre.\u201d","breadcrumb":{"@id":"https:\/\/www.aridane.org\/city\/2023\/03\/06\/los-llanos-de-aridane-se-convierte-en-el-epicentro-del-mundo-deportivo-con-la-celebracion-del-campeonato-de-la-federacion-internacional-de-padel-fip-rise-isla-de-la-palma\/#breadcrumb"},"inLanguage":"es","potentialAction":[{"@type":"ReadAction","target":["https:\/\/www.aridane.org\/city\/2023\/03\/06\/los-llanos-de-aridane-se-convierte-en-el-epicentro-del-mundo-deportivo-con-la-celebracion-del-campeonato-de-la-federacion-internacional-de-padel-fip-rise-isla-de-la-palma\/"]}]},{"@type":"ImageObject","inLanguage":"es","@id":"https:\/\/www.aridane.org\/city\/2023\/03\/06\/los-llanos-de-aridane-se-convierte-en-el-epicentro-del-mundo-deportivo-con-la-celebracion-del-campeonato-de-la-federacion-internacional-de-padel-fip-rise-isla-de-la-palma\/#primaryimage","url":"https:\/\/www.aridane.org\/city\/wp-content\/uploads\/2023\/03\/padel_los_llanos.jpg","contentUrl":"https:\/\/www.aridane.org\/city\/wp-content\/uploads\/2023\/03\/padel_los_llanos.jpg","width":1200,"height":675},{"@type":"BreadcrumbList","@id":"https:\/\/www.aridane.org\/city\/2023\/03\/06\/los-llanos-de-aridane-se-convierte-en-el-epicentro-del-mundo-deportivo-con-la-celebracion-del-campeonato-de-la-federacion-internacional-de-padel-fip-rise-isla-de-la-palma\/#breadcrumb","itemListElement":[{"@type":"ListItem","position":1,"name":"Portada","item":"https:\/\/www.aridane.org\/city\/"},{"@type":"ListItem","position":2,"name":"Los Llanos de Aridane se convierte en el epicentro del mundo deportivo con la celebraci\u00f3n del campeonato de la Federaci\u00f3n Internacional de P\u00e1del, FIP Rise Isla de La Palma"}]},{"@type":"WebSite","@id":"https:\/\/www.aridane.org\/city\/#website","url":"https:\/\/www.aridane.org\/city\/","name":"Ayuntamiento de Los Llanos de Aridane","description":"","potentialAction":[{"@type":"SearchAction","target":{"@type":"EntryPoint","urlTemplate":"https:\/\/www.aridane.org\/city\/?s={search_term_string}"},"query-input":"required name=search_term_string"}],"inLanguage":"es"},{"@type":"Person","@id":"https:\/\/www.aridane.org\/city\/#\/schema\/person\/7d352ec7f29881716f298394432e7209","name":"Richard Diaz","image":{"@type":"ImageObject","inLanguage":"es","@id":"https:\/\/www.aridane.org\/city\/#\/schema\/person\/image\/","url":"https:\/\/secure.gravatar.com\/avatar\/bacd6aefc26a4a204943090a4c596cd10f0857081ef3cfd12084a70ecb3161d5?s=96&d=mm&r=g","contentUrl":"https:\/\/secure.gravatar.com\/avatar\/bacd6aefc26a4a204943090a4c596cd10f0857081ef3cfd12084a70ecb3161d5?s=96&d=mm&r=g","caption":"Richard Diaz"},"sameAs":["https:\/\/www.aridane.org\/city"],"url":"https:\/\/www.aridane.org\/city\/author\/richard-diaz\/"}]}},"_links":{"self":[{"href":"https:\/\/www.aridane.org\/city\/wp-json\/wp\/v2\/posts\/1437","targetHints":{"allow":["GET"]}}],"collection":[{"href":"https:\/\/www.aridane.org\/city\/wp-json\/wp\/v2\/posts"}],"about":[{"href":"https:\/\/www.aridane.org\/city\/wp-json\/wp\/v2\/types\/post"}],"author":[{"embeddable":true,"href":"https:\/\/www.aridane.org\/city\/wp-json\/wp\/v2\/users\/1"}],"replies":[{"embeddable":true,"href":"https:\/\/www.aridane.org\/city\/wp-json\/wp\/v2\/comments?post=1437"}],"version-history":[{"count":1,"href":"https:\/\/www.aridane.org\/city\/wp-json\/wp\/v2\/posts\/1437\/revisions"}],"predecessor-version":[{"id":2580,"href":"https:\/\/www.aridane.org\/city\/wp-json\/wp\/v2\/posts\/1437\/revisions\/2580"}],"wp:featuredmedia":[{"embeddable":true,"href":"https:\/\/www.aridane.org\/city\/wp-json\/wp\/v2\/media\/2579"}],"wp:attachment":[{"href":"https:\/\/www.aridane.org\/city\/wp-json\/wp\/v2\/media?parent=1437"}],"wp:term":[{"taxonomy":"category","embeddable":true,"href":"https:\/\/www.aridane.org\/city\/wp-json\/wp\/v2\/categories?post=1437"},{"taxonomy":"post_tag","embeddable":true,"href":"https:\/\/www.aridane.org\/city\/wp-json\/wp\/v2\/tags?post=1437"}],"curies":[{"name":"wp","href":"https:\/\/api.w.org\/{rel}","templated":true}]}}