{"id":1442,"date":"2023-03-07T09:32:14","date_gmt":"2023-03-07T09:32:14","guid":{"rendered":"https:\/\/aridane.org\/ciudad\/?p=1442"},"modified":"2023-07-27T12:47:04","modified_gmt":"2023-07-27T12:47:04","slug":"el-ayuntamiento-de-los-llanos-de-aridane-ofrecera-agua-de-manera-continua-a-los-vecinos-la-bombilla-y-puerto-naos-desde-manana","status":"publish","type":"post","link":"https:\/\/www.aridane.org\/city\/2023\/03\/07\/el-ayuntamiento-de-los-llanos-de-aridane-ofrecera-agua-de-manera-continua-a-los-vecinos-la-bombilla-y-puerto-naos-desde-manana\/","title":{"rendered":"El Ayuntamiento de Los Llanos de Aridane ofrecer\u00e1 agua de manera continua a los vecinos La Bombilla y Puerto Naos desde ma\u00f1ana"},"content":{"rendered":"<section class=\"wpb-content-wrapper\"><p>[vc_row css_animation=\u00bb\u00bb row_type=\u00bbrow\u00bb use_row_as_full_screen_section=\u00bbno\u00bb type=\u00bbfull_width\u00bb angled_section=\u00bbno\u00bb text_align=\u00bbleft\u00bb background_image_as_pattern=\u00bbwithout_pattern\u00bb][vc_column][vc_row_inner row_type=\u00bbrow\u00bb type=\u00bbgrid\u00bb text_align=\u00bbleft\u00bb css_animation=\u00bb\u00bb][vc_column_inner][vc_empty_space height=\u00bb20px\u00bb][vc_empty_space height=\u00bb20px\u00bb][\/vc_column_inner][\/vc_row_inner][vc_column_text]<\/p>\n<ul>\n<li style=\"text-align: justify;\"><em>El concejal de Aguas, Fran Leal, pone en valor el esfuerzo de los t\u00e9cnicos de Sanidad y los operarios municipales para llevar a cabo este importante trabajo, en el menor tiempo posible con el fin de apoyar a los vecinos de la zona.<\/em><\/li>\n<\/ul>\n<p>&nbsp;<\/p>\n<p style=\"text-align: justify;\"><strong>Los Llanos de Aridane, 7 de marzo de 2023.-<\/strong> El Ayuntamiento de Los Llanos de Aridane a trav\u00e9s del concejal de Aguas, Fran Leal, ha informado que \u201cya se cuenta con el informe favorable por parte de los t\u00e9cnicos de sanidad para la apertura del agua en la zona de Puerto Naos y La Bombilla\u201d, se\u00f1ala.<\/p>\n<p style=\"text-align: justify;\">Leal explica que desde ma\u00f1ana, mi\u00e9rcoles 8, desde el Consistorio se ofrecer\u00e1 este servicio, de forma continua, a los barrios de la costa, dando respuesta as\u00ed a la demanda de los vecinos de la zona. Adem\u00e1s, informa que \u201cante esta apertura hay que recordar a los vecinos el riesgo que supone para los inmuebles, que llevan cerrados mucho meses, del suministro continuo de agua sobre todo para aquellos que no tienen dep\u00f3sito regulador y est\u00e1n conectados directamente de la red\u201d. Asimismo, recuerda que \u201ccada titular es responsable de los da\u00f1os sufridos en la propiedad privada, tal y como recoge la ordenanza. Por lo que se recomienda que cuando la vivienda est\u00e9 vac\u00eda se cierre la llave de paso\u201d.<\/p>\n<p style=\"text-align: justify;\">El concejal tambi\u00e9n ha querido poner en valor la importante gesti\u00f3n que se ha realizado desde el Cabildo Insular de La Palma y el propio Consistorio aridanense \u201cpara restaurar el suministro, cuanto antes, en la zona desplegando una red de m\u00e1s de 15 km de canalizaciones, en tiempo r\u00e9cord, y poniendo en marcha un dep\u00f3sito abandonado\u201d.<\/p>\n<p style=\"text-align: justify;\">Desde la concejal\u00eda de Aguas han querido agradecer, una vez m\u00e1s, a los t\u00e9cnicos de Sanidad su esfuerzo por buscar una soluci\u00f3n, as\u00ed como el importante trabajo que han desempe\u00f1ado los operarios municipales, \u201cque d\u00eda tras d\u00eda, sin importar si era festivo, han abierto y cerrado el agua con el \u00fanico fin de poder ayudar y apoyar a los vecinos de esta zona\u201d.<\/p>\n<p style=\"text-align: justify;\">Por \u00faltimo, desde el Ayuntamiento de Los Llanos de Aridane se recuerda que una vez abierta el agua los vecinos deber\u00e1n seguir el siguiente protocolo seg\u00fan informe de Sanidad:<\/p>\n<p style=\"text-align: justify;\">1.- Si se dispone de dep\u00f3sitos intermedios, se debe proceder a la limpieza de los mismos, eliminando el agua resultante de dicha limpieza.<\/p>\n<p style=\"text-align: justify;\">2.- Si se dispone de sistemas de filtraci\u00f3n, se deber\u00e1n retirar los mismos, de igual manera se deber\u00e1 actuar con los sistemas de aireaci\u00f3n o nebulizaci\u00f3n de los grifos.<\/p>\n<p style=\"text-align: justify;\">3.- Se proceder\u00e1 a abrir los grifos de agua de la vivienda, durante un periodo de 5 minutos, de forma continua, para proceder a la limpieza de las conducciones interiores, purgando la red interior.<\/p>\n<p style=\"text-align: justify;\">4.- Se debe proceder a sustituir los filtros antiguos y colocar los aireadores\/nebulizadores una vez limpios y desinfectados.<\/p>\n<p style=\"text-align: justify;\">5.- Se deber\u00e1 estar atento a cualquier cambio en la calidad del agua de consumo (olor, color, sabor), comunic\u00e1ndolo a los gestores municipales a trav\u00e9s del tel\u00e9fono 922460111 202\/203.<\/p>\n<p>[\/vc_column_text][\/vc_column][\/vc_row]<\/p>\n<\/section>","protected":false},"excerpt":{"rendered":"<p>[vc_row css_animation=\u00bb\u00bb row_type=\u00bbrow\u00bb use_row_as_full_screen_section=\u00bbno\u00bb type=\u00bbfull_width\u00bb angled_section=\u00bbno\u00bb text_align=\u00bbleft\u00bb background_image_as_pattern=\u00bbwithout_pattern\u00bb][vc_column][vc_row_inner row_type=\u00bbrow\u00bb type=\u00bbgrid\u00bb text_align=\u00bbleft\u00bb css_animation=\u00bb\u00bb][vc_column_inner][vc_empty_space height=\u00bb20px\u00bb][vc_empty_space height=\u00bb20px\u00bb][\/vc_column_inner][\/vc_row_inner][vc_column_text] El concejal de Aguas, Fran Leal, pone en valor el esfuerzo de los t\u00e9cnicos de Sanidad y los operarios municipales para llevar a cabo este importante trabajo, en el menor tiempo&#8230;<\/p>\n","protected":false},"author":1,"featured_media":2573,"comment_status":"closed","ping_status":"open","sticky":false,"template":"","format":"standard","meta":{"footnotes":""},"categories":[6],"tags":[],"class_list":["post-1442","post","type-post","status-publish","format-standard","has-post-thumbnail","hentry","category-prensa"],"yoast_head":"<!-- This site is optimized with the Yoast SEO plugin v22.7 - https:\/\/yoast.com\/wordpress\/plugins\/seo\/ -->\n<title>El Ayuntamiento de Los Llanos de Aridane ofrecer\u00e1 agua de manera continua a los vecinos La Bombilla y Puerto Naos desde ma\u00f1ana - Ayuntamiento de Los Llanos de Aridane<\/title>\n<meta name=\"description\" content=\"El Ayuntamiento de Los Llanos de Aridane presenta el cartel y el programa de La Patrona 2021 con el lema \u201cRemedios, m\u00e1s que un nombre.\u201d\" \/>\n<meta name=\"robots\" content=\"index, follow, max-snippet:-1, max-image-preview:large, max-video-preview:-1\" \/>\n<link rel=\"canonical\" href=\"https:\/\/www.aridane.org\/city\/2023\/03\/07\/el-ayuntamiento-de-los-llanos-de-aridane-ofrecera-agua-de-manera-continua-a-los-vecinos-la-bombilla-y-puerto-naos-desde-manana\/\" \/>\n<meta property=\"og:locale\" content=\"es_ES\" \/>\n<meta property=\"og:type\" content=\"article\" \/>\n<meta property=\"og:title\" content=\"El Ayuntamiento de Los Llanos de Aridane ofrecer\u00e1 agua de manera continua a los vecinos La Bombilla y Puerto Naos desde ma\u00f1ana - Ayuntamiento de Los Llanos de Aridane\" \/>\n<meta property=\"og:description\" content=\"El Ayuntamiento de Los Llanos de Aridane presenta el cartel y el programa de La Patrona 2021 con el lema \u201cRemedios, m\u00e1s que un nombre.\u201d\" \/>\n<meta property=\"og:url\" content=\"https:\/\/www.aridane.org\/city\/2023\/03\/07\/el-ayuntamiento-de-los-llanos-de-aridane-ofrecera-agua-de-manera-continua-a-los-vecinos-la-bombilla-y-puerto-naos-desde-manana\/\" \/>\n<meta property=\"og:site_name\" content=\"Ayuntamiento de Los Llanos de Aridane\" \/>\n<meta property=\"article:published_time\" content=\"2023-03-07T09:32:14+00:00\" \/>\n<meta property=\"article:modified_time\" content=\"2023-07-27T12:47:04+00:00\" \/>\n<meta property=\"og:image\" content=\"https:\/\/www.aridane.org\/city\/wp-content\/uploads\/2023\/03\/ayto_aridane_4.jpg\" \/>\n\t<meta property=\"og:image:width\" content=\"1200\" \/>\n\t<meta property=\"og:image:height\" content=\"675\" \/>\n\t<meta property=\"og:image:type\" content=\"image\/jpeg\" \/>\n<meta name=\"author\" content=\"Richard Diaz\" \/>\n<meta name=\"twitter:card\" content=\"summary_large_image\" \/>\n<meta name=\"twitter:label1\" content=\"Escrito por\" \/>\n\t<meta name=\"twitter:data1\" content=\"Richard Diaz\" \/>\n\t<meta name=\"twitter:label2\" content=\"Tiempo de lectura\" \/>\n\t<meta name=\"twitter:data2\" content=\"3 minutos\" \/>\n<script type=\"application\/ld+json\" class=\"yoast-schema-graph\">{\"@context\":\"https:\/\/schema.org\",\"@graph\":[{\"@type\":\"WebPage\",\"@id\":\"https:\/\/www.aridane.org\/city\/2023\/03\/07\/el-ayuntamiento-de-los-llanos-de-aridane-ofrecera-agua-de-manera-continua-a-los-vecinos-la-bombilla-y-puerto-naos-desde-manana\/\",\"url\":\"https:\/\/www.aridane.org\/city\/2023\/03\/07\/el-ayuntamiento-de-los-llanos-de-aridane-ofrecera-agua-de-manera-continua-a-los-vecinos-la-bombilla-y-puerto-naos-desde-manana\/\",\"name\":\"El Ayuntamiento de Los Llanos de Aridane ofrecer\u00e1 agua de manera continua a los vecinos La Bombilla y Puerto Naos desde ma\u00f1ana - Ayuntamiento de Los Llanos de Aridane\",\"isPartOf\":{\"@id\":\"https:\/\/www.aridane.org\/city\/#website\"},\"primaryImageOfPage\":{\"@id\":\"https:\/\/www.aridane.org\/city\/2023\/03\/07\/el-ayuntamiento-de-los-llanos-de-aridane-ofrecera-agua-de-manera-continua-a-los-vecinos-la-bombilla-y-puerto-naos-desde-manana\/#primaryimage\"},\"image\":{\"@id\":\"https:\/\/www.aridane.org\/city\/2023\/03\/07\/el-ayuntamiento-de-los-llanos-de-aridane-ofrecera-agua-de-manera-continua-a-los-vecinos-la-bombilla-y-puerto-naos-desde-manana\/#primaryimage\"},\"thumbnailUrl\":\"https:\/\/www.aridane.org\/city\/wp-content\/uploads\/2023\/03\/ayto_aridane_4.jpg\",\"datePublished\":\"2023-03-07T09:32:14+00:00\",\"dateModified\":\"2023-07-27T12:47:04+00:00\",\"author\":{\"@id\":\"https:\/\/www.aridane.org\/city\/#\/schema\/person\/7d352ec7f29881716f298394432e7209\"},\"description\":\"El Ayuntamiento de Los Llanos de Aridane presenta el cartel y el programa de La Patrona 2021 con el lema \u201cRemedios, m\u00e1s que un nombre.\u201d\",\"breadcrumb\":{\"@id\":\"https:\/\/www.aridane.org\/city\/2023\/03\/07\/el-ayuntamiento-de-los-llanos-de-aridane-ofrecera-agua-de-manera-continua-a-los-vecinos-la-bombilla-y-puerto-naos-desde-manana\/#breadcrumb\"},\"inLanguage\":\"es\",\"potentialAction\":[{\"@type\":\"ReadAction\",\"target\":[\"https:\/\/www.aridane.org\/city\/2023\/03\/07\/el-ayuntamiento-de-los-llanos-de-aridane-ofrecera-agua-de-manera-continua-a-los-vecinos-la-bombilla-y-puerto-naos-desde-manana\/\"]}]},{\"@type\":\"ImageObject\",\"inLanguage\":\"es\",\"@id\":\"https:\/\/www.aridane.org\/city\/2023\/03\/07\/el-ayuntamiento-de-los-llanos-de-aridane-ofrecera-agua-de-manera-continua-a-los-vecinos-la-bombilla-y-puerto-naos-desde-manana\/#primaryimage\",\"url\":\"https:\/\/www.aridane.org\/city\/wp-content\/uploads\/2023\/03\/ayto_aridane_4.jpg\",\"contentUrl\":\"https:\/\/www.aridane.org\/city\/wp-content\/uploads\/2023\/03\/ayto_aridane_4.jpg\",\"width\":1200,\"height\":675},{\"@type\":\"BreadcrumbList\",\"@id\":\"https:\/\/www.aridane.org\/city\/2023\/03\/07\/el-ayuntamiento-de-los-llanos-de-aridane-ofrecera-agua-de-manera-continua-a-los-vecinos-la-bombilla-y-puerto-naos-desde-manana\/#breadcrumb\",\"itemListElement\":[{\"@type\":\"ListItem\",\"position\":1,\"name\":\"Portada\",\"item\":\"https:\/\/www.aridane.org\/city\/\"},{\"@type\":\"ListItem\",\"position\":2,\"name\":\"El Ayuntamiento de Los Llanos de Aridane ofrecer\u00e1 agua de manera continua a los vecinos La Bombilla y Puerto Naos desde ma\u00f1ana\"}]},{\"@type\":\"WebSite\",\"@id\":\"https:\/\/www.aridane.org\/city\/#website\",\"url\":\"https:\/\/www.aridane.org\/city\/\",\"name\":\"Ayuntamiento de Los Llanos de Aridane\",\"description\":\"\",\"potentialAction\":[{\"@type\":\"SearchAction\",\"target\":{\"@type\":\"EntryPoint\",\"urlTemplate\":\"https:\/\/www.aridane.org\/city\/?s={search_term_string}\"},\"query-input\":\"required name=search_term_string\"}],\"inLanguage\":\"es\"},{\"@type\":\"Person\",\"@id\":\"https:\/\/www.aridane.org\/city\/#\/schema\/person\/7d352ec7f29881716f298394432e7209\",\"name\":\"Richard Diaz\",\"image\":{\"@type\":\"ImageObject\",\"inLanguage\":\"es\",\"@id\":\"https:\/\/www.aridane.org\/city\/#\/schema\/person\/image\/\",\"url\":\"https:\/\/secure.gravatar.com\/avatar\/bacd6aefc26a4a204943090a4c596cd10f0857081ef3cfd12084a70ecb3161d5?s=96&d=mm&r=g\",\"contentUrl\":\"https:\/\/secure.gravatar.com\/avatar\/bacd6aefc26a4a204943090a4c596cd10f0857081ef3cfd12084a70ecb3161d5?s=96&d=mm&r=g\",\"caption\":\"Richard Diaz\"},\"sameAs\":[\"https:\/\/www.aridane.org\/city\"],\"url\":\"https:\/\/www.aridane.org\/city\/author\/richard-diaz\/\"}]}<\/script>\n<!-- \/ Yoast SEO plugin. -->","yoast_head_json":{"title":"El Ayuntamiento de Los Llanos de Aridane ofrecer\u00e1 agua de manera continua a los vecinos La Bombilla y Puerto Naos desde ma\u00f1ana - Ayuntamiento de Los Llanos de Aridane","description":"El Ayuntamiento de Los Llanos de Aridane presenta el cartel y el programa de La Patrona 2021 con el lema \u201cRemedios, m\u00e1s que un nombre.\u201d","robots":{"index":"index","follow":"follow","max-snippet":"max-snippet:-1","max-image-preview":"max-image-preview:large","max-video-preview":"max-video-preview:-1"},"canonical":"https:\/\/www.aridane.org\/city\/2023\/03\/07\/el-ayuntamiento-de-los-llanos-de-aridane-ofrecera-agua-de-manera-continua-a-los-vecinos-la-bombilla-y-puerto-naos-desde-manana\/","og_locale":"es_ES","og_type":"article","og_title":"El Ayuntamiento de Los Llanos de Aridane ofrecer\u00e1 agua de manera continua a los vecinos La Bombilla y Puerto Naos desde ma\u00f1ana - Ayuntamiento de Los Llanos de Aridane","og_description":"El Ayuntamiento de Los Llanos de Aridane presenta el cartel y el programa de La Patrona 2021 con el lema \u201cRemedios, m\u00e1s que un nombre.\u201d","og_url":"https:\/\/www.aridane.org\/city\/2023\/03\/07\/el-ayuntamiento-de-los-llanos-de-aridane-ofrecera-agua-de-manera-continua-a-los-vecinos-la-bombilla-y-puerto-naos-desde-manana\/","og_site_name":"Ayuntamiento de Los Llanos de Aridane","article_published_time":"2023-03-07T09:32:14+00:00","article_modified_time":"2023-07-27T12:47:04+00:00","og_image":[{"width":1200,"height":675,"url":"https:\/\/www.aridane.org\/city\/wp-content\/uploads\/2023\/03\/ayto_aridane_4.jpg","type":"image\/jpeg"}],"author":"Richard Diaz","twitter_card":"summary_large_image","twitter_misc":{"Escrito por":"Richard Diaz","Tiempo de lectura":"3 minutos"},"schema":{"@context":"https:\/\/schema.org","@graph":[{"@type":"WebPage","@id":"https:\/\/www.aridane.org\/city\/2023\/03\/07\/el-ayuntamiento-de-los-llanos-de-aridane-ofrecera-agua-de-manera-continua-a-los-vecinos-la-bombilla-y-puerto-naos-desde-manana\/","url":"https:\/\/www.aridane.org\/city\/2023\/03\/07\/el-ayuntamiento-de-los-llanos-de-aridane-ofrecera-agua-de-manera-continua-a-los-vecinos-la-bombilla-y-puerto-naos-desde-manana\/","name":"El Ayuntamiento de Los Llanos de Aridane ofrecer\u00e1 agua de manera continua a los vecinos La Bombilla y Puerto Naos desde ma\u00f1ana - Ayuntamiento de Los Llanos de Aridane","isPartOf":{"@id":"https:\/\/www.aridane.org\/city\/#website"},"primaryImageOfPage":{"@id":"https:\/\/www.aridane.org\/city\/2023\/03\/07\/el-ayuntamiento-de-los-llanos-de-aridane-ofrecera-agua-de-manera-continua-a-los-vecinos-la-bombilla-y-puerto-naos-desde-manana\/#primaryimage"},"image":{"@id":"https:\/\/www.aridane.org\/city\/2023\/03\/07\/el-ayuntamiento-de-los-llanos-de-aridane-ofrecera-agua-de-manera-continua-a-los-vecinos-la-bombilla-y-puerto-naos-desde-manana\/#primaryimage"},"thumbnailUrl":"https:\/\/www.aridane.org\/city\/wp-content\/uploads\/2023\/03\/ayto_aridane_4.jpg","datePublished":"2023-03-07T09:32:14+00:00","dateModified":"2023-07-27T12:47:04+00:00","author":{"@id":"https:\/\/www.aridane.org\/city\/#\/schema\/person\/7d352ec7f29881716f298394432e7209"},"description":"El Ayuntamiento de Los Llanos de Aridane presenta el cartel y el programa de La Patrona 2021 con el lema \u201cRemedios, m\u00e1s que un nombre.\u201d","breadcrumb":{"@id":"https:\/\/www.aridane.org\/city\/2023\/03\/07\/el-ayuntamiento-de-los-llanos-de-aridane-ofrecera-agua-de-manera-continua-a-los-vecinos-la-bombilla-y-puerto-naos-desde-manana\/#breadcrumb"},"inLanguage":"es","potentialAction":[{"@type":"ReadAction","target":["https:\/\/www.aridane.org\/city\/2023\/03\/07\/el-ayuntamiento-de-los-llanos-de-aridane-ofrecera-agua-de-manera-continua-a-los-vecinos-la-bombilla-y-puerto-naos-desde-manana\/"]}]},{"@type":"ImageObject","inLanguage":"es","@id":"https:\/\/www.aridane.org\/city\/2023\/03\/07\/el-ayuntamiento-de-los-llanos-de-aridane-ofrecera-agua-de-manera-continua-a-los-vecinos-la-bombilla-y-puerto-naos-desde-manana\/#primaryimage","url":"https:\/\/www.aridane.org\/city\/wp-content\/uploads\/2023\/03\/ayto_aridane_4.jpg","contentUrl":"https:\/\/www.aridane.org\/city\/wp-content\/uploads\/2023\/03\/ayto_aridane_4.jpg","width":1200,"height":675},{"@type":"BreadcrumbList","@id":"https:\/\/www.aridane.org\/city\/2023\/03\/07\/el-ayuntamiento-de-los-llanos-de-aridane-ofrecera-agua-de-manera-continua-a-los-vecinos-la-bombilla-y-puerto-naos-desde-manana\/#breadcrumb","itemListElement":[{"@type":"ListItem","position":1,"name":"Portada","item":"https:\/\/www.aridane.org\/city\/"},{"@type":"ListItem","position":2,"name":"El Ayuntamiento de Los Llanos de Aridane ofrecer\u00e1 agua de manera continua a los vecinos La Bombilla y Puerto Naos desde ma\u00f1ana"}]},{"@type":"WebSite","@id":"https:\/\/www.aridane.org\/city\/#website","url":"https:\/\/www.aridane.org\/city\/","name":"Ayuntamiento de Los Llanos de Aridane","description":"","potentialAction":[{"@type":"SearchAction","target":{"@type":"EntryPoint","urlTemplate":"https:\/\/www.aridane.org\/city\/?s={search_term_string}"},"query-input":"required name=search_term_string"}],"inLanguage":"es"},{"@type":"Person","@id":"https:\/\/www.aridane.org\/city\/#\/schema\/person\/7d352ec7f29881716f298394432e7209","name":"Richard Diaz","image":{"@type":"ImageObject","inLanguage":"es","@id":"https:\/\/www.aridane.org\/city\/#\/schema\/person\/image\/","url":"https:\/\/secure.gravatar.com\/avatar\/bacd6aefc26a4a204943090a4c596cd10f0857081ef3cfd12084a70ecb3161d5?s=96&d=mm&r=g","contentUrl":"https:\/\/secure.gravatar.com\/avatar\/bacd6aefc26a4a204943090a4c596cd10f0857081ef3cfd12084a70ecb3161d5?s=96&d=mm&r=g","caption":"Richard Diaz"},"sameAs":["https:\/\/www.aridane.org\/city"],"url":"https:\/\/www.aridane.org\/city\/author\/richard-diaz\/"}]}},"_links":{"self":[{"href":"https:\/\/www.aridane.org\/city\/wp-json\/wp\/v2\/posts\/1442","targetHints":{"allow":["GET"]}}],"collection":[{"href":"https:\/\/www.aridane.org\/city\/wp-json\/wp\/v2\/posts"}],"about":[{"href":"https:\/\/www.aridane.org\/city\/wp-json\/wp\/v2\/types\/post"}],"author":[{"embeddable":true,"href":"https:\/\/www.aridane.org\/city\/wp-json\/wp\/v2\/users\/1"}],"replies":[{"embeddable":true,"href":"https:\/\/www.aridane.org\/city\/wp-json\/wp\/v2\/comments?post=1442"}],"version-history":[{"count":1,"href":"https:\/\/www.aridane.org\/city\/wp-json\/wp\/v2\/posts\/1442\/revisions"}],"predecessor-version":[{"id":2574,"href":"https:\/\/www.aridane.org\/city\/wp-json\/wp\/v2\/posts\/1442\/revisions\/2574"}],"wp:featuredmedia":[{"embeddable":true,"href":"https:\/\/www.aridane.org\/city\/wp-json\/wp\/v2\/media\/2573"}],"wp:attachment":[{"href":"https:\/\/www.aridane.org\/city\/wp-json\/wp\/v2\/media?parent=1442"}],"wp:term":[{"taxonomy":"category","embeddable":true,"href":"https:\/\/www.aridane.org\/city\/wp-json\/wp\/v2\/categories?post=1442"},{"taxonomy":"post_tag","embeddable":true,"href":"https:\/\/www.aridane.org\/city\/wp-json\/wp\/v2\/tags?post=1442"}],"curies":[{"name":"wp","href":"https:\/\/api.w.org\/{rel}","templated":true}]}}