{"id":1443,"date":"2023-03-06T10:41:23","date_gmt":"2023-03-06T10:41:23","guid":{"rendered":"https:\/\/aridane.org\/ciudad\/?p=1443"},"modified":"2023-07-27T12:52:23","modified_gmt":"2023-07-27T12:52:23","slug":"los-llanos-de-aridane-pone-en-marcha-la-campana-de-dinamizacion-papa-y-yo-apoyamos-el-comercio-local","status":"publish","type":"post","link":"https:\/\/www.aridane.org\/city\/2023\/03\/06\/los-llanos-de-aridane-pone-en-marcha-la-campana-de-dinamizacion-papa-y-yo-apoyamos-el-comercio-local\/","title":{"rendered":"Los Llanos de Aridane pone en marcha la campa\u00f1a de dinamizaci\u00f3n \u2018Pap\u00e1 y yo apoyamos el comercio local\u2019"},"content":{"rendered":"<section class=\"wpb-content-wrapper\"><p>[vc_row css_animation=\u00bb\u00bb row_type=\u00bbrow\u00bb use_row_as_full_screen_section=\u00bbno\u00bb type=\u00bbfull_width\u00bb angled_section=\u00bbno\u00bb text_align=\u00bbleft\u00bb background_image_as_pattern=\u00bbwithout_pattern\u00bb][vc_column][vc_row_inner row_type=\u00bbrow\u00bb type=\u00bbgrid\u00bb text_align=\u00bbleft\u00bb css_animation=\u00bb\u00bb][vc_column_inner][vc_empty_space height=\u00bb20px\u00bb][vc_empty_space height=\u00bb20px\u00bb][\/vc_column_inner][\/vc_row_inner][vc_column_text]<\/p>\n<ul>\n<li style=\"text-align: justify;\"><em>Esta actividad, con la que se busca seguir impulsando y fomentando las compras locales, se desarrollar\u00e1 el pr\u00f3ximo s\u00e1bado 11 de marzo de 10:30 a 13:30 horas y contar\u00e1 con una amplia programaci\u00f3n para los m\u00e1s peque\u00f1os de la casa.<\/em><\/li>\n<\/ul>\n<p>&nbsp;<\/p>\n<p style=\"text-align: justify;\"><strong>Los Llanos de Aridane, 6 de marzo de 2023.-<\/strong> El Ayuntamiento de Los Llanos de Aridane, a trav\u00e9s de la concejal de Promoci\u00f3n Econ\u00f3mica, Inmaculada Fern\u00e1ndez; y junto a la Asociaci\u00f3n de Comerciantes Zona Abierta, ACZA; y la Zona Comercial Abierta, ZCA, ponen en marcha, por primera vez en el municipio, la campa\u00f1a de dinamizaci\u00f3n \u2018Pap\u00e1 y yo apoyamos el comercio local\u2019.<\/p>\n<p style=\"text-align: justify;\">Fern\u00e1ndez explica que esta acci\u00f3n se desarrollar\u00e1 el pr\u00f3ximo s\u00e1bado 11 de marzo de 10:30 a 13:00 en la Plaza de Espa\u00f1a, \u201cy contaremos con una amplia programaci\u00f3n para poder disfrutar en familia, que nos permitir\u00e1, a la vez, seguir fomentando e impulsando las compras locales\u201d, se\u00f1ala. Concretamente, afirma, \u201ctendremos un espect\u00e1culo de magia de manos del mago David, el creador de sue\u00f1os; la actuaci\u00f3n de los t\u00edteres Tal Cual Troupe, y la intervenci\u00f3n del clown, El Gran Chispita. Todos ellos se encargar\u00e1n de hacer re\u00edr a los m\u00e1s peque\u00f1os del hogar con sus actuaciones\u201d. Adem\u00e1s, tambi\u00e9n habr\u00e1 una ruleta, amenizada por los personajes Zootropolis, \u201cque tendr\u00e1 premios directos para todas las personas que participen, como por ejemplo: entradas de cine, tarjetas regalo, talegas, tazas de desayuno, o golosinas\u201d.<\/p>\n<p style=\"text-align: justify;\">Asimismo, desde la concejal\u00eda de Promoci\u00f3n Econ\u00f3mica recuerdan que \u201cahora m\u00e1s que nunca es fundamental que sigamos trabajando y apostando por promover las compras del comercio local. Uno de los principales ejes vertebradores de la recuperaci\u00f3n de nuestro municipio\u201d.<\/p>\n<p style=\"text-align: justify;\">Por \u00faltimo, desde el Ayuntamiento de Los Llanos de Aridane se invita a todas las personas que lo deseen a participar en esta campa\u00f1a de dinamizaci\u00f3n.<\/p>\n<p>[\/vc_column_text][\/vc_column][\/vc_row]<\/p>\n<\/section>","protected":false},"excerpt":{"rendered":"<p>[vc_row css_animation=\u00bb\u00bb row_type=\u00bbrow\u00bb use_row_as_full_screen_section=\u00bbno\u00bb type=\u00bbfull_width\u00bb angled_section=\u00bbno\u00bb text_align=\u00bbleft\u00bb background_image_as_pattern=\u00bbwithout_pattern\u00bb][vc_column][vc_row_inner row_type=\u00bbrow\u00bb type=\u00bbgrid\u00bb text_align=\u00bbleft\u00bb css_animation=\u00bb\u00bb][vc_column_inner][vc_empty_space height=\u00bb20px\u00bb][vc_empty_space height=\u00bb20px\u00bb][\/vc_column_inner][\/vc_row_inner][vc_column_text] Esta actividad, con la que se busca seguir impulsando y fomentando las compras locales, se desarrollar\u00e1 el pr\u00f3ximo s\u00e1bado 11 de marzo de 10:30 a 13:30 horas y contar\u00e1 con una&#8230;<\/p>\n","protected":false},"author":1,"featured_media":2575,"comment_status":"closed","ping_status":"open","sticky":false,"template":"","format":"standard","meta":{"footnotes":""},"categories":[6],"tags":[],"class_list":["post-1443","post","type-post","status-publish","format-standard","has-post-thumbnail","hentry","category-prensa"],"yoast_head":"<!-- This site is optimized with the Yoast SEO plugin v22.7 - https:\/\/yoast.com\/wordpress\/plugins\/seo\/ -->\n<title>Los Llanos de Aridane pone en marcha la campa\u00f1a de dinamizaci\u00f3n \u2018Pap\u00e1 y yo apoyamos el comercio local\u2019 - Ayuntamiento de Los Llanos de Aridane<\/title>\n<meta name=\"description\" content=\"El Ayuntamiento de Los Llanos de Aridane presenta el cartel y el programa de La Patrona 2021 con el lema \u201cRemedios, m\u00e1s que un nombre.\u201d\" \/>\n<meta name=\"robots\" content=\"index, follow, max-snippet:-1, max-image-preview:large, max-video-preview:-1\" \/>\n<link rel=\"canonical\" href=\"https:\/\/www.aridane.org\/city\/2023\/03\/06\/los-llanos-de-aridane-pone-en-marcha-la-campana-de-dinamizacion-papa-y-yo-apoyamos-el-comercio-local\/\" \/>\n<meta property=\"og:locale\" content=\"es_ES\" \/>\n<meta property=\"og:type\" content=\"article\" \/>\n<meta property=\"og:title\" content=\"Los Llanos de Aridane pone en marcha la campa\u00f1a de dinamizaci\u00f3n \u2018Pap\u00e1 y yo apoyamos el comercio local\u2019 - Ayuntamiento de Los Llanos de Aridane\" \/>\n<meta property=\"og:description\" content=\"El Ayuntamiento de Los Llanos de Aridane presenta el cartel y el programa de La Patrona 2021 con el lema \u201cRemedios, m\u00e1s que un nombre.\u201d\" \/>\n<meta property=\"og:url\" content=\"https:\/\/www.aridane.org\/city\/2023\/03\/06\/los-llanos-de-aridane-pone-en-marcha-la-campana-de-dinamizacion-papa-y-yo-apoyamos-el-comercio-local\/\" \/>\n<meta property=\"og:site_name\" content=\"Ayuntamiento de Los Llanos de Aridane\" \/>\n<meta property=\"article:published_time\" content=\"2023-03-06T10:41:23+00:00\" \/>\n<meta property=\"article:modified_time\" content=\"2023-07-27T12:52:23+00:00\" \/>\n<meta property=\"og:image\" content=\"https:\/\/www.aridane.org\/city\/wp-content\/uploads\/2023\/03\/papa_y_yo_campana.jpg\" \/>\n\t<meta property=\"og:image:width\" content=\"1200\" \/>\n\t<meta property=\"og:image:height\" content=\"675\" \/>\n\t<meta property=\"og:image:type\" content=\"image\/jpeg\" \/>\n<meta name=\"author\" content=\"Richard Diaz\" \/>\n<meta name=\"twitter:card\" content=\"summary_large_image\" \/>\n<meta name=\"twitter:label1\" content=\"Escrito por\" \/>\n\t<meta name=\"twitter:data1\" content=\"Richard Diaz\" \/>\n\t<meta name=\"twitter:label2\" content=\"Tiempo de lectura\" \/>\n\t<meta name=\"twitter:data2\" content=\"2 minutos\" \/>\n<script type=\"application\/ld+json\" class=\"yoast-schema-graph\">{\"@context\":\"https:\/\/schema.org\",\"@graph\":[{\"@type\":\"WebPage\",\"@id\":\"https:\/\/www.aridane.org\/city\/2023\/03\/06\/los-llanos-de-aridane-pone-en-marcha-la-campana-de-dinamizacion-papa-y-yo-apoyamos-el-comercio-local\/\",\"url\":\"https:\/\/www.aridane.org\/city\/2023\/03\/06\/los-llanos-de-aridane-pone-en-marcha-la-campana-de-dinamizacion-papa-y-yo-apoyamos-el-comercio-local\/\",\"name\":\"Los Llanos de Aridane pone en marcha la campa\u00f1a de dinamizaci\u00f3n \u2018Pap\u00e1 y yo apoyamos el comercio local\u2019 - Ayuntamiento de Los Llanos de Aridane\",\"isPartOf\":{\"@id\":\"https:\/\/www.aridane.org\/city\/#website\"},\"primaryImageOfPage\":{\"@id\":\"https:\/\/www.aridane.org\/city\/2023\/03\/06\/los-llanos-de-aridane-pone-en-marcha-la-campana-de-dinamizacion-papa-y-yo-apoyamos-el-comercio-local\/#primaryimage\"},\"image\":{\"@id\":\"https:\/\/www.aridane.org\/city\/2023\/03\/06\/los-llanos-de-aridane-pone-en-marcha-la-campana-de-dinamizacion-papa-y-yo-apoyamos-el-comercio-local\/#primaryimage\"},\"thumbnailUrl\":\"https:\/\/www.aridane.org\/city\/wp-content\/uploads\/2023\/03\/papa_y_yo_campana.jpg\",\"datePublished\":\"2023-03-06T10:41:23+00:00\",\"dateModified\":\"2023-07-27T12:52:23+00:00\",\"author\":{\"@id\":\"https:\/\/www.aridane.org\/city\/#\/schema\/person\/7d352ec7f29881716f298394432e7209\"},\"description\":\"El Ayuntamiento de Los Llanos de Aridane presenta el cartel y el programa de La Patrona 2021 con el lema \u201cRemedios, m\u00e1s que un nombre.\u201d\",\"breadcrumb\":{\"@id\":\"https:\/\/www.aridane.org\/city\/2023\/03\/06\/los-llanos-de-aridane-pone-en-marcha-la-campana-de-dinamizacion-papa-y-yo-apoyamos-el-comercio-local\/#breadcrumb\"},\"inLanguage\":\"es\",\"potentialAction\":[{\"@type\":\"ReadAction\",\"target\":[\"https:\/\/www.aridane.org\/city\/2023\/03\/06\/los-llanos-de-aridane-pone-en-marcha-la-campana-de-dinamizacion-papa-y-yo-apoyamos-el-comercio-local\/\"]}]},{\"@type\":\"ImageObject\",\"inLanguage\":\"es\",\"@id\":\"https:\/\/www.aridane.org\/city\/2023\/03\/06\/los-llanos-de-aridane-pone-en-marcha-la-campana-de-dinamizacion-papa-y-yo-apoyamos-el-comercio-local\/#primaryimage\",\"url\":\"https:\/\/www.aridane.org\/city\/wp-content\/uploads\/2023\/03\/papa_y_yo_campana.jpg\",\"contentUrl\":\"https:\/\/www.aridane.org\/city\/wp-content\/uploads\/2023\/03\/papa_y_yo_campana.jpg\",\"width\":1200,\"height\":675},{\"@type\":\"BreadcrumbList\",\"@id\":\"https:\/\/www.aridane.org\/city\/2023\/03\/06\/los-llanos-de-aridane-pone-en-marcha-la-campana-de-dinamizacion-papa-y-yo-apoyamos-el-comercio-local\/#breadcrumb\",\"itemListElement\":[{\"@type\":\"ListItem\",\"position\":1,\"name\":\"Portada\",\"item\":\"https:\/\/www.aridane.org\/city\/\"},{\"@type\":\"ListItem\",\"position\":2,\"name\":\"Los Llanos de Aridane pone en marcha la campa\u00f1a de dinamizaci\u00f3n \u2018Pap\u00e1 y yo apoyamos el comercio local\u2019\"}]},{\"@type\":\"WebSite\",\"@id\":\"https:\/\/www.aridane.org\/city\/#website\",\"url\":\"https:\/\/www.aridane.org\/city\/\",\"name\":\"Ayuntamiento de Los Llanos de Aridane\",\"description\":\"\",\"potentialAction\":[{\"@type\":\"SearchAction\",\"target\":{\"@type\":\"EntryPoint\",\"urlTemplate\":\"https:\/\/www.aridane.org\/city\/?s={search_term_string}\"},\"query-input\":\"required name=search_term_string\"}],\"inLanguage\":\"es\"},{\"@type\":\"Person\",\"@id\":\"https:\/\/www.aridane.org\/city\/#\/schema\/person\/7d352ec7f29881716f298394432e7209\",\"name\":\"Richard Diaz\",\"image\":{\"@type\":\"ImageObject\",\"inLanguage\":\"es\",\"@id\":\"https:\/\/www.aridane.org\/city\/#\/schema\/person\/image\/\",\"url\":\"https:\/\/secure.gravatar.com\/avatar\/bacd6aefc26a4a204943090a4c596cd10f0857081ef3cfd12084a70ecb3161d5?s=96&d=mm&r=g\",\"contentUrl\":\"https:\/\/secure.gravatar.com\/avatar\/bacd6aefc26a4a204943090a4c596cd10f0857081ef3cfd12084a70ecb3161d5?s=96&d=mm&r=g\",\"caption\":\"Richard Diaz\"},\"sameAs\":[\"https:\/\/www.aridane.org\/city\"],\"url\":\"https:\/\/www.aridane.org\/city\/author\/richard-diaz\/\"}]}<\/script>\n<!-- \/ Yoast SEO plugin. -->","yoast_head_json":{"title":"Los Llanos de Aridane pone en marcha la campa\u00f1a de dinamizaci\u00f3n \u2018Pap\u00e1 y yo apoyamos el comercio local\u2019 - Ayuntamiento de Los Llanos de Aridane","description":"El Ayuntamiento de Los Llanos de Aridane presenta el cartel y el programa de La Patrona 2021 con el lema \u201cRemedios, m\u00e1s que un nombre.\u201d","robots":{"index":"index","follow":"follow","max-snippet":"max-snippet:-1","max-image-preview":"max-image-preview:large","max-video-preview":"max-video-preview:-1"},"canonical":"https:\/\/www.aridane.org\/city\/2023\/03\/06\/los-llanos-de-aridane-pone-en-marcha-la-campana-de-dinamizacion-papa-y-yo-apoyamos-el-comercio-local\/","og_locale":"es_ES","og_type":"article","og_title":"Los Llanos de Aridane pone en marcha la campa\u00f1a de dinamizaci\u00f3n \u2018Pap\u00e1 y yo apoyamos el comercio local\u2019 - Ayuntamiento de Los Llanos de Aridane","og_description":"El Ayuntamiento de Los Llanos de Aridane presenta el cartel y el programa de La Patrona 2021 con el lema \u201cRemedios, m\u00e1s que un nombre.\u201d","og_url":"https:\/\/www.aridane.org\/city\/2023\/03\/06\/los-llanos-de-aridane-pone-en-marcha-la-campana-de-dinamizacion-papa-y-yo-apoyamos-el-comercio-local\/","og_site_name":"Ayuntamiento de Los Llanos de Aridane","article_published_time":"2023-03-06T10:41:23+00:00","article_modified_time":"2023-07-27T12:52:23+00:00","og_image":[{"width":1200,"height":675,"url":"https:\/\/www.aridane.org\/city\/wp-content\/uploads\/2023\/03\/papa_y_yo_campana.jpg","type":"image\/jpeg"}],"author":"Richard Diaz","twitter_card":"summary_large_image","twitter_misc":{"Escrito por":"Richard Diaz","Tiempo de lectura":"2 minutos"},"schema":{"@context":"https:\/\/schema.org","@graph":[{"@type":"WebPage","@id":"https:\/\/www.aridane.org\/city\/2023\/03\/06\/los-llanos-de-aridane-pone-en-marcha-la-campana-de-dinamizacion-papa-y-yo-apoyamos-el-comercio-local\/","url":"https:\/\/www.aridane.org\/city\/2023\/03\/06\/los-llanos-de-aridane-pone-en-marcha-la-campana-de-dinamizacion-papa-y-yo-apoyamos-el-comercio-local\/","name":"Los Llanos de Aridane pone en marcha la campa\u00f1a de dinamizaci\u00f3n \u2018Pap\u00e1 y yo apoyamos el comercio local\u2019 - Ayuntamiento de Los Llanos de Aridane","isPartOf":{"@id":"https:\/\/www.aridane.org\/city\/#website"},"primaryImageOfPage":{"@id":"https:\/\/www.aridane.org\/city\/2023\/03\/06\/los-llanos-de-aridane-pone-en-marcha-la-campana-de-dinamizacion-papa-y-yo-apoyamos-el-comercio-local\/#primaryimage"},"image":{"@id":"https:\/\/www.aridane.org\/city\/2023\/03\/06\/los-llanos-de-aridane-pone-en-marcha-la-campana-de-dinamizacion-papa-y-yo-apoyamos-el-comercio-local\/#primaryimage"},"thumbnailUrl":"https:\/\/www.aridane.org\/city\/wp-content\/uploads\/2023\/03\/papa_y_yo_campana.jpg","datePublished":"2023-03-06T10:41:23+00:00","dateModified":"2023-07-27T12:52:23+00:00","author":{"@id":"https:\/\/www.aridane.org\/city\/#\/schema\/person\/7d352ec7f29881716f298394432e7209"},"description":"El Ayuntamiento de Los Llanos de Aridane presenta el cartel y el programa de La Patrona 2021 con el lema \u201cRemedios, m\u00e1s que un nombre.\u201d","breadcrumb":{"@id":"https:\/\/www.aridane.org\/city\/2023\/03\/06\/los-llanos-de-aridane-pone-en-marcha-la-campana-de-dinamizacion-papa-y-yo-apoyamos-el-comercio-local\/#breadcrumb"},"inLanguage":"es","potentialAction":[{"@type":"ReadAction","target":["https:\/\/www.aridane.org\/city\/2023\/03\/06\/los-llanos-de-aridane-pone-en-marcha-la-campana-de-dinamizacion-papa-y-yo-apoyamos-el-comercio-local\/"]}]},{"@type":"ImageObject","inLanguage":"es","@id":"https:\/\/www.aridane.org\/city\/2023\/03\/06\/los-llanos-de-aridane-pone-en-marcha-la-campana-de-dinamizacion-papa-y-yo-apoyamos-el-comercio-local\/#primaryimage","url":"https:\/\/www.aridane.org\/city\/wp-content\/uploads\/2023\/03\/papa_y_yo_campana.jpg","contentUrl":"https:\/\/www.aridane.org\/city\/wp-content\/uploads\/2023\/03\/papa_y_yo_campana.jpg","width":1200,"height":675},{"@type":"BreadcrumbList","@id":"https:\/\/www.aridane.org\/city\/2023\/03\/06\/los-llanos-de-aridane-pone-en-marcha-la-campana-de-dinamizacion-papa-y-yo-apoyamos-el-comercio-local\/#breadcrumb","itemListElement":[{"@type":"ListItem","position":1,"name":"Portada","item":"https:\/\/www.aridane.org\/city\/"},{"@type":"ListItem","position":2,"name":"Los Llanos de Aridane pone en marcha la campa\u00f1a de dinamizaci\u00f3n \u2018Pap\u00e1 y yo apoyamos el comercio local\u2019"}]},{"@type":"WebSite","@id":"https:\/\/www.aridane.org\/city\/#website","url":"https:\/\/www.aridane.org\/city\/","name":"Ayuntamiento de Los Llanos de Aridane","description":"","potentialAction":[{"@type":"SearchAction","target":{"@type":"EntryPoint","urlTemplate":"https:\/\/www.aridane.org\/city\/?s={search_term_string}"},"query-input":"required name=search_term_string"}],"inLanguage":"es"},{"@type":"Person","@id":"https:\/\/www.aridane.org\/city\/#\/schema\/person\/7d352ec7f29881716f298394432e7209","name":"Richard Diaz","image":{"@type":"ImageObject","inLanguage":"es","@id":"https:\/\/www.aridane.org\/city\/#\/schema\/person\/image\/","url":"https:\/\/secure.gravatar.com\/avatar\/bacd6aefc26a4a204943090a4c596cd10f0857081ef3cfd12084a70ecb3161d5?s=96&d=mm&r=g","contentUrl":"https:\/\/secure.gravatar.com\/avatar\/bacd6aefc26a4a204943090a4c596cd10f0857081ef3cfd12084a70ecb3161d5?s=96&d=mm&r=g","caption":"Richard Diaz"},"sameAs":["https:\/\/www.aridane.org\/city"],"url":"https:\/\/www.aridane.org\/city\/author\/richard-diaz\/"}]}},"_links":{"self":[{"href":"https:\/\/www.aridane.org\/city\/wp-json\/wp\/v2\/posts\/1443","targetHints":{"allow":["GET"]}}],"collection":[{"href":"https:\/\/www.aridane.org\/city\/wp-json\/wp\/v2\/posts"}],"about":[{"href":"https:\/\/www.aridane.org\/city\/wp-json\/wp\/v2\/types\/post"}],"author":[{"embeddable":true,"href":"https:\/\/www.aridane.org\/city\/wp-json\/wp\/v2\/users\/1"}],"replies":[{"embeddable":true,"href":"https:\/\/www.aridane.org\/city\/wp-json\/wp\/v2\/comments?post=1443"}],"version-history":[{"count":1,"href":"https:\/\/www.aridane.org\/city\/wp-json\/wp\/v2\/posts\/1443\/revisions"}],"predecessor-version":[{"id":2576,"href":"https:\/\/www.aridane.org\/city\/wp-json\/wp\/v2\/posts\/1443\/revisions\/2576"}],"wp:featuredmedia":[{"embeddable":true,"href":"https:\/\/www.aridane.org\/city\/wp-json\/wp\/v2\/media\/2575"}],"wp:attachment":[{"href":"https:\/\/www.aridane.org\/city\/wp-json\/wp\/v2\/media?parent=1443"}],"wp:term":[{"taxonomy":"category","embeddable":true,"href":"https:\/\/www.aridane.org\/city\/wp-json\/wp\/v2\/categories?post=1443"},{"taxonomy":"post_tag","embeddable":true,"href":"https:\/\/www.aridane.org\/city\/wp-json\/wp\/v2\/tags?post=1443"}],"curies":[{"name":"wp","href":"https:\/\/api.w.org\/{rel}","templated":true}]}}