{"id":1446,"date":"2023-03-06T10:37:15","date_gmt":"2023-03-06T10:37:15","guid":{"rendered":"https:\/\/aridane.org\/ciudad\/?p=1446"},"modified":"2023-07-27T12:55:06","modified_gmt":"2023-07-27T12:55:06","slug":"el-ayuntamiento-de-los-llanos-de-aridane-destina-por-segundo-ano-consecutivo-80-000-euros-para-ayudas-al-desplazamiento-de-estudiantes-que-cursan-sus-estudios-fuera-de-la-isla","status":"publish","type":"post","link":"https:\/\/www.aridane.org\/city\/2023\/03\/06\/el-ayuntamiento-de-los-llanos-de-aridane-destina-por-segundo-ano-consecutivo-80-000-euros-para-ayudas-al-desplazamiento-de-estudiantes-que-cursan-sus-estudios-fuera-de-la-isla\/","title":{"rendered":"El Ayuntamiento de Los Llanos de Aridane destina por segundo a\u00f1o consecutivo 80.000 euros para ayudas al desplazamiento de estudiantes que cursan sus estudios fuera de la Isla"},"content":{"rendered":"<section class=\"wpb-content-wrapper\"><p>[vc_row css_animation=\u00bb\u00bb row_type=\u00bbrow\u00bb use_row_as_full_screen_section=\u00bbno\u00bb type=\u00bbfull_width\u00bb angled_section=\u00bbno\u00bb text_align=\u00bbleft\u00bb background_image_as_pattern=\u00bbwithout_pattern\u00bb][vc_column][vc_row_inner row_type=\u00bbrow\u00bb type=\u00bbgrid\u00bb text_align=\u00bbleft\u00bb css_animation=\u00bb\u00bb][vc_column_inner][vc_empty_space height=\u00bb20px\u00bb][vc_empty_space height=\u00bb20px\u00bb][\/vc_column_inner][\/vc_row_inner][vc_column_text]<\/p>\n<ul>\n<li style=\"text-align: justify;\"><em>Garc\u00eda Leal pone en valor el importante esfuerzo que se hace desde la corporaci\u00f3n local para doblar esta partida con respecto a a\u00f1os previos al 2022, con el objetivo de seguir apoyando a las familias del municipio.<\/em><\/li>\n<li style=\"text-align: justify;\"><em>Adem\u00e1s, confirma en el a\u00f1o pasado 181 estudiantes aridanenses se beneficiaron de esta subvenci\u00f3n.<\/em><\/li>\n<\/ul>\n<p>&nbsp;<\/p>\n<p style=\"text-align: justify;\"><strong>Los Llanos de Aridane, 6 de marzo de 2023.-<\/strong> El Ayuntamiento de Los Llanos de Aridane a trav\u00e9s de su alcaldesa, Noelia Garc\u00eda Leal, ha confirmado que desde hoy, 6 de marzo, y hasta el pr\u00f3ximo 5 de abril estar\u00e1 abierto el plazo para que aquellos estudiantes aridanenses que cursan sus estudios fuera de la isla, y cumplan con los requisitos, puedan solicitar las ayudas al desplazamiento.<\/p>\n<p style=\"text-align: justify;\">Garc\u00eda Leal explica que, por segundo a\u00f1o consecutivo, la corporaci\u00f3n municipal ha vuelto hacer un importante esfuerzo para ayudar a las familias aridanense destinando una inversi\u00f3n de 80.000 euros, \u201clo que supone el doble de inversi\u00f3n que los a\u00f1os previos al 2022\u201d, se\u00f1ala. Adem\u00e1s, confirma que ya el a\u00f1o pasado esta subvenci\u00f3n lleg\u00f3 a 181 estudiantes aridanenses, \u201cy esperamos que este a\u00f1os tambi\u00e9n sirva para apoyar a un importante n\u00famero de familias del municipio, para que puedan hacer frente a los gastos que se generan en aquellos casos en los que los alumnos se deben desplazar fuera para continuar con su formaci\u00f3n acad\u00e9mica en ciclos formativos o universitarios\u201d, se\u00f1ala.<\/p>\n<p style=\"text-align: justify;\">Desde la concejal\u00eda de Juventud se\u00f1alan que algunos de los requisitos que se deben cumplir son: estar empadronados en el municipio con una antig\u00fcedad m\u00ednima de un a\u00f1o anterior a la fecha de presentaci\u00f3n de la solicitud; estar matriculado\/a en el curso acad\u00e9mico correspondiente; que la Universidad o Centro Educativo donde se encuentre matriculado\/a radique fuera de la isla de La Palma; que los estudios cursados no puedan realizarse en ning\u00fan centro de la isla de La Palma; para estudiantes universitarios, estar matriculados en un m\u00ednimo de 30 cr\u00e9ditos, salvo que se justifique de manera debida que el n\u00famero de cr\u00e9ditos matriculados es menor por ser los estrictamente necesarios para la terminaci\u00f3n de los respectivos estudios; y que el centro en el que se est\u00e1 matriculado en ning\u00fan caso puede ser de car\u00e1cter privado, debiendo ser adem\u00e1s centros regulados por las Administraciones Educativas.<\/p>\n<p style=\"text-align: justify;\">Adem\u00e1s, afirman que ser\u00e1n subvencionables los gastos ocasionados por cursar estudios fuera de la isla de La Palma por los estudiantes empadronados en este municipio, consider\u00e1ndose que la mera presentaci\u00f3n de una matr\u00edcula correspondiente a un centro educativo que no pertenezca a esta Isla es t\u00edtulo habilitante para considerar justificado este gasto. Tambi\u00e9n se recuerda que esta<br \/>\nsubvenci\u00f3n es compatible con la obtenci\u00f3n de cualquier otra subvenci\u00f3n, ayudas, ingreso o recurso para la misma finalidad, procedentes de cualesquiera Administraciones o entes p\u00fablicos o privados, nacionales, de la Uni\u00f3n Europea o de organismos internacionales.<\/p>\n<p style=\"text-align: justify;\">Por \u00faltimo, desde el Ayuntamiento de Los Llanos de Aridane recuerdan que la documentaci\u00f3n se puede presentar por la sede electr\u00f3nica del Ayuntamiento en el apartado de tr\u00e1mite Educaci\u00f3n con certificado digital o DNI electr\u00f3nico, o presencialmente en el Registro General del Ayuntamiento o en el Centro de Informaci\u00f3n Juvenil del Ayuntamiento situado en la 1\u00aa planta de la Casa de la Cultura.<\/p>\n<p>[\/vc_column_text][\/vc_column][\/vc_row]<\/p>\n<\/section>","protected":false},"excerpt":{"rendered":"<p>[vc_row css_animation=\u00bb\u00bb row_type=\u00bbrow\u00bb use_row_as_full_screen_section=\u00bbno\u00bb type=\u00bbfull_width\u00bb angled_section=\u00bbno\u00bb text_align=\u00bbleft\u00bb background_image_as_pattern=\u00bbwithout_pattern\u00bb][vc_column][vc_row_inner row_type=\u00bbrow\u00bb type=\u00bbgrid\u00bb text_align=\u00bbleft\u00bb css_animation=\u00bb\u00bb][vc_column_inner][vc_empty_space height=\u00bb20px\u00bb][vc_empty_space height=\u00bb20px\u00bb][\/vc_column_inner][\/vc_row_inner][vc_column_text] Garc\u00eda Leal pone en valor el importante esfuerzo que se hace desde la corporaci\u00f3n local para doblar esta partida con respecto a a\u00f1os previos al 2022, con el objetivo de seguir&#8230;<\/p>\n","protected":false},"author":1,"featured_media":2577,"comment_status":"closed","ping_status":"open","sticky":false,"template":"","format":"standard","meta":{"footnotes":""},"categories":[6],"tags":[],"class_list":["post-1446","post","type-post","status-publish","format-standard","has-post-thumbnail","hentry","category-prensa"],"yoast_head":"<!-- This site is optimized with the Yoast SEO plugin v22.7 - https:\/\/yoast.com\/wordpress\/plugins\/seo\/ -->\n<title>El Ayuntamiento de Los Llanos de Aridane destina por segundo a\u00f1o consecutivo 80.000 euros para ayudas al desplazamiento de estudiantes que cursan sus estudios fuera de la Isla - Ayuntamiento de Los Llanos de Aridane<\/title>\n<meta name=\"description\" content=\"El Ayuntamiento de Los Llanos de Aridane presenta el cartel y el programa de La Patrona 2021 con el lema \u201cRemedios, m\u00e1s que un nombre.\u201d\" \/>\n<meta name=\"robots\" content=\"index, follow, max-snippet:-1, max-image-preview:large, max-video-preview:-1\" \/>\n<link rel=\"canonical\" href=\"https:\/\/www.aridane.org\/city\/2023\/03\/06\/el-ayuntamiento-de-los-llanos-de-aridane-destina-por-segundo-ano-consecutivo-80-000-euros-para-ayudas-al-desplazamiento-de-estudiantes-que-cursan-sus-estudios-fuera-de-la-isla\/\" \/>\n<meta property=\"og:locale\" content=\"es_ES\" \/>\n<meta property=\"og:type\" content=\"article\" \/>\n<meta property=\"og:title\" content=\"El Ayuntamiento de Los Llanos de Aridane destina por segundo a\u00f1o consecutivo 80.000 euros para ayudas al desplazamiento de estudiantes que cursan sus estudios fuera de la Isla - Ayuntamiento de Los Llanos de Aridane\" \/>\n<meta property=\"og:description\" content=\"El Ayuntamiento de Los Llanos de Aridane presenta el cartel y el programa de La Patrona 2021 con el lema \u201cRemedios, m\u00e1s que un nombre.\u201d\" \/>\n<meta property=\"og:url\" content=\"https:\/\/www.aridane.org\/city\/2023\/03\/06\/el-ayuntamiento-de-los-llanos-de-aridane-destina-por-segundo-ano-consecutivo-80-000-euros-para-ayudas-al-desplazamiento-de-estudiantes-que-cursan-sus-estudios-fuera-de-la-isla\/\" \/>\n<meta property=\"og:site_name\" content=\"Ayuntamiento de Los Llanos de Aridane\" \/>\n<meta property=\"article:published_time\" content=\"2023-03-06T10:37:15+00:00\" \/>\n<meta property=\"article:modified_time\" content=\"2023-07-27T12:55:06+00:00\" \/>\n<meta property=\"og:image\" content=\"https:\/\/www.aridane.org\/city\/wp-content\/uploads\/2023\/03\/ayudas_al_desplazamiento_estudiantes.jpg\" \/>\n\t<meta property=\"og:image:width\" content=\"1200\" \/>\n\t<meta property=\"og:image:height\" content=\"675\" \/>\n\t<meta property=\"og:image:type\" content=\"image\/jpeg\" \/>\n<meta name=\"author\" content=\"Richard Diaz\" \/>\n<meta name=\"twitter:card\" content=\"summary_large_image\" \/>\n<meta name=\"twitter:label1\" content=\"Escrito por\" \/>\n\t<meta name=\"twitter:data1\" content=\"Richard Diaz\" \/>\n\t<meta name=\"twitter:label2\" content=\"Tiempo de lectura\" \/>\n\t<meta name=\"twitter:data2\" content=\"3 minutos\" \/>\n<script type=\"application\/ld+json\" class=\"yoast-schema-graph\">{\"@context\":\"https:\/\/schema.org\",\"@graph\":[{\"@type\":\"WebPage\",\"@id\":\"https:\/\/www.aridane.org\/city\/2023\/03\/06\/el-ayuntamiento-de-los-llanos-de-aridane-destina-por-segundo-ano-consecutivo-80-000-euros-para-ayudas-al-desplazamiento-de-estudiantes-que-cursan-sus-estudios-fuera-de-la-isla\/\",\"url\":\"https:\/\/www.aridane.org\/city\/2023\/03\/06\/el-ayuntamiento-de-los-llanos-de-aridane-destina-por-segundo-ano-consecutivo-80-000-euros-para-ayudas-al-desplazamiento-de-estudiantes-que-cursan-sus-estudios-fuera-de-la-isla\/\",\"name\":\"El Ayuntamiento de Los Llanos de Aridane destina por segundo a\u00f1o consecutivo 80.000 euros para ayudas al desplazamiento de estudiantes que cursan sus estudios fuera de la Isla - Ayuntamiento de Los Llanos de Aridane\",\"isPartOf\":{\"@id\":\"https:\/\/www.aridane.org\/city\/#website\"},\"primaryImageOfPage\":{\"@id\":\"https:\/\/www.aridane.org\/city\/2023\/03\/06\/el-ayuntamiento-de-los-llanos-de-aridane-destina-por-segundo-ano-consecutivo-80-000-euros-para-ayudas-al-desplazamiento-de-estudiantes-que-cursan-sus-estudios-fuera-de-la-isla\/#primaryimage\"},\"image\":{\"@id\":\"https:\/\/www.aridane.org\/city\/2023\/03\/06\/el-ayuntamiento-de-los-llanos-de-aridane-destina-por-segundo-ano-consecutivo-80-000-euros-para-ayudas-al-desplazamiento-de-estudiantes-que-cursan-sus-estudios-fuera-de-la-isla\/#primaryimage\"},\"thumbnailUrl\":\"https:\/\/www.aridane.org\/city\/wp-content\/uploads\/2023\/03\/ayudas_al_desplazamiento_estudiantes.jpg\",\"datePublished\":\"2023-03-06T10:37:15+00:00\",\"dateModified\":\"2023-07-27T12:55:06+00:00\",\"author\":{\"@id\":\"https:\/\/www.aridane.org\/city\/#\/schema\/person\/7d352ec7f29881716f298394432e7209\"},\"description\":\"El Ayuntamiento de Los Llanos de Aridane presenta el cartel y el programa de La Patrona 2021 con el lema \u201cRemedios, m\u00e1s que un nombre.\u201d\",\"breadcrumb\":{\"@id\":\"https:\/\/www.aridane.org\/city\/2023\/03\/06\/el-ayuntamiento-de-los-llanos-de-aridane-destina-por-segundo-ano-consecutivo-80-000-euros-para-ayudas-al-desplazamiento-de-estudiantes-que-cursan-sus-estudios-fuera-de-la-isla\/#breadcrumb\"},\"inLanguage\":\"es\",\"potentialAction\":[{\"@type\":\"ReadAction\",\"target\":[\"https:\/\/www.aridane.org\/city\/2023\/03\/06\/el-ayuntamiento-de-los-llanos-de-aridane-destina-por-segundo-ano-consecutivo-80-000-euros-para-ayudas-al-desplazamiento-de-estudiantes-que-cursan-sus-estudios-fuera-de-la-isla\/\"]}]},{\"@type\":\"ImageObject\",\"inLanguage\":\"es\",\"@id\":\"https:\/\/www.aridane.org\/city\/2023\/03\/06\/el-ayuntamiento-de-los-llanos-de-aridane-destina-por-segundo-ano-consecutivo-80-000-euros-para-ayudas-al-desplazamiento-de-estudiantes-que-cursan-sus-estudios-fuera-de-la-isla\/#primaryimage\",\"url\":\"https:\/\/www.aridane.org\/city\/wp-content\/uploads\/2023\/03\/ayudas_al_desplazamiento_estudiantes.jpg\",\"contentUrl\":\"https:\/\/www.aridane.org\/city\/wp-content\/uploads\/2023\/03\/ayudas_al_desplazamiento_estudiantes.jpg\",\"width\":1200,\"height\":675},{\"@type\":\"BreadcrumbList\",\"@id\":\"https:\/\/www.aridane.org\/city\/2023\/03\/06\/el-ayuntamiento-de-los-llanos-de-aridane-destina-por-segundo-ano-consecutivo-80-000-euros-para-ayudas-al-desplazamiento-de-estudiantes-que-cursan-sus-estudios-fuera-de-la-isla\/#breadcrumb\",\"itemListElement\":[{\"@type\":\"ListItem\",\"position\":1,\"name\":\"Portada\",\"item\":\"https:\/\/www.aridane.org\/city\/\"},{\"@type\":\"ListItem\",\"position\":2,\"name\":\"El Ayuntamiento de Los Llanos de Aridane destina por segundo a\u00f1o consecutivo 80.000 euros para ayudas al desplazamiento de estudiantes que cursan sus estudios fuera de la Isla\"}]},{\"@type\":\"WebSite\",\"@id\":\"https:\/\/www.aridane.org\/city\/#website\",\"url\":\"https:\/\/www.aridane.org\/city\/\",\"name\":\"Ayuntamiento de Los Llanos de Aridane\",\"description\":\"\",\"potentialAction\":[{\"@type\":\"SearchAction\",\"target\":{\"@type\":\"EntryPoint\",\"urlTemplate\":\"https:\/\/www.aridane.org\/city\/?s={search_term_string}\"},\"query-input\":\"required name=search_term_string\"}],\"inLanguage\":\"es\"},{\"@type\":\"Person\",\"@id\":\"https:\/\/www.aridane.org\/city\/#\/schema\/person\/7d352ec7f29881716f298394432e7209\",\"name\":\"Richard Diaz\",\"image\":{\"@type\":\"ImageObject\",\"inLanguage\":\"es\",\"@id\":\"https:\/\/www.aridane.org\/city\/#\/schema\/person\/image\/\",\"url\":\"https:\/\/secure.gravatar.com\/avatar\/bacd6aefc26a4a204943090a4c596cd10f0857081ef3cfd12084a70ecb3161d5?s=96&d=mm&r=g\",\"contentUrl\":\"https:\/\/secure.gravatar.com\/avatar\/bacd6aefc26a4a204943090a4c596cd10f0857081ef3cfd12084a70ecb3161d5?s=96&d=mm&r=g\",\"caption\":\"Richard Diaz\"},\"sameAs\":[\"https:\/\/www.aridane.org\/city\"],\"url\":\"https:\/\/www.aridane.org\/city\/author\/richard-diaz\/\"}]}<\/script>\n<!-- \/ Yoast SEO plugin. -->","yoast_head_json":{"title":"El Ayuntamiento de Los Llanos de Aridane destina por segundo a\u00f1o consecutivo 80.000 euros para ayudas al desplazamiento de estudiantes que cursan sus estudios fuera de la Isla - Ayuntamiento de Los Llanos de Aridane","description":"El Ayuntamiento de Los Llanos de Aridane presenta el cartel y el programa de La Patrona 2021 con el lema \u201cRemedios, m\u00e1s que un nombre.\u201d","robots":{"index":"index","follow":"follow","max-snippet":"max-snippet:-1","max-image-preview":"max-image-preview:large","max-video-preview":"max-video-preview:-1"},"canonical":"https:\/\/www.aridane.org\/city\/2023\/03\/06\/el-ayuntamiento-de-los-llanos-de-aridane-destina-por-segundo-ano-consecutivo-80-000-euros-para-ayudas-al-desplazamiento-de-estudiantes-que-cursan-sus-estudios-fuera-de-la-isla\/","og_locale":"es_ES","og_type":"article","og_title":"El Ayuntamiento de Los Llanos de Aridane destina por segundo a\u00f1o consecutivo 80.000 euros para ayudas al desplazamiento de estudiantes que cursan sus estudios fuera de la Isla - Ayuntamiento de Los Llanos de Aridane","og_description":"El Ayuntamiento de Los Llanos de Aridane presenta el cartel y el programa de La Patrona 2021 con el lema \u201cRemedios, m\u00e1s que un nombre.\u201d","og_url":"https:\/\/www.aridane.org\/city\/2023\/03\/06\/el-ayuntamiento-de-los-llanos-de-aridane-destina-por-segundo-ano-consecutivo-80-000-euros-para-ayudas-al-desplazamiento-de-estudiantes-que-cursan-sus-estudios-fuera-de-la-isla\/","og_site_name":"Ayuntamiento de Los Llanos de Aridane","article_published_time":"2023-03-06T10:37:15+00:00","article_modified_time":"2023-07-27T12:55:06+00:00","og_image":[{"width":1200,"height":675,"url":"https:\/\/www.aridane.org\/city\/wp-content\/uploads\/2023\/03\/ayudas_al_desplazamiento_estudiantes.jpg","type":"image\/jpeg"}],"author":"Richard Diaz","twitter_card":"summary_large_image","twitter_misc":{"Escrito por":"Richard Diaz","Tiempo de lectura":"3 minutos"},"schema":{"@context":"https:\/\/schema.org","@graph":[{"@type":"WebPage","@id":"https:\/\/www.aridane.org\/city\/2023\/03\/06\/el-ayuntamiento-de-los-llanos-de-aridane-destina-por-segundo-ano-consecutivo-80-000-euros-para-ayudas-al-desplazamiento-de-estudiantes-que-cursan-sus-estudios-fuera-de-la-isla\/","url":"https:\/\/www.aridane.org\/city\/2023\/03\/06\/el-ayuntamiento-de-los-llanos-de-aridane-destina-por-segundo-ano-consecutivo-80-000-euros-para-ayudas-al-desplazamiento-de-estudiantes-que-cursan-sus-estudios-fuera-de-la-isla\/","name":"El Ayuntamiento de Los Llanos de Aridane destina por segundo a\u00f1o consecutivo 80.000 euros para ayudas al desplazamiento de estudiantes que cursan sus estudios fuera de la Isla - Ayuntamiento de Los Llanos de Aridane","isPartOf":{"@id":"https:\/\/www.aridane.org\/city\/#website"},"primaryImageOfPage":{"@id":"https:\/\/www.aridane.org\/city\/2023\/03\/06\/el-ayuntamiento-de-los-llanos-de-aridane-destina-por-segundo-ano-consecutivo-80-000-euros-para-ayudas-al-desplazamiento-de-estudiantes-que-cursan-sus-estudios-fuera-de-la-isla\/#primaryimage"},"image":{"@id":"https:\/\/www.aridane.org\/city\/2023\/03\/06\/el-ayuntamiento-de-los-llanos-de-aridane-destina-por-segundo-ano-consecutivo-80-000-euros-para-ayudas-al-desplazamiento-de-estudiantes-que-cursan-sus-estudios-fuera-de-la-isla\/#primaryimage"},"thumbnailUrl":"https:\/\/www.aridane.org\/city\/wp-content\/uploads\/2023\/03\/ayudas_al_desplazamiento_estudiantes.jpg","datePublished":"2023-03-06T10:37:15+00:00","dateModified":"2023-07-27T12:55:06+00:00","author":{"@id":"https:\/\/www.aridane.org\/city\/#\/schema\/person\/7d352ec7f29881716f298394432e7209"},"description":"El Ayuntamiento de Los Llanos de Aridane presenta el cartel y el programa de La Patrona 2021 con el lema \u201cRemedios, m\u00e1s que un nombre.\u201d","breadcrumb":{"@id":"https:\/\/www.aridane.org\/city\/2023\/03\/06\/el-ayuntamiento-de-los-llanos-de-aridane-destina-por-segundo-ano-consecutivo-80-000-euros-para-ayudas-al-desplazamiento-de-estudiantes-que-cursan-sus-estudios-fuera-de-la-isla\/#breadcrumb"},"inLanguage":"es","potentialAction":[{"@type":"ReadAction","target":["https:\/\/www.aridane.org\/city\/2023\/03\/06\/el-ayuntamiento-de-los-llanos-de-aridane-destina-por-segundo-ano-consecutivo-80-000-euros-para-ayudas-al-desplazamiento-de-estudiantes-que-cursan-sus-estudios-fuera-de-la-isla\/"]}]},{"@type":"ImageObject","inLanguage":"es","@id":"https:\/\/www.aridane.org\/city\/2023\/03\/06\/el-ayuntamiento-de-los-llanos-de-aridane-destina-por-segundo-ano-consecutivo-80-000-euros-para-ayudas-al-desplazamiento-de-estudiantes-que-cursan-sus-estudios-fuera-de-la-isla\/#primaryimage","url":"https:\/\/www.aridane.org\/city\/wp-content\/uploads\/2023\/03\/ayudas_al_desplazamiento_estudiantes.jpg","contentUrl":"https:\/\/www.aridane.org\/city\/wp-content\/uploads\/2023\/03\/ayudas_al_desplazamiento_estudiantes.jpg","width":1200,"height":675},{"@type":"BreadcrumbList","@id":"https:\/\/www.aridane.org\/city\/2023\/03\/06\/el-ayuntamiento-de-los-llanos-de-aridane-destina-por-segundo-ano-consecutivo-80-000-euros-para-ayudas-al-desplazamiento-de-estudiantes-que-cursan-sus-estudios-fuera-de-la-isla\/#breadcrumb","itemListElement":[{"@type":"ListItem","position":1,"name":"Portada","item":"https:\/\/www.aridane.org\/city\/"},{"@type":"ListItem","position":2,"name":"El Ayuntamiento de Los Llanos de Aridane destina por segundo a\u00f1o consecutivo 80.000 euros para ayudas al desplazamiento de estudiantes que cursan sus estudios fuera de la Isla"}]},{"@type":"WebSite","@id":"https:\/\/www.aridane.org\/city\/#website","url":"https:\/\/www.aridane.org\/city\/","name":"Ayuntamiento de Los Llanos de Aridane","description":"","potentialAction":[{"@type":"SearchAction","target":{"@type":"EntryPoint","urlTemplate":"https:\/\/www.aridane.org\/city\/?s={search_term_string}"},"query-input":"required name=search_term_string"}],"inLanguage":"es"},{"@type":"Person","@id":"https:\/\/www.aridane.org\/city\/#\/schema\/person\/7d352ec7f29881716f298394432e7209","name":"Richard Diaz","image":{"@type":"ImageObject","inLanguage":"es","@id":"https:\/\/www.aridane.org\/city\/#\/schema\/person\/image\/","url":"https:\/\/secure.gravatar.com\/avatar\/bacd6aefc26a4a204943090a4c596cd10f0857081ef3cfd12084a70ecb3161d5?s=96&d=mm&r=g","contentUrl":"https:\/\/secure.gravatar.com\/avatar\/bacd6aefc26a4a204943090a4c596cd10f0857081ef3cfd12084a70ecb3161d5?s=96&d=mm&r=g","caption":"Richard Diaz"},"sameAs":["https:\/\/www.aridane.org\/city"],"url":"https:\/\/www.aridane.org\/city\/author\/richard-diaz\/"}]}},"_links":{"self":[{"href":"https:\/\/www.aridane.org\/city\/wp-json\/wp\/v2\/posts\/1446","targetHints":{"allow":["GET"]}}],"collection":[{"href":"https:\/\/www.aridane.org\/city\/wp-json\/wp\/v2\/posts"}],"about":[{"href":"https:\/\/www.aridane.org\/city\/wp-json\/wp\/v2\/types\/post"}],"author":[{"embeddable":true,"href":"https:\/\/www.aridane.org\/city\/wp-json\/wp\/v2\/users\/1"}],"replies":[{"embeddable":true,"href":"https:\/\/www.aridane.org\/city\/wp-json\/wp\/v2\/comments?post=1446"}],"version-history":[{"count":1,"href":"https:\/\/www.aridane.org\/city\/wp-json\/wp\/v2\/posts\/1446\/revisions"}],"predecessor-version":[{"id":2578,"href":"https:\/\/www.aridane.org\/city\/wp-json\/wp\/v2\/posts\/1446\/revisions\/2578"}],"wp:featuredmedia":[{"embeddable":true,"href":"https:\/\/www.aridane.org\/city\/wp-json\/wp\/v2\/media\/2577"}],"wp:attachment":[{"href":"https:\/\/www.aridane.org\/city\/wp-json\/wp\/v2\/media?parent=1446"}],"wp:term":[{"taxonomy":"category","embeddable":true,"href":"https:\/\/www.aridane.org\/city\/wp-json\/wp\/v2\/categories?post=1446"},{"taxonomy":"post_tag","embeddable":true,"href":"https:\/\/www.aridane.org\/city\/wp-json\/wp\/v2\/tags?post=1446"}],"curies":[{"name":"wp","href":"https:\/\/api.w.org\/{rel}","templated":true}]}}