{"id":1448,"date":"2023-03-07T14:36:17","date_gmt":"2023-03-07T14:36:17","guid":{"rendered":"https:\/\/aridane.org\/ciudad\/?p=1448"},"modified":"2023-07-27T07:48:53","modified_gmt":"2023-07-27T07:48:53","slug":"regresan-a-los-llanos-de-aridane-los-talleres-de-ilustracion-bolboreta","status":"publish","type":"post","link":"https:\/\/www.aridane.org\/city\/2023\/03\/07\/regresan-a-los-llanos-de-aridane-los-talleres-de-ilustracion-bolboreta\/","title":{"rendered":"Regresan a Los Llanos de Aridane los talleres de ilustraci\u00f3n Bolboreta"},"content":{"rendered":"<section class=\"wpb-content-wrapper\"><p>[vc_row css_animation=\u00bb\u00bb row_type=\u00bbrow\u00bb use_row_as_full_screen_section=\u00bbno\u00bb type=\u00bbfull_width\u00bb angled_section=\u00bbno\u00bb text_align=\u00bbleft\u00bb background_image_as_pattern=\u00bbwithout_pattern\u00bb][vc_column][vc_row_inner row_type=\u00bbrow\u00bb type=\u00bbgrid\u00bb text_align=\u00bbleft\u00bb css_animation=\u00bb\u00bb][vc_column_inner][vc_empty_space height=\u00bb20px\u00bb][vc_empty_space height=\u00bb20px\u00bb][\/vc_column_inner][\/vc_row_inner][vc_column_text]<\/p>\n<ul>\n<li style=\"text-align: justify;\"><em>Ser\u00e1 este viernes 10 y s\u00e1bado 11 de marzo, con la participaci\u00f3n de las artistas internacionales Carmen Segovia y Mariela Sancari.<\/em><\/li>\n<li style=\"text-align: justify;\">Estos talleres se desarrollar\u00e1n en la Biblioteca P\u00fablica Municipal Mar\u00eda Nieves P\u00e9rez Acosta, de manera gratuita, y la reservar se deber\u00e1 realizar a trav\u00e9s de la plataforma <a href=\"http:\/\/www.tuticketlapalma.com\">www.tuticketlapalma.com<\/a><\/li>\n<\/ul>\n<p>&nbsp;<\/p>\n<p style=\"text-align: justify;\"><strong>Los Llanos de Aridane, 7 de marzo de 2023.-<\/strong> El Ayuntamiento de Los Llanos de Aridane, a trav\u00e9s de la concejal de Cultura, Charo Gonz\u00e1lez, ha confirmado que \u201ceste fin de semana regresan al municipio los talleres de ilustraci\u00f3n Bolboreta, con la participaci\u00f3n de dos artistas internacionales\u201d.<\/p>\n<p style=\"text-align: justify;\">Gonz\u00e1lez explica que \u201cel viernes a partir de las 17:00 horas se desarrollar\u00e1 el taller impartido por Carmen Segovia, ilustradora especializada en narrativa y prensa. Mientras, el al s\u00e1bado a partir de las 10:00 horas se desarrollar\u00e1 el taller impartido por Mariela Sancari, artista autodidacta que reivindica el pensamiento y la pr\u00e1ctica fuera de los circuitos hegem\u00f3nicos de formaci\u00f3n y validaci\u00f3n\u201d, se\u00f1ala.<\/p>\n<p style=\"text-align: justify;\">Adem\u00e1s, la concejal afirma que desde principios del a\u00f1o 2022, estos talleres, se han venido impartiendo en la Biblioteca P\u00fablica Municipal Mar\u00eda Nieves P\u00e9rez Acosta, \u201cy han tenido car\u00e1cter bimestral, varios talleres con ilustradoras e ilustradores de primer nivel, como parte del proyecto global B2030Project vinculado a la implantaci\u00f3n de las ODS\u201d. Asimismo, recuerda que estos talleres, de car\u00e1cter gratuito, son coordinados por Jos\u00e9 Tabares, \u201cy han gozado desde sus inicios de una gran acogida, al suponer clases maestras con aforo limitado y centradas en diversos aspectos relativos al mundo de la ilustraci\u00f3n\u201d.<\/p>\n<p style=\"text-align: justify;\">Por \u00faltimo, desde el Ayuntamiento de Los Llanos de Aridane se\u00f1alan que \u201cpara reservar la asistencia a cada uno de los talleres se deber\u00e1 realizar a trav\u00e9s de la plataforma <a href=\"http:\/\/www.tuticketlapalma.com\">www.tuticketlapalma.com<\/a> \u201d.<\/p>\n<p style=\"text-align: justify;\"><strong>Carmen Segovia<\/strong><\/p>\n<p style=\"text-align: justify;\">Crece entre las afueras de Barcelona y el desierto almeriense. Tras un primer periodo de estudios de escenograf\u00eda se especializa en ilustraci\u00f3n.<\/p>\n<p style=\"text-align: justify;\">En 2002 sus ilustraciones fueron seleccionadas en la Feria del Libro Infantil de Bolonia y desde entonces no ha dejado de desarrollar proyectos\u2006 de narrativa ilustrada. En su trabajo combina las colaboraciones para revistas y peri\u00f3dicos internacionales con la creaci\u00f3n de libros ilustrados, historietas y otros proyectos personales.<\/p>\n<p style=\"text-align: justify;\">Ha colaborado con publicaciones como La Vanguardia, Le Monde o The New Yorker, con proyectos musicales como Francisco Nixon o Josephine Foster, y con instituciones culturales como Mercat de les Flors o el Centro Cultural de Espa\u00f1a en M\u00e9xico.<\/p>\n<p style=\"text-align: justify;\">Tiene una larga lista de libros publicados con editoriales espa\u00f1olas, francesas, mexicanas y estadounidenses como Gl\u00e9nat, Sterling, Reservoir Books, Blackie Books o Almad\u00eda. \u201cLa Noche de la Huida\u201d, Ekar\u00e9, es su \u00faltimo \u00e1lbum ilustrado.<\/p>\n<p style=\"text-align: justify;\">Forma parte del profesorado del M\u00e1ster en Ilustraci\u00f3n Creativa de BAU en Barcelona.<\/p>\n<p style=\"text-align: justify;\">Su obra ha sido premiada y expuesta internacionalmente. Entre otros, ha recibido el Premio Junceda de Ilustraci\u00f3n.<\/p>\n<p style=\"text-align: justify;\">Sus \u00faltimos proyectos personales de narrativa y dibujo son \u201cHiedra Venenosa\u201d y \u201cHotel Peninsular\u201d.<\/p>\n<p style=\"text-align: justify;\">En su obra, Carmen Segovia consigue con su c\u00e1lida paleta mostrarnos lo oscuro. Sus im\u00e1genes nos intrigan porque siempre sugieren algo m\u00e1s que lo que aparentemente muestran: plantas que se apoderan del espacio y cuentan historias, mujeres que conocen un mundo oculto, ni\u00f1os que miran sin inocencia\u201d.<\/p>\n<p style=\"text-align: justify;\"><strong>Mariela Sancari<\/strong><\/p>\n<p style=\"text-align: justify;\">Vive y trabaja en la Ciudad de M\u00e9xico desde 1997. Artista autodidacta que reivindica el pensamiento y la pr\u00e1ctica fuera de los circuitos hegem\u00f3nicos de formaci\u00f3n y validaci\u00f3n.<\/p>\n<p style=\"text-align: justify;\">Su trabajo gira en torno a la memoria y la veracidad y la ficci\u00f3n en las im\u00e1genes.<\/p>\n<p style=\"text-align: justify;\">Examina las relaciones personales, la delgada y esquiva l\u00ednea que separa los recuerdos de la ficci\u00f3n y el valor de la imagen como documento afectivo. Utiliza narrativas personales para explorar los l\u00edmites del alcance de la fotograf\u00eda como medio de representaci\u00f3n. Su obra refiere tanto la dimensi\u00f3n afectiva, aunque no sentimental, del trabajo autobiogr\u00e1fico, as\u00ed como exploraciones formales del medio, a trav\u00e9s de cuestionamientos relacionados a la puesta en escena, la autorreferencialidad en la pr\u00e1ctica fotogr\u00e1fica y sus mecanismos de significaci\u00f3n.<\/p>\n<p style=\"text-align: justify;\">Ha recibido numerosos reconocimientos: seleccionada por la curadora Susan Bright para el n\u00famero 2015 Ones to Watch de la revista BJP, tambi\u00e9n fue nombrada uno de los Discoveries of the Meeting Place de FotoFest 2014. Ganadora de la VI Bienal Nacional de Artes Visuales Yucat\u00e1n 2013 y del Premio Descubrimientos PHotoEspa\u00f1a 2014, su trabajo fue seleccionado en la XVI Bienal de Fotograf\u00eda del Centro de la Imagen y recibi\u00f3 Menci\u00f3n Honor\u00edfica en la XI Bienal Monterrey FEMSA y en la Selecci\u00f3n Oficial Artemergente Bienal Nacional de Monterrey 2012, entre otros.<\/p>\n<p style=\"text-align: justify;\">Tambi\u00e9n, ha participado en numerosas exposiciones individuales y colectivas en Buenos Aires, Ciudad de Guatemala, Ciudad de M\u00e9xico, Sao Paulo, Atenas, Barcelona, Busan, Bratislava, Houston, Jaipur, Los Angeles, Londres, Madrid, entre otras.<\/p>\n<p style=\"text-align: justify;\">Adem\u00e1s, es miembro del Sistema Nacional de Creadores de Arte FONCA, 2015-2018 y 2020-2023, trabaja como fot\u00f3grafa freelance.<\/p>\n<p>[\/vc_column_text][\/vc_column][\/vc_row]<\/p>\n<\/section>","protected":false},"excerpt":{"rendered":"<p>[vc_row css_animation=\u00bb\u00bb row_type=\u00bbrow\u00bb use_row_as_full_screen_section=\u00bbno\u00bb type=\u00bbfull_width\u00bb angled_section=\u00bbno\u00bb text_align=\u00bbleft\u00bb background_image_as_pattern=\u00bbwithout_pattern\u00bb][vc_column][vc_row_inner row_type=\u00bbrow\u00bb type=\u00bbgrid\u00bb text_align=\u00bbleft\u00bb css_animation=\u00bb\u00bb][vc_column_inner][vc_empty_space height=\u00bb20px\u00bb][vc_empty_space height=\u00bb20px\u00bb][\/vc_column_inner][\/vc_row_inner][vc_column_text] Ser\u00e1 este viernes 10 y s\u00e1bado 11 de marzo, con la participaci\u00f3n de las artistas internacionales Carmen Segovia y Mariela Sancari. Estos talleres se desarrollar\u00e1n en la Biblioteca P\u00fablica Municipal Mar\u00eda&#8230;<\/p>\n","protected":false},"author":1,"featured_media":2569,"comment_status":"closed","ping_status":"open","sticky":false,"template":"","format":"standard","meta":{"footnotes":""},"categories":[6],"tags":[],"class_list":["post-1448","post","type-post","status-publish","format-standard","has-post-thumbnail","hentry","category-prensa"],"yoast_head":"<!-- This site is optimized with the Yoast SEO plugin v22.7 - https:\/\/yoast.com\/wordpress\/plugins\/seo\/ -->\n<title>Regresan a Los Llanos de Aridane los talleres de ilustraci\u00f3n Bolboreta - Ayuntamiento de Los Llanos de Aridane<\/title>\n<meta name=\"description\" content=\"El Ayuntamiento de Los Llanos de Aridane presenta el cartel y el programa de La Patrona 2021 con el lema \u201cRemedios, m\u00e1s que un nombre.\u201d\" \/>\n<meta name=\"robots\" content=\"index, follow, max-snippet:-1, max-image-preview:large, max-video-preview:-1\" \/>\n<link rel=\"canonical\" href=\"https:\/\/www.aridane.org\/city\/2023\/03\/07\/regresan-a-los-llanos-de-aridane-los-talleres-de-ilustracion-bolboreta\/\" \/>\n<meta property=\"og:locale\" content=\"es_ES\" \/>\n<meta property=\"og:type\" content=\"article\" \/>\n<meta property=\"og:title\" content=\"Regresan a Los Llanos de Aridane los talleres de ilustraci\u00f3n Bolboreta - Ayuntamiento de Los Llanos de Aridane\" \/>\n<meta property=\"og:description\" content=\"El Ayuntamiento de Los Llanos de Aridane presenta el cartel y el programa de La Patrona 2021 con el lema \u201cRemedios, m\u00e1s que un nombre.\u201d\" \/>\n<meta property=\"og:url\" content=\"https:\/\/www.aridane.org\/city\/2023\/03\/07\/regresan-a-los-llanos-de-aridane-los-talleres-de-ilustracion-bolboreta\/\" \/>\n<meta property=\"og:site_name\" content=\"Ayuntamiento de Los Llanos de Aridane\" \/>\n<meta property=\"article:published_time\" content=\"2023-03-07T14:36:17+00:00\" \/>\n<meta property=\"article:modified_time\" content=\"2023-07-27T07:48:53+00:00\" \/>\n<meta property=\"og:image\" content=\"https:\/\/www.aridane.org\/city\/wp-content\/uploads\/2023\/03\/ilustracion_Bolboreta_1.jpg\" \/>\n\t<meta property=\"og:image:width\" content=\"1200\" \/>\n\t<meta property=\"og:image:height\" content=\"675\" \/>\n\t<meta property=\"og:image:type\" content=\"image\/jpeg\" \/>\n<meta name=\"author\" content=\"Richard Diaz\" \/>\n<meta name=\"twitter:card\" content=\"summary_large_image\" \/>\n<meta name=\"twitter:label1\" content=\"Escrito por\" \/>\n\t<meta name=\"twitter:data1\" content=\"Richard Diaz\" \/>\n\t<meta name=\"twitter:label2\" content=\"Tiempo de lectura\" \/>\n\t<meta name=\"twitter:data2\" content=\"4 minutos\" \/>\n<script type=\"application\/ld+json\" class=\"yoast-schema-graph\">{\"@context\":\"https:\/\/schema.org\",\"@graph\":[{\"@type\":\"WebPage\",\"@id\":\"https:\/\/www.aridane.org\/city\/2023\/03\/07\/regresan-a-los-llanos-de-aridane-los-talleres-de-ilustracion-bolboreta\/\",\"url\":\"https:\/\/www.aridane.org\/city\/2023\/03\/07\/regresan-a-los-llanos-de-aridane-los-talleres-de-ilustracion-bolboreta\/\",\"name\":\"Regresan a Los Llanos de Aridane los talleres de ilustraci\u00f3n Bolboreta - Ayuntamiento de Los Llanos de Aridane\",\"isPartOf\":{\"@id\":\"https:\/\/www.aridane.org\/city\/#website\"},\"primaryImageOfPage\":{\"@id\":\"https:\/\/www.aridane.org\/city\/2023\/03\/07\/regresan-a-los-llanos-de-aridane-los-talleres-de-ilustracion-bolboreta\/#primaryimage\"},\"image\":{\"@id\":\"https:\/\/www.aridane.org\/city\/2023\/03\/07\/regresan-a-los-llanos-de-aridane-los-talleres-de-ilustracion-bolboreta\/#primaryimage\"},\"thumbnailUrl\":\"https:\/\/www.aridane.org\/city\/wp-content\/uploads\/2023\/03\/ilustracion_Bolboreta_1.jpg\",\"datePublished\":\"2023-03-07T14:36:17+00:00\",\"dateModified\":\"2023-07-27T07:48:53+00:00\",\"author\":{\"@id\":\"https:\/\/www.aridane.org\/city\/#\/schema\/person\/7d352ec7f29881716f298394432e7209\"},\"description\":\"El Ayuntamiento de Los Llanos de Aridane presenta el cartel y el programa de La Patrona 2021 con el lema \u201cRemedios, m\u00e1s que un nombre.\u201d\",\"breadcrumb\":{\"@id\":\"https:\/\/www.aridane.org\/city\/2023\/03\/07\/regresan-a-los-llanos-de-aridane-los-talleres-de-ilustracion-bolboreta\/#breadcrumb\"},\"inLanguage\":\"es\",\"potentialAction\":[{\"@type\":\"ReadAction\",\"target\":[\"https:\/\/www.aridane.org\/city\/2023\/03\/07\/regresan-a-los-llanos-de-aridane-los-talleres-de-ilustracion-bolboreta\/\"]}]},{\"@type\":\"ImageObject\",\"inLanguage\":\"es\",\"@id\":\"https:\/\/www.aridane.org\/city\/2023\/03\/07\/regresan-a-los-llanos-de-aridane-los-talleres-de-ilustracion-bolboreta\/#primaryimage\",\"url\":\"https:\/\/www.aridane.org\/city\/wp-content\/uploads\/2023\/03\/ilustracion_Bolboreta_1.jpg\",\"contentUrl\":\"https:\/\/www.aridane.org\/city\/wp-content\/uploads\/2023\/03\/ilustracion_Bolboreta_1.jpg\",\"width\":1200,\"height\":675},{\"@type\":\"BreadcrumbList\",\"@id\":\"https:\/\/www.aridane.org\/city\/2023\/03\/07\/regresan-a-los-llanos-de-aridane-los-talleres-de-ilustracion-bolboreta\/#breadcrumb\",\"itemListElement\":[{\"@type\":\"ListItem\",\"position\":1,\"name\":\"Portada\",\"item\":\"https:\/\/www.aridane.org\/city\/\"},{\"@type\":\"ListItem\",\"position\":2,\"name\":\"Regresan a Los Llanos de Aridane los talleres de ilustraci\u00f3n Bolboreta\"}]},{\"@type\":\"WebSite\",\"@id\":\"https:\/\/www.aridane.org\/city\/#website\",\"url\":\"https:\/\/www.aridane.org\/city\/\",\"name\":\"Ayuntamiento de Los Llanos de Aridane\",\"description\":\"\",\"potentialAction\":[{\"@type\":\"SearchAction\",\"target\":{\"@type\":\"EntryPoint\",\"urlTemplate\":\"https:\/\/www.aridane.org\/city\/?s={search_term_string}\"},\"query-input\":\"required name=search_term_string\"}],\"inLanguage\":\"es\"},{\"@type\":\"Person\",\"@id\":\"https:\/\/www.aridane.org\/city\/#\/schema\/person\/7d352ec7f29881716f298394432e7209\",\"name\":\"Richard Diaz\",\"image\":{\"@type\":\"ImageObject\",\"inLanguage\":\"es\",\"@id\":\"https:\/\/www.aridane.org\/city\/#\/schema\/person\/image\/\",\"url\":\"https:\/\/secure.gravatar.com\/avatar\/bacd6aefc26a4a204943090a4c596cd10f0857081ef3cfd12084a70ecb3161d5?s=96&d=mm&r=g\",\"contentUrl\":\"https:\/\/secure.gravatar.com\/avatar\/bacd6aefc26a4a204943090a4c596cd10f0857081ef3cfd12084a70ecb3161d5?s=96&d=mm&r=g\",\"caption\":\"Richard Diaz\"},\"sameAs\":[\"https:\/\/www.aridane.org\/city\"],\"url\":\"https:\/\/www.aridane.org\/city\/author\/richard-diaz\/\"}]}<\/script>\n<!-- \/ Yoast SEO plugin. -->","yoast_head_json":{"title":"Regresan a Los Llanos de Aridane los talleres de ilustraci\u00f3n Bolboreta - Ayuntamiento de Los Llanos de Aridane","description":"El Ayuntamiento de Los Llanos de Aridane presenta el cartel y el programa de La Patrona 2021 con el lema \u201cRemedios, m\u00e1s que un nombre.\u201d","robots":{"index":"index","follow":"follow","max-snippet":"max-snippet:-1","max-image-preview":"max-image-preview:large","max-video-preview":"max-video-preview:-1"},"canonical":"https:\/\/www.aridane.org\/city\/2023\/03\/07\/regresan-a-los-llanos-de-aridane-los-talleres-de-ilustracion-bolboreta\/","og_locale":"es_ES","og_type":"article","og_title":"Regresan a Los Llanos de Aridane los talleres de ilustraci\u00f3n Bolboreta - Ayuntamiento de Los Llanos de Aridane","og_description":"El Ayuntamiento de Los Llanos de Aridane presenta el cartel y el programa de La Patrona 2021 con el lema \u201cRemedios, m\u00e1s que un nombre.\u201d","og_url":"https:\/\/www.aridane.org\/city\/2023\/03\/07\/regresan-a-los-llanos-de-aridane-los-talleres-de-ilustracion-bolboreta\/","og_site_name":"Ayuntamiento de Los Llanos de Aridane","article_published_time":"2023-03-07T14:36:17+00:00","article_modified_time":"2023-07-27T07:48:53+00:00","og_image":[{"width":1200,"height":675,"url":"https:\/\/www.aridane.org\/city\/wp-content\/uploads\/2023\/03\/ilustracion_Bolboreta_1.jpg","type":"image\/jpeg"}],"author":"Richard Diaz","twitter_card":"summary_large_image","twitter_misc":{"Escrito por":"Richard Diaz","Tiempo de lectura":"4 minutos"},"schema":{"@context":"https:\/\/schema.org","@graph":[{"@type":"WebPage","@id":"https:\/\/www.aridane.org\/city\/2023\/03\/07\/regresan-a-los-llanos-de-aridane-los-talleres-de-ilustracion-bolboreta\/","url":"https:\/\/www.aridane.org\/city\/2023\/03\/07\/regresan-a-los-llanos-de-aridane-los-talleres-de-ilustracion-bolboreta\/","name":"Regresan a Los Llanos de Aridane los talleres de ilustraci\u00f3n Bolboreta - Ayuntamiento de Los Llanos de Aridane","isPartOf":{"@id":"https:\/\/www.aridane.org\/city\/#website"},"primaryImageOfPage":{"@id":"https:\/\/www.aridane.org\/city\/2023\/03\/07\/regresan-a-los-llanos-de-aridane-los-talleres-de-ilustracion-bolboreta\/#primaryimage"},"image":{"@id":"https:\/\/www.aridane.org\/city\/2023\/03\/07\/regresan-a-los-llanos-de-aridane-los-talleres-de-ilustracion-bolboreta\/#primaryimage"},"thumbnailUrl":"https:\/\/www.aridane.org\/city\/wp-content\/uploads\/2023\/03\/ilustracion_Bolboreta_1.jpg","datePublished":"2023-03-07T14:36:17+00:00","dateModified":"2023-07-27T07:48:53+00:00","author":{"@id":"https:\/\/www.aridane.org\/city\/#\/schema\/person\/7d352ec7f29881716f298394432e7209"},"description":"El Ayuntamiento de Los Llanos de Aridane presenta el cartel y el programa de La Patrona 2021 con el lema \u201cRemedios, m\u00e1s que un nombre.\u201d","breadcrumb":{"@id":"https:\/\/www.aridane.org\/city\/2023\/03\/07\/regresan-a-los-llanos-de-aridane-los-talleres-de-ilustracion-bolboreta\/#breadcrumb"},"inLanguage":"es","potentialAction":[{"@type":"ReadAction","target":["https:\/\/www.aridane.org\/city\/2023\/03\/07\/regresan-a-los-llanos-de-aridane-los-talleres-de-ilustracion-bolboreta\/"]}]},{"@type":"ImageObject","inLanguage":"es","@id":"https:\/\/www.aridane.org\/city\/2023\/03\/07\/regresan-a-los-llanos-de-aridane-los-talleres-de-ilustracion-bolboreta\/#primaryimage","url":"https:\/\/www.aridane.org\/city\/wp-content\/uploads\/2023\/03\/ilustracion_Bolboreta_1.jpg","contentUrl":"https:\/\/www.aridane.org\/city\/wp-content\/uploads\/2023\/03\/ilustracion_Bolboreta_1.jpg","width":1200,"height":675},{"@type":"BreadcrumbList","@id":"https:\/\/www.aridane.org\/city\/2023\/03\/07\/regresan-a-los-llanos-de-aridane-los-talleres-de-ilustracion-bolboreta\/#breadcrumb","itemListElement":[{"@type":"ListItem","position":1,"name":"Portada","item":"https:\/\/www.aridane.org\/city\/"},{"@type":"ListItem","position":2,"name":"Regresan a Los Llanos de Aridane los talleres de ilustraci\u00f3n Bolboreta"}]},{"@type":"WebSite","@id":"https:\/\/www.aridane.org\/city\/#website","url":"https:\/\/www.aridane.org\/city\/","name":"Ayuntamiento de Los Llanos de Aridane","description":"","potentialAction":[{"@type":"SearchAction","target":{"@type":"EntryPoint","urlTemplate":"https:\/\/www.aridane.org\/city\/?s={search_term_string}"},"query-input":"required name=search_term_string"}],"inLanguage":"es"},{"@type":"Person","@id":"https:\/\/www.aridane.org\/city\/#\/schema\/person\/7d352ec7f29881716f298394432e7209","name":"Richard Diaz","image":{"@type":"ImageObject","inLanguage":"es","@id":"https:\/\/www.aridane.org\/city\/#\/schema\/person\/image\/","url":"https:\/\/secure.gravatar.com\/avatar\/bacd6aefc26a4a204943090a4c596cd10f0857081ef3cfd12084a70ecb3161d5?s=96&d=mm&r=g","contentUrl":"https:\/\/secure.gravatar.com\/avatar\/bacd6aefc26a4a204943090a4c596cd10f0857081ef3cfd12084a70ecb3161d5?s=96&d=mm&r=g","caption":"Richard Diaz"},"sameAs":["https:\/\/www.aridane.org\/city"],"url":"https:\/\/www.aridane.org\/city\/author\/richard-diaz\/"}]}},"_links":{"self":[{"href":"https:\/\/www.aridane.org\/city\/wp-json\/wp\/v2\/posts\/1448","targetHints":{"allow":["GET"]}}],"collection":[{"href":"https:\/\/www.aridane.org\/city\/wp-json\/wp\/v2\/posts"}],"about":[{"href":"https:\/\/www.aridane.org\/city\/wp-json\/wp\/v2\/types\/post"}],"author":[{"embeddable":true,"href":"https:\/\/www.aridane.org\/city\/wp-json\/wp\/v2\/users\/1"}],"replies":[{"embeddable":true,"href":"https:\/\/www.aridane.org\/city\/wp-json\/wp\/v2\/comments?post=1448"}],"version-history":[{"count":1,"href":"https:\/\/www.aridane.org\/city\/wp-json\/wp\/v2\/posts\/1448\/revisions"}],"predecessor-version":[{"id":2570,"href":"https:\/\/www.aridane.org\/city\/wp-json\/wp\/v2\/posts\/1448\/revisions\/2570"}],"wp:featuredmedia":[{"embeddable":true,"href":"https:\/\/www.aridane.org\/city\/wp-json\/wp\/v2\/media\/2569"}],"wp:attachment":[{"href":"https:\/\/www.aridane.org\/city\/wp-json\/wp\/v2\/media?parent=1448"}],"wp:term":[{"taxonomy":"category","embeddable":true,"href":"https:\/\/www.aridane.org\/city\/wp-json\/wp\/v2\/categories?post=1448"},{"taxonomy":"post_tag","embeddable":true,"href":"https:\/\/www.aridane.org\/city\/wp-json\/wp\/v2\/tags?post=1448"}],"curies":[{"name":"wp","href":"https:\/\/api.w.org\/{rel}","templated":true}]}}