{"id":1453,"date":"2023-03-07T09:56:50","date_gmt":"2023-03-07T09:56:50","guid":{"rendered":"https:\/\/aridane.org\/ciudad\/?p=1453"},"modified":"2023-07-27T12:44:43","modified_gmt":"2023-07-27T12:44:43","slug":"el-ayuntamiento-de-los-llanos-de-aridane-obtiene-la-mayor-puntuacion-en-el-indice-de-transparencia-de-canarias-con-un-10","status":"publish","type":"post","link":"https:\/\/www.aridane.org\/city\/2023\/03\/07\/el-ayuntamiento-de-los-llanos-de-aridane-obtiene-la-mayor-puntuacion-en-el-indice-de-transparencia-de-canarias-con-un-10\/","title":{"rendered":"El Ayuntamiento de Los Llanos de Aridane obtiene la mayor puntuaci\u00f3n en el \u00cdndice de Transparencia de Canarias con un 10"},"content":{"rendered":"<section class=\"wpb-content-wrapper\"><p>[vc_row css_animation=\u00bb\u00bb row_type=\u00bbrow\u00bb use_row_as_full_screen_section=\u00bbno\u00bb type=\u00bbfull_width\u00bb angled_section=\u00bbno\u00bb text_align=\u00bbleft\u00bb background_image_as_pattern=\u00bbwithout_pattern\u00bb][vc_column][vc_row_inner row_type=\u00bbrow\u00bb type=\u00bbgrid\u00bb text_align=\u00bbleft\u00bb css_animation=\u00bb\u00bb][vc_column_inner][vc_empty_space height=\u00bb20px\u00bb][vc_empty_space height=\u00bb20px\u00bb][\/vc_column_inner][\/vc_row_inner][vc_column_text]<\/p>\n<ul>\n<li style=\"text-align: justify;\"><em>La alcaldesa, Noelia Garc\u00eda Leal, recuerda que precisamente la transparencia es uno de los ejes estrat\u00e9gicos sobre el que gira todo el trabajo que realiza d\u00eda a d\u00eda el equipo de Gobierno Municipal.<\/em><\/li>\n<\/ul>\n<p>&nbsp;<\/p>\n<p style=\"text-align: justify;\"><strong>Los Llanos de Aridane, 7 de marzo de 2023.-<\/strong> El Ayuntamiento de Los Llanos de Aridane a trav\u00e9s de su alcaldesa, Noelia Garc\u00eda Leal, ha confirmado que el Consistorio aridanense ha logrado, por primera vez, un 10 sobre 10, m\u00e1xima puntuaci\u00f3n, en la evaluaci\u00f3n que ha realizado el Comisionado de Transparencia de Canarias durante el a\u00f1o 2021, \u201clo que supone m\u00e1s de un punto que el a\u00f1o pasado\u201d, se\u00f1ala.<\/p>\n<p style=\"text-align: justify;\">Garc\u00eda Leal ha mostrado su satisfacci\u00f3n y ha se\u00f1alado que \u201cesta buena noticia responde al compromiso y duro trabajo que lleva haciendo este equipo de Gobierno durante estos a\u00f1os, tratando de ser cada d\u00eda una administraci\u00f3n m\u00e1s cercana, accesible y transparente en la gesti\u00f3n del d\u00eda a d\u00eda de los aridanenses\u201d.<\/p>\n<p style=\"text-align: justify;\">Adem\u00e1s, ha querido agradecer a todos los funcionarios y empleados del Consistorio su gran dedicaci\u00f3n, \u201cya que sin su trabajo y entrega diario estamos seguros que este excelente resultado no hubiese sido posible\u201d.<\/p>\n<p style=\"text-align: justify;\">Asimismo, la alcaldesa tambi\u00e9n ha confirmado que ahora el objetivo es \u201cseguir manteniendo esta nota, y continuar trabajando en esta l\u00ednea porque, y m\u00e1s en un momento clave como el que vive el municipio ahora en plena recuperaci\u00f3n\u201d.<\/p>\n<p style=\"text-align: justify;\">Hay que recordar que el \u00cdndice de Transparencia de Canarias mide el grado de cumplimiento de las obligaciones informativas contempladas en la Ley de Transparencia de Canarias por las 340 entidades p\u00fablicas del Archipi\u00e9lago, por las 67 corporaciones de derecho p\u00fablico, y 3.319 entidades privadas.<\/p>\n<p>[\/vc_column_text][\/vc_column][\/vc_row]<\/p>\n<\/section>","protected":false},"excerpt":{"rendered":"<p>[vc_row css_animation=\u00bb\u00bb row_type=\u00bbrow\u00bb use_row_as_full_screen_section=\u00bbno\u00bb type=\u00bbfull_width\u00bb angled_section=\u00bbno\u00bb text_align=\u00bbleft\u00bb background_image_as_pattern=\u00bbwithout_pattern\u00bb][vc_column][vc_row_inner row_type=\u00bbrow\u00bb type=\u00bbgrid\u00bb text_align=\u00bbleft\u00bb css_animation=\u00bb\u00bb][vc_column_inner][vc_empty_space height=\u00bb20px\u00bb][vc_empty_space height=\u00bb20px\u00bb][\/vc_column_inner][\/vc_row_inner][vc_column_text] La alcaldesa, Noelia Garc\u00eda Leal, recuerda que precisamente la transparencia es uno de los ejes estrat\u00e9gicos sobre el que gira todo el trabajo que realiza d\u00eda a d\u00eda el equipo de&#8230;<\/p>\n","protected":false},"author":1,"featured_media":2571,"comment_status":"closed","ping_status":"open","sticky":false,"template":"","format":"standard","meta":{"footnotes":""},"categories":[6],"tags":[],"class_list":["post-1453","post","type-post","status-publish","format-standard","has-post-thumbnail","hentry","category-prensa"],"yoast_head":"<!-- This site is optimized with the Yoast SEO plugin v22.7 - https:\/\/yoast.com\/wordpress\/plugins\/seo\/ -->\n<title>El Ayuntamiento de Los Llanos de Aridane obtiene la mayor puntuaci\u00f3n en el \u00cdndice de Transparencia de Canarias con un 10 - Ayuntamiento de Los Llanos de Aridane<\/title>\n<meta name=\"description\" content=\"El Ayuntamiento de Los Llanos de Aridane presenta el cartel y el programa de La Patrona 2021 con el lema \u201cRemedios, m\u00e1s que un nombre.\u201d\" \/>\n<meta name=\"robots\" content=\"index, follow, max-snippet:-1, max-image-preview:large, max-video-preview:-1\" \/>\n<link rel=\"canonical\" href=\"https:\/\/www.aridane.org\/city\/2023\/03\/07\/el-ayuntamiento-de-los-llanos-de-aridane-obtiene-la-mayor-puntuacion-en-el-indice-de-transparencia-de-canarias-con-un-10\/\" \/>\n<meta property=\"og:locale\" content=\"es_ES\" \/>\n<meta property=\"og:type\" content=\"article\" \/>\n<meta property=\"og:title\" content=\"El Ayuntamiento de Los Llanos de Aridane obtiene la mayor puntuaci\u00f3n en el \u00cdndice de Transparencia de Canarias con un 10 - Ayuntamiento de Los Llanos de Aridane\" \/>\n<meta property=\"og:description\" content=\"El Ayuntamiento de Los Llanos de Aridane presenta el cartel y el programa de La Patrona 2021 con el lema \u201cRemedios, m\u00e1s que un nombre.\u201d\" \/>\n<meta property=\"og:url\" content=\"https:\/\/www.aridane.org\/city\/2023\/03\/07\/el-ayuntamiento-de-los-llanos-de-aridane-obtiene-la-mayor-puntuacion-en-el-indice-de-transparencia-de-canarias-con-un-10\/\" \/>\n<meta property=\"og:site_name\" content=\"Ayuntamiento de Los Llanos de Aridane\" \/>\n<meta property=\"article:published_time\" content=\"2023-03-07T09:56:50+00:00\" \/>\n<meta property=\"article:modified_time\" content=\"2023-07-27T12:44:43+00:00\" \/>\n<meta property=\"og:image\" content=\"https:\/\/www.aridane.org\/city\/wp-content\/uploads\/2023\/03\/indice_transparencia_1.jpg\" \/>\n\t<meta property=\"og:image:width\" content=\"1200\" \/>\n\t<meta property=\"og:image:height\" content=\"675\" \/>\n\t<meta property=\"og:image:type\" content=\"image\/jpeg\" \/>\n<meta name=\"author\" content=\"Richard Diaz\" \/>\n<meta name=\"twitter:card\" content=\"summary_large_image\" \/>\n<meta name=\"twitter:label1\" content=\"Escrito por\" \/>\n\t<meta name=\"twitter:data1\" content=\"Richard Diaz\" \/>\n\t<meta name=\"twitter:label2\" content=\"Tiempo de lectura\" \/>\n\t<meta name=\"twitter:data2\" content=\"2 minutos\" \/>\n<script type=\"application\/ld+json\" class=\"yoast-schema-graph\">{\"@context\":\"https:\/\/schema.org\",\"@graph\":[{\"@type\":\"WebPage\",\"@id\":\"https:\/\/www.aridane.org\/city\/2023\/03\/07\/el-ayuntamiento-de-los-llanos-de-aridane-obtiene-la-mayor-puntuacion-en-el-indice-de-transparencia-de-canarias-con-un-10\/\",\"url\":\"https:\/\/www.aridane.org\/city\/2023\/03\/07\/el-ayuntamiento-de-los-llanos-de-aridane-obtiene-la-mayor-puntuacion-en-el-indice-de-transparencia-de-canarias-con-un-10\/\",\"name\":\"El Ayuntamiento de Los Llanos de Aridane obtiene la mayor puntuaci\u00f3n en el \u00cdndice de Transparencia de Canarias con un 10 - Ayuntamiento de Los Llanos de Aridane\",\"isPartOf\":{\"@id\":\"https:\/\/www.aridane.org\/city\/#website\"},\"primaryImageOfPage\":{\"@id\":\"https:\/\/www.aridane.org\/city\/2023\/03\/07\/el-ayuntamiento-de-los-llanos-de-aridane-obtiene-la-mayor-puntuacion-en-el-indice-de-transparencia-de-canarias-con-un-10\/#primaryimage\"},\"image\":{\"@id\":\"https:\/\/www.aridane.org\/city\/2023\/03\/07\/el-ayuntamiento-de-los-llanos-de-aridane-obtiene-la-mayor-puntuacion-en-el-indice-de-transparencia-de-canarias-con-un-10\/#primaryimage\"},\"thumbnailUrl\":\"https:\/\/www.aridane.org\/city\/wp-content\/uploads\/2023\/03\/indice_transparencia_1.jpg\",\"datePublished\":\"2023-03-07T09:56:50+00:00\",\"dateModified\":\"2023-07-27T12:44:43+00:00\",\"author\":{\"@id\":\"https:\/\/www.aridane.org\/city\/#\/schema\/person\/7d352ec7f29881716f298394432e7209\"},\"description\":\"El Ayuntamiento de Los Llanos de Aridane presenta el cartel y el programa de La Patrona 2021 con el lema \u201cRemedios, m\u00e1s que un nombre.\u201d\",\"breadcrumb\":{\"@id\":\"https:\/\/www.aridane.org\/city\/2023\/03\/07\/el-ayuntamiento-de-los-llanos-de-aridane-obtiene-la-mayor-puntuacion-en-el-indice-de-transparencia-de-canarias-con-un-10\/#breadcrumb\"},\"inLanguage\":\"es\",\"potentialAction\":[{\"@type\":\"ReadAction\",\"target\":[\"https:\/\/www.aridane.org\/city\/2023\/03\/07\/el-ayuntamiento-de-los-llanos-de-aridane-obtiene-la-mayor-puntuacion-en-el-indice-de-transparencia-de-canarias-con-un-10\/\"]}]},{\"@type\":\"ImageObject\",\"inLanguage\":\"es\",\"@id\":\"https:\/\/www.aridane.org\/city\/2023\/03\/07\/el-ayuntamiento-de-los-llanos-de-aridane-obtiene-la-mayor-puntuacion-en-el-indice-de-transparencia-de-canarias-con-un-10\/#primaryimage\",\"url\":\"https:\/\/www.aridane.org\/city\/wp-content\/uploads\/2023\/03\/indice_transparencia_1.jpg\",\"contentUrl\":\"https:\/\/www.aridane.org\/city\/wp-content\/uploads\/2023\/03\/indice_transparencia_1.jpg\",\"width\":1200,\"height\":675},{\"@type\":\"BreadcrumbList\",\"@id\":\"https:\/\/www.aridane.org\/city\/2023\/03\/07\/el-ayuntamiento-de-los-llanos-de-aridane-obtiene-la-mayor-puntuacion-en-el-indice-de-transparencia-de-canarias-con-un-10\/#breadcrumb\",\"itemListElement\":[{\"@type\":\"ListItem\",\"position\":1,\"name\":\"Portada\",\"item\":\"https:\/\/www.aridane.org\/city\/\"},{\"@type\":\"ListItem\",\"position\":2,\"name\":\"El Ayuntamiento de Los Llanos de Aridane obtiene la mayor puntuaci\u00f3n en el \u00cdndice de Transparencia de Canarias con un 10\"}]},{\"@type\":\"WebSite\",\"@id\":\"https:\/\/www.aridane.org\/city\/#website\",\"url\":\"https:\/\/www.aridane.org\/city\/\",\"name\":\"Ayuntamiento de Los Llanos de Aridane\",\"description\":\"\",\"potentialAction\":[{\"@type\":\"SearchAction\",\"target\":{\"@type\":\"EntryPoint\",\"urlTemplate\":\"https:\/\/www.aridane.org\/city\/?s={search_term_string}\"},\"query-input\":\"required name=search_term_string\"}],\"inLanguage\":\"es\"},{\"@type\":\"Person\",\"@id\":\"https:\/\/www.aridane.org\/city\/#\/schema\/person\/7d352ec7f29881716f298394432e7209\",\"name\":\"Richard Diaz\",\"image\":{\"@type\":\"ImageObject\",\"inLanguage\":\"es\",\"@id\":\"https:\/\/www.aridane.org\/city\/#\/schema\/person\/image\/\",\"url\":\"https:\/\/secure.gravatar.com\/avatar\/bacd6aefc26a4a204943090a4c596cd10f0857081ef3cfd12084a70ecb3161d5?s=96&d=mm&r=g\",\"contentUrl\":\"https:\/\/secure.gravatar.com\/avatar\/bacd6aefc26a4a204943090a4c596cd10f0857081ef3cfd12084a70ecb3161d5?s=96&d=mm&r=g\",\"caption\":\"Richard Diaz\"},\"sameAs\":[\"https:\/\/www.aridane.org\/city\"],\"url\":\"https:\/\/www.aridane.org\/city\/author\/richard-diaz\/\"}]}<\/script>\n<!-- \/ Yoast SEO plugin. -->","yoast_head_json":{"title":"El Ayuntamiento de Los Llanos de Aridane obtiene la mayor puntuaci\u00f3n en el \u00cdndice de Transparencia de Canarias con un 10 - Ayuntamiento de Los Llanos de Aridane","description":"El Ayuntamiento de Los Llanos de Aridane presenta el cartel y el programa de La Patrona 2021 con el lema \u201cRemedios, m\u00e1s que un nombre.\u201d","robots":{"index":"index","follow":"follow","max-snippet":"max-snippet:-1","max-image-preview":"max-image-preview:large","max-video-preview":"max-video-preview:-1"},"canonical":"https:\/\/www.aridane.org\/city\/2023\/03\/07\/el-ayuntamiento-de-los-llanos-de-aridane-obtiene-la-mayor-puntuacion-en-el-indice-de-transparencia-de-canarias-con-un-10\/","og_locale":"es_ES","og_type":"article","og_title":"El Ayuntamiento de Los Llanos de Aridane obtiene la mayor puntuaci\u00f3n en el \u00cdndice de Transparencia de Canarias con un 10 - Ayuntamiento de Los Llanos de Aridane","og_description":"El Ayuntamiento de Los Llanos de Aridane presenta el cartel y el programa de La Patrona 2021 con el lema \u201cRemedios, m\u00e1s que un nombre.\u201d","og_url":"https:\/\/www.aridane.org\/city\/2023\/03\/07\/el-ayuntamiento-de-los-llanos-de-aridane-obtiene-la-mayor-puntuacion-en-el-indice-de-transparencia-de-canarias-con-un-10\/","og_site_name":"Ayuntamiento de Los Llanos de Aridane","article_published_time":"2023-03-07T09:56:50+00:00","article_modified_time":"2023-07-27T12:44:43+00:00","og_image":[{"width":1200,"height":675,"url":"https:\/\/www.aridane.org\/city\/wp-content\/uploads\/2023\/03\/indice_transparencia_1.jpg","type":"image\/jpeg"}],"author":"Richard Diaz","twitter_card":"summary_large_image","twitter_misc":{"Escrito por":"Richard Diaz","Tiempo de lectura":"2 minutos"},"schema":{"@context":"https:\/\/schema.org","@graph":[{"@type":"WebPage","@id":"https:\/\/www.aridane.org\/city\/2023\/03\/07\/el-ayuntamiento-de-los-llanos-de-aridane-obtiene-la-mayor-puntuacion-en-el-indice-de-transparencia-de-canarias-con-un-10\/","url":"https:\/\/www.aridane.org\/city\/2023\/03\/07\/el-ayuntamiento-de-los-llanos-de-aridane-obtiene-la-mayor-puntuacion-en-el-indice-de-transparencia-de-canarias-con-un-10\/","name":"El Ayuntamiento de Los Llanos de Aridane obtiene la mayor puntuaci\u00f3n en el \u00cdndice de Transparencia de Canarias con un 10 - Ayuntamiento de Los Llanos de Aridane","isPartOf":{"@id":"https:\/\/www.aridane.org\/city\/#website"},"primaryImageOfPage":{"@id":"https:\/\/www.aridane.org\/city\/2023\/03\/07\/el-ayuntamiento-de-los-llanos-de-aridane-obtiene-la-mayor-puntuacion-en-el-indice-de-transparencia-de-canarias-con-un-10\/#primaryimage"},"image":{"@id":"https:\/\/www.aridane.org\/city\/2023\/03\/07\/el-ayuntamiento-de-los-llanos-de-aridane-obtiene-la-mayor-puntuacion-en-el-indice-de-transparencia-de-canarias-con-un-10\/#primaryimage"},"thumbnailUrl":"https:\/\/www.aridane.org\/city\/wp-content\/uploads\/2023\/03\/indice_transparencia_1.jpg","datePublished":"2023-03-07T09:56:50+00:00","dateModified":"2023-07-27T12:44:43+00:00","author":{"@id":"https:\/\/www.aridane.org\/city\/#\/schema\/person\/7d352ec7f29881716f298394432e7209"},"description":"El Ayuntamiento de Los Llanos de Aridane presenta el cartel y el programa de La Patrona 2021 con el lema \u201cRemedios, m\u00e1s que un nombre.\u201d","breadcrumb":{"@id":"https:\/\/www.aridane.org\/city\/2023\/03\/07\/el-ayuntamiento-de-los-llanos-de-aridane-obtiene-la-mayor-puntuacion-en-el-indice-de-transparencia-de-canarias-con-un-10\/#breadcrumb"},"inLanguage":"es","potentialAction":[{"@type":"ReadAction","target":["https:\/\/www.aridane.org\/city\/2023\/03\/07\/el-ayuntamiento-de-los-llanos-de-aridane-obtiene-la-mayor-puntuacion-en-el-indice-de-transparencia-de-canarias-con-un-10\/"]}]},{"@type":"ImageObject","inLanguage":"es","@id":"https:\/\/www.aridane.org\/city\/2023\/03\/07\/el-ayuntamiento-de-los-llanos-de-aridane-obtiene-la-mayor-puntuacion-en-el-indice-de-transparencia-de-canarias-con-un-10\/#primaryimage","url":"https:\/\/www.aridane.org\/city\/wp-content\/uploads\/2023\/03\/indice_transparencia_1.jpg","contentUrl":"https:\/\/www.aridane.org\/city\/wp-content\/uploads\/2023\/03\/indice_transparencia_1.jpg","width":1200,"height":675},{"@type":"BreadcrumbList","@id":"https:\/\/www.aridane.org\/city\/2023\/03\/07\/el-ayuntamiento-de-los-llanos-de-aridane-obtiene-la-mayor-puntuacion-en-el-indice-de-transparencia-de-canarias-con-un-10\/#breadcrumb","itemListElement":[{"@type":"ListItem","position":1,"name":"Portada","item":"https:\/\/www.aridane.org\/city\/"},{"@type":"ListItem","position":2,"name":"El Ayuntamiento de Los Llanos de Aridane obtiene la mayor puntuaci\u00f3n en el \u00cdndice de Transparencia de Canarias con un 10"}]},{"@type":"WebSite","@id":"https:\/\/www.aridane.org\/city\/#website","url":"https:\/\/www.aridane.org\/city\/","name":"Ayuntamiento de Los Llanos de Aridane","description":"","potentialAction":[{"@type":"SearchAction","target":{"@type":"EntryPoint","urlTemplate":"https:\/\/www.aridane.org\/city\/?s={search_term_string}"},"query-input":"required name=search_term_string"}],"inLanguage":"es"},{"@type":"Person","@id":"https:\/\/www.aridane.org\/city\/#\/schema\/person\/7d352ec7f29881716f298394432e7209","name":"Richard Diaz","image":{"@type":"ImageObject","inLanguage":"es","@id":"https:\/\/www.aridane.org\/city\/#\/schema\/person\/image\/","url":"https:\/\/secure.gravatar.com\/avatar\/bacd6aefc26a4a204943090a4c596cd10f0857081ef3cfd12084a70ecb3161d5?s=96&d=mm&r=g","contentUrl":"https:\/\/secure.gravatar.com\/avatar\/bacd6aefc26a4a204943090a4c596cd10f0857081ef3cfd12084a70ecb3161d5?s=96&d=mm&r=g","caption":"Richard Diaz"},"sameAs":["https:\/\/www.aridane.org\/city"],"url":"https:\/\/www.aridane.org\/city\/author\/richard-diaz\/"}]}},"_links":{"self":[{"href":"https:\/\/www.aridane.org\/city\/wp-json\/wp\/v2\/posts\/1453","targetHints":{"allow":["GET"]}}],"collection":[{"href":"https:\/\/www.aridane.org\/city\/wp-json\/wp\/v2\/posts"}],"about":[{"href":"https:\/\/www.aridane.org\/city\/wp-json\/wp\/v2\/types\/post"}],"author":[{"embeddable":true,"href":"https:\/\/www.aridane.org\/city\/wp-json\/wp\/v2\/users\/1"}],"replies":[{"embeddable":true,"href":"https:\/\/www.aridane.org\/city\/wp-json\/wp\/v2\/comments?post=1453"}],"version-history":[{"count":1,"href":"https:\/\/www.aridane.org\/city\/wp-json\/wp\/v2\/posts\/1453\/revisions"}],"predecessor-version":[{"id":2572,"href":"https:\/\/www.aridane.org\/city\/wp-json\/wp\/v2\/posts\/1453\/revisions\/2572"}],"wp:featuredmedia":[{"embeddable":true,"href":"https:\/\/www.aridane.org\/city\/wp-json\/wp\/v2\/media\/2571"}],"wp:attachment":[{"href":"https:\/\/www.aridane.org\/city\/wp-json\/wp\/v2\/media?parent=1453"}],"wp:term":[{"taxonomy":"category","embeddable":true,"href":"https:\/\/www.aridane.org\/city\/wp-json\/wp\/v2\/categories?post=1453"},{"taxonomy":"post_tag","embeddable":true,"href":"https:\/\/www.aridane.org\/city\/wp-json\/wp\/v2\/tags?post=1453"}],"curies":[{"name":"wp","href":"https:\/\/api.w.org\/{rel}","templated":true}]}}