{"id":1460,"date":"2023-03-08T10:15:44","date_gmt":"2023-03-08T10:15:44","guid":{"rendered":"https:\/\/aridane.org\/ciudad\/?p=1460"},"modified":"2023-07-27T07:42:04","modified_gmt":"2023-07-27T07:42:04","slug":"el-espacio-cultural-el-secadero-recupera-su-actividad-tras-los-carnavales","status":"publish","type":"post","link":"https:\/\/www.aridane.org\/city\/2023\/03\/08\/el-espacio-cultural-el-secadero-recupera-su-actividad-tras-los-carnavales\/","title":{"rendered":"El Espacio Cultural El Secadero recupera su actividad tras los carnavales"},"content":{"rendered":"<section class=\"wpb-content-wrapper\"><p>[vc_row css_animation=\u00bb\u00bb row_type=\u00bbrow\u00bb use_row_as_full_screen_section=\u00bbno\u00bb type=\u00bbfull_width\u00bb angled_section=\u00bbno\u00bb text_align=\u00bbleft\u00bb background_image_as_pattern=\u00bbwithout_pattern\u00bb][vc_column][vc_row_inner row_type=\u00bbrow\u00bb type=\u00bbgrid\u00bb text_align=\u00bbleft\u00bb css_animation=\u00bb\u00bb][vc_column_inner][vc_empty_space height=\u00bb20px\u00bb][vc_empty_space height=\u00bb20px\u00bb][\/vc_column_inner][\/vc_row_inner][vc_column_text]<\/p>\n<ul>\n<li style=\"text-align: justify;\"><em>La concejal de Cultura se\u00f1ala que la m\u00fasica y el teatro ser\u00e1n los protagonistas.<\/em><\/li>\n<\/ul>\n<p>&nbsp;<\/p>\n<p style=\"text-align: justify;\"><strong>Los Llanos de Aridane, 8 de marzo de 2023.-<\/strong> El Ayuntamiento de Los Llanos de Aridane a trav\u00e9s de la concejal de Cultura, Charo Gonz\u00e1lez, ha confirmado que este fin de semana regresa la actividad al Espacio Cultural El Secadero, tras el par\u00f3n de los carnavales.<\/p>\n<p style=\"text-align: justify;\">Gonz\u00e1lez afirma que la m\u00fasica y el teatro ser\u00e1n los protagonistas de la programaci\u00f3n de este fin de semana, y explica que el viernes 10 a partir de las 20:30 horas, y dentro del ciclo Bocados Sonoros, tendr\u00e1 lugar el concierto \u2018Catana por Casanova\u2019, con Carlos Catana, voz, y Mingo Roque, piano. \u201cUn tributo a F\u00e9lix Francisco Casanova, a quien ha estado dedicado este a\u00f1o el D\u00eda de las Letras Canarias.<\/p>\n<p style=\"text-align: justify;\">Mientras que el s\u00e1bado 11, afirma, a partir de las 20:00 horas y dentro del ciclo Secadero en tablas y en la colaboraci\u00f3n del Programa MARES, llega el turno de \u2018Ella y los cerdos\u2019, de Escrig Producciones.<\/p>\n<p style=\"text-align: justify;\">Rosa Escrig da vida a Auxilio, personaje inspirado en la maestra y poetisa uruguaya Alcira Soust Scaffo, quien permaneci\u00f3 oculta en unos aseos de la Universidad M\u00e9xico durante su ocupaci\u00f3n por el ej\u00e9rcito en 1968. En ese tiempo, Alcira se aliment\u00f3 de papel higi\u00e9nico y recit\u00f3 poemas por la megafon\u00eda del centro.<\/p>\n<p style=\"text-align: justify;\">Esta obra, explica la concejal, es una adaptaci\u00f3n libre de la novela del escritor chileno Roberto Bola\u00f1o \u2018Amuleto\u2019, 1998, realizada por el dramaturgo chileno afincado en Nueva York Leonardo Gonz\u00e1lez. Adem\u00e1s, se\u00f1ala que con este texto, Gonz\u00e1lez obtuvo en 2019 el premio \u2018La rebeli\u00f3n de las voces\u2019, que otorga el prestigioso Festival Santiago Off. En formato de mon\u00f3logo, Escrig interpreta a Auxilio Lacouture, mujer de mediana edad y profesora de Filosof\u00eda, que narra un crimen \u2018atroz y lejano\u2019. En esta propuesta, cobran, adem\u00e1s, un protagonismo especial el espacio sonoro compuesto por Nacho Mart\u00edn, los efectos visuales de Asiria \u00c1lvarez y la danza de \u00c1ngeles Padilla.<\/p>\n<p style=\"text-align: justify;\">Por \u00faltimo, desde el Ayuntamiento de Los Llanos de Aridane se recuerda que todas aquellas personas que quieran reservar su entrada, al precio de 5 euros cada una, deber\u00e1n hacerlo a trav\u00e9s de la plataforma <a href=\"http:\/\/www.tuticketlapalma.com\">www.tuticketlapalma.com<\/a>.<\/p>\n<p>[\/vc_column_text][\/vc_column][\/vc_row]<\/p>\n<\/section>","protected":false},"excerpt":{"rendered":"<p>[vc_row css_animation=\u00bb\u00bb row_type=\u00bbrow\u00bb use_row_as_full_screen_section=\u00bbno\u00bb type=\u00bbfull_width\u00bb angled_section=\u00bbno\u00bb text_align=\u00bbleft\u00bb background_image_as_pattern=\u00bbwithout_pattern\u00bb][vc_column][vc_row_inner row_type=\u00bbrow\u00bb type=\u00bbgrid\u00bb text_align=\u00bbleft\u00bb css_animation=\u00bb\u00bb][vc_column_inner][vc_empty_space height=\u00bb20px\u00bb][vc_empty_space height=\u00bb20px\u00bb][\/vc_column_inner][\/vc_row_inner][vc_column_text] La concejal de Cultura se\u00f1ala que la m\u00fasica y el teatro ser\u00e1n los protagonistas. &nbsp; Los Llanos de Aridane, 8 de marzo de 2023.- El Ayuntamiento de Los Llanos de Aridane&#8230;<\/p>\n","protected":false},"author":1,"featured_media":2567,"comment_status":"closed","ping_status":"open","sticky":false,"template":"","format":"standard","meta":{"footnotes":""},"categories":[6],"tags":[],"class_list":["post-1460","post","type-post","status-publish","format-standard","has-post-thumbnail","hentry","category-prensa"],"yoast_head":"<!-- This site is optimized with the Yoast SEO plugin v22.7 - https:\/\/yoast.com\/wordpress\/plugins\/seo\/ -->\n<title>El Espacio Cultural El Secadero recupera su actividad tras los carnavales - Ayuntamiento de Los Llanos de Aridane<\/title>\n<meta name=\"description\" content=\"El Ayuntamiento de Los Llanos de Aridane presenta el cartel y el programa de La Patrona 2021 con el lema \u201cRemedios, m\u00e1s que un nombre.\u201d\" \/>\n<meta name=\"robots\" content=\"index, follow, max-snippet:-1, max-image-preview:large, max-video-preview:-1\" \/>\n<link rel=\"canonical\" href=\"https:\/\/www.aridane.org\/city\/2023\/03\/08\/el-espacio-cultural-el-secadero-recupera-su-actividad-tras-los-carnavales\/\" \/>\n<meta property=\"og:locale\" content=\"es_ES\" \/>\n<meta property=\"og:type\" content=\"article\" \/>\n<meta property=\"og:title\" content=\"El Espacio Cultural El Secadero recupera su actividad tras los carnavales - Ayuntamiento de Los Llanos de Aridane\" \/>\n<meta property=\"og:description\" content=\"El Ayuntamiento de Los Llanos de Aridane presenta el cartel y el programa de La Patrona 2021 con el lema \u201cRemedios, m\u00e1s que un nombre.\u201d\" \/>\n<meta property=\"og:url\" content=\"https:\/\/www.aridane.org\/city\/2023\/03\/08\/el-espacio-cultural-el-secadero-recupera-su-actividad-tras-los-carnavales\/\" \/>\n<meta property=\"og:site_name\" content=\"Ayuntamiento de Los Llanos de Aridane\" \/>\n<meta property=\"article:published_time\" content=\"2023-03-08T10:15:44+00:00\" \/>\n<meta property=\"article:modified_time\" content=\"2023-07-27T07:42:04+00:00\" \/>\n<meta property=\"og:image\" content=\"https:\/\/www.aridane.org\/city\/wp-content\/uploads\/2023\/03\/secadero_retoma_actividades.jpg\" \/>\n\t<meta property=\"og:image:width\" content=\"1200\" \/>\n\t<meta property=\"og:image:height\" content=\"675\" \/>\n\t<meta property=\"og:image:type\" content=\"image\/jpeg\" \/>\n<meta name=\"author\" content=\"Richard Diaz\" \/>\n<meta name=\"twitter:card\" content=\"summary_large_image\" \/>\n<meta name=\"twitter:label1\" content=\"Escrito por\" \/>\n\t<meta name=\"twitter:data1\" content=\"Richard Diaz\" \/>\n\t<meta name=\"twitter:label2\" content=\"Tiempo de lectura\" \/>\n\t<meta name=\"twitter:data2\" content=\"2 minutos\" \/>\n<script type=\"application\/ld+json\" class=\"yoast-schema-graph\">{\"@context\":\"https:\/\/schema.org\",\"@graph\":[{\"@type\":\"WebPage\",\"@id\":\"https:\/\/www.aridane.org\/city\/2023\/03\/08\/el-espacio-cultural-el-secadero-recupera-su-actividad-tras-los-carnavales\/\",\"url\":\"https:\/\/www.aridane.org\/city\/2023\/03\/08\/el-espacio-cultural-el-secadero-recupera-su-actividad-tras-los-carnavales\/\",\"name\":\"El Espacio Cultural El Secadero recupera su actividad tras los carnavales - Ayuntamiento de Los Llanos de Aridane\",\"isPartOf\":{\"@id\":\"https:\/\/www.aridane.org\/city\/#website\"},\"primaryImageOfPage\":{\"@id\":\"https:\/\/www.aridane.org\/city\/2023\/03\/08\/el-espacio-cultural-el-secadero-recupera-su-actividad-tras-los-carnavales\/#primaryimage\"},\"image\":{\"@id\":\"https:\/\/www.aridane.org\/city\/2023\/03\/08\/el-espacio-cultural-el-secadero-recupera-su-actividad-tras-los-carnavales\/#primaryimage\"},\"thumbnailUrl\":\"https:\/\/www.aridane.org\/city\/wp-content\/uploads\/2023\/03\/secadero_retoma_actividades.jpg\",\"datePublished\":\"2023-03-08T10:15:44+00:00\",\"dateModified\":\"2023-07-27T07:42:04+00:00\",\"author\":{\"@id\":\"https:\/\/www.aridane.org\/city\/#\/schema\/person\/7d352ec7f29881716f298394432e7209\"},\"description\":\"El Ayuntamiento de Los Llanos de Aridane presenta el cartel y el programa de La Patrona 2021 con el lema \u201cRemedios, m\u00e1s que un nombre.\u201d\",\"breadcrumb\":{\"@id\":\"https:\/\/www.aridane.org\/city\/2023\/03\/08\/el-espacio-cultural-el-secadero-recupera-su-actividad-tras-los-carnavales\/#breadcrumb\"},\"inLanguage\":\"es\",\"potentialAction\":[{\"@type\":\"ReadAction\",\"target\":[\"https:\/\/www.aridane.org\/city\/2023\/03\/08\/el-espacio-cultural-el-secadero-recupera-su-actividad-tras-los-carnavales\/\"]}]},{\"@type\":\"ImageObject\",\"inLanguage\":\"es\",\"@id\":\"https:\/\/www.aridane.org\/city\/2023\/03\/08\/el-espacio-cultural-el-secadero-recupera-su-actividad-tras-los-carnavales\/#primaryimage\",\"url\":\"https:\/\/www.aridane.org\/city\/wp-content\/uploads\/2023\/03\/secadero_retoma_actividades.jpg\",\"contentUrl\":\"https:\/\/www.aridane.org\/city\/wp-content\/uploads\/2023\/03\/secadero_retoma_actividades.jpg\",\"width\":1200,\"height\":675},{\"@type\":\"BreadcrumbList\",\"@id\":\"https:\/\/www.aridane.org\/city\/2023\/03\/08\/el-espacio-cultural-el-secadero-recupera-su-actividad-tras-los-carnavales\/#breadcrumb\",\"itemListElement\":[{\"@type\":\"ListItem\",\"position\":1,\"name\":\"Portada\",\"item\":\"https:\/\/www.aridane.org\/city\/\"},{\"@type\":\"ListItem\",\"position\":2,\"name\":\"El Espacio Cultural El Secadero recupera su actividad tras los carnavales\"}]},{\"@type\":\"WebSite\",\"@id\":\"https:\/\/www.aridane.org\/city\/#website\",\"url\":\"https:\/\/www.aridane.org\/city\/\",\"name\":\"Ayuntamiento de Los Llanos de Aridane\",\"description\":\"\",\"potentialAction\":[{\"@type\":\"SearchAction\",\"target\":{\"@type\":\"EntryPoint\",\"urlTemplate\":\"https:\/\/www.aridane.org\/city\/?s={search_term_string}\"},\"query-input\":\"required name=search_term_string\"}],\"inLanguage\":\"es\"},{\"@type\":\"Person\",\"@id\":\"https:\/\/www.aridane.org\/city\/#\/schema\/person\/7d352ec7f29881716f298394432e7209\",\"name\":\"Richard Diaz\",\"image\":{\"@type\":\"ImageObject\",\"inLanguage\":\"es\",\"@id\":\"https:\/\/www.aridane.org\/city\/#\/schema\/person\/image\/\",\"url\":\"https:\/\/secure.gravatar.com\/avatar\/bacd6aefc26a4a204943090a4c596cd10f0857081ef3cfd12084a70ecb3161d5?s=96&d=mm&r=g\",\"contentUrl\":\"https:\/\/secure.gravatar.com\/avatar\/bacd6aefc26a4a204943090a4c596cd10f0857081ef3cfd12084a70ecb3161d5?s=96&d=mm&r=g\",\"caption\":\"Richard Diaz\"},\"sameAs\":[\"https:\/\/www.aridane.org\/city\"],\"url\":\"https:\/\/www.aridane.org\/city\/author\/richard-diaz\/\"}]}<\/script>\n<!-- \/ Yoast SEO plugin. -->","yoast_head_json":{"title":"El Espacio Cultural El Secadero recupera su actividad tras los carnavales - Ayuntamiento de Los Llanos de Aridane","description":"El Ayuntamiento de Los Llanos de Aridane presenta el cartel y el programa de La Patrona 2021 con el lema \u201cRemedios, m\u00e1s que un nombre.\u201d","robots":{"index":"index","follow":"follow","max-snippet":"max-snippet:-1","max-image-preview":"max-image-preview:large","max-video-preview":"max-video-preview:-1"},"canonical":"https:\/\/www.aridane.org\/city\/2023\/03\/08\/el-espacio-cultural-el-secadero-recupera-su-actividad-tras-los-carnavales\/","og_locale":"es_ES","og_type":"article","og_title":"El Espacio Cultural El Secadero recupera su actividad tras los carnavales - Ayuntamiento de Los Llanos de Aridane","og_description":"El Ayuntamiento de Los Llanos de Aridane presenta el cartel y el programa de La Patrona 2021 con el lema \u201cRemedios, m\u00e1s que un nombre.\u201d","og_url":"https:\/\/www.aridane.org\/city\/2023\/03\/08\/el-espacio-cultural-el-secadero-recupera-su-actividad-tras-los-carnavales\/","og_site_name":"Ayuntamiento de Los Llanos de Aridane","article_published_time":"2023-03-08T10:15:44+00:00","article_modified_time":"2023-07-27T07:42:04+00:00","og_image":[{"width":1200,"height":675,"url":"https:\/\/www.aridane.org\/city\/wp-content\/uploads\/2023\/03\/secadero_retoma_actividades.jpg","type":"image\/jpeg"}],"author":"Richard Diaz","twitter_card":"summary_large_image","twitter_misc":{"Escrito por":"Richard Diaz","Tiempo de lectura":"2 minutos"},"schema":{"@context":"https:\/\/schema.org","@graph":[{"@type":"WebPage","@id":"https:\/\/www.aridane.org\/city\/2023\/03\/08\/el-espacio-cultural-el-secadero-recupera-su-actividad-tras-los-carnavales\/","url":"https:\/\/www.aridane.org\/city\/2023\/03\/08\/el-espacio-cultural-el-secadero-recupera-su-actividad-tras-los-carnavales\/","name":"El Espacio Cultural El Secadero recupera su actividad tras los carnavales - Ayuntamiento de Los Llanos de Aridane","isPartOf":{"@id":"https:\/\/www.aridane.org\/city\/#website"},"primaryImageOfPage":{"@id":"https:\/\/www.aridane.org\/city\/2023\/03\/08\/el-espacio-cultural-el-secadero-recupera-su-actividad-tras-los-carnavales\/#primaryimage"},"image":{"@id":"https:\/\/www.aridane.org\/city\/2023\/03\/08\/el-espacio-cultural-el-secadero-recupera-su-actividad-tras-los-carnavales\/#primaryimage"},"thumbnailUrl":"https:\/\/www.aridane.org\/city\/wp-content\/uploads\/2023\/03\/secadero_retoma_actividades.jpg","datePublished":"2023-03-08T10:15:44+00:00","dateModified":"2023-07-27T07:42:04+00:00","author":{"@id":"https:\/\/www.aridane.org\/city\/#\/schema\/person\/7d352ec7f29881716f298394432e7209"},"description":"El Ayuntamiento de Los Llanos de Aridane presenta el cartel y el programa de La Patrona 2021 con el lema \u201cRemedios, m\u00e1s que un nombre.\u201d","breadcrumb":{"@id":"https:\/\/www.aridane.org\/city\/2023\/03\/08\/el-espacio-cultural-el-secadero-recupera-su-actividad-tras-los-carnavales\/#breadcrumb"},"inLanguage":"es","potentialAction":[{"@type":"ReadAction","target":["https:\/\/www.aridane.org\/city\/2023\/03\/08\/el-espacio-cultural-el-secadero-recupera-su-actividad-tras-los-carnavales\/"]}]},{"@type":"ImageObject","inLanguage":"es","@id":"https:\/\/www.aridane.org\/city\/2023\/03\/08\/el-espacio-cultural-el-secadero-recupera-su-actividad-tras-los-carnavales\/#primaryimage","url":"https:\/\/www.aridane.org\/city\/wp-content\/uploads\/2023\/03\/secadero_retoma_actividades.jpg","contentUrl":"https:\/\/www.aridane.org\/city\/wp-content\/uploads\/2023\/03\/secadero_retoma_actividades.jpg","width":1200,"height":675},{"@type":"BreadcrumbList","@id":"https:\/\/www.aridane.org\/city\/2023\/03\/08\/el-espacio-cultural-el-secadero-recupera-su-actividad-tras-los-carnavales\/#breadcrumb","itemListElement":[{"@type":"ListItem","position":1,"name":"Portada","item":"https:\/\/www.aridane.org\/city\/"},{"@type":"ListItem","position":2,"name":"El Espacio Cultural El Secadero recupera su actividad tras los carnavales"}]},{"@type":"WebSite","@id":"https:\/\/www.aridane.org\/city\/#website","url":"https:\/\/www.aridane.org\/city\/","name":"Ayuntamiento de Los Llanos de Aridane","description":"","potentialAction":[{"@type":"SearchAction","target":{"@type":"EntryPoint","urlTemplate":"https:\/\/www.aridane.org\/city\/?s={search_term_string}"},"query-input":"required name=search_term_string"}],"inLanguage":"es"},{"@type":"Person","@id":"https:\/\/www.aridane.org\/city\/#\/schema\/person\/7d352ec7f29881716f298394432e7209","name":"Richard Diaz","image":{"@type":"ImageObject","inLanguage":"es","@id":"https:\/\/www.aridane.org\/city\/#\/schema\/person\/image\/","url":"https:\/\/secure.gravatar.com\/avatar\/bacd6aefc26a4a204943090a4c596cd10f0857081ef3cfd12084a70ecb3161d5?s=96&d=mm&r=g","contentUrl":"https:\/\/secure.gravatar.com\/avatar\/bacd6aefc26a4a204943090a4c596cd10f0857081ef3cfd12084a70ecb3161d5?s=96&d=mm&r=g","caption":"Richard Diaz"},"sameAs":["https:\/\/www.aridane.org\/city"],"url":"https:\/\/www.aridane.org\/city\/author\/richard-diaz\/"}]}},"_links":{"self":[{"href":"https:\/\/www.aridane.org\/city\/wp-json\/wp\/v2\/posts\/1460","targetHints":{"allow":["GET"]}}],"collection":[{"href":"https:\/\/www.aridane.org\/city\/wp-json\/wp\/v2\/posts"}],"about":[{"href":"https:\/\/www.aridane.org\/city\/wp-json\/wp\/v2\/types\/post"}],"author":[{"embeddable":true,"href":"https:\/\/www.aridane.org\/city\/wp-json\/wp\/v2\/users\/1"}],"replies":[{"embeddable":true,"href":"https:\/\/www.aridane.org\/city\/wp-json\/wp\/v2\/comments?post=1460"}],"version-history":[{"count":1,"href":"https:\/\/www.aridane.org\/city\/wp-json\/wp\/v2\/posts\/1460\/revisions"}],"predecessor-version":[{"id":2568,"href":"https:\/\/www.aridane.org\/city\/wp-json\/wp\/v2\/posts\/1460\/revisions\/2568"}],"wp:featuredmedia":[{"embeddable":true,"href":"https:\/\/www.aridane.org\/city\/wp-json\/wp\/v2\/media\/2567"}],"wp:attachment":[{"href":"https:\/\/www.aridane.org\/city\/wp-json\/wp\/v2\/media?parent=1460"}],"wp:term":[{"taxonomy":"category","embeddable":true,"href":"https:\/\/www.aridane.org\/city\/wp-json\/wp\/v2\/categories?post=1460"},{"taxonomy":"post_tag","embeddable":true,"href":"https:\/\/www.aridane.org\/city\/wp-json\/wp\/v2\/tags?post=1460"}],"curies":[{"name":"wp","href":"https:\/\/api.w.org\/{rel}","templated":true}]}}