{"id":1463,"date":"2023-03-09T08:30:37","date_gmt":"2023-03-09T08:30:37","guid":{"rendered":"https:\/\/aridane.org\/ciudad\/?p=1463"},"modified":"2023-07-27T07:38:42","modified_gmt":"2023-07-27T07:38:42","slug":"la-cantante-y-compositora-de-isla-reunion-sundri-feeling-protagonista-de-la-segunda-residencia-artistica-de-este-ano-en-los-llanos-de-aridane","status":"publish","type":"post","link":"https:\/\/www.aridane.org\/city\/2023\/03\/09\/la-cantante-y-compositora-de-isla-reunion-sundri-feeling-protagonista-de-la-segunda-residencia-artistica-de-este-ano-en-los-llanos-de-aridane\/","title":{"rendered":"La cantante y compositora de Isla Reuni\u00f3n Sundri Feeling protagonista de la segunda Residencia Art\u00edstica de este a\u00f1o en Los Llanos de Aridane"},"content":{"rendered":"<section class=\"wpb-content-wrapper\"><p>[vc_row css_animation=\u00bb\u00bb row_type=\u00bbrow\u00bb use_row_as_full_screen_section=\u00bbno\u00bb type=\u00bbfull_width\u00bb angled_section=\u00bbno\u00bb text_align=\u00bbleft\u00bb background_image_as_pattern=\u00bbwithout_pattern\u00bb][vc_column][vc_row_inner row_type=\u00bbrow\u00bb type=\u00bbgrid\u00bb text_align=\u00bbleft\u00bb css_animation=\u00bb\u00bb][vc_column_inner][vc_empty_space height=\u00bb20px\u00bb][\/vc_column_inner][\/vc_row_inner][vc_column_text]<\/p>\n<p style=\"text-align: justify;\"><em>Feeling charlar\u00e1 este domingo con el m\u00fasico Iv\u00e1n Sweeney sobre la m\u00fasica en islas de la regiones ultraperif\u00e9ricas a partir de las \u00a012:00 horas y dentro del proyecto Momentos BEC, en el Parque Antonio G\u00f3mez Felipe.<\/em><\/p>\n<p style=\"text-align: justify;\"><strong>Los Llanos de Aridane, 9 de marzo de 2023.-<\/strong> El Ayuntamiento de Los Llanos de Aridane a trav\u00e9s de la concejal de Cultura, Charo Gonz\u00e1lez, ha confirmado que Sundri Feeling est\u00e1 siendo la protagonista de esta segunda residencia art\u00edstica a lo largo de este mes, \u201cy este domingo, a las 12:00 horas, dentro del proyecto Momentos BEC, en el Parque Antonio G\u00f3mez Felipe, charlar\u00e1 sobre la m\u00fasica en islas de la regiones ultraperif\u00e9ricas con Iv\u00e1n Sweeney\u201d.<\/p>\n<p style=\"text-align: justify;\">Gonz\u00e1lez explica que Sundri Feeling creci\u00f3 en Francia en una familia mestiza de las cuatro esquinas del mundo, una escuela biling\u00fce inglesa y, sobre todo, en la discoteca de su padre, donde cultiv\u00f3 su don natural para el canto y la danza desde la infancia, \u201cso\u00f1ando secretamente con ser cantante\u201d.<\/p>\n<p style=\"text-align: justify;\">Su encuentro en 2001 con el cantante creole Jim Fortun\u00e9 le abri\u00f3 \u00a0la escena de Isla Reuni\u00f3n tanto como corista como bailarina, siendo tambi\u00e9n el comienzo de su apasionado trabajo alrededor de la voz, la escritura y la composici\u00f3n. Su primer \u00e1lbum, \u2018Accords\u2019, 2014, fue nominado en los Estados Unidos por el International Acoustic Music Awards y Voices of the \u00a0Indian Ocean, \u201cpermiti\u00e9ndole tener una presencia regular en la escena del Jazz h y en los medios\u201d. Para el \u00e1lbum \u2018Dancing souls\u2019, 2018, colabor\u00f3 con el bajista internacional Sylvin \u00a0Marc, Nina Simone, Chris Rea. Su nuevo \u00e1lbum \u2018Sundri\u2019, 2022, es un manifiesto libertario en honor de las mujeres pioneras, conocidas o an\u00f3nimas, realizado junto al incre\u00edble bajista Mishko M\u2019Ba, Ray Charles; Paco Sery; Dee Dee Bridgewater; \u00a0Zazie.<\/p>\n<p style=\"text-align: justify;\">C\u00f4t\u00e9 Export Seoul Music Week 2017 fue la oportunidad de una primera gira asi\u00e1tica, seguida de una segunda en 2018. En 2019, Sundri Feeling fue programada en el Festival Imbizo d\u2019Afrique du Sud, Mundos en Las Palmas de Gran Canaria y Mozambique Music Meeting, aparte de participar en 2022 en Mapas Festival.<\/p>\n<p style=\"text-align: justify;\">Adem\u00e1s del encuentro de este domingo, Sundri se reunir\u00e1 con alumnado de franc\u00e9s de los dos institutos del municipio para hablar de m\u00fasica, de escritura y de su isla, \u201cy el viernes 17, dentro del Proyecto Bocados Sonoros, ofrecer\u00e1 en el Espacio Cultural El Secadero un concierto work in progress con parte de lo compuesto en la residencia, junto al bajista Mishko M&amp;#39;ba y el guitarrista Iv\u00e1n Sweeney\u201d.<\/p>\n<p style=\"text-align: justify;\">Mishko M\u2019Ba es un reconocido bajista y pianista franc\u00e9s, compositor y productor. Estudi\u00f3 m\u00fasica cl\u00e1sica en Toulouse y se enfoc\u00f3 posteriormente en el jazz y el rock. Ha realizado giras en Estados Unidos, Europa y Asia con varias bandas de diferentes estilos musicales durante muchos a\u00f1os, siendo considerado uno de los mejores bajistas franceses, y habiendo trabajado con reconocidos artistas como Ray Charles, Lucky Alk, Khaled y Didier Lockwood.<\/p>\n<p style=\"text-align: justify;\">Iv\u00e1n Sweeney es nacido en Valencia, y reside en La Palma desde 2011. En las islas forma parte y ha sido fundador de dos proyectos musicales, \u201cSiroco\u2019s\u201d y \u201cKasa Libre\u201d en la actualidad es guitarrista en \u201cFuerza\u201d grupo liderado por Eremiot Rodriguez nominado a mejor \u00e1lbum de ra\u00edz en los premios canarios de la m\u00fasica. Freelance como m\u00fasico y gestor cultural, desde 2016 trabaja en la producci\u00f3n y gesti\u00f3n de eventos culturales tanto a nivel privado como con asociaciones y administraci\u00f3n p\u00fablica.<\/p>\n<p style=\"text-align: justify;\">Por \u00faltimo, desde el Ayuntamiento de Los Llanos de Aridane se invita a todas las personas que as\u00ed lo deseen a participar en los actos previstos alrededor de esta nueva Residencia Art\u00edstica.<\/p>\n<p>[\/vc_column_text][\/vc_column][\/vc_row]<\/p>\n<\/section>","protected":false},"excerpt":{"rendered":"<p>[vc_row css_animation=\u00bb\u00bb row_type=\u00bbrow\u00bb use_row_as_full_screen_section=\u00bbno\u00bb type=\u00bbfull_width\u00bb angled_section=\u00bbno\u00bb text_align=\u00bbleft\u00bb background_image_as_pattern=\u00bbwithout_pattern\u00bb][vc_column][vc_row_inner row_type=\u00bbrow\u00bb type=\u00bbgrid\u00bb text_align=\u00bbleft\u00bb css_animation=\u00bb\u00bb][vc_column_inner][vc_empty_space height=\u00bb20px\u00bb][\/vc_column_inner][\/vc_row_inner][vc_column_text] Feeling charlar\u00e1 este domingo con el m\u00fasico Iv\u00e1n Sweeney sobre la m\u00fasica en islas de la regiones ultraperif\u00e9ricas a partir de las \u00a012:00 horas y dentro del proyecto Momentos BEC, en el&#8230;<\/p>\n","protected":false},"author":1,"featured_media":2562,"comment_status":"closed","ping_status":"open","sticky":false,"template":"","format":"standard","meta":{"footnotes":""},"categories":[6],"tags":[],"class_list":["post-1463","post","type-post","status-publish","format-standard","has-post-thumbnail","hentry","category-prensa"],"yoast_head":"<!-- This site is optimized with the Yoast SEO plugin v22.7 - https:\/\/yoast.com\/wordpress\/plugins\/seo\/ -->\n<title>La cantante y compositora de Isla Reuni\u00f3n Sundri Feeling protagonista de la segunda Residencia Art\u00edstica de este a\u00f1o en Los Llanos de Aridane - Ayuntamiento de Los Llanos de Aridane<\/title>\n<meta name=\"description\" content=\"El Ayuntamiento de Los Llanos de Aridane presenta el cartel y el programa de La Patrona 2021 con el lema \u201cRemedios, m\u00e1s que un nombre.\u201d\" \/>\n<meta name=\"robots\" content=\"index, follow, max-snippet:-1, max-image-preview:large, max-video-preview:-1\" \/>\n<link rel=\"canonical\" href=\"https:\/\/www.aridane.org\/city\/2023\/03\/09\/la-cantante-y-compositora-de-isla-reunion-sundri-feeling-protagonista-de-la-segunda-residencia-artistica-de-este-ano-en-los-llanos-de-aridane\/\" \/>\n<meta property=\"og:locale\" content=\"es_ES\" \/>\n<meta property=\"og:type\" content=\"article\" \/>\n<meta property=\"og:title\" content=\"La cantante y compositora de Isla Reuni\u00f3n Sundri Feeling protagonista de la segunda Residencia Art\u00edstica de este a\u00f1o en Los Llanos de Aridane - Ayuntamiento de Los Llanos de Aridane\" \/>\n<meta property=\"og:description\" content=\"El Ayuntamiento de Los Llanos de Aridane presenta el cartel y el programa de La Patrona 2021 con el lema \u201cRemedios, m\u00e1s que un nombre.\u201d\" \/>\n<meta property=\"og:url\" content=\"https:\/\/www.aridane.org\/city\/2023\/03\/09\/la-cantante-y-compositora-de-isla-reunion-sundri-feeling-protagonista-de-la-segunda-residencia-artistica-de-este-ano-en-los-llanos-de-aridane\/\" \/>\n<meta property=\"og:site_name\" content=\"Ayuntamiento de Los Llanos de Aridane\" \/>\n<meta property=\"article:published_time\" content=\"2023-03-09T08:30:37+00:00\" \/>\n<meta property=\"article:modified_time\" content=\"2023-07-27T07:38:42+00:00\" \/>\n<meta property=\"og:image\" content=\"https:\/\/www.aridane.org\/city\/wp-content\/uploads\/2023\/03\/sundri_feeling_1.jpg\" \/>\n\t<meta property=\"og:image:width\" content=\"1200\" \/>\n\t<meta property=\"og:image:height\" content=\"675\" \/>\n\t<meta property=\"og:image:type\" content=\"image\/jpeg\" \/>\n<meta name=\"author\" content=\"Richard Diaz\" \/>\n<meta name=\"twitter:card\" content=\"summary_large_image\" \/>\n<meta name=\"twitter:label1\" content=\"Escrito por\" \/>\n\t<meta name=\"twitter:data1\" content=\"Richard Diaz\" \/>\n\t<meta name=\"twitter:label2\" content=\"Tiempo de lectura\" \/>\n\t<meta name=\"twitter:data2\" content=\"3 minutos\" \/>\n<script type=\"application\/ld+json\" class=\"yoast-schema-graph\">{\"@context\":\"https:\/\/schema.org\",\"@graph\":[{\"@type\":\"WebPage\",\"@id\":\"https:\/\/www.aridane.org\/city\/2023\/03\/09\/la-cantante-y-compositora-de-isla-reunion-sundri-feeling-protagonista-de-la-segunda-residencia-artistica-de-este-ano-en-los-llanos-de-aridane\/\",\"url\":\"https:\/\/www.aridane.org\/city\/2023\/03\/09\/la-cantante-y-compositora-de-isla-reunion-sundri-feeling-protagonista-de-la-segunda-residencia-artistica-de-este-ano-en-los-llanos-de-aridane\/\",\"name\":\"La cantante y compositora de Isla Reuni\u00f3n Sundri Feeling protagonista de la segunda Residencia Art\u00edstica de este a\u00f1o en Los Llanos de Aridane - Ayuntamiento de Los Llanos de Aridane\",\"isPartOf\":{\"@id\":\"https:\/\/www.aridane.org\/city\/#website\"},\"primaryImageOfPage\":{\"@id\":\"https:\/\/www.aridane.org\/city\/2023\/03\/09\/la-cantante-y-compositora-de-isla-reunion-sundri-feeling-protagonista-de-la-segunda-residencia-artistica-de-este-ano-en-los-llanos-de-aridane\/#primaryimage\"},\"image\":{\"@id\":\"https:\/\/www.aridane.org\/city\/2023\/03\/09\/la-cantante-y-compositora-de-isla-reunion-sundri-feeling-protagonista-de-la-segunda-residencia-artistica-de-este-ano-en-los-llanos-de-aridane\/#primaryimage\"},\"thumbnailUrl\":\"https:\/\/www.aridane.org\/city\/wp-content\/uploads\/2023\/03\/sundri_feeling_1.jpg\",\"datePublished\":\"2023-03-09T08:30:37+00:00\",\"dateModified\":\"2023-07-27T07:38:42+00:00\",\"author\":{\"@id\":\"https:\/\/www.aridane.org\/city\/#\/schema\/person\/7d352ec7f29881716f298394432e7209\"},\"description\":\"El Ayuntamiento de Los Llanos de Aridane presenta el cartel y el programa de La Patrona 2021 con el lema \u201cRemedios, m\u00e1s que un nombre.\u201d\",\"breadcrumb\":{\"@id\":\"https:\/\/www.aridane.org\/city\/2023\/03\/09\/la-cantante-y-compositora-de-isla-reunion-sundri-feeling-protagonista-de-la-segunda-residencia-artistica-de-este-ano-en-los-llanos-de-aridane\/#breadcrumb\"},\"inLanguage\":\"es\",\"potentialAction\":[{\"@type\":\"ReadAction\",\"target\":[\"https:\/\/www.aridane.org\/city\/2023\/03\/09\/la-cantante-y-compositora-de-isla-reunion-sundri-feeling-protagonista-de-la-segunda-residencia-artistica-de-este-ano-en-los-llanos-de-aridane\/\"]}]},{\"@type\":\"ImageObject\",\"inLanguage\":\"es\",\"@id\":\"https:\/\/www.aridane.org\/city\/2023\/03\/09\/la-cantante-y-compositora-de-isla-reunion-sundri-feeling-protagonista-de-la-segunda-residencia-artistica-de-este-ano-en-los-llanos-de-aridane\/#primaryimage\",\"url\":\"https:\/\/www.aridane.org\/city\/wp-content\/uploads\/2023\/03\/sundri_feeling_1.jpg\",\"contentUrl\":\"https:\/\/www.aridane.org\/city\/wp-content\/uploads\/2023\/03\/sundri_feeling_1.jpg\",\"width\":1200,\"height\":675},{\"@type\":\"BreadcrumbList\",\"@id\":\"https:\/\/www.aridane.org\/city\/2023\/03\/09\/la-cantante-y-compositora-de-isla-reunion-sundri-feeling-protagonista-de-la-segunda-residencia-artistica-de-este-ano-en-los-llanos-de-aridane\/#breadcrumb\",\"itemListElement\":[{\"@type\":\"ListItem\",\"position\":1,\"name\":\"Portada\",\"item\":\"https:\/\/www.aridane.org\/city\/\"},{\"@type\":\"ListItem\",\"position\":2,\"name\":\"La cantante y compositora de Isla Reuni\u00f3n Sundri Feeling protagonista de la segunda Residencia Art\u00edstica de este a\u00f1o en Los Llanos de Aridane\"}]},{\"@type\":\"WebSite\",\"@id\":\"https:\/\/www.aridane.org\/city\/#website\",\"url\":\"https:\/\/www.aridane.org\/city\/\",\"name\":\"Ayuntamiento de Los Llanos de Aridane\",\"description\":\"\",\"potentialAction\":[{\"@type\":\"SearchAction\",\"target\":{\"@type\":\"EntryPoint\",\"urlTemplate\":\"https:\/\/www.aridane.org\/city\/?s={search_term_string}\"},\"query-input\":\"required name=search_term_string\"}],\"inLanguage\":\"es\"},{\"@type\":\"Person\",\"@id\":\"https:\/\/www.aridane.org\/city\/#\/schema\/person\/7d352ec7f29881716f298394432e7209\",\"name\":\"Richard Diaz\",\"image\":{\"@type\":\"ImageObject\",\"inLanguage\":\"es\",\"@id\":\"https:\/\/www.aridane.org\/city\/#\/schema\/person\/image\/\",\"url\":\"https:\/\/secure.gravatar.com\/avatar\/bacd6aefc26a4a204943090a4c596cd10f0857081ef3cfd12084a70ecb3161d5?s=96&d=mm&r=g\",\"contentUrl\":\"https:\/\/secure.gravatar.com\/avatar\/bacd6aefc26a4a204943090a4c596cd10f0857081ef3cfd12084a70ecb3161d5?s=96&d=mm&r=g\",\"caption\":\"Richard Diaz\"},\"sameAs\":[\"https:\/\/www.aridane.org\/city\"],\"url\":\"https:\/\/www.aridane.org\/city\/author\/richard-diaz\/\"}]}<\/script>\n<!-- \/ Yoast SEO plugin. -->","yoast_head_json":{"title":"La cantante y compositora de Isla Reuni\u00f3n Sundri Feeling protagonista de la segunda Residencia Art\u00edstica de este a\u00f1o en Los Llanos de Aridane - Ayuntamiento de Los Llanos de Aridane","description":"El Ayuntamiento de Los Llanos de Aridane presenta el cartel y el programa de La Patrona 2021 con el lema \u201cRemedios, m\u00e1s que un nombre.\u201d","robots":{"index":"index","follow":"follow","max-snippet":"max-snippet:-1","max-image-preview":"max-image-preview:large","max-video-preview":"max-video-preview:-1"},"canonical":"https:\/\/www.aridane.org\/city\/2023\/03\/09\/la-cantante-y-compositora-de-isla-reunion-sundri-feeling-protagonista-de-la-segunda-residencia-artistica-de-este-ano-en-los-llanos-de-aridane\/","og_locale":"es_ES","og_type":"article","og_title":"La cantante y compositora de Isla Reuni\u00f3n Sundri Feeling protagonista de la segunda Residencia Art\u00edstica de este a\u00f1o en Los Llanos de Aridane - Ayuntamiento de Los Llanos de Aridane","og_description":"El Ayuntamiento de Los Llanos de Aridane presenta el cartel y el programa de La Patrona 2021 con el lema \u201cRemedios, m\u00e1s que un nombre.\u201d","og_url":"https:\/\/www.aridane.org\/city\/2023\/03\/09\/la-cantante-y-compositora-de-isla-reunion-sundri-feeling-protagonista-de-la-segunda-residencia-artistica-de-este-ano-en-los-llanos-de-aridane\/","og_site_name":"Ayuntamiento de Los Llanos de Aridane","article_published_time":"2023-03-09T08:30:37+00:00","article_modified_time":"2023-07-27T07:38:42+00:00","og_image":[{"width":1200,"height":675,"url":"https:\/\/www.aridane.org\/city\/wp-content\/uploads\/2023\/03\/sundri_feeling_1.jpg","type":"image\/jpeg"}],"author":"Richard Diaz","twitter_card":"summary_large_image","twitter_misc":{"Escrito por":"Richard Diaz","Tiempo de lectura":"3 minutos"},"schema":{"@context":"https:\/\/schema.org","@graph":[{"@type":"WebPage","@id":"https:\/\/www.aridane.org\/city\/2023\/03\/09\/la-cantante-y-compositora-de-isla-reunion-sundri-feeling-protagonista-de-la-segunda-residencia-artistica-de-este-ano-en-los-llanos-de-aridane\/","url":"https:\/\/www.aridane.org\/city\/2023\/03\/09\/la-cantante-y-compositora-de-isla-reunion-sundri-feeling-protagonista-de-la-segunda-residencia-artistica-de-este-ano-en-los-llanos-de-aridane\/","name":"La cantante y compositora de Isla Reuni\u00f3n Sundri Feeling protagonista de la segunda Residencia Art\u00edstica de este a\u00f1o en Los Llanos de Aridane - Ayuntamiento de Los Llanos de Aridane","isPartOf":{"@id":"https:\/\/www.aridane.org\/city\/#website"},"primaryImageOfPage":{"@id":"https:\/\/www.aridane.org\/city\/2023\/03\/09\/la-cantante-y-compositora-de-isla-reunion-sundri-feeling-protagonista-de-la-segunda-residencia-artistica-de-este-ano-en-los-llanos-de-aridane\/#primaryimage"},"image":{"@id":"https:\/\/www.aridane.org\/city\/2023\/03\/09\/la-cantante-y-compositora-de-isla-reunion-sundri-feeling-protagonista-de-la-segunda-residencia-artistica-de-este-ano-en-los-llanos-de-aridane\/#primaryimage"},"thumbnailUrl":"https:\/\/www.aridane.org\/city\/wp-content\/uploads\/2023\/03\/sundri_feeling_1.jpg","datePublished":"2023-03-09T08:30:37+00:00","dateModified":"2023-07-27T07:38:42+00:00","author":{"@id":"https:\/\/www.aridane.org\/city\/#\/schema\/person\/7d352ec7f29881716f298394432e7209"},"description":"El Ayuntamiento de Los Llanos de Aridane presenta el cartel y el programa de La Patrona 2021 con el lema \u201cRemedios, m\u00e1s que un nombre.\u201d","breadcrumb":{"@id":"https:\/\/www.aridane.org\/city\/2023\/03\/09\/la-cantante-y-compositora-de-isla-reunion-sundri-feeling-protagonista-de-la-segunda-residencia-artistica-de-este-ano-en-los-llanos-de-aridane\/#breadcrumb"},"inLanguage":"es","potentialAction":[{"@type":"ReadAction","target":["https:\/\/www.aridane.org\/city\/2023\/03\/09\/la-cantante-y-compositora-de-isla-reunion-sundri-feeling-protagonista-de-la-segunda-residencia-artistica-de-este-ano-en-los-llanos-de-aridane\/"]}]},{"@type":"ImageObject","inLanguage":"es","@id":"https:\/\/www.aridane.org\/city\/2023\/03\/09\/la-cantante-y-compositora-de-isla-reunion-sundri-feeling-protagonista-de-la-segunda-residencia-artistica-de-este-ano-en-los-llanos-de-aridane\/#primaryimage","url":"https:\/\/www.aridane.org\/city\/wp-content\/uploads\/2023\/03\/sundri_feeling_1.jpg","contentUrl":"https:\/\/www.aridane.org\/city\/wp-content\/uploads\/2023\/03\/sundri_feeling_1.jpg","width":1200,"height":675},{"@type":"BreadcrumbList","@id":"https:\/\/www.aridane.org\/city\/2023\/03\/09\/la-cantante-y-compositora-de-isla-reunion-sundri-feeling-protagonista-de-la-segunda-residencia-artistica-de-este-ano-en-los-llanos-de-aridane\/#breadcrumb","itemListElement":[{"@type":"ListItem","position":1,"name":"Portada","item":"https:\/\/www.aridane.org\/city\/"},{"@type":"ListItem","position":2,"name":"La cantante y compositora de Isla Reuni\u00f3n Sundri Feeling protagonista de la segunda Residencia Art\u00edstica de este a\u00f1o en Los Llanos de Aridane"}]},{"@type":"WebSite","@id":"https:\/\/www.aridane.org\/city\/#website","url":"https:\/\/www.aridane.org\/city\/","name":"Ayuntamiento de Los Llanos de Aridane","description":"","potentialAction":[{"@type":"SearchAction","target":{"@type":"EntryPoint","urlTemplate":"https:\/\/www.aridane.org\/city\/?s={search_term_string}"},"query-input":"required name=search_term_string"}],"inLanguage":"es"},{"@type":"Person","@id":"https:\/\/www.aridane.org\/city\/#\/schema\/person\/7d352ec7f29881716f298394432e7209","name":"Richard Diaz","image":{"@type":"ImageObject","inLanguage":"es","@id":"https:\/\/www.aridane.org\/city\/#\/schema\/person\/image\/","url":"https:\/\/secure.gravatar.com\/avatar\/bacd6aefc26a4a204943090a4c596cd10f0857081ef3cfd12084a70ecb3161d5?s=96&d=mm&r=g","contentUrl":"https:\/\/secure.gravatar.com\/avatar\/bacd6aefc26a4a204943090a4c596cd10f0857081ef3cfd12084a70ecb3161d5?s=96&d=mm&r=g","caption":"Richard Diaz"},"sameAs":["https:\/\/www.aridane.org\/city"],"url":"https:\/\/www.aridane.org\/city\/author\/richard-diaz\/"}]}},"_links":{"self":[{"href":"https:\/\/www.aridane.org\/city\/wp-json\/wp\/v2\/posts\/1463","targetHints":{"allow":["GET"]}}],"collection":[{"href":"https:\/\/www.aridane.org\/city\/wp-json\/wp\/v2\/posts"}],"about":[{"href":"https:\/\/www.aridane.org\/city\/wp-json\/wp\/v2\/types\/post"}],"author":[{"embeddable":true,"href":"https:\/\/www.aridane.org\/city\/wp-json\/wp\/v2\/users\/1"}],"replies":[{"embeddable":true,"href":"https:\/\/www.aridane.org\/city\/wp-json\/wp\/v2\/comments?post=1463"}],"version-history":[{"count":5,"href":"https:\/\/www.aridane.org\/city\/wp-json\/wp\/v2\/posts\/1463\/revisions"}],"predecessor-version":[{"id":2566,"href":"https:\/\/www.aridane.org\/city\/wp-json\/wp\/v2\/posts\/1463\/revisions\/2566"}],"wp:featuredmedia":[{"embeddable":true,"href":"https:\/\/www.aridane.org\/city\/wp-json\/wp\/v2\/media\/2562"}],"wp:attachment":[{"href":"https:\/\/www.aridane.org\/city\/wp-json\/wp\/v2\/media?parent=1463"}],"wp:term":[{"taxonomy":"category","embeddable":true,"href":"https:\/\/www.aridane.org\/city\/wp-json\/wp\/v2\/categories?post=1463"},{"taxonomy":"post_tag","embeddable":true,"href":"https:\/\/www.aridane.org\/city\/wp-json\/wp\/v2\/tags?post=1463"}],"curies":[{"name":"wp","href":"https:\/\/api.w.org\/{rel}","templated":true}]}}