{"id":1466,"date":"2023-03-10T09:41:00","date_gmt":"2023-03-10T09:41:00","guid":{"rendered":"https:\/\/aridane.org\/ciudad\/?p=1466"},"modified":"2023-07-27T07:28:17","modified_gmt":"2023-07-27T07:28:17","slug":"el-ayuntamiento-de-los-llanos-de-aridane-participa-en-el-taller-de-energia-de-la-norman-foster-foundation","status":"publish","type":"post","link":"https:\/\/www.aridane.org\/city\/2023\/03\/10\/el-ayuntamiento-de-los-llanos-de-aridane-participa-en-el-taller-de-energia-de-la-norman-foster-foundation\/","title":{"rendered":"El Ayuntamiento de Los Llanos de Aridane participa en el Taller de Energ\u00eda de la Norman Foster Foundation"},"content":{"rendered":"<section class=\"wpb-content-wrapper\"><p>[vc_row css_animation=\u00bb\u00bb row_type=\u00bbrow\u00bb use_row_as_full_screen_section=\u00bbno\u00bb type=\u00bbfull_width\u00bb angled_section=\u00bbno\u00bb text_align=\u00bbleft\u00bb background_image_as_pattern=\u00bbwithout_pattern\u00bb][vc_column][vc_row_inner row_type=\u00bbrow\u00bb type=\u00bbgrid\u00bb text_align=\u00bbleft\u00bb css_animation=\u00bb\u00bb][vc_column_inner][vc_empty_space height=\u00bb20px\u00bb][vc_empty_space height=\u00bb20px\u00bb][\/vc_column_inner][\/vc_row_inner][vc_column_text]<\/p>\n<ul>\n<li style=\"text-align: justify;\"><em>El concejal de Urbanismo, Manuel Perera, particip\u00f3 en la exposici\u00f3n final de los proyectos seleccionados para recuperar el territorio afectado por la lava, junto a rostros de gran prestigio dentro del mundo de la arquitectura y el urbanismo, a nivel mundial, como el propio Norman Foster e I\u00f1aki \u00c1balos.<\/em><\/li>\n<\/ul>\n<p>&nbsp;<\/p>\n<p style=\"text-align: justify;\"><strong>Los Llanos de Aridane, 9 de marzo de 2023.-<\/strong> El Ayuntamiento de Los Llanos de Aridane a trav\u00e9s del concejal de Urbanismo, Manuel Perera, ha participado en la exposici\u00f3n final de los proyectos presentados en el Taller de Energ\u00eda que se ha llevado a cabo en la Norman Foster Foundation, ubicada en Madrid, \u201cjunto a otros rostros de gran prestigio dentro del mundo de la arquitectura y el urbanismo, a nivel mundial, como Norman Foster e I\u00f1aki \u00c1balos\u201d.<\/p>\n<p style=\"text-align: justify;\">Perera explica que, durante una semana, un reducido grupo de estudiantes de diversas ramas, como la arquitectura, el urbanismo o el dise\u00f1o, con distintas nacionalidades y seleccionados por la Fundaci\u00f3n, han estado trabajando, con la ayuda de sus mentores y el cuerpo acad\u00e9mico, en distintas opciones para recuperar la tierra afectada por la lava. \u201cSiempre con el objetivo de que estos proyectos reunieran los aspectos energ\u00e9ticos, sociales, econ\u00f3micos, ecol\u00f3gicos y ambientales adecuados, y que a su vez promovieran nuevos recursos y la autosuficiencia efectiva\u201d, se\u00f1ala.<\/p>\n<p style=\"text-align: justify;\">Adem\u00e1s, el concejal se\u00f1ala que estos proyectos pueden servir como punto de partida para futuros trabajos que se puedan desarrollar en el municipio, \u201cpor eso vamos a trabajar para que estos dise\u00f1os se puedan traer al municipio y sean expuestos con el fin de que los vecinos puedan conocer las novedosas propuestas por parte de estos alumnos\u201d.<\/p>\n<p style=\"text-align: justify;\">Por \u00faltimo, desde el Ayuntamiento de Los Llanos de Aridane se agradece a la Norman Foster Foundation que haya organizado \u201ceste taller, ayudando as\u00ed a la recuperaci\u00f3n del municipio\u201d.<\/p>\n<p style=\"text-align: justify;\"><strong>Norman Foster Foundation<\/strong><\/p>\n<p style=\"text-align: justify;\">La Norman Foster Foundation fomenta el pensamiento y la investigaci\u00f3n interdisciplinar para ayudar a nuevas generaciones de arquitectos, dise\u00f1adores y urbanistas a anticiparse al futuro. La fundaci\u00f3n cree en la importancia de conectar la arquitectura, el dise\u00f1o, la tecnolog\u00eda y las artes para prestar un mejor servicio a la sociedad y en el valor de una educaci\u00f3n hol\u00edstica que fomente la experimentaci\u00f3n a trav\u00e9s de la investigaci\u00f3n y la realizaci\u00f3n de proyectos construidos. La Norman Foster Foundation alberga el Archivo y la Biblioteca de Norman Foster, que ofrecen una visi\u00f3n de la historia de nuestro entorno construido a trav\u00e9s de la obra de Norman Foster. La Norman Foster Foundation tiene su sede en Madrid y realiza proyectos a nivel global.<\/p>\n<p>[\/vc_column_text][\/vc_column][\/vc_row]<\/p>\n<\/section>","protected":false},"excerpt":{"rendered":"<p>[vc_row css_animation=\u00bb\u00bb row_type=\u00bbrow\u00bb use_row_as_full_screen_section=\u00bbno\u00bb type=\u00bbfull_width\u00bb angled_section=\u00bbno\u00bb text_align=\u00bbleft\u00bb background_image_as_pattern=\u00bbwithout_pattern\u00bb][vc_column][vc_row_inner row_type=\u00bbrow\u00bb type=\u00bbgrid\u00bb text_align=\u00bbleft\u00bb css_animation=\u00bb\u00bb][vc_column_inner][vc_empty_space height=\u00bb20px\u00bb][vc_empty_space height=\u00bb20px\u00bb][\/vc_column_inner][\/vc_row_inner][vc_column_text] El concejal de Urbanismo, Manuel Perera, particip\u00f3 en la exposici\u00f3n final de los proyectos seleccionados para recuperar el territorio afectado por la lava, junto a rostros de gran prestigio dentro del&#8230;<\/p>\n","protected":false},"author":1,"featured_media":2559,"comment_status":"closed","ping_status":"open","sticky":false,"template":"","format":"standard","meta":{"footnotes":""},"categories":[6],"tags":[],"class_list":["post-1466","post","type-post","status-publish","format-standard","has-post-thumbnail","hentry","category-prensa"],"yoast_head":"<!-- This site is optimized with the Yoast SEO plugin v22.7 - https:\/\/yoast.com\/wordpress\/plugins\/seo\/ -->\n<title>El Ayuntamiento de Los Llanos de Aridane participa en el Taller de Energ\u00eda de la Norman Foster Foundation - Ayuntamiento de Los Llanos de Aridane<\/title>\n<meta name=\"description\" content=\"El Ayuntamiento de Los Llanos de Aridane presenta el cartel y el programa de La Patrona 2021 con el lema \u201cRemedios, m\u00e1s que un nombre.\u201d\" \/>\n<meta name=\"robots\" content=\"index, follow, max-snippet:-1, max-image-preview:large, max-video-preview:-1\" \/>\n<link rel=\"canonical\" href=\"https:\/\/www.aridane.org\/city\/2023\/03\/10\/el-ayuntamiento-de-los-llanos-de-aridane-participa-en-el-taller-de-energia-de-la-norman-foster-foundation\/\" \/>\n<meta property=\"og:locale\" content=\"es_ES\" \/>\n<meta property=\"og:type\" content=\"article\" \/>\n<meta property=\"og:title\" content=\"El Ayuntamiento de Los Llanos de Aridane participa en el Taller de Energ\u00eda de la Norman Foster Foundation - Ayuntamiento de Los Llanos de Aridane\" \/>\n<meta property=\"og:description\" content=\"El Ayuntamiento de Los Llanos de Aridane presenta el cartel y el programa de La Patrona 2021 con el lema \u201cRemedios, m\u00e1s que un nombre.\u201d\" \/>\n<meta property=\"og:url\" content=\"https:\/\/www.aridane.org\/city\/2023\/03\/10\/el-ayuntamiento-de-los-llanos-de-aridane-participa-en-el-taller-de-energia-de-la-norman-foster-foundation\/\" \/>\n<meta property=\"og:site_name\" content=\"Ayuntamiento de Los Llanos de Aridane\" \/>\n<meta property=\"article:published_time\" content=\"2023-03-10T09:41:00+00:00\" \/>\n<meta property=\"article:modified_time\" content=\"2023-07-27T07:28:17+00:00\" \/>\n<meta property=\"og:image\" content=\"https:\/\/www.aridane.org\/city\/wp-content\/uploads\/2023\/03\/Norman_Foster_Foundation.jpg\" \/>\n\t<meta property=\"og:image:width\" content=\"1200\" \/>\n\t<meta property=\"og:image:height\" content=\"675\" \/>\n\t<meta property=\"og:image:type\" content=\"image\/jpeg\" \/>\n<meta name=\"author\" content=\"Richard Diaz\" \/>\n<meta name=\"twitter:card\" content=\"summary_large_image\" \/>\n<meta name=\"twitter:label1\" content=\"Escrito por\" \/>\n\t<meta name=\"twitter:data1\" content=\"Richard Diaz\" \/>\n\t<meta name=\"twitter:label2\" content=\"Tiempo de lectura\" \/>\n\t<meta name=\"twitter:data2\" content=\"2 minutos\" \/>\n<script type=\"application\/ld+json\" class=\"yoast-schema-graph\">{\"@context\":\"https:\/\/schema.org\",\"@graph\":[{\"@type\":\"WebPage\",\"@id\":\"https:\/\/www.aridane.org\/city\/2023\/03\/10\/el-ayuntamiento-de-los-llanos-de-aridane-participa-en-el-taller-de-energia-de-la-norman-foster-foundation\/\",\"url\":\"https:\/\/www.aridane.org\/city\/2023\/03\/10\/el-ayuntamiento-de-los-llanos-de-aridane-participa-en-el-taller-de-energia-de-la-norman-foster-foundation\/\",\"name\":\"El Ayuntamiento de Los Llanos de Aridane participa en el Taller de Energ\u00eda de la Norman Foster Foundation - Ayuntamiento de Los Llanos de Aridane\",\"isPartOf\":{\"@id\":\"https:\/\/www.aridane.org\/city\/#website\"},\"primaryImageOfPage\":{\"@id\":\"https:\/\/www.aridane.org\/city\/2023\/03\/10\/el-ayuntamiento-de-los-llanos-de-aridane-participa-en-el-taller-de-energia-de-la-norman-foster-foundation\/#primaryimage\"},\"image\":{\"@id\":\"https:\/\/www.aridane.org\/city\/2023\/03\/10\/el-ayuntamiento-de-los-llanos-de-aridane-participa-en-el-taller-de-energia-de-la-norman-foster-foundation\/#primaryimage\"},\"thumbnailUrl\":\"https:\/\/www.aridane.org\/city\/wp-content\/uploads\/2023\/03\/Norman_Foster_Foundation.jpg\",\"datePublished\":\"2023-03-10T09:41:00+00:00\",\"dateModified\":\"2023-07-27T07:28:17+00:00\",\"author\":{\"@id\":\"https:\/\/www.aridane.org\/city\/#\/schema\/person\/7d352ec7f29881716f298394432e7209\"},\"description\":\"El Ayuntamiento de Los Llanos de Aridane presenta el cartel y el programa de La Patrona 2021 con el lema \u201cRemedios, m\u00e1s que un nombre.\u201d\",\"breadcrumb\":{\"@id\":\"https:\/\/www.aridane.org\/city\/2023\/03\/10\/el-ayuntamiento-de-los-llanos-de-aridane-participa-en-el-taller-de-energia-de-la-norman-foster-foundation\/#breadcrumb\"},\"inLanguage\":\"es\",\"potentialAction\":[{\"@type\":\"ReadAction\",\"target\":[\"https:\/\/www.aridane.org\/city\/2023\/03\/10\/el-ayuntamiento-de-los-llanos-de-aridane-participa-en-el-taller-de-energia-de-la-norman-foster-foundation\/\"]}]},{\"@type\":\"ImageObject\",\"inLanguage\":\"es\",\"@id\":\"https:\/\/www.aridane.org\/city\/2023\/03\/10\/el-ayuntamiento-de-los-llanos-de-aridane-participa-en-el-taller-de-energia-de-la-norman-foster-foundation\/#primaryimage\",\"url\":\"https:\/\/www.aridane.org\/city\/wp-content\/uploads\/2023\/03\/Norman_Foster_Foundation.jpg\",\"contentUrl\":\"https:\/\/www.aridane.org\/city\/wp-content\/uploads\/2023\/03\/Norman_Foster_Foundation.jpg\",\"width\":1200,\"height\":675},{\"@type\":\"BreadcrumbList\",\"@id\":\"https:\/\/www.aridane.org\/city\/2023\/03\/10\/el-ayuntamiento-de-los-llanos-de-aridane-participa-en-el-taller-de-energia-de-la-norman-foster-foundation\/#breadcrumb\",\"itemListElement\":[{\"@type\":\"ListItem\",\"position\":1,\"name\":\"Portada\",\"item\":\"https:\/\/www.aridane.org\/city\/\"},{\"@type\":\"ListItem\",\"position\":2,\"name\":\"El Ayuntamiento de Los Llanos de Aridane participa en el Taller de Energ\u00eda de la Norman Foster Foundation\"}]},{\"@type\":\"WebSite\",\"@id\":\"https:\/\/www.aridane.org\/city\/#website\",\"url\":\"https:\/\/www.aridane.org\/city\/\",\"name\":\"Ayuntamiento de Los Llanos de Aridane\",\"description\":\"\",\"potentialAction\":[{\"@type\":\"SearchAction\",\"target\":{\"@type\":\"EntryPoint\",\"urlTemplate\":\"https:\/\/www.aridane.org\/city\/?s={search_term_string}\"},\"query-input\":\"required name=search_term_string\"}],\"inLanguage\":\"es\"},{\"@type\":\"Person\",\"@id\":\"https:\/\/www.aridane.org\/city\/#\/schema\/person\/7d352ec7f29881716f298394432e7209\",\"name\":\"Richard Diaz\",\"image\":{\"@type\":\"ImageObject\",\"inLanguage\":\"es\",\"@id\":\"https:\/\/www.aridane.org\/city\/#\/schema\/person\/image\/\",\"url\":\"https:\/\/secure.gravatar.com\/avatar\/bacd6aefc26a4a204943090a4c596cd10f0857081ef3cfd12084a70ecb3161d5?s=96&d=mm&r=g\",\"contentUrl\":\"https:\/\/secure.gravatar.com\/avatar\/bacd6aefc26a4a204943090a4c596cd10f0857081ef3cfd12084a70ecb3161d5?s=96&d=mm&r=g\",\"caption\":\"Richard Diaz\"},\"sameAs\":[\"https:\/\/www.aridane.org\/city\"],\"url\":\"https:\/\/www.aridane.org\/city\/author\/richard-diaz\/\"}]}<\/script>\n<!-- \/ Yoast SEO plugin. -->","yoast_head_json":{"title":"El Ayuntamiento de Los Llanos de Aridane participa en el Taller de Energ\u00eda de la Norman Foster Foundation - Ayuntamiento de Los Llanos de Aridane","description":"El Ayuntamiento de Los Llanos de Aridane presenta el cartel y el programa de La Patrona 2021 con el lema \u201cRemedios, m\u00e1s que un nombre.\u201d","robots":{"index":"index","follow":"follow","max-snippet":"max-snippet:-1","max-image-preview":"max-image-preview:large","max-video-preview":"max-video-preview:-1"},"canonical":"https:\/\/www.aridane.org\/city\/2023\/03\/10\/el-ayuntamiento-de-los-llanos-de-aridane-participa-en-el-taller-de-energia-de-la-norman-foster-foundation\/","og_locale":"es_ES","og_type":"article","og_title":"El Ayuntamiento de Los Llanos de Aridane participa en el Taller de Energ\u00eda de la Norman Foster Foundation - Ayuntamiento de Los Llanos de Aridane","og_description":"El Ayuntamiento de Los Llanos de Aridane presenta el cartel y el programa de La Patrona 2021 con el lema \u201cRemedios, m\u00e1s que un nombre.\u201d","og_url":"https:\/\/www.aridane.org\/city\/2023\/03\/10\/el-ayuntamiento-de-los-llanos-de-aridane-participa-en-el-taller-de-energia-de-la-norman-foster-foundation\/","og_site_name":"Ayuntamiento de Los Llanos de Aridane","article_published_time":"2023-03-10T09:41:00+00:00","article_modified_time":"2023-07-27T07:28:17+00:00","og_image":[{"width":1200,"height":675,"url":"https:\/\/www.aridane.org\/city\/wp-content\/uploads\/2023\/03\/Norman_Foster_Foundation.jpg","type":"image\/jpeg"}],"author":"Richard Diaz","twitter_card":"summary_large_image","twitter_misc":{"Escrito por":"Richard Diaz","Tiempo de lectura":"2 minutos"},"schema":{"@context":"https:\/\/schema.org","@graph":[{"@type":"WebPage","@id":"https:\/\/www.aridane.org\/city\/2023\/03\/10\/el-ayuntamiento-de-los-llanos-de-aridane-participa-en-el-taller-de-energia-de-la-norman-foster-foundation\/","url":"https:\/\/www.aridane.org\/city\/2023\/03\/10\/el-ayuntamiento-de-los-llanos-de-aridane-participa-en-el-taller-de-energia-de-la-norman-foster-foundation\/","name":"El Ayuntamiento de Los Llanos de Aridane participa en el Taller de Energ\u00eda de la Norman Foster Foundation - Ayuntamiento de Los Llanos de Aridane","isPartOf":{"@id":"https:\/\/www.aridane.org\/city\/#website"},"primaryImageOfPage":{"@id":"https:\/\/www.aridane.org\/city\/2023\/03\/10\/el-ayuntamiento-de-los-llanos-de-aridane-participa-en-el-taller-de-energia-de-la-norman-foster-foundation\/#primaryimage"},"image":{"@id":"https:\/\/www.aridane.org\/city\/2023\/03\/10\/el-ayuntamiento-de-los-llanos-de-aridane-participa-en-el-taller-de-energia-de-la-norman-foster-foundation\/#primaryimage"},"thumbnailUrl":"https:\/\/www.aridane.org\/city\/wp-content\/uploads\/2023\/03\/Norman_Foster_Foundation.jpg","datePublished":"2023-03-10T09:41:00+00:00","dateModified":"2023-07-27T07:28:17+00:00","author":{"@id":"https:\/\/www.aridane.org\/city\/#\/schema\/person\/7d352ec7f29881716f298394432e7209"},"description":"El Ayuntamiento de Los Llanos de Aridane presenta el cartel y el programa de La Patrona 2021 con el lema \u201cRemedios, m\u00e1s que un nombre.\u201d","breadcrumb":{"@id":"https:\/\/www.aridane.org\/city\/2023\/03\/10\/el-ayuntamiento-de-los-llanos-de-aridane-participa-en-el-taller-de-energia-de-la-norman-foster-foundation\/#breadcrumb"},"inLanguage":"es","potentialAction":[{"@type":"ReadAction","target":["https:\/\/www.aridane.org\/city\/2023\/03\/10\/el-ayuntamiento-de-los-llanos-de-aridane-participa-en-el-taller-de-energia-de-la-norman-foster-foundation\/"]}]},{"@type":"ImageObject","inLanguage":"es","@id":"https:\/\/www.aridane.org\/city\/2023\/03\/10\/el-ayuntamiento-de-los-llanos-de-aridane-participa-en-el-taller-de-energia-de-la-norman-foster-foundation\/#primaryimage","url":"https:\/\/www.aridane.org\/city\/wp-content\/uploads\/2023\/03\/Norman_Foster_Foundation.jpg","contentUrl":"https:\/\/www.aridane.org\/city\/wp-content\/uploads\/2023\/03\/Norman_Foster_Foundation.jpg","width":1200,"height":675},{"@type":"BreadcrumbList","@id":"https:\/\/www.aridane.org\/city\/2023\/03\/10\/el-ayuntamiento-de-los-llanos-de-aridane-participa-en-el-taller-de-energia-de-la-norman-foster-foundation\/#breadcrumb","itemListElement":[{"@type":"ListItem","position":1,"name":"Portada","item":"https:\/\/www.aridane.org\/city\/"},{"@type":"ListItem","position":2,"name":"El Ayuntamiento de Los Llanos de Aridane participa en el Taller de Energ\u00eda de la Norman Foster Foundation"}]},{"@type":"WebSite","@id":"https:\/\/www.aridane.org\/city\/#website","url":"https:\/\/www.aridane.org\/city\/","name":"Ayuntamiento de Los Llanos de Aridane","description":"","potentialAction":[{"@type":"SearchAction","target":{"@type":"EntryPoint","urlTemplate":"https:\/\/www.aridane.org\/city\/?s={search_term_string}"},"query-input":"required name=search_term_string"}],"inLanguage":"es"},{"@type":"Person","@id":"https:\/\/www.aridane.org\/city\/#\/schema\/person\/7d352ec7f29881716f298394432e7209","name":"Richard Diaz","image":{"@type":"ImageObject","inLanguage":"es","@id":"https:\/\/www.aridane.org\/city\/#\/schema\/person\/image\/","url":"https:\/\/secure.gravatar.com\/avatar\/bacd6aefc26a4a204943090a4c596cd10f0857081ef3cfd12084a70ecb3161d5?s=96&d=mm&r=g","contentUrl":"https:\/\/secure.gravatar.com\/avatar\/bacd6aefc26a4a204943090a4c596cd10f0857081ef3cfd12084a70ecb3161d5?s=96&d=mm&r=g","caption":"Richard Diaz"},"sameAs":["https:\/\/www.aridane.org\/city"],"url":"https:\/\/www.aridane.org\/city\/author\/richard-diaz\/"}]}},"_links":{"self":[{"href":"https:\/\/www.aridane.org\/city\/wp-json\/wp\/v2\/posts\/1466","targetHints":{"allow":["GET"]}}],"collection":[{"href":"https:\/\/www.aridane.org\/city\/wp-json\/wp\/v2\/posts"}],"about":[{"href":"https:\/\/www.aridane.org\/city\/wp-json\/wp\/v2\/types\/post"}],"author":[{"embeddable":true,"href":"https:\/\/www.aridane.org\/city\/wp-json\/wp\/v2\/users\/1"}],"replies":[{"embeddable":true,"href":"https:\/\/www.aridane.org\/city\/wp-json\/wp\/v2\/comments?post=1466"}],"version-history":[{"count":1,"href":"https:\/\/www.aridane.org\/city\/wp-json\/wp\/v2\/posts\/1466\/revisions"}],"predecessor-version":[{"id":2560,"href":"https:\/\/www.aridane.org\/city\/wp-json\/wp\/v2\/posts\/1466\/revisions\/2560"}],"wp:featuredmedia":[{"embeddable":true,"href":"https:\/\/www.aridane.org\/city\/wp-json\/wp\/v2\/media\/2559"}],"wp:attachment":[{"href":"https:\/\/www.aridane.org\/city\/wp-json\/wp\/v2\/media?parent=1466"}],"wp:term":[{"taxonomy":"category","embeddable":true,"href":"https:\/\/www.aridane.org\/city\/wp-json\/wp\/v2\/categories?post=1466"},{"taxonomy":"post_tag","embeddable":true,"href":"https:\/\/www.aridane.org\/city\/wp-json\/wp\/v2\/tags?post=1466"}],"curies":[{"name":"wp","href":"https:\/\/api.w.org\/{rel}","templated":true}]}}