{"id":1477,"date":"2023-03-15T10:25:03","date_gmt":"2023-03-15T10:25:03","guid":{"rendered":"https:\/\/aridane.org\/ciudad\/?p=1477"},"modified":"2023-07-27T07:10:25","modified_gmt":"2023-07-27T07:10:25","slug":"los-llanos-de-aridane-acoge-este-sabado-la-sexta-sesion-de-la-arrancadilla-cultural-con-la-gordofobia-como-eje-central","status":"publish","type":"post","link":"https:\/\/www.aridane.org\/city\/2023\/03\/15\/los-llanos-de-aridane-acoge-este-sabado-la-sexta-sesion-de-la-arrancadilla-cultural-con-la-gordofobia-como-eje-central\/","title":{"rendered":"Los Llanos de Aridane acoge este s\u00e1bado la sexta sesi\u00f3n de la\u00a0Arrancadilla Cultural con la gordofobia como eje central"},"content":{"rendered":"<section class=\"wpb-content-wrapper\"><p>[vc_row css_animation=\u00bb\u00bb row_type=\u00bbrow\u00bb use_row_as_full_screen_section=\u00bbno\u00bb type=\u00bbfull_width\u00bb angled_section=\u00bbno\u00bb text_align=\u00bbleft\u00bb background_image_as_pattern=\u00bbwithout_pattern\u00bb][vc_column][vc_row_inner row_type=\u00bbrow\u00bb type=\u00bbgrid\u00bb text_align=\u00bbleft\u00bb css_animation=\u00bb\u00bb][vc_column_inner][vc_empty_space height=\u00bb20px\u00bb][vc_empty_space height=\u00bb20px\u00bb][\/vc_column_inner][\/vc_row_inner][vc_column_text]<\/p>\n<ul>\n<li style=\"text-align: justify;\"><em>La concejal de Cultura, recuerda que este encuentro se desarrollar\u00e1 a partir de las 11:00 horas en el Parque Antonio G\u00f3mez Felipe.<\/em><\/li>\n<\/ul>\n<p>&nbsp;<\/p>\n<p style=\"text-align: justify;\"><strong>Los Llanos de Aridane, 15 de marzo de 2023.-<\/strong> El Ayuntamiento de Los Llanos de Aridane a trav\u00e9s de la concejal de Cultura, Charo Gonz\u00e1lez, ha confirmado que este s\u00e1bado el municipio acoger\u00e1 la sexta sesi\u00f3n de la Arrancadilla Cultural, hay que recordar que esta actividad se viene desarrollando un s\u00e1bado de cada mes desde el pasado octubre, \u201cen esta ocasi\u00f3n estar\u00e1 centrado en la gordofobia, y tambi\u00e9n se contar\u00e1 con un mercadillo en el que los j\u00f3venes podr\u00e1n exponer y vender sus obras, como ya es habitual\u201d, se\u00f1ala.<\/p>\n<p style=\"text-align: justify;\">Gonz\u00e1lez recuerda que este proyecto es hecho por y para la juventud de Canarias, \u201cy en esta ocasi\u00f3n artistas como An\u00edbal Llarena, LaJalada, Cristina Mahelo y Mogares Doyan estar\u00e1n en el Parque Antonio G\u00f3mez Felipe uniendo m\u00fasica, arte y activismo desde las 11:00 horas\u201d.<\/p>\n<p style=\"text-align: justify;\">Mogares Doyan es un artista canario natural de Tenerife, 1996, graduado en Bellas Artes por la Universitat Polit\u00e8cnica de Val\u00e8ncia, formaci\u00f3n que ha complementado tanto en la Universidad de La Laguna como en la Accademia di Belle Arti di Palermo en Italia con beca Erasmus.<\/p>\n<p style=\"text-align: justify;\">Cuenta con una trayectoria de exposiciones y obras tanto nacionales como internacionales, como puede ser su \u00faltima exposici\u00f3n Prefacio, 2020, realizada en el Museo Museari Museu del&#8217;Imaginari, perteneciente actualmente a la colecci\u00f3n del museo, o Pecado y Am\u00e9n realizada en la Sede del colectivo LGTBI LAMBDA, Valencia, en 2019, comisariada por las artistas Natividad Naval\u00f3n y Teresa Ch\u00e1fer, e inaugurando el Festival Internacional de Cine Mostra La Ploma y el Pride de Valencia 2019. Adem\u00e1s de sus obras audiovisuales que siguen recorriendo el territorio regional y nacional como su pel\u00edcula documental \u2018Vidas Calladas, las disidencias poblaciones del \u00e1mbito rural de Canarias\u2019, o su \u00faltimo cortometraje documental \u2018Au Secours\u2019 sobre las realidades migrantes.<\/p>\n<p style=\"text-align: justify;\">A ello se suma la creaci\u00f3n y direcci\u00f3n de eventos como \u2018ORGULLO XXL &#8211; Feria art\u00edstica y conferenciante en contra de la gordofobia y la violencia est\u00e9tica\u2019, o \u2018The Glam Queer &#8211; Festival cultural y de moda de personas Queer a favor de la recuperaci\u00f3n hist\u00f3rica de la comunidad LGTBI de Canarias\u2019.<\/p>\n<p style=\"text-align: justify;\">En esta ocasi\u00f3n Mogares nos trae la ponencia: Puto Gordo Maric\u00f3n, \u00a0\u201cen la que abordaremos la violencia est\u00e9tica y la gordofobia dentro del colectivo gay tanto en la actualidad como en el pasado a trav\u00e9s de un recorrido hist\u00f3rico y la b\u00fasqueda de referentes, descubriendo c\u00f3mo podemos deconstruir para volver a construirnos de una manera m\u00e1s diversa e inclusiva\u201d.<\/p>\n<p style=\"text-align: justify;\">Cristina Mahelo es una artista multidisciplinar canaria y activista antigordof\u00f3bica y LGTBI+, as\u00ed como creadora de contenido en redes sociales. En esta ocasi\u00f3n nos hablar\u00e1 de los patrones gordof\u00f3bicos con los que nos encontramos d\u00eda a d\u00eda en nuestra sociedad, y de la intersecci\u00f3n entre \u2018gorda\u2019 y \u2018bollera\u2019. \u00a0\u201cAnalizaremos junto a ella estereotipos y referencias culturales que entra\u00f1an la gordofobia, la culpabilidad impuesta, la violencia hacia los cuerpos no normativos y la presunci\u00f3n de h\u00e1bitos de vida que se vive desde los cuerpos gordos para reflexionar y caminar hacia un mundo m\u00e1s amable y limpio de violencias est\u00e9ticas hacia las personas que nos rodean y hacia nosotras mismas\u201d.<\/p>\n<p style=\"text-align: justify;\">An\u00edbal Llarena y Bel\u00e9n \u00c1lvarez Doreste, aka Lajalada se unen para hacer mestura del folklore de las islas canarias, sus ritmos y melod\u00edas con perspectiva contempor\u00e1nea, electr\u00f3nica, sonoridades del mundo presente y el imaginario en un set que a\u00fana ra\u00edces, ancestralidad y modernidad, en un hoy y un ma\u00f1ana perfectamente compacto. LaJalada es el proyecto de Bel\u00e9n \u00c1lvarez Doreste que present\u00f3 en 2021 el disco DM\u00d1NNS, l\u00e9ase, dema\u00f1ananos\u00e9, c\u00f3mo con la boca chica, enfurru\u00f1ados y sin ganas de decirlo, \u201ca las que se unir\u00e1n \u00a0canciones de un nuevo trabajo a\u00fan en v\u00edas de desarrollo, denominado HARIMAGUADA, de las lenguas antiguas canarias: mujer sagrada, \u00a0en las que mezclamos pop, algo de electr\u00f3nico, mucha textura en escultura sonora y folklore isle\u00f1o, oda a lo nuestro con algo de perspectiva contempor\u00e1nea\u201d.<\/p>\n<p style=\"text-align: justify;\">Adem\u00e1s, a partir de las 20:00 horas en la Plaza de Espa\u00f1a, LaJalada junto a la ilustradora y grabadora y responsable de la direcci\u00f3n y el dise\u00f1o de contenidos de la Arrancadilla desde que comenz\u00f3 su andadura, \u00c1ngela Glezal, nos traen un espect\u00e1culo donde se fusionan m\u00fasica y pintura.\u00a0 Las dos artistas canarias se juntan movidas por el amor a su tierra y su cultura para expresarlo a trav\u00e9s de la creaci\u00f3n art\u00edstica en vivo.<\/p>\n<p style=\"text-align: justify;\">Por \u00faltimo, desde el Ayuntamiento de Los Llanos de Aridane se invita a todas las personas que lo deseen a participar en esta sexta sesi\u00f3n de la Arrancadilla Cultural.<\/p>\n<p>[\/vc_column_text][\/vc_column][\/vc_row]<\/p>\n<\/section>","protected":false},"excerpt":{"rendered":"<p>[vc_row css_animation=\u00bb\u00bb row_type=\u00bbrow\u00bb use_row_as_full_screen_section=\u00bbno\u00bb type=\u00bbfull_width\u00bb angled_section=\u00bbno\u00bb text_align=\u00bbleft\u00bb background_image_as_pattern=\u00bbwithout_pattern\u00bb][vc_column][vc_row_inner row_type=\u00bbrow\u00bb type=\u00bbgrid\u00bb text_align=\u00bbleft\u00bb css_animation=\u00bb\u00bb][vc_column_inner][vc_empty_space height=\u00bb20px\u00bb][vc_empty_space height=\u00bb20px\u00bb][\/vc_column_inner][\/vc_row_inner][vc_column_text] La concejal de Cultura, recuerda que este encuentro se desarrollar\u00e1 a partir de las 11:00 horas en el Parque Antonio G\u00f3mez Felipe. &nbsp; Los Llanos de Aridane, 15 de marzo de&#8230;<\/p>\n","protected":false},"author":1,"featured_media":2555,"comment_status":"closed","ping_status":"open","sticky":false,"template":"","format":"standard","meta":{"footnotes":""},"categories":[6],"tags":[],"class_list":["post-1477","post","type-post","status-publish","format-standard","has-post-thumbnail","hentry","category-prensa"],"yoast_head":"<!-- This site is optimized with the Yoast SEO plugin v22.7 - https:\/\/yoast.com\/wordpress\/plugins\/seo\/ -->\n<title>Los Llanos de Aridane acoge este s\u00e1bado la sexta sesi\u00f3n de la\u00a0Arrancadilla Cultural con la gordofobia como eje central - Ayuntamiento de Los Llanos de Aridane<\/title>\n<meta name=\"description\" content=\"El Ayuntamiento de Los Llanos de Aridane presenta el cartel y el programa de La Patrona 2021 con el lema \u201cRemedios, m\u00e1s que un nombre.\u201d\" \/>\n<meta name=\"robots\" content=\"index, follow, max-snippet:-1, max-image-preview:large, max-video-preview:-1\" \/>\n<link rel=\"canonical\" href=\"https:\/\/www.aridane.org\/city\/2023\/03\/15\/los-llanos-de-aridane-acoge-este-sabado-la-sexta-sesion-de-la-arrancadilla-cultural-con-la-gordofobia-como-eje-central\/\" \/>\n<meta property=\"og:locale\" content=\"es_ES\" \/>\n<meta property=\"og:type\" content=\"article\" \/>\n<meta property=\"og:title\" content=\"Los Llanos de Aridane acoge este s\u00e1bado la sexta sesi\u00f3n de la\u00a0Arrancadilla Cultural con la gordofobia como eje central - Ayuntamiento de Los Llanos de Aridane\" \/>\n<meta property=\"og:description\" content=\"El Ayuntamiento de Los Llanos de Aridane presenta el cartel y el programa de La Patrona 2021 con el lema \u201cRemedios, m\u00e1s que un nombre.\u201d\" \/>\n<meta property=\"og:url\" content=\"https:\/\/www.aridane.org\/city\/2023\/03\/15\/los-llanos-de-aridane-acoge-este-sabado-la-sexta-sesion-de-la-arrancadilla-cultural-con-la-gordofobia-como-eje-central\/\" \/>\n<meta property=\"og:site_name\" content=\"Ayuntamiento de Los Llanos de Aridane\" \/>\n<meta property=\"article:published_time\" content=\"2023-03-15T10:25:03+00:00\" \/>\n<meta property=\"article:modified_time\" content=\"2023-07-27T07:10:25+00:00\" \/>\n<meta property=\"og:image\" content=\"https:\/\/www.aridane.org\/city\/wp-content\/uploads\/2023\/03\/arrancadilla_cultural_1.jpg\" \/>\n\t<meta property=\"og:image:width\" content=\"1200\" \/>\n\t<meta property=\"og:image:height\" content=\"675\" \/>\n\t<meta property=\"og:image:type\" content=\"image\/jpeg\" \/>\n<meta name=\"author\" content=\"Richard Diaz\" \/>\n<meta name=\"twitter:card\" content=\"summary_large_image\" \/>\n<meta name=\"twitter:label1\" content=\"Escrito por\" \/>\n\t<meta name=\"twitter:data1\" content=\"Richard Diaz\" \/>\n\t<meta name=\"twitter:label2\" content=\"Tiempo de lectura\" \/>\n\t<meta name=\"twitter:data2\" content=\"4 minutos\" \/>\n<script type=\"application\/ld+json\" class=\"yoast-schema-graph\">{\"@context\":\"https:\/\/schema.org\",\"@graph\":[{\"@type\":\"WebPage\",\"@id\":\"https:\/\/www.aridane.org\/city\/2023\/03\/15\/los-llanos-de-aridane-acoge-este-sabado-la-sexta-sesion-de-la-arrancadilla-cultural-con-la-gordofobia-como-eje-central\/\",\"url\":\"https:\/\/www.aridane.org\/city\/2023\/03\/15\/los-llanos-de-aridane-acoge-este-sabado-la-sexta-sesion-de-la-arrancadilla-cultural-con-la-gordofobia-como-eje-central\/\",\"name\":\"Los Llanos de Aridane acoge este s\u00e1bado la sexta sesi\u00f3n de la\u00a0Arrancadilla Cultural con la gordofobia como eje central - Ayuntamiento de Los Llanos de Aridane\",\"isPartOf\":{\"@id\":\"https:\/\/www.aridane.org\/city\/#website\"},\"primaryImageOfPage\":{\"@id\":\"https:\/\/www.aridane.org\/city\/2023\/03\/15\/los-llanos-de-aridane-acoge-este-sabado-la-sexta-sesion-de-la-arrancadilla-cultural-con-la-gordofobia-como-eje-central\/#primaryimage\"},\"image\":{\"@id\":\"https:\/\/www.aridane.org\/city\/2023\/03\/15\/los-llanos-de-aridane-acoge-este-sabado-la-sexta-sesion-de-la-arrancadilla-cultural-con-la-gordofobia-como-eje-central\/#primaryimage\"},\"thumbnailUrl\":\"https:\/\/www.aridane.org\/city\/wp-content\/uploads\/2023\/03\/arrancadilla_cultural_1.jpg\",\"datePublished\":\"2023-03-15T10:25:03+00:00\",\"dateModified\":\"2023-07-27T07:10:25+00:00\",\"author\":{\"@id\":\"https:\/\/www.aridane.org\/city\/#\/schema\/person\/7d352ec7f29881716f298394432e7209\"},\"description\":\"El Ayuntamiento de Los Llanos de Aridane presenta el cartel y el programa de La Patrona 2021 con el lema \u201cRemedios, m\u00e1s que un nombre.\u201d\",\"breadcrumb\":{\"@id\":\"https:\/\/www.aridane.org\/city\/2023\/03\/15\/los-llanos-de-aridane-acoge-este-sabado-la-sexta-sesion-de-la-arrancadilla-cultural-con-la-gordofobia-como-eje-central\/#breadcrumb\"},\"inLanguage\":\"es\",\"potentialAction\":[{\"@type\":\"ReadAction\",\"target\":[\"https:\/\/www.aridane.org\/city\/2023\/03\/15\/los-llanos-de-aridane-acoge-este-sabado-la-sexta-sesion-de-la-arrancadilla-cultural-con-la-gordofobia-como-eje-central\/\"]}]},{\"@type\":\"ImageObject\",\"inLanguage\":\"es\",\"@id\":\"https:\/\/www.aridane.org\/city\/2023\/03\/15\/los-llanos-de-aridane-acoge-este-sabado-la-sexta-sesion-de-la-arrancadilla-cultural-con-la-gordofobia-como-eje-central\/#primaryimage\",\"url\":\"https:\/\/www.aridane.org\/city\/wp-content\/uploads\/2023\/03\/arrancadilla_cultural_1.jpg\",\"contentUrl\":\"https:\/\/www.aridane.org\/city\/wp-content\/uploads\/2023\/03\/arrancadilla_cultural_1.jpg\",\"width\":1200,\"height\":675},{\"@type\":\"BreadcrumbList\",\"@id\":\"https:\/\/www.aridane.org\/city\/2023\/03\/15\/los-llanos-de-aridane-acoge-este-sabado-la-sexta-sesion-de-la-arrancadilla-cultural-con-la-gordofobia-como-eje-central\/#breadcrumb\",\"itemListElement\":[{\"@type\":\"ListItem\",\"position\":1,\"name\":\"Portada\",\"item\":\"https:\/\/www.aridane.org\/city\/\"},{\"@type\":\"ListItem\",\"position\":2,\"name\":\"Los Llanos de Aridane acoge este s\u00e1bado la sexta sesi\u00f3n de la\u00a0Arrancadilla Cultural con la gordofobia como eje central\"}]},{\"@type\":\"WebSite\",\"@id\":\"https:\/\/www.aridane.org\/city\/#website\",\"url\":\"https:\/\/www.aridane.org\/city\/\",\"name\":\"Ayuntamiento de Los Llanos de Aridane\",\"description\":\"\",\"potentialAction\":[{\"@type\":\"SearchAction\",\"target\":{\"@type\":\"EntryPoint\",\"urlTemplate\":\"https:\/\/www.aridane.org\/city\/?s={search_term_string}\"},\"query-input\":\"required name=search_term_string\"}],\"inLanguage\":\"es\"},{\"@type\":\"Person\",\"@id\":\"https:\/\/www.aridane.org\/city\/#\/schema\/person\/7d352ec7f29881716f298394432e7209\",\"name\":\"Richard Diaz\",\"image\":{\"@type\":\"ImageObject\",\"inLanguage\":\"es\",\"@id\":\"https:\/\/www.aridane.org\/city\/#\/schema\/person\/image\/\",\"url\":\"https:\/\/secure.gravatar.com\/avatar\/bacd6aefc26a4a204943090a4c596cd10f0857081ef3cfd12084a70ecb3161d5?s=96&d=mm&r=g\",\"contentUrl\":\"https:\/\/secure.gravatar.com\/avatar\/bacd6aefc26a4a204943090a4c596cd10f0857081ef3cfd12084a70ecb3161d5?s=96&d=mm&r=g\",\"caption\":\"Richard Diaz\"},\"sameAs\":[\"https:\/\/www.aridane.org\/city\"],\"url\":\"https:\/\/www.aridane.org\/city\/author\/richard-diaz\/\"}]}<\/script>\n<!-- \/ Yoast SEO plugin. -->","yoast_head_json":{"title":"Los Llanos de Aridane acoge este s\u00e1bado la sexta sesi\u00f3n de la\u00a0Arrancadilla Cultural con la gordofobia como eje central - Ayuntamiento de Los Llanos de Aridane","description":"El Ayuntamiento de Los Llanos de Aridane presenta el cartel y el programa de La Patrona 2021 con el lema \u201cRemedios, m\u00e1s que un nombre.\u201d","robots":{"index":"index","follow":"follow","max-snippet":"max-snippet:-1","max-image-preview":"max-image-preview:large","max-video-preview":"max-video-preview:-1"},"canonical":"https:\/\/www.aridane.org\/city\/2023\/03\/15\/los-llanos-de-aridane-acoge-este-sabado-la-sexta-sesion-de-la-arrancadilla-cultural-con-la-gordofobia-como-eje-central\/","og_locale":"es_ES","og_type":"article","og_title":"Los Llanos de Aridane acoge este s\u00e1bado la sexta sesi\u00f3n de la\u00a0Arrancadilla Cultural con la gordofobia como eje central - Ayuntamiento de Los Llanos de Aridane","og_description":"El Ayuntamiento de Los Llanos de Aridane presenta el cartel y el programa de La Patrona 2021 con el lema \u201cRemedios, m\u00e1s que un nombre.\u201d","og_url":"https:\/\/www.aridane.org\/city\/2023\/03\/15\/los-llanos-de-aridane-acoge-este-sabado-la-sexta-sesion-de-la-arrancadilla-cultural-con-la-gordofobia-como-eje-central\/","og_site_name":"Ayuntamiento de Los Llanos de Aridane","article_published_time":"2023-03-15T10:25:03+00:00","article_modified_time":"2023-07-27T07:10:25+00:00","og_image":[{"width":1200,"height":675,"url":"https:\/\/www.aridane.org\/city\/wp-content\/uploads\/2023\/03\/arrancadilla_cultural_1.jpg","type":"image\/jpeg"}],"author":"Richard Diaz","twitter_card":"summary_large_image","twitter_misc":{"Escrito por":"Richard Diaz","Tiempo de lectura":"4 minutos"},"schema":{"@context":"https:\/\/schema.org","@graph":[{"@type":"WebPage","@id":"https:\/\/www.aridane.org\/city\/2023\/03\/15\/los-llanos-de-aridane-acoge-este-sabado-la-sexta-sesion-de-la-arrancadilla-cultural-con-la-gordofobia-como-eje-central\/","url":"https:\/\/www.aridane.org\/city\/2023\/03\/15\/los-llanos-de-aridane-acoge-este-sabado-la-sexta-sesion-de-la-arrancadilla-cultural-con-la-gordofobia-como-eje-central\/","name":"Los Llanos de Aridane acoge este s\u00e1bado la sexta sesi\u00f3n de la\u00a0Arrancadilla Cultural con la gordofobia como eje central - Ayuntamiento de Los Llanos de Aridane","isPartOf":{"@id":"https:\/\/www.aridane.org\/city\/#website"},"primaryImageOfPage":{"@id":"https:\/\/www.aridane.org\/city\/2023\/03\/15\/los-llanos-de-aridane-acoge-este-sabado-la-sexta-sesion-de-la-arrancadilla-cultural-con-la-gordofobia-como-eje-central\/#primaryimage"},"image":{"@id":"https:\/\/www.aridane.org\/city\/2023\/03\/15\/los-llanos-de-aridane-acoge-este-sabado-la-sexta-sesion-de-la-arrancadilla-cultural-con-la-gordofobia-como-eje-central\/#primaryimage"},"thumbnailUrl":"https:\/\/www.aridane.org\/city\/wp-content\/uploads\/2023\/03\/arrancadilla_cultural_1.jpg","datePublished":"2023-03-15T10:25:03+00:00","dateModified":"2023-07-27T07:10:25+00:00","author":{"@id":"https:\/\/www.aridane.org\/city\/#\/schema\/person\/7d352ec7f29881716f298394432e7209"},"description":"El Ayuntamiento de Los Llanos de Aridane presenta el cartel y el programa de La Patrona 2021 con el lema \u201cRemedios, m\u00e1s que un nombre.\u201d","breadcrumb":{"@id":"https:\/\/www.aridane.org\/city\/2023\/03\/15\/los-llanos-de-aridane-acoge-este-sabado-la-sexta-sesion-de-la-arrancadilla-cultural-con-la-gordofobia-como-eje-central\/#breadcrumb"},"inLanguage":"es","potentialAction":[{"@type":"ReadAction","target":["https:\/\/www.aridane.org\/city\/2023\/03\/15\/los-llanos-de-aridane-acoge-este-sabado-la-sexta-sesion-de-la-arrancadilla-cultural-con-la-gordofobia-como-eje-central\/"]}]},{"@type":"ImageObject","inLanguage":"es","@id":"https:\/\/www.aridane.org\/city\/2023\/03\/15\/los-llanos-de-aridane-acoge-este-sabado-la-sexta-sesion-de-la-arrancadilla-cultural-con-la-gordofobia-como-eje-central\/#primaryimage","url":"https:\/\/www.aridane.org\/city\/wp-content\/uploads\/2023\/03\/arrancadilla_cultural_1.jpg","contentUrl":"https:\/\/www.aridane.org\/city\/wp-content\/uploads\/2023\/03\/arrancadilla_cultural_1.jpg","width":1200,"height":675},{"@type":"BreadcrumbList","@id":"https:\/\/www.aridane.org\/city\/2023\/03\/15\/los-llanos-de-aridane-acoge-este-sabado-la-sexta-sesion-de-la-arrancadilla-cultural-con-la-gordofobia-como-eje-central\/#breadcrumb","itemListElement":[{"@type":"ListItem","position":1,"name":"Portada","item":"https:\/\/www.aridane.org\/city\/"},{"@type":"ListItem","position":2,"name":"Los Llanos de Aridane acoge este s\u00e1bado la sexta sesi\u00f3n de la\u00a0Arrancadilla Cultural con la gordofobia como eje central"}]},{"@type":"WebSite","@id":"https:\/\/www.aridane.org\/city\/#website","url":"https:\/\/www.aridane.org\/city\/","name":"Ayuntamiento de Los Llanos de Aridane","description":"","potentialAction":[{"@type":"SearchAction","target":{"@type":"EntryPoint","urlTemplate":"https:\/\/www.aridane.org\/city\/?s={search_term_string}"},"query-input":"required name=search_term_string"}],"inLanguage":"es"},{"@type":"Person","@id":"https:\/\/www.aridane.org\/city\/#\/schema\/person\/7d352ec7f29881716f298394432e7209","name":"Richard Diaz","image":{"@type":"ImageObject","inLanguage":"es","@id":"https:\/\/www.aridane.org\/city\/#\/schema\/person\/image\/","url":"https:\/\/secure.gravatar.com\/avatar\/bacd6aefc26a4a204943090a4c596cd10f0857081ef3cfd12084a70ecb3161d5?s=96&d=mm&r=g","contentUrl":"https:\/\/secure.gravatar.com\/avatar\/bacd6aefc26a4a204943090a4c596cd10f0857081ef3cfd12084a70ecb3161d5?s=96&d=mm&r=g","caption":"Richard Diaz"},"sameAs":["https:\/\/www.aridane.org\/city"],"url":"https:\/\/www.aridane.org\/city\/author\/richard-diaz\/"}]}},"_links":{"self":[{"href":"https:\/\/www.aridane.org\/city\/wp-json\/wp\/v2\/posts\/1477","targetHints":{"allow":["GET"]}}],"collection":[{"href":"https:\/\/www.aridane.org\/city\/wp-json\/wp\/v2\/posts"}],"about":[{"href":"https:\/\/www.aridane.org\/city\/wp-json\/wp\/v2\/types\/post"}],"author":[{"embeddable":true,"href":"https:\/\/www.aridane.org\/city\/wp-json\/wp\/v2\/users\/1"}],"replies":[{"embeddable":true,"href":"https:\/\/www.aridane.org\/city\/wp-json\/wp\/v2\/comments?post=1477"}],"version-history":[{"count":1,"href":"https:\/\/www.aridane.org\/city\/wp-json\/wp\/v2\/posts\/1477\/revisions"}],"predecessor-version":[{"id":2556,"href":"https:\/\/www.aridane.org\/city\/wp-json\/wp\/v2\/posts\/1477\/revisions\/2556"}],"wp:featuredmedia":[{"embeddable":true,"href":"https:\/\/www.aridane.org\/city\/wp-json\/wp\/v2\/media\/2555"}],"wp:attachment":[{"href":"https:\/\/www.aridane.org\/city\/wp-json\/wp\/v2\/media?parent=1477"}],"wp:term":[{"taxonomy":"category","embeddable":true,"href":"https:\/\/www.aridane.org\/city\/wp-json\/wp\/v2\/categories?post=1477"},{"taxonomy":"post_tag","embeddable":true,"href":"https:\/\/www.aridane.org\/city\/wp-json\/wp\/v2\/tags?post=1477"}],"curies":[{"name":"wp","href":"https:\/\/api.w.org\/{rel}","templated":true}]}}