{"id":1480,"date":"2023-03-15T10:30:00","date_gmt":"2023-03-15T10:30:00","guid":{"rendered":"https:\/\/aridane.org\/ciudad\/?p=1480"},"modified":"2023-07-28T08:31:24","modified_gmt":"2023-07-28T08:31:24","slug":"triunfo-absoluto-del-fip-rise-isla-de-la-palma-celebrado-en-los-llanos-de-aridane","status":"publish","type":"post","link":"https:\/\/www.aridane.org\/city\/2023\/03\/15\/triunfo-absoluto-del-fip-rise-isla-de-la-palma-celebrado-en-los-llanos-de-aridane\/","title":{"rendered":"Triunfo absoluto del FIP Rise Isla de La Palma celebrado en Los Llanos de Aridane"},"content":{"rendered":"<section class=\"wpb-content-wrapper\"><p>[vc_row css_animation=\u00bb\u00bb row_type=\u00bbrow\u00bb use_row_as_full_screen_section=\u00bbno\u00bb type=\u00bbfull_width\u00bb angled_section=\u00bbno\u00bb text_align=\u00bbleft\u00bb background_image_as_pattern=\u00bbwithout_pattern\u00bb][vc_column][vc_row_inner row_type=\u00bbrow\u00bb type=\u00bbgrid\u00bb text_align=\u00bbleft\u00bb css_animation=\u00bb\u00bb][vc_column_inner][vc_empty_space height=\u00bb20px\u00bb][vc_empty_space height=\u00bb20px\u00bb][\/vc_column_inner][\/vc_row_inner][vc_column_text]<\/p>\n<ul>\n<li style=\"text-align: justify;\"><em>El concejal de Deportes, V\u00edctor Gonz\u00e1lez, afirma que cerca de 3.000 personas han participado en este evento que durante m\u00e1s de una semana ha puesto en lo m\u00e1s alto del mundo del deporte a Los Llanos de Aridane.<\/em><\/li>\n<li style=\"text-align: justify;\"><em>Por su parte, Garc\u00eda Leal confirma que este evento deportivo ha servido como elemento dinamizador del municipio.<\/em><\/li>\n<\/ul>\n<p>&nbsp;<\/p>\n<p style=\"text-align: justify;\"><strong>Los Llanos de Aridane, 15 de marzo de 2023.-<\/strong> El Ayuntamiento de Los Llanos de Aridane a trav\u00e9s del concejal de Deportes, V\u00edctor Gonz\u00e1lez, ha mostrado su satisfacci\u00f3n \u201ctras el gran \u00e9xito que ha tenido la celebraci\u00f3n de la primera FIP Rise Isla de La Palma que ha acogido el municipio durante toda la semana pasada\u201d.<\/p>\n<p style=\"text-align: justify;\">Gonz\u00e1lez explica que a lo largo de estos 7 d\u00edas cerca de 3.000 personas han podido disfrutar del buen p\u00e1del que se ha desarrollado en la pista port\u00e1til ubicada en la Plaza Juan Pablo II, \u201cy de cuyo torneo han salido vencedores la pareja masculina formada por Huete-Perino, mientras que el premio para la pareja femenina se ha quedado en el archipi\u00e9lago gracias al excelente torneo de la pareja de Gran Canaria formada por Siverio-Rapisarda. Una vez m\u00e1s felicitamos a todos los participantes, que han venido desde un importante n\u00famero de pa\u00edses de todo el mundo, y especialmente a los ganadores del primer FIP Rise Isla de La Palma\u201d, se\u00f1ala.<\/p>\n<p style=\"text-align: justify;\">Mientras la alcaldesa, Noelia Garc\u00eda Leal, ha afirmado que este evento ha puesto en lo m\u00e1s alto, dentro del mundo del deporte, al municipio, \u201chaci\u00e9ndose eco del torneo un importante n\u00famero de medios internacionales, y la gran mayor\u00eda de los medios nacionales y regionales\u201d, se\u00f1ala. Adem\u00e1s, afirma que \u201ctambi\u00e9n ha servido como elemento dinamizador del municipio ya que se pod\u00eda comprobar como las calles del municipio han experimentado una gran afluencia de p\u00fablico, venido desde distintas partes, con el objetivo de disfrutar del buen p\u00e1del y a la vez conocer Los Llanos de Aridane, y la Isla Bonita\u201d.<\/p>\n<p style=\"text-align: justify;\">Por su parte, el consejero de Turismo y Deportes, Ra\u00fal Camacho, ha mostrado su satisfacci\u00f3n despu\u00e9s de la buena acogida que ha tenido este evento, y ha recordado que \u201cdesde el Cabildo de La Palma tenemos claro que es fundamental, y m\u00e1s en un momento como el que vive la Isla, seguir apostando por binomio de la celebraci\u00f3n de eventos deportivos unido al turismo, y permiti\u00e9ndonos posicionar a la Isla Bonita en los m\u00e1s alto del mundo del deporte.<\/p>\n<p style=\"text-align: justify;\">Por \u00faltimo, el director deportivo del FIP Rise Isla de La Palma, Nahun Mart\u00edn, ha agradecido al Cabildo de La Palma y al Ayuntamiento de Los Llanos de Aridane \u201csu apoyo para que este evento se haya podido celebrar, siendo un \u00e9xito de participaci\u00f3n con m\u00e1s de 22 horas de directo, 14 partidos y cerca de 21.000 visualizaciones. Sin lugar a dudas, un evento \u00fanico en la Isla, y uno de los m\u00e1s importantes de Canarias\u201d.<\/p>\n<p>[\/vc_column_text][\/vc_column][\/vc_row]<\/p>\n<\/section>","protected":false},"excerpt":{"rendered":"<p>[vc_row css_animation=\u00bb\u00bb row_type=\u00bbrow\u00bb use_row_as_full_screen_section=\u00bbno\u00bb type=\u00bbfull_width\u00bb angled_section=\u00bbno\u00bb text_align=\u00bbleft\u00bb background_image_as_pattern=\u00bbwithout_pattern\u00bb][vc_column][vc_row_inner row_type=\u00bbrow\u00bb type=\u00bbgrid\u00bb text_align=\u00bbleft\u00bb css_animation=\u00bb\u00bb][vc_column_inner][vc_empty_space height=\u00bb20px\u00bb][vc_empty_space height=\u00bb20px\u00bb][\/vc_column_inner][\/vc_row_inner][vc_column_text] El concejal de Deportes, V\u00edctor Gonz\u00e1lez, afirma que cerca de 3.000 personas han participado en este evento que durante m\u00e1s de una semana ha puesto en lo m\u00e1s alto del mundo&#8230;<\/p>\n","protected":false},"author":1,"featured_media":2581,"comment_status":"closed","ping_status":"open","sticky":false,"template":"","format":"standard","meta":{"footnotes":""},"categories":[6],"tags":[],"class_list":["post-1480","post","type-post","status-publish","format-standard","has-post-thumbnail","hentry","category-prensa"],"yoast_head":"<!-- This site is optimized with the Yoast SEO plugin v22.7 - https:\/\/yoast.com\/wordpress\/plugins\/seo\/ -->\n<title>Triunfo absoluto del FIP Rise Isla de La Palma celebrado en Los Llanos de Aridane - Ayuntamiento de Los Llanos de Aridane<\/title>\n<meta name=\"description\" content=\"El Ayuntamiento de Los Llanos de Aridane presenta el cartel y el programa de La Patrona 2021 con el lema \u201cRemedios, m\u00e1s que un nombre.\u201d\" \/>\n<meta name=\"robots\" content=\"index, follow, max-snippet:-1, max-image-preview:large, max-video-preview:-1\" \/>\n<link rel=\"canonical\" href=\"https:\/\/www.aridane.org\/city\/2023\/03\/15\/triunfo-absoluto-del-fip-rise-isla-de-la-palma-celebrado-en-los-llanos-de-aridane\/\" \/>\n<meta property=\"og:locale\" content=\"es_ES\" \/>\n<meta property=\"og:type\" content=\"article\" \/>\n<meta property=\"og:title\" content=\"Triunfo absoluto del FIP Rise Isla de La Palma celebrado en Los Llanos de Aridane - Ayuntamiento de Los Llanos de Aridane\" \/>\n<meta property=\"og:description\" content=\"El Ayuntamiento de Los Llanos de Aridane presenta el cartel y el programa de La Patrona 2021 con el lema \u201cRemedios, m\u00e1s que un nombre.\u201d\" \/>\n<meta property=\"og:url\" content=\"https:\/\/www.aridane.org\/city\/2023\/03\/15\/triunfo-absoluto-del-fip-rise-isla-de-la-palma-celebrado-en-los-llanos-de-aridane\/\" \/>\n<meta property=\"og:site_name\" content=\"Ayuntamiento de Los Llanos de Aridane\" \/>\n<meta property=\"article:published_time\" content=\"2023-03-15T10:30:00+00:00\" \/>\n<meta property=\"article:modified_time\" content=\"2023-07-28T08:31:24+00:00\" \/>\n<meta property=\"og:image\" content=\"https:\/\/www.aridane.org\/city\/wp-content\/uploads\/2023\/03\/ganadores_fip_rise_la_palma.jpg\" \/>\n\t<meta property=\"og:image:width\" content=\"1200\" \/>\n\t<meta property=\"og:image:height\" content=\"675\" \/>\n\t<meta property=\"og:image:type\" content=\"image\/jpeg\" \/>\n<meta name=\"author\" content=\"Richard Diaz\" \/>\n<meta name=\"twitter:card\" content=\"summary_large_image\" \/>\n<meta name=\"twitter:label1\" content=\"Escrito por\" \/>\n\t<meta name=\"twitter:data1\" content=\"Richard Diaz\" \/>\n\t<meta name=\"twitter:label2\" content=\"Tiempo de lectura\" \/>\n\t<meta name=\"twitter:data2\" content=\"3 minutos\" \/>\n<script type=\"application\/ld+json\" class=\"yoast-schema-graph\">{\"@context\":\"https:\/\/schema.org\",\"@graph\":[{\"@type\":\"WebPage\",\"@id\":\"https:\/\/www.aridane.org\/city\/2023\/03\/15\/triunfo-absoluto-del-fip-rise-isla-de-la-palma-celebrado-en-los-llanos-de-aridane\/\",\"url\":\"https:\/\/www.aridane.org\/city\/2023\/03\/15\/triunfo-absoluto-del-fip-rise-isla-de-la-palma-celebrado-en-los-llanos-de-aridane\/\",\"name\":\"Triunfo absoluto del FIP Rise Isla de La Palma celebrado en Los Llanos de Aridane - Ayuntamiento de Los Llanos de Aridane\",\"isPartOf\":{\"@id\":\"https:\/\/www.aridane.org\/city\/#website\"},\"primaryImageOfPage\":{\"@id\":\"https:\/\/www.aridane.org\/city\/2023\/03\/15\/triunfo-absoluto-del-fip-rise-isla-de-la-palma-celebrado-en-los-llanos-de-aridane\/#primaryimage\"},\"image\":{\"@id\":\"https:\/\/www.aridane.org\/city\/2023\/03\/15\/triunfo-absoluto-del-fip-rise-isla-de-la-palma-celebrado-en-los-llanos-de-aridane\/#primaryimage\"},\"thumbnailUrl\":\"https:\/\/www.aridane.org\/city\/wp-content\/uploads\/2023\/03\/ganadores_fip_rise_la_palma.jpg\",\"datePublished\":\"2023-03-15T10:30:00+00:00\",\"dateModified\":\"2023-07-28T08:31:24+00:00\",\"author\":{\"@id\":\"https:\/\/www.aridane.org\/city\/#\/schema\/person\/7d352ec7f29881716f298394432e7209\"},\"description\":\"El Ayuntamiento de Los Llanos de Aridane presenta el cartel y el programa de La Patrona 2021 con el lema \u201cRemedios, m\u00e1s que un nombre.\u201d\",\"breadcrumb\":{\"@id\":\"https:\/\/www.aridane.org\/city\/2023\/03\/15\/triunfo-absoluto-del-fip-rise-isla-de-la-palma-celebrado-en-los-llanos-de-aridane\/#breadcrumb\"},\"inLanguage\":\"es\",\"potentialAction\":[{\"@type\":\"ReadAction\",\"target\":[\"https:\/\/www.aridane.org\/city\/2023\/03\/15\/triunfo-absoluto-del-fip-rise-isla-de-la-palma-celebrado-en-los-llanos-de-aridane\/\"]}]},{\"@type\":\"ImageObject\",\"inLanguage\":\"es\",\"@id\":\"https:\/\/www.aridane.org\/city\/2023\/03\/15\/triunfo-absoluto-del-fip-rise-isla-de-la-palma-celebrado-en-los-llanos-de-aridane\/#primaryimage\",\"url\":\"https:\/\/www.aridane.org\/city\/wp-content\/uploads\/2023\/03\/ganadores_fip_rise_la_palma.jpg\",\"contentUrl\":\"https:\/\/www.aridane.org\/city\/wp-content\/uploads\/2023\/03\/ganadores_fip_rise_la_palma.jpg\",\"width\":1200,\"height\":675},{\"@type\":\"BreadcrumbList\",\"@id\":\"https:\/\/www.aridane.org\/city\/2023\/03\/15\/triunfo-absoluto-del-fip-rise-isla-de-la-palma-celebrado-en-los-llanos-de-aridane\/#breadcrumb\",\"itemListElement\":[{\"@type\":\"ListItem\",\"position\":1,\"name\":\"Portada\",\"item\":\"https:\/\/www.aridane.org\/city\/\"},{\"@type\":\"ListItem\",\"position\":2,\"name\":\"Triunfo absoluto del FIP Rise Isla de La Palma celebrado en Los Llanos de Aridane\"}]},{\"@type\":\"WebSite\",\"@id\":\"https:\/\/www.aridane.org\/city\/#website\",\"url\":\"https:\/\/www.aridane.org\/city\/\",\"name\":\"Ayuntamiento de Los Llanos de Aridane\",\"description\":\"\",\"potentialAction\":[{\"@type\":\"SearchAction\",\"target\":{\"@type\":\"EntryPoint\",\"urlTemplate\":\"https:\/\/www.aridane.org\/city\/?s={search_term_string}\"},\"query-input\":\"required name=search_term_string\"}],\"inLanguage\":\"es\"},{\"@type\":\"Person\",\"@id\":\"https:\/\/www.aridane.org\/city\/#\/schema\/person\/7d352ec7f29881716f298394432e7209\",\"name\":\"Richard Diaz\",\"image\":{\"@type\":\"ImageObject\",\"inLanguage\":\"es\",\"@id\":\"https:\/\/www.aridane.org\/city\/#\/schema\/person\/image\/\",\"url\":\"https:\/\/secure.gravatar.com\/avatar\/bacd6aefc26a4a204943090a4c596cd10f0857081ef3cfd12084a70ecb3161d5?s=96&d=mm&r=g\",\"contentUrl\":\"https:\/\/secure.gravatar.com\/avatar\/bacd6aefc26a4a204943090a4c596cd10f0857081ef3cfd12084a70ecb3161d5?s=96&d=mm&r=g\",\"caption\":\"Richard Diaz\"},\"sameAs\":[\"https:\/\/www.aridane.org\/city\"],\"url\":\"https:\/\/www.aridane.org\/city\/author\/richard-diaz\/\"}]}<\/script>\n<!-- \/ Yoast SEO plugin. -->","yoast_head_json":{"title":"Triunfo absoluto del FIP Rise Isla de La Palma celebrado en Los Llanos de Aridane - Ayuntamiento de Los Llanos de Aridane","description":"El Ayuntamiento de Los Llanos de Aridane presenta el cartel y el programa de La Patrona 2021 con el lema \u201cRemedios, m\u00e1s que un nombre.\u201d","robots":{"index":"index","follow":"follow","max-snippet":"max-snippet:-1","max-image-preview":"max-image-preview:large","max-video-preview":"max-video-preview:-1"},"canonical":"https:\/\/www.aridane.org\/city\/2023\/03\/15\/triunfo-absoluto-del-fip-rise-isla-de-la-palma-celebrado-en-los-llanos-de-aridane\/","og_locale":"es_ES","og_type":"article","og_title":"Triunfo absoluto del FIP Rise Isla de La Palma celebrado en Los Llanos de Aridane - Ayuntamiento de Los Llanos de Aridane","og_description":"El Ayuntamiento de Los Llanos de Aridane presenta el cartel y el programa de La Patrona 2021 con el lema \u201cRemedios, m\u00e1s que un nombre.\u201d","og_url":"https:\/\/www.aridane.org\/city\/2023\/03\/15\/triunfo-absoluto-del-fip-rise-isla-de-la-palma-celebrado-en-los-llanos-de-aridane\/","og_site_name":"Ayuntamiento de Los Llanos de Aridane","article_published_time":"2023-03-15T10:30:00+00:00","article_modified_time":"2023-07-28T08:31:24+00:00","og_image":[{"width":1200,"height":675,"url":"https:\/\/www.aridane.org\/city\/wp-content\/uploads\/2023\/03\/ganadores_fip_rise_la_palma.jpg","type":"image\/jpeg"}],"author":"Richard Diaz","twitter_card":"summary_large_image","twitter_misc":{"Escrito por":"Richard Diaz","Tiempo de lectura":"3 minutos"},"schema":{"@context":"https:\/\/schema.org","@graph":[{"@type":"WebPage","@id":"https:\/\/www.aridane.org\/city\/2023\/03\/15\/triunfo-absoluto-del-fip-rise-isla-de-la-palma-celebrado-en-los-llanos-de-aridane\/","url":"https:\/\/www.aridane.org\/city\/2023\/03\/15\/triunfo-absoluto-del-fip-rise-isla-de-la-palma-celebrado-en-los-llanos-de-aridane\/","name":"Triunfo absoluto del FIP Rise Isla de La Palma celebrado en Los Llanos de Aridane - Ayuntamiento de Los Llanos de Aridane","isPartOf":{"@id":"https:\/\/www.aridane.org\/city\/#website"},"primaryImageOfPage":{"@id":"https:\/\/www.aridane.org\/city\/2023\/03\/15\/triunfo-absoluto-del-fip-rise-isla-de-la-palma-celebrado-en-los-llanos-de-aridane\/#primaryimage"},"image":{"@id":"https:\/\/www.aridane.org\/city\/2023\/03\/15\/triunfo-absoluto-del-fip-rise-isla-de-la-palma-celebrado-en-los-llanos-de-aridane\/#primaryimage"},"thumbnailUrl":"https:\/\/www.aridane.org\/city\/wp-content\/uploads\/2023\/03\/ganadores_fip_rise_la_palma.jpg","datePublished":"2023-03-15T10:30:00+00:00","dateModified":"2023-07-28T08:31:24+00:00","author":{"@id":"https:\/\/www.aridane.org\/city\/#\/schema\/person\/7d352ec7f29881716f298394432e7209"},"description":"El Ayuntamiento de Los Llanos de Aridane presenta el cartel y el programa de La Patrona 2021 con el lema \u201cRemedios, m\u00e1s que un nombre.\u201d","breadcrumb":{"@id":"https:\/\/www.aridane.org\/city\/2023\/03\/15\/triunfo-absoluto-del-fip-rise-isla-de-la-palma-celebrado-en-los-llanos-de-aridane\/#breadcrumb"},"inLanguage":"es","potentialAction":[{"@type":"ReadAction","target":["https:\/\/www.aridane.org\/city\/2023\/03\/15\/triunfo-absoluto-del-fip-rise-isla-de-la-palma-celebrado-en-los-llanos-de-aridane\/"]}]},{"@type":"ImageObject","inLanguage":"es","@id":"https:\/\/www.aridane.org\/city\/2023\/03\/15\/triunfo-absoluto-del-fip-rise-isla-de-la-palma-celebrado-en-los-llanos-de-aridane\/#primaryimage","url":"https:\/\/www.aridane.org\/city\/wp-content\/uploads\/2023\/03\/ganadores_fip_rise_la_palma.jpg","contentUrl":"https:\/\/www.aridane.org\/city\/wp-content\/uploads\/2023\/03\/ganadores_fip_rise_la_palma.jpg","width":1200,"height":675},{"@type":"BreadcrumbList","@id":"https:\/\/www.aridane.org\/city\/2023\/03\/15\/triunfo-absoluto-del-fip-rise-isla-de-la-palma-celebrado-en-los-llanos-de-aridane\/#breadcrumb","itemListElement":[{"@type":"ListItem","position":1,"name":"Portada","item":"https:\/\/www.aridane.org\/city\/"},{"@type":"ListItem","position":2,"name":"Triunfo absoluto del FIP Rise Isla de La Palma celebrado en Los Llanos de Aridane"}]},{"@type":"WebSite","@id":"https:\/\/www.aridane.org\/city\/#website","url":"https:\/\/www.aridane.org\/city\/","name":"Ayuntamiento de Los Llanos de Aridane","description":"","potentialAction":[{"@type":"SearchAction","target":{"@type":"EntryPoint","urlTemplate":"https:\/\/www.aridane.org\/city\/?s={search_term_string}"},"query-input":"required name=search_term_string"}],"inLanguage":"es"},{"@type":"Person","@id":"https:\/\/www.aridane.org\/city\/#\/schema\/person\/7d352ec7f29881716f298394432e7209","name":"Richard Diaz","image":{"@type":"ImageObject","inLanguage":"es","@id":"https:\/\/www.aridane.org\/city\/#\/schema\/person\/image\/","url":"https:\/\/secure.gravatar.com\/avatar\/bacd6aefc26a4a204943090a4c596cd10f0857081ef3cfd12084a70ecb3161d5?s=96&d=mm&r=g","contentUrl":"https:\/\/secure.gravatar.com\/avatar\/bacd6aefc26a4a204943090a4c596cd10f0857081ef3cfd12084a70ecb3161d5?s=96&d=mm&r=g","caption":"Richard Diaz"},"sameAs":["https:\/\/www.aridane.org\/city"],"url":"https:\/\/www.aridane.org\/city\/author\/richard-diaz\/"}]}},"_links":{"self":[{"href":"https:\/\/www.aridane.org\/city\/wp-json\/wp\/v2\/posts\/1480","targetHints":{"allow":["GET"]}}],"collection":[{"href":"https:\/\/www.aridane.org\/city\/wp-json\/wp\/v2\/posts"}],"about":[{"href":"https:\/\/www.aridane.org\/city\/wp-json\/wp\/v2\/types\/post"}],"author":[{"embeddable":true,"href":"https:\/\/www.aridane.org\/city\/wp-json\/wp\/v2\/users\/1"}],"replies":[{"embeddable":true,"href":"https:\/\/www.aridane.org\/city\/wp-json\/wp\/v2\/comments?post=1480"}],"version-history":[{"count":1,"href":"https:\/\/www.aridane.org\/city\/wp-json\/wp\/v2\/posts\/1480\/revisions"}],"predecessor-version":[{"id":2554,"href":"https:\/\/www.aridane.org\/city\/wp-json\/wp\/v2\/posts\/1480\/revisions\/2554"}],"wp:featuredmedia":[{"embeddable":true,"href":"https:\/\/www.aridane.org\/city\/wp-json\/wp\/v2\/media\/2581"}],"wp:attachment":[{"href":"https:\/\/www.aridane.org\/city\/wp-json\/wp\/v2\/media?parent=1480"}],"wp:term":[{"taxonomy":"category","embeddable":true,"href":"https:\/\/www.aridane.org\/city\/wp-json\/wp\/v2\/categories?post=1480"},{"taxonomy":"post_tag","embeddable":true,"href":"https:\/\/www.aridane.org\/city\/wp-json\/wp\/v2\/tags?post=1480"}],"curies":[{"name":"wp","href":"https:\/\/api.w.org\/{rel}","templated":true}]}}