{"id":1483,"date":"2023-03-15T13:02:33","date_gmt":"2023-03-15T13:02:33","guid":{"rendered":"https:\/\/aridane.org\/ciudad\/?p=1483"},"modified":"2023-07-26T12:55:11","modified_gmt":"2023-07-26T12:55:11","slug":"la-oficina-municipal-de-informacion-al-consumidor-de-los-llanos-de-aridane-ha-tendido-a-mas-de-14-000-usuarios-de-manera-presencial-en-los-ultimos-4-anos","status":"publish","type":"post","link":"https:\/\/www.aridane.org\/city\/2023\/03\/15\/la-oficina-municipal-de-informacion-al-consumidor-de-los-llanos-de-aridane-ha-tendido-a-mas-de-14-000-usuarios-de-manera-presencial-en-los-ultimos-4-anos\/","title":{"rendered":"La Oficina Municipal de Informaci\u00f3n al Consumidor de Los Llanos de Aridane ha tendido a m\u00e1s de 14.000 usuarios de manera presencial en los \u00faltimos 4 a\u00f1os"},"content":{"rendered":"<section class=\"wpb-content-wrapper\"><p>[vc_row css_animation=\u00bb\u00bb row_type=\u00bbrow\u00bb use_row_as_full_screen_section=\u00bbno\u00bb type=\u00bbfull_width\u00bb angled_section=\u00bbno\u00bb text_align=\u00bbleft\u00bb background_image_as_pattern=\u00bbwithout_pattern\u00bb][vc_column][vc_row_inner row_type=\u00bbrow\u00bb type=\u00bbgrid\u00bb text_align=\u00bbleft\u00bb css_animation=\u00bb\u00bb][vc_column_inner][vc_empty_space height=\u00bb20px\u00bb][vc_empty_space height=\u00bb20px\u00bb][\/vc_column_inner][\/vc_row_inner][vc_column_text]<\/p>\n<ul>\n<li style=\"text-align: justify;\"><em>En el D\u00eda Mundial de los Derechos del Consumidor que se celebra hoy, 15 de marzo, la alcaldesa de Los Llanos de Aridane, Noelia Garc\u00eda Leal, pone en valor el importante trabajo que se desarrolla esta oficina, \u00fanica en la Isla, promoviendo la difusi\u00f3n de los derechos fundamentales de los consumidores, y solicitando su protecci\u00f3n y respeto frente a posibles abusos de los mercados.<\/em><\/li>\n<\/ul>\n<p>&nbsp;<\/p>\n<p style=\"text-align: justify;\"><strong>Los Llanos de Aridane, 15 de marzo de 2023.-<\/strong> El Ayuntamiento de Los Llanos de Aridane a trav\u00e9s de su alcaldesa, Noelia Garc\u00eda Leal, y la concejal de Consumo, Elena Pais, han confirmado que la Oficina Municipal de Informaci\u00f3n al Consumidor, OMIC, ha atendido durante los \u00faltimos 4 a\u00f1os a m\u00e1s de 14.000 usuarios de manera presencial, \u201clo que supone una media de 16 personas diarias\u201d.<\/p>\n<p style=\"text-align: justify;\">Garc\u00eda Leal pone en valor el importante papel que juega esta oficina, \u00fanica en la Isla, cuando hoy se celebra el D\u00eda Mundial de los Derechos del Consumidor, \u201cpromoviendo la difusi\u00f3n de los derechos fundamentales de los consumidores, y solicitando su protecci\u00f3n y respeto frente a posibles abusos de los mercados\u201d.<\/p>\n<p style=\"text-align: justify;\">Por su parte, Pais explica que \u201cen esta espacio se ofrece informaci\u00f3n, ayuda y orientaci\u00f3n a los consumidores y usuarios para el adecuado ejercicio de sus derechos; recepci\u00f3n, registro y acuse de recibo de denuncias y reclamaciones de los consumidores y usuarios, y su remisi\u00f3n a las entidades u organismos que correspondan, ejerciendo un control y seguimiento de las reclamaciones enviadas al organismo competente, para informar debidamente; efectuar mediaci\u00f3n voluntaria entre los conflictos que surjan entre reclamante y reclamado; ejercer las labores de inspecci\u00f3n y control de mercado en materia de consumo; apoyar a las Organizaciones de Consumidores en \u00e1mbito territorial; informes de actividad de empresas y ceses de actividad de estas; y entrega de hojas de reclamaciones a establecimientos, entre otras\u201d.<\/p>\n<p style=\"text-align: justify;\">Por \u00faltimo, la concejal recuerda que esta oficina se abri\u00f3 en el municipio en el a\u00f1o 1986 y es atendida por dos personas: un inspector jefe y un administrativo, en horario de 8:00 a 15:00 horas, y se encuentra ubicada en la jefatura de la Polic\u00eda Local, en la carretera Puerto Naos, 23.<\/p>\n<p>[\/vc_column_text][\/vc_column][\/vc_row]<\/p>\n<\/section>","protected":false},"excerpt":{"rendered":"<p>[vc_row css_animation=\u00bb\u00bb row_type=\u00bbrow\u00bb use_row_as_full_screen_section=\u00bbno\u00bb type=\u00bbfull_width\u00bb angled_section=\u00bbno\u00bb text_align=\u00bbleft\u00bb background_image_as_pattern=\u00bbwithout_pattern\u00bb][vc_column][vc_row_inner row_type=\u00bbrow\u00bb type=\u00bbgrid\u00bb text_align=\u00bbleft\u00bb css_animation=\u00bb\u00bb][vc_column_inner][vc_empty_space height=\u00bb20px\u00bb][vc_empty_space height=\u00bb20px\u00bb][\/vc_column_inner][\/vc_row_inner][vc_column_text] En el D\u00eda Mundial de los Derechos del Consumidor que se celebra hoy, 15 de marzo, la alcaldesa de Los Llanos de Aridane, Noelia Garc\u00eda Leal, pone en valor el importante&#8230;<\/p>\n","protected":false},"author":1,"featured_media":2551,"comment_status":"closed","ping_status":"open","sticky":false,"template":"","format":"standard","meta":{"footnotes":""},"categories":[6],"tags":[],"class_list":["post-1483","post","type-post","status-publish","format-standard","has-post-thumbnail","hentry","category-prensa"],"yoast_head":"<!-- This site is optimized with the Yoast SEO plugin v22.7 - https:\/\/yoast.com\/wordpress\/plugins\/seo\/ -->\n<title>La Oficina Municipal de Informaci\u00f3n al Consumidor de Los Llanos de Aridane ha tendido a m\u00e1s de 14.000 usuarios de manera presencial en los \u00faltimos 4 a\u00f1os - Ayuntamiento de Los Llanos de Aridane<\/title>\n<meta name=\"description\" content=\"El Ayuntamiento de Los Llanos de Aridane presenta el cartel y el programa de La Patrona 2021 con el lema \u201cRemedios, m\u00e1s que un nombre.\u201d\" \/>\n<meta name=\"robots\" content=\"index, follow, max-snippet:-1, max-image-preview:large, max-video-preview:-1\" \/>\n<link rel=\"canonical\" href=\"https:\/\/www.aridane.org\/city\/2023\/03\/15\/la-oficina-municipal-de-informacion-al-consumidor-de-los-llanos-de-aridane-ha-tendido-a-mas-de-14-000-usuarios-de-manera-presencial-en-los-ultimos-4-anos\/\" \/>\n<meta property=\"og:locale\" content=\"es_ES\" \/>\n<meta property=\"og:type\" content=\"article\" \/>\n<meta property=\"og:title\" content=\"La Oficina Municipal de Informaci\u00f3n al Consumidor de Los Llanos de Aridane ha tendido a m\u00e1s de 14.000 usuarios de manera presencial en los \u00faltimos 4 a\u00f1os - Ayuntamiento de Los Llanos de Aridane\" \/>\n<meta property=\"og:description\" content=\"El Ayuntamiento de Los Llanos de Aridane presenta el cartel y el programa de La Patrona 2021 con el lema \u201cRemedios, m\u00e1s que un nombre.\u201d\" \/>\n<meta property=\"og:url\" content=\"https:\/\/www.aridane.org\/city\/2023\/03\/15\/la-oficina-municipal-de-informacion-al-consumidor-de-los-llanos-de-aridane-ha-tendido-a-mas-de-14-000-usuarios-de-manera-presencial-en-los-ultimos-4-anos\/\" \/>\n<meta property=\"og:site_name\" content=\"Ayuntamiento de Los Llanos de Aridane\" \/>\n<meta property=\"article:published_time\" content=\"2023-03-15T13:02:33+00:00\" \/>\n<meta property=\"article:modified_time\" content=\"2023-07-26T12:55:11+00:00\" \/>\n<meta property=\"og:image\" content=\"https:\/\/www.aridane.org\/city\/wp-content\/uploads\/2023\/03\/Oficina_Municipal_de_InformaciOn.jpg\" \/>\n\t<meta property=\"og:image:width\" content=\"1200\" \/>\n\t<meta property=\"og:image:height\" content=\"675\" \/>\n\t<meta property=\"og:image:type\" content=\"image\/jpeg\" \/>\n<meta name=\"author\" content=\"Richard Diaz\" \/>\n<meta name=\"twitter:card\" content=\"summary_large_image\" \/>\n<meta name=\"twitter:label1\" content=\"Escrito por\" \/>\n\t<meta name=\"twitter:data1\" content=\"Richard Diaz\" \/>\n\t<meta name=\"twitter:label2\" content=\"Tiempo de lectura\" \/>\n\t<meta name=\"twitter:data2\" content=\"2 minutos\" \/>\n<script type=\"application\/ld+json\" class=\"yoast-schema-graph\">{\"@context\":\"https:\/\/schema.org\",\"@graph\":[{\"@type\":\"WebPage\",\"@id\":\"https:\/\/www.aridane.org\/city\/2023\/03\/15\/la-oficina-municipal-de-informacion-al-consumidor-de-los-llanos-de-aridane-ha-tendido-a-mas-de-14-000-usuarios-de-manera-presencial-en-los-ultimos-4-anos\/\",\"url\":\"https:\/\/www.aridane.org\/city\/2023\/03\/15\/la-oficina-municipal-de-informacion-al-consumidor-de-los-llanos-de-aridane-ha-tendido-a-mas-de-14-000-usuarios-de-manera-presencial-en-los-ultimos-4-anos\/\",\"name\":\"La Oficina Municipal de Informaci\u00f3n al Consumidor de Los Llanos de Aridane ha tendido a m\u00e1s de 14.000 usuarios de manera presencial en los \u00faltimos 4 a\u00f1os - Ayuntamiento de Los Llanos de Aridane\",\"isPartOf\":{\"@id\":\"https:\/\/www.aridane.org\/city\/#website\"},\"primaryImageOfPage\":{\"@id\":\"https:\/\/www.aridane.org\/city\/2023\/03\/15\/la-oficina-municipal-de-informacion-al-consumidor-de-los-llanos-de-aridane-ha-tendido-a-mas-de-14-000-usuarios-de-manera-presencial-en-los-ultimos-4-anos\/#primaryimage\"},\"image\":{\"@id\":\"https:\/\/www.aridane.org\/city\/2023\/03\/15\/la-oficina-municipal-de-informacion-al-consumidor-de-los-llanos-de-aridane-ha-tendido-a-mas-de-14-000-usuarios-de-manera-presencial-en-los-ultimos-4-anos\/#primaryimage\"},\"thumbnailUrl\":\"https:\/\/www.aridane.org\/city\/wp-content\/uploads\/2023\/03\/Oficina_Municipal_de_InformaciOn.jpg\",\"datePublished\":\"2023-03-15T13:02:33+00:00\",\"dateModified\":\"2023-07-26T12:55:11+00:00\",\"author\":{\"@id\":\"https:\/\/www.aridane.org\/city\/#\/schema\/person\/7d352ec7f29881716f298394432e7209\"},\"description\":\"El Ayuntamiento de Los Llanos de Aridane presenta el cartel y el programa de La Patrona 2021 con el lema \u201cRemedios, m\u00e1s que un nombre.\u201d\",\"breadcrumb\":{\"@id\":\"https:\/\/www.aridane.org\/city\/2023\/03\/15\/la-oficina-municipal-de-informacion-al-consumidor-de-los-llanos-de-aridane-ha-tendido-a-mas-de-14-000-usuarios-de-manera-presencial-en-los-ultimos-4-anos\/#breadcrumb\"},\"inLanguage\":\"es\",\"potentialAction\":[{\"@type\":\"ReadAction\",\"target\":[\"https:\/\/www.aridane.org\/city\/2023\/03\/15\/la-oficina-municipal-de-informacion-al-consumidor-de-los-llanos-de-aridane-ha-tendido-a-mas-de-14-000-usuarios-de-manera-presencial-en-los-ultimos-4-anos\/\"]}]},{\"@type\":\"ImageObject\",\"inLanguage\":\"es\",\"@id\":\"https:\/\/www.aridane.org\/city\/2023\/03\/15\/la-oficina-municipal-de-informacion-al-consumidor-de-los-llanos-de-aridane-ha-tendido-a-mas-de-14-000-usuarios-de-manera-presencial-en-los-ultimos-4-anos\/#primaryimage\",\"url\":\"https:\/\/www.aridane.org\/city\/wp-content\/uploads\/2023\/03\/Oficina_Municipal_de_InformaciOn.jpg\",\"contentUrl\":\"https:\/\/www.aridane.org\/city\/wp-content\/uploads\/2023\/03\/Oficina_Municipal_de_InformaciOn.jpg\",\"width\":1200,\"height\":675},{\"@type\":\"BreadcrumbList\",\"@id\":\"https:\/\/www.aridane.org\/city\/2023\/03\/15\/la-oficina-municipal-de-informacion-al-consumidor-de-los-llanos-de-aridane-ha-tendido-a-mas-de-14-000-usuarios-de-manera-presencial-en-los-ultimos-4-anos\/#breadcrumb\",\"itemListElement\":[{\"@type\":\"ListItem\",\"position\":1,\"name\":\"Portada\",\"item\":\"https:\/\/www.aridane.org\/city\/\"},{\"@type\":\"ListItem\",\"position\":2,\"name\":\"La Oficina Municipal de Informaci\u00f3n al Consumidor de Los Llanos de Aridane ha tendido a m\u00e1s de 14.000 usuarios de manera presencial en los \u00faltimos 4 a\u00f1os\"}]},{\"@type\":\"WebSite\",\"@id\":\"https:\/\/www.aridane.org\/city\/#website\",\"url\":\"https:\/\/www.aridane.org\/city\/\",\"name\":\"Ayuntamiento de Los Llanos de Aridane\",\"description\":\"\",\"potentialAction\":[{\"@type\":\"SearchAction\",\"target\":{\"@type\":\"EntryPoint\",\"urlTemplate\":\"https:\/\/www.aridane.org\/city\/?s={search_term_string}\"},\"query-input\":\"required name=search_term_string\"}],\"inLanguage\":\"es\"},{\"@type\":\"Person\",\"@id\":\"https:\/\/www.aridane.org\/city\/#\/schema\/person\/7d352ec7f29881716f298394432e7209\",\"name\":\"Richard Diaz\",\"image\":{\"@type\":\"ImageObject\",\"inLanguage\":\"es\",\"@id\":\"https:\/\/www.aridane.org\/city\/#\/schema\/person\/image\/\",\"url\":\"https:\/\/secure.gravatar.com\/avatar\/bacd6aefc26a4a204943090a4c596cd10f0857081ef3cfd12084a70ecb3161d5?s=96&d=mm&r=g\",\"contentUrl\":\"https:\/\/secure.gravatar.com\/avatar\/bacd6aefc26a4a204943090a4c596cd10f0857081ef3cfd12084a70ecb3161d5?s=96&d=mm&r=g\",\"caption\":\"Richard Diaz\"},\"sameAs\":[\"https:\/\/www.aridane.org\/city\"],\"url\":\"https:\/\/www.aridane.org\/city\/author\/richard-diaz\/\"}]}<\/script>\n<!-- \/ Yoast SEO plugin. -->","yoast_head_json":{"title":"La Oficina Municipal de Informaci\u00f3n al Consumidor de Los Llanos de Aridane ha tendido a m\u00e1s de 14.000 usuarios de manera presencial en los \u00faltimos 4 a\u00f1os - Ayuntamiento de Los Llanos de Aridane","description":"El Ayuntamiento de Los Llanos de Aridane presenta el cartel y el programa de La Patrona 2021 con el lema \u201cRemedios, m\u00e1s que un nombre.\u201d","robots":{"index":"index","follow":"follow","max-snippet":"max-snippet:-1","max-image-preview":"max-image-preview:large","max-video-preview":"max-video-preview:-1"},"canonical":"https:\/\/www.aridane.org\/city\/2023\/03\/15\/la-oficina-municipal-de-informacion-al-consumidor-de-los-llanos-de-aridane-ha-tendido-a-mas-de-14-000-usuarios-de-manera-presencial-en-los-ultimos-4-anos\/","og_locale":"es_ES","og_type":"article","og_title":"La Oficina Municipal de Informaci\u00f3n al Consumidor de Los Llanos de Aridane ha tendido a m\u00e1s de 14.000 usuarios de manera presencial en los \u00faltimos 4 a\u00f1os - Ayuntamiento de Los Llanos de Aridane","og_description":"El Ayuntamiento de Los Llanos de Aridane presenta el cartel y el programa de La Patrona 2021 con el lema \u201cRemedios, m\u00e1s que un nombre.\u201d","og_url":"https:\/\/www.aridane.org\/city\/2023\/03\/15\/la-oficina-municipal-de-informacion-al-consumidor-de-los-llanos-de-aridane-ha-tendido-a-mas-de-14-000-usuarios-de-manera-presencial-en-los-ultimos-4-anos\/","og_site_name":"Ayuntamiento de Los Llanos de Aridane","article_published_time":"2023-03-15T13:02:33+00:00","article_modified_time":"2023-07-26T12:55:11+00:00","og_image":[{"width":1200,"height":675,"url":"https:\/\/www.aridane.org\/city\/wp-content\/uploads\/2023\/03\/Oficina_Municipal_de_InformaciOn.jpg","type":"image\/jpeg"}],"author":"Richard Diaz","twitter_card":"summary_large_image","twitter_misc":{"Escrito por":"Richard Diaz","Tiempo de lectura":"2 minutos"},"schema":{"@context":"https:\/\/schema.org","@graph":[{"@type":"WebPage","@id":"https:\/\/www.aridane.org\/city\/2023\/03\/15\/la-oficina-municipal-de-informacion-al-consumidor-de-los-llanos-de-aridane-ha-tendido-a-mas-de-14-000-usuarios-de-manera-presencial-en-los-ultimos-4-anos\/","url":"https:\/\/www.aridane.org\/city\/2023\/03\/15\/la-oficina-municipal-de-informacion-al-consumidor-de-los-llanos-de-aridane-ha-tendido-a-mas-de-14-000-usuarios-de-manera-presencial-en-los-ultimos-4-anos\/","name":"La Oficina Municipal de Informaci\u00f3n al Consumidor de Los Llanos de Aridane ha tendido a m\u00e1s de 14.000 usuarios de manera presencial en los \u00faltimos 4 a\u00f1os - Ayuntamiento de Los Llanos de Aridane","isPartOf":{"@id":"https:\/\/www.aridane.org\/city\/#website"},"primaryImageOfPage":{"@id":"https:\/\/www.aridane.org\/city\/2023\/03\/15\/la-oficina-municipal-de-informacion-al-consumidor-de-los-llanos-de-aridane-ha-tendido-a-mas-de-14-000-usuarios-de-manera-presencial-en-los-ultimos-4-anos\/#primaryimage"},"image":{"@id":"https:\/\/www.aridane.org\/city\/2023\/03\/15\/la-oficina-municipal-de-informacion-al-consumidor-de-los-llanos-de-aridane-ha-tendido-a-mas-de-14-000-usuarios-de-manera-presencial-en-los-ultimos-4-anos\/#primaryimage"},"thumbnailUrl":"https:\/\/www.aridane.org\/city\/wp-content\/uploads\/2023\/03\/Oficina_Municipal_de_InformaciOn.jpg","datePublished":"2023-03-15T13:02:33+00:00","dateModified":"2023-07-26T12:55:11+00:00","author":{"@id":"https:\/\/www.aridane.org\/city\/#\/schema\/person\/7d352ec7f29881716f298394432e7209"},"description":"El Ayuntamiento de Los Llanos de Aridane presenta el cartel y el programa de La Patrona 2021 con el lema \u201cRemedios, m\u00e1s que un nombre.\u201d","breadcrumb":{"@id":"https:\/\/www.aridane.org\/city\/2023\/03\/15\/la-oficina-municipal-de-informacion-al-consumidor-de-los-llanos-de-aridane-ha-tendido-a-mas-de-14-000-usuarios-de-manera-presencial-en-los-ultimos-4-anos\/#breadcrumb"},"inLanguage":"es","potentialAction":[{"@type":"ReadAction","target":["https:\/\/www.aridane.org\/city\/2023\/03\/15\/la-oficina-municipal-de-informacion-al-consumidor-de-los-llanos-de-aridane-ha-tendido-a-mas-de-14-000-usuarios-de-manera-presencial-en-los-ultimos-4-anos\/"]}]},{"@type":"ImageObject","inLanguage":"es","@id":"https:\/\/www.aridane.org\/city\/2023\/03\/15\/la-oficina-municipal-de-informacion-al-consumidor-de-los-llanos-de-aridane-ha-tendido-a-mas-de-14-000-usuarios-de-manera-presencial-en-los-ultimos-4-anos\/#primaryimage","url":"https:\/\/www.aridane.org\/city\/wp-content\/uploads\/2023\/03\/Oficina_Municipal_de_InformaciOn.jpg","contentUrl":"https:\/\/www.aridane.org\/city\/wp-content\/uploads\/2023\/03\/Oficina_Municipal_de_InformaciOn.jpg","width":1200,"height":675},{"@type":"BreadcrumbList","@id":"https:\/\/www.aridane.org\/city\/2023\/03\/15\/la-oficina-municipal-de-informacion-al-consumidor-de-los-llanos-de-aridane-ha-tendido-a-mas-de-14-000-usuarios-de-manera-presencial-en-los-ultimos-4-anos\/#breadcrumb","itemListElement":[{"@type":"ListItem","position":1,"name":"Portada","item":"https:\/\/www.aridane.org\/city\/"},{"@type":"ListItem","position":2,"name":"La Oficina Municipal de Informaci\u00f3n al Consumidor de Los Llanos de Aridane ha tendido a m\u00e1s de 14.000 usuarios de manera presencial en los \u00faltimos 4 a\u00f1os"}]},{"@type":"WebSite","@id":"https:\/\/www.aridane.org\/city\/#website","url":"https:\/\/www.aridane.org\/city\/","name":"Ayuntamiento de Los Llanos de Aridane","description":"","potentialAction":[{"@type":"SearchAction","target":{"@type":"EntryPoint","urlTemplate":"https:\/\/www.aridane.org\/city\/?s={search_term_string}"},"query-input":"required name=search_term_string"}],"inLanguage":"es"},{"@type":"Person","@id":"https:\/\/www.aridane.org\/city\/#\/schema\/person\/7d352ec7f29881716f298394432e7209","name":"Richard Diaz","image":{"@type":"ImageObject","inLanguage":"es","@id":"https:\/\/www.aridane.org\/city\/#\/schema\/person\/image\/","url":"https:\/\/secure.gravatar.com\/avatar\/bacd6aefc26a4a204943090a4c596cd10f0857081ef3cfd12084a70ecb3161d5?s=96&d=mm&r=g","contentUrl":"https:\/\/secure.gravatar.com\/avatar\/bacd6aefc26a4a204943090a4c596cd10f0857081ef3cfd12084a70ecb3161d5?s=96&d=mm&r=g","caption":"Richard Diaz"},"sameAs":["https:\/\/www.aridane.org\/city"],"url":"https:\/\/www.aridane.org\/city\/author\/richard-diaz\/"}]}},"_links":{"self":[{"href":"https:\/\/www.aridane.org\/city\/wp-json\/wp\/v2\/posts\/1483","targetHints":{"allow":["GET"]}}],"collection":[{"href":"https:\/\/www.aridane.org\/city\/wp-json\/wp\/v2\/posts"}],"about":[{"href":"https:\/\/www.aridane.org\/city\/wp-json\/wp\/v2\/types\/post"}],"author":[{"embeddable":true,"href":"https:\/\/www.aridane.org\/city\/wp-json\/wp\/v2\/users\/1"}],"replies":[{"embeddable":true,"href":"https:\/\/www.aridane.org\/city\/wp-json\/wp\/v2\/comments?post=1483"}],"version-history":[{"count":1,"href":"https:\/\/www.aridane.org\/city\/wp-json\/wp\/v2\/posts\/1483\/revisions"}],"predecessor-version":[{"id":2552,"href":"https:\/\/www.aridane.org\/city\/wp-json\/wp\/v2\/posts\/1483\/revisions\/2552"}],"wp:featuredmedia":[{"embeddable":true,"href":"https:\/\/www.aridane.org\/city\/wp-json\/wp\/v2\/media\/2551"}],"wp:attachment":[{"href":"https:\/\/www.aridane.org\/city\/wp-json\/wp\/v2\/media?parent=1483"}],"wp:term":[{"taxonomy":"category","embeddable":true,"href":"https:\/\/www.aridane.org\/city\/wp-json\/wp\/v2\/categories?post=1483"},{"taxonomy":"post_tag","embeddable":true,"href":"https:\/\/www.aridane.org\/city\/wp-json\/wp\/v2\/tags?post=1483"}],"curies":[{"name":"wp","href":"https:\/\/api.w.org\/{rel}","templated":true}]}}