{"id":1486,"date":"2023-03-16T09:38:03","date_gmt":"2023-03-16T09:38:03","guid":{"rendered":"https:\/\/aridane.org\/ciudad\/?p=1486"},"modified":"2023-07-26T12:51:45","modified_gmt":"2023-07-26T12:51:45","slug":"los-llanos-de-aridane-contara-con-una-importante-y-extensa-agenda-de-eventos-deportivos-hasta-final-de-mes","status":"publish","type":"post","link":"https:\/\/www.aridane.org\/city\/2023\/03\/16\/los-llanos-de-aridane-contara-con-una-importante-y-extensa-agenda-de-eventos-deportivos-hasta-final-de-mes\/","title":{"rendered":"Los Llanos de Aridane contar\u00e1 con una importante y extensa agenda de eventos deportivos hasta final de mes"},"content":{"rendered":"<section class=\"wpb-content-wrapper\"><p>[vc_row css_animation=\u00bb\u00bb row_type=\u00bbrow\u00bb use_row_as_full_screen_section=\u00bbno\u00bb type=\u00bbfull_width\u00bb angled_section=\u00bbno\u00bb text_align=\u00bbleft\u00bb background_image_as_pattern=\u00bbwithout_pattern\u00bb][vc_column][vc_row_inner row_type=\u00bbrow\u00bb type=\u00bbgrid\u00bb text_align=\u00bbleft\u00bb css_animation=\u00bb\u00bb][vc_column_inner][vc_empty_space height=\u00bb20px\u00bb][vc_empty_space height=\u00bb20px\u00bb][\/vc_column_inner][\/vc_row_inner][vc_column_text]<\/p>\n<ul>\n<li style=\"text-align: justify;\"><em>El concejal de Deportes, V\u00edctor Gonz\u00e1lez, recuerda que desde el Consistorio se contin\u00faa trabajando en el compromiso de ser un municipio activo y responsable con la actividad f\u00edsica de todos los vecinos.<\/em><\/li>\n<li style=\"text-align: justify;\"><em>Por su parte, Garc\u00eda Leal defiende que estos eventos son clave para seguir dinamizando Los Llanos de Aridane, atrayendo a visitantes e impulsando la recuperaci\u00f3n.<\/em><\/li>\n<\/ul>\n<p>&nbsp;<\/p>\n<p style=\"text-align: justify;\"><strong>Los Llanos de Aridane, 16 de marzo de 2023.-<\/strong> El Ayuntamiento de Los Llanos de Aridane a trav\u00e9s del concejal de Deportes, V\u00edctor Gonz\u00e1lez, ha confirmado que \u201cel municipio contar\u00e1 con una extensa e importante programaci\u00f3n de eventos deportivos hasta final de mes\u201d, se\u00f1ala.<\/p>\n<p style=\"text-align: justify;\">Por su parte, la alcaldesa de Los Llanos de Aridane, \u00a0Noelia Garc\u00eda Leal, se\u00f1ala que \u201cesta importante programaci\u00f3n es clave para continuar dinamizando el municipio, y atrayendo a visitantes que adem\u00e1s de participar en estos eventos, tambi\u00e9n les permite conocer Los Llanos de Aridane, y la isla. Sin lugar a dudas, desde el Consistorio vamos a seguir apostando por la uni\u00f3n de deporte y turismo para continuar impulsando la recuperaci\u00f3n en la que estamos trabajando\u201d.<\/p>\n<p style=\"text-align: justify;\">El concejal explica que desde ma\u00f1ana viernes y hasta el pr\u00f3ximo domingo tendr\u00e1 lugar, un a\u00f1o m\u00e1s, la escuela de Karting en los aparcamientos de la calle Ram\u00f3n Pol. Adem\u00e1s el s\u00e1bado 18 regresa por segundo a\u00f1o consecutivo, a la Plaza Juan Pablo II, \u00a0la \u2018Liga Canaria de Baloncesto Sin L\u00edmites\u2019, \u201ccon la participaci\u00f3n de 12 equipos de todas las islas \u00a0formado por jugadores con discapacidad intelectual y salud mental. Sin lugar a dudas, uno de los eventos m\u00e1s esperados del a\u00f1o\u201d, asegura.<\/p>\n<p style=\"text-align: justify;\">A esto se suma, afirma, \u00a0que el viernes 24, s\u00e1bado 25 y domingo 26, por segundo a\u00f1o consecutivo, regresan las Neurolimpadas a Los Llanos de Aridane, \u00a0en las que est\u00e1 previsto que participen m\u00e1s de 200 mayores de 6 municipios tanto de La Palma como de Tenerife, \u201cy que estamos seguros que un a\u00f1o m\u00e1s volver\u00e1 a ser un \u00e9xito\u201d.\u00a0 Adem\u00e1s, ese mismo s\u00e1bado 25, tendr\u00e1 lugar el campeonato de Espa\u00f1a de Pesca Fondeada, y, tambi\u00e9n, despu\u00e9s de haberse tenido que aplazar, tendr\u00e1 lugar el Sport Day, \u201cque se desarrollar\u00e1 de 11:00 a 14:00 horas en la Avenida Enrique Mederos, y en la que todos los que se acerquen hasta este punto podr\u00e1n conocer \u00a0todas las modalidades de promoci\u00f3n deportiva que se ofrecen desde el Cosistorio aridanense\u201d.<\/p>\n<p style=\"text-align: justify;\">El mes termina, se\u00f1ala Gonz\u00e1lez, con uno de los eventos m\u00e1s esperados, \u201cla carrera m\u00e1s divertida y colorida: la Neon Run Spain, que regresa el 31 de marzo y 1 de abril, y para la que ya hay m\u00e1s de 650 participantes inscritos\u201d.<\/p>\n<p style=\"text-align: justify;\">Por \u00faltimo desde el Ayuntamiento se recuerda que \u201cLos Llanos de Aridane es un municipio activo y comprometido con la actividad f\u00edsica. Queda demostrado que no solo podemos albergar eventos deportivos destacados en el \u00e1mbito insular o regional, sino que de \u00e1mbito internacional FIT Rise Isla de La Palma de P\u00e1del\u201d.<\/p>\n<p>[\/vc_column_text][\/vc_column][\/vc_row]<\/p>\n<\/section>","protected":false},"excerpt":{"rendered":"<p>[vc_row css_animation=\u00bb\u00bb row_type=\u00bbrow\u00bb use_row_as_full_screen_section=\u00bbno\u00bb type=\u00bbfull_width\u00bb angled_section=\u00bbno\u00bb text_align=\u00bbleft\u00bb background_image_as_pattern=\u00bbwithout_pattern\u00bb][vc_column][vc_row_inner row_type=\u00bbrow\u00bb type=\u00bbgrid\u00bb text_align=\u00bbleft\u00bb css_animation=\u00bb\u00bb][vc_column_inner][vc_empty_space height=\u00bb20px\u00bb][vc_empty_space height=\u00bb20px\u00bb][\/vc_column_inner][\/vc_row_inner][vc_column_text] El concejal de Deportes, V\u00edctor Gonz\u00e1lez, recuerda que desde el Consistorio se contin\u00faa trabajando en el compromiso de ser un municipio activo y responsable con la actividad f\u00edsica de todos los&#8230;<\/p>\n","protected":false},"author":1,"featured_media":2549,"comment_status":"closed","ping_status":"open","sticky":false,"template":"","format":"standard","meta":{"footnotes":""},"categories":[6],"tags":[],"class_list":["post-1486","post","type-post","status-publish","format-standard","has-post-thumbnail","hentry","category-prensa"],"yoast_head":"<!-- This site is optimized with the Yoast SEO plugin v22.7 - https:\/\/yoast.com\/wordpress\/plugins\/seo\/ -->\n<title>Los Llanos de Aridane contar\u00e1 con una importante y extensa agenda de eventos deportivos hasta final de mes - Ayuntamiento de Los Llanos de Aridane<\/title>\n<meta name=\"description\" content=\"El Ayuntamiento de Los Llanos de Aridane presenta el cartel y el programa de La Patrona 2021 con el lema \u201cRemedios, m\u00e1s que un nombre.\u201d\" \/>\n<meta name=\"robots\" content=\"index, follow, max-snippet:-1, max-image-preview:large, max-video-preview:-1\" \/>\n<link rel=\"canonical\" href=\"https:\/\/www.aridane.org\/city\/2023\/03\/16\/los-llanos-de-aridane-contara-con-una-importante-y-extensa-agenda-de-eventos-deportivos-hasta-final-de-mes\/\" \/>\n<meta property=\"og:locale\" content=\"es_ES\" \/>\n<meta property=\"og:type\" content=\"article\" \/>\n<meta property=\"og:title\" content=\"Los Llanos de Aridane contar\u00e1 con una importante y extensa agenda de eventos deportivos hasta final de mes - Ayuntamiento de Los Llanos de Aridane\" \/>\n<meta property=\"og:description\" content=\"El Ayuntamiento de Los Llanos de Aridane presenta el cartel y el programa de La Patrona 2021 con el lema \u201cRemedios, m\u00e1s que un nombre.\u201d\" \/>\n<meta property=\"og:url\" content=\"https:\/\/www.aridane.org\/city\/2023\/03\/16\/los-llanos-de-aridane-contara-con-una-importante-y-extensa-agenda-de-eventos-deportivos-hasta-final-de-mes\/\" \/>\n<meta property=\"og:site_name\" content=\"Ayuntamiento de Los Llanos de Aridane\" \/>\n<meta property=\"article:published_time\" content=\"2023-03-16T09:38:03+00:00\" \/>\n<meta property=\"article:modified_time\" content=\"2023-07-26T12:51:45+00:00\" \/>\n<meta property=\"og:image\" content=\"https:\/\/www.aridane.org\/city\/wp-content\/uploads\/2023\/03\/deportes_2.jpg\" \/>\n\t<meta property=\"og:image:width\" content=\"1200\" \/>\n\t<meta property=\"og:image:height\" content=\"675\" \/>\n\t<meta property=\"og:image:type\" content=\"image\/jpeg\" \/>\n<meta name=\"author\" content=\"Richard Diaz\" \/>\n<meta name=\"twitter:card\" content=\"summary_large_image\" \/>\n<meta name=\"twitter:label1\" content=\"Escrito por\" \/>\n\t<meta name=\"twitter:data1\" content=\"Richard Diaz\" \/>\n\t<meta name=\"twitter:label2\" content=\"Tiempo de lectura\" \/>\n\t<meta name=\"twitter:data2\" content=\"3 minutos\" \/>\n<script type=\"application\/ld+json\" class=\"yoast-schema-graph\">{\"@context\":\"https:\/\/schema.org\",\"@graph\":[{\"@type\":\"WebPage\",\"@id\":\"https:\/\/www.aridane.org\/city\/2023\/03\/16\/los-llanos-de-aridane-contara-con-una-importante-y-extensa-agenda-de-eventos-deportivos-hasta-final-de-mes\/\",\"url\":\"https:\/\/www.aridane.org\/city\/2023\/03\/16\/los-llanos-de-aridane-contara-con-una-importante-y-extensa-agenda-de-eventos-deportivos-hasta-final-de-mes\/\",\"name\":\"Los Llanos de Aridane contar\u00e1 con una importante y extensa agenda de eventos deportivos hasta final de mes - Ayuntamiento de Los Llanos de Aridane\",\"isPartOf\":{\"@id\":\"https:\/\/www.aridane.org\/city\/#website\"},\"primaryImageOfPage\":{\"@id\":\"https:\/\/www.aridane.org\/city\/2023\/03\/16\/los-llanos-de-aridane-contara-con-una-importante-y-extensa-agenda-de-eventos-deportivos-hasta-final-de-mes\/#primaryimage\"},\"image\":{\"@id\":\"https:\/\/www.aridane.org\/city\/2023\/03\/16\/los-llanos-de-aridane-contara-con-una-importante-y-extensa-agenda-de-eventos-deportivos-hasta-final-de-mes\/#primaryimage\"},\"thumbnailUrl\":\"https:\/\/www.aridane.org\/city\/wp-content\/uploads\/2023\/03\/deportes_2.jpg\",\"datePublished\":\"2023-03-16T09:38:03+00:00\",\"dateModified\":\"2023-07-26T12:51:45+00:00\",\"author\":{\"@id\":\"https:\/\/www.aridane.org\/city\/#\/schema\/person\/7d352ec7f29881716f298394432e7209\"},\"description\":\"El Ayuntamiento de Los Llanos de Aridane presenta el cartel y el programa de La Patrona 2021 con el lema \u201cRemedios, m\u00e1s que un nombre.\u201d\",\"breadcrumb\":{\"@id\":\"https:\/\/www.aridane.org\/city\/2023\/03\/16\/los-llanos-de-aridane-contara-con-una-importante-y-extensa-agenda-de-eventos-deportivos-hasta-final-de-mes\/#breadcrumb\"},\"inLanguage\":\"es\",\"potentialAction\":[{\"@type\":\"ReadAction\",\"target\":[\"https:\/\/www.aridane.org\/city\/2023\/03\/16\/los-llanos-de-aridane-contara-con-una-importante-y-extensa-agenda-de-eventos-deportivos-hasta-final-de-mes\/\"]}]},{\"@type\":\"ImageObject\",\"inLanguage\":\"es\",\"@id\":\"https:\/\/www.aridane.org\/city\/2023\/03\/16\/los-llanos-de-aridane-contara-con-una-importante-y-extensa-agenda-de-eventos-deportivos-hasta-final-de-mes\/#primaryimage\",\"url\":\"https:\/\/www.aridane.org\/city\/wp-content\/uploads\/2023\/03\/deportes_2.jpg\",\"contentUrl\":\"https:\/\/www.aridane.org\/city\/wp-content\/uploads\/2023\/03\/deportes_2.jpg\",\"width\":1200,\"height\":675},{\"@type\":\"BreadcrumbList\",\"@id\":\"https:\/\/www.aridane.org\/city\/2023\/03\/16\/los-llanos-de-aridane-contara-con-una-importante-y-extensa-agenda-de-eventos-deportivos-hasta-final-de-mes\/#breadcrumb\",\"itemListElement\":[{\"@type\":\"ListItem\",\"position\":1,\"name\":\"Portada\",\"item\":\"https:\/\/www.aridane.org\/city\/\"},{\"@type\":\"ListItem\",\"position\":2,\"name\":\"Los Llanos de Aridane contar\u00e1 con una importante y extensa agenda de eventos deportivos hasta final de mes\"}]},{\"@type\":\"WebSite\",\"@id\":\"https:\/\/www.aridane.org\/city\/#website\",\"url\":\"https:\/\/www.aridane.org\/city\/\",\"name\":\"Ayuntamiento de Los Llanos de Aridane\",\"description\":\"\",\"potentialAction\":[{\"@type\":\"SearchAction\",\"target\":{\"@type\":\"EntryPoint\",\"urlTemplate\":\"https:\/\/www.aridane.org\/city\/?s={search_term_string}\"},\"query-input\":\"required name=search_term_string\"}],\"inLanguage\":\"es\"},{\"@type\":\"Person\",\"@id\":\"https:\/\/www.aridane.org\/city\/#\/schema\/person\/7d352ec7f29881716f298394432e7209\",\"name\":\"Richard Diaz\",\"image\":{\"@type\":\"ImageObject\",\"inLanguage\":\"es\",\"@id\":\"https:\/\/www.aridane.org\/city\/#\/schema\/person\/image\/\",\"url\":\"https:\/\/secure.gravatar.com\/avatar\/bacd6aefc26a4a204943090a4c596cd10f0857081ef3cfd12084a70ecb3161d5?s=96&d=mm&r=g\",\"contentUrl\":\"https:\/\/secure.gravatar.com\/avatar\/bacd6aefc26a4a204943090a4c596cd10f0857081ef3cfd12084a70ecb3161d5?s=96&d=mm&r=g\",\"caption\":\"Richard Diaz\"},\"sameAs\":[\"https:\/\/www.aridane.org\/city\"],\"url\":\"https:\/\/www.aridane.org\/city\/author\/richard-diaz\/\"}]}<\/script>\n<!-- \/ Yoast SEO plugin. -->","yoast_head_json":{"title":"Los Llanos de Aridane contar\u00e1 con una importante y extensa agenda de eventos deportivos hasta final de mes - Ayuntamiento de Los Llanos de Aridane","description":"El Ayuntamiento de Los Llanos de Aridane presenta el cartel y el programa de La Patrona 2021 con el lema \u201cRemedios, m\u00e1s que un nombre.\u201d","robots":{"index":"index","follow":"follow","max-snippet":"max-snippet:-1","max-image-preview":"max-image-preview:large","max-video-preview":"max-video-preview:-1"},"canonical":"https:\/\/www.aridane.org\/city\/2023\/03\/16\/los-llanos-de-aridane-contara-con-una-importante-y-extensa-agenda-de-eventos-deportivos-hasta-final-de-mes\/","og_locale":"es_ES","og_type":"article","og_title":"Los Llanos de Aridane contar\u00e1 con una importante y extensa agenda de eventos deportivos hasta final de mes - Ayuntamiento de Los Llanos de Aridane","og_description":"El Ayuntamiento de Los Llanos de Aridane presenta el cartel y el programa de La Patrona 2021 con el lema \u201cRemedios, m\u00e1s que un nombre.\u201d","og_url":"https:\/\/www.aridane.org\/city\/2023\/03\/16\/los-llanos-de-aridane-contara-con-una-importante-y-extensa-agenda-de-eventos-deportivos-hasta-final-de-mes\/","og_site_name":"Ayuntamiento de Los Llanos de Aridane","article_published_time":"2023-03-16T09:38:03+00:00","article_modified_time":"2023-07-26T12:51:45+00:00","og_image":[{"width":1200,"height":675,"url":"https:\/\/www.aridane.org\/city\/wp-content\/uploads\/2023\/03\/deportes_2.jpg","type":"image\/jpeg"}],"author":"Richard Diaz","twitter_card":"summary_large_image","twitter_misc":{"Escrito por":"Richard Diaz","Tiempo de lectura":"3 minutos"},"schema":{"@context":"https:\/\/schema.org","@graph":[{"@type":"WebPage","@id":"https:\/\/www.aridane.org\/city\/2023\/03\/16\/los-llanos-de-aridane-contara-con-una-importante-y-extensa-agenda-de-eventos-deportivos-hasta-final-de-mes\/","url":"https:\/\/www.aridane.org\/city\/2023\/03\/16\/los-llanos-de-aridane-contara-con-una-importante-y-extensa-agenda-de-eventos-deportivos-hasta-final-de-mes\/","name":"Los Llanos de Aridane contar\u00e1 con una importante y extensa agenda de eventos deportivos hasta final de mes - Ayuntamiento de Los Llanos de Aridane","isPartOf":{"@id":"https:\/\/www.aridane.org\/city\/#website"},"primaryImageOfPage":{"@id":"https:\/\/www.aridane.org\/city\/2023\/03\/16\/los-llanos-de-aridane-contara-con-una-importante-y-extensa-agenda-de-eventos-deportivos-hasta-final-de-mes\/#primaryimage"},"image":{"@id":"https:\/\/www.aridane.org\/city\/2023\/03\/16\/los-llanos-de-aridane-contara-con-una-importante-y-extensa-agenda-de-eventos-deportivos-hasta-final-de-mes\/#primaryimage"},"thumbnailUrl":"https:\/\/www.aridane.org\/city\/wp-content\/uploads\/2023\/03\/deportes_2.jpg","datePublished":"2023-03-16T09:38:03+00:00","dateModified":"2023-07-26T12:51:45+00:00","author":{"@id":"https:\/\/www.aridane.org\/city\/#\/schema\/person\/7d352ec7f29881716f298394432e7209"},"description":"El Ayuntamiento de Los Llanos de Aridane presenta el cartel y el programa de La Patrona 2021 con el lema \u201cRemedios, m\u00e1s que un nombre.\u201d","breadcrumb":{"@id":"https:\/\/www.aridane.org\/city\/2023\/03\/16\/los-llanos-de-aridane-contara-con-una-importante-y-extensa-agenda-de-eventos-deportivos-hasta-final-de-mes\/#breadcrumb"},"inLanguage":"es","potentialAction":[{"@type":"ReadAction","target":["https:\/\/www.aridane.org\/city\/2023\/03\/16\/los-llanos-de-aridane-contara-con-una-importante-y-extensa-agenda-de-eventos-deportivos-hasta-final-de-mes\/"]}]},{"@type":"ImageObject","inLanguage":"es","@id":"https:\/\/www.aridane.org\/city\/2023\/03\/16\/los-llanos-de-aridane-contara-con-una-importante-y-extensa-agenda-de-eventos-deportivos-hasta-final-de-mes\/#primaryimage","url":"https:\/\/www.aridane.org\/city\/wp-content\/uploads\/2023\/03\/deportes_2.jpg","contentUrl":"https:\/\/www.aridane.org\/city\/wp-content\/uploads\/2023\/03\/deportes_2.jpg","width":1200,"height":675},{"@type":"BreadcrumbList","@id":"https:\/\/www.aridane.org\/city\/2023\/03\/16\/los-llanos-de-aridane-contara-con-una-importante-y-extensa-agenda-de-eventos-deportivos-hasta-final-de-mes\/#breadcrumb","itemListElement":[{"@type":"ListItem","position":1,"name":"Portada","item":"https:\/\/www.aridane.org\/city\/"},{"@type":"ListItem","position":2,"name":"Los Llanos de Aridane contar\u00e1 con una importante y extensa agenda de eventos deportivos hasta final de mes"}]},{"@type":"WebSite","@id":"https:\/\/www.aridane.org\/city\/#website","url":"https:\/\/www.aridane.org\/city\/","name":"Ayuntamiento de Los Llanos de Aridane","description":"","potentialAction":[{"@type":"SearchAction","target":{"@type":"EntryPoint","urlTemplate":"https:\/\/www.aridane.org\/city\/?s={search_term_string}"},"query-input":"required name=search_term_string"}],"inLanguage":"es"},{"@type":"Person","@id":"https:\/\/www.aridane.org\/city\/#\/schema\/person\/7d352ec7f29881716f298394432e7209","name":"Richard Diaz","image":{"@type":"ImageObject","inLanguage":"es","@id":"https:\/\/www.aridane.org\/city\/#\/schema\/person\/image\/","url":"https:\/\/secure.gravatar.com\/avatar\/bacd6aefc26a4a204943090a4c596cd10f0857081ef3cfd12084a70ecb3161d5?s=96&d=mm&r=g","contentUrl":"https:\/\/secure.gravatar.com\/avatar\/bacd6aefc26a4a204943090a4c596cd10f0857081ef3cfd12084a70ecb3161d5?s=96&d=mm&r=g","caption":"Richard Diaz"},"sameAs":["https:\/\/www.aridane.org\/city"],"url":"https:\/\/www.aridane.org\/city\/author\/richard-diaz\/"}]}},"_links":{"self":[{"href":"https:\/\/www.aridane.org\/city\/wp-json\/wp\/v2\/posts\/1486","targetHints":{"allow":["GET"]}}],"collection":[{"href":"https:\/\/www.aridane.org\/city\/wp-json\/wp\/v2\/posts"}],"about":[{"href":"https:\/\/www.aridane.org\/city\/wp-json\/wp\/v2\/types\/post"}],"author":[{"embeddable":true,"href":"https:\/\/www.aridane.org\/city\/wp-json\/wp\/v2\/users\/1"}],"replies":[{"embeddable":true,"href":"https:\/\/www.aridane.org\/city\/wp-json\/wp\/v2\/comments?post=1486"}],"version-history":[{"count":1,"href":"https:\/\/www.aridane.org\/city\/wp-json\/wp\/v2\/posts\/1486\/revisions"}],"predecessor-version":[{"id":2550,"href":"https:\/\/www.aridane.org\/city\/wp-json\/wp\/v2\/posts\/1486\/revisions\/2550"}],"wp:featuredmedia":[{"embeddable":true,"href":"https:\/\/www.aridane.org\/city\/wp-json\/wp\/v2\/media\/2549"}],"wp:attachment":[{"href":"https:\/\/www.aridane.org\/city\/wp-json\/wp\/v2\/media?parent=1486"}],"wp:term":[{"taxonomy":"category","embeddable":true,"href":"https:\/\/www.aridane.org\/city\/wp-json\/wp\/v2\/categories?post=1486"},{"taxonomy":"post_tag","embeddable":true,"href":"https:\/\/www.aridane.org\/city\/wp-json\/wp\/v2\/tags?post=1486"}],"curies":[{"name":"wp","href":"https:\/\/api.w.org\/{rel}","templated":true}]}}