{"id":1495,"date":"2023-03-20T09:44:42","date_gmt":"2023-03-20T09:44:42","guid":{"rendered":"https:\/\/aridane.org\/ciudad\/?p=1495"},"modified":"2023-07-26T12:40:17","modified_gmt":"2023-07-26T12:40:17","slug":"tabaiba-band-y-senor-natillas-protagonistas-del-xvii-aniversario-de-contigo-almediodia-en-los-llanos-de-aridane","status":"publish","type":"post","link":"https:\/\/www.aridane.org\/city\/2023\/03\/20\/tabaiba-band-y-senor-natillas-protagonistas-del-xvii-aniversario-de-contigo-almediodia-en-los-llanos-de-aridane\/","title":{"rendered":"Tabaiba Band y Se\u00f1or Natillas protagonistas del XVII aniversario de Contigo Almediod\u00eda en Los Llanos de Aridane"},"content":{"rendered":"<section class=\"wpb-content-wrapper\"><p>[vc_row css_animation=\u00bb\u00bb row_type=\u00bbrow\u00bb use_row_as_full_screen_section=\u00bbno\u00bb type=\u00bbfull_width\u00bb angled_section=\u00bbno\u00bb text_align=\u00bbleft\u00bb background_image_as_pattern=\u00bbwithout_pattern\u00bb][vc_column][vc_row_inner row_type=\u00bbrow\u00bb type=\u00bbgrid\u00bb text_align=\u00bbleft\u00bb css_animation=\u00bb\u00bb][vc_column_inner][vc_empty_space height=\u00bb20px\u00bb][vc_empty_space height=\u00bb20px\u00bb][\/vc_column_inner][\/vc_row_inner][vc_column_text]<\/p>\n<ul>\n<li style=\"text-align: justify;\"><em>La concejal de Cultura, Charo Gonz\u00e1lez confirma que ser\u00e1 este s\u00e1bado 25 de marzo a partir de las 13:00 horas en la Plaza de Espa\u00f1a.<\/em><\/li>\n<\/ul>\n<p>&nbsp;<\/p>\n<p style=\"text-align: justify;\"><strong>Los Llanos de Aridane, 20 de marzo de 2023.-<\/strong> El Ayuntamiento de Los Llanos de Aridane a trav\u00e9s del concejal de Cultura, Charo Gonz\u00e1lez, ha confirmado que este s\u00e1bado 25 de marzo el municipio acoger\u00e1 el XVIII aniversario de Contigo Al mediod\u00eda, a partir de las 13:00 horas en la Plaza de Espa\u00f1a.<\/p>\n<p style=\"text-align: justify;\">Gonz\u00e1lez explica que para esta jornada tan especial se contar\u00e1 con las actuaciones de Tabaiaba Band y Se\u00f1or Natillas, \u201cque nos har\u00e1n disfrutar con su m\u00fasica y sus canciones, y adem\u00e1s nos permitir\u00e1 seguir impulsando y dinamizando las compras en la zona comercial y el consumo en los establecimientos hosteleros, y a la vez ofrecer una programaci\u00f3n cultural para toda la familia\u201d, se\u00f1ala.<\/p>\n<p style=\"text-align: justify;\">Por \u00faltimo, desde el Ayuntamiento de Los Llanos de Aridane se invita a todas las personas que lo deseen a participar en esta nueva edici\u00f3n de Contigo Almediod\u00eda.<\/p>\n<p style=\"text-align: justify;\"><strong>Tabaiaba Band.<\/strong><\/p>\n<p style=\"text-align: justify;\">Esta agrupaci\u00f3n musical que surge en 2019 en la ciudad de Las Palmas de Gran Canaria est\u00e1 formada por m\u00fasicos provenientes de distintas partes del mundo, lo que describe la multiculturalidad como el ADN de esta banda. La m\u00fasica del grupo presenta una fusi\u00f3n de g\u00e9neros como el reggae, el ska, la cumbia y el funk, con un directo potente y atrevido que convierten a este grupo en una de las propuestas art\u00edsticas de world music m\u00e1s importantes de la escena cultural canaria, concretamente latin ska, reggae latino, cumbia sonidera y salsa caribe\u00f1a.<\/p>\n<p style=\"text-align: justify;\"><strong>Se\u00f1or Natillas<\/strong><\/p>\n<p style=\"text-align: justify;\">Una de las bandas de versiones m\u00e1s originales y exitosas de las islas. Su filosof\u00eda no es la de un grupo de covers al uso; la elecci\u00f3n de su repertorio y puesta en escena va dirigida a recrear una verdadera experiencia musical en directo. En su formaci\u00f3n se encuentran Alberto Ventura, Fijo Discontinuo; Zalakadula; Sergio Mir\u00f3 y Alby Ram\u00edrez, Birkins, Los Coquillos, The Good Company, Aburrido C\u00f3smico; y \u00c1lex Ortega, La Causa; Manolo Tena; Sixto Armas y Los Irresixtibles. Juntos han elaborado un set list sin complejos y con \u201cpegada\u201d rockera.<\/p>\n<p>[\/vc_column_text][\/vc_column][\/vc_row]<\/p>\n<\/section>","protected":false},"excerpt":{"rendered":"<p>[vc_row css_animation=\u00bb\u00bb row_type=\u00bbrow\u00bb use_row_as_full_screen_section=\u00bbno\u00bb type=\u00bbfull_width\u00bb angled_section=\u00bbno\u00bb text_align=\u00bbleft\u00bb background_image_as_pattern=\u00bbwithout_pattern\u00bb][vc_column][vc_row_inner row_type=\u00bbrow\u00bb type=\u00bbgrid\u00bb text_align=\u00bbleft\u00bb css_animation=\u00bb\u00bb][vc_column_inner][vc_empty_space height=\u00bb20px\u00bb][vc_empty_space height=\u00bb20px\u00bb][\/vc_column_inner][\/vc_row_inner][vc_column_text] La concejal de Cultura, Charo Gonz\u00e1lez confirma que ser\u00e1 este s\u00e1bado 25 de marzo a partir de las 13:00 horas en la Plaza de Espa\u00f1a. &nbsp; Los Llanos de Aridane, 20&#8230;<\/p>\n","protected":false},"author":1,"featured_media":2546,"comment_status":"closed","ping_status":"open","sticky":false,"template":"","format":"standard","meta":{"footnotes":""},"categories":[6],"tags":[],"class_list":["post-1495","post","type-post","status-publish","format-standard","has-post-thumbnail","hentry","category-prensa"],"yoast_head":"<!-- This site is optimized with the Yoast SEO plugin v22.7 - https:\/\/yoast.com\/wordpress\/plugins\/seo\/ -->\n<title>Tabaiba Band y Se\u00f1or Natillas protagonistas del XVII aniversario de Contigo Almediod\u00eda en Los Llanos de Aridane - Ayuntamiento de Los Llanos de Aridane<\/title>\n<meta name=\"description\" content=\"El Ayuntamiento de Los Llanos de Aridane presenta el cartel y el programa de La Patrona 2021 con el lema \u201cRemedios, m\u00e1s que un nombre.\u201d\" \/>\n<meta name=\"robots\" content=\"index, follow, max-snippet:-1, max-image-preview:large, max-video-preview:-1\" \/>\n<link rel=\"canonical\" href=\"https:\/\/www.aridane.org\/city\/2023\/03\/20\/tabaiba-band-y-senor-natillas-protagonistas-del-xvii-aniversario-de-contigo-almediodia-en-los-llanos-de-aridane\/\" \/>\n<meta property=\"og:locale\" content=\"es_ES\" \/>\n<meta property=\"og:type\" content=\"article\" \/>\n<meta property=\"og:title\" content=\"Tabaiba Band y Se\u00f1or Natillas protagonistas del XVII aniversario de Contigo Almediod\u00eda en Los Llanos de Aridane - Ayuntamiento de Los Llanos de Aridane\" \/>\n<meta property=\"og:description\" content=\"El Ayuntamiento de Los Llanos de Aridane presenta el cartel y el programa de La Patrona 2021 con el lema \u201cRemedios, m\u00e1s que un nombre.\u201d\" \/>\n<meta property=\"og:url\" content=\"https:\/\/www.aridane.org\/city\/2023\/03\/20\/tabaiba-band-y-senor-natillas-protagonistas-del-xvii-aniversario-de-contigo-almediodia-en-los-llanos-de-aridane\/\" \/>\n<meta property=\"og:site_name\" content=\"Ayuntamiento de Los Llanos de Aridane\" \/>\n<meta property=\"article:published_time\" content=\"2023-03-20T09:44:42+00:00\" \/>\n<meta property=\"article:modified_time\" content=\"2023-07-26T12:40:17+00:00\" \/>\n<meta property=\"og:image\" content=\"https:\/\/www.aridane.org\/city\/wp-content\/uploads\/2023\/03\/contigo_al_mediodia.jpg\" \/>\n\t<meta property=\"og:image:width\" content=\"1200\" \/>\n\t<meta property=\"og:image:height\" content=\"675\" \/>\n\t<meta property=\"og:image:type\" content=\"image\/jpeg\" \/>\n<meta name=\"author\" content=\"Richard Diaz\" \/>\n<meta name=\"twitter:card\" content=\"summary_large_image\" \/>\n<meta name=\"twitter:label1\" content=\"Escrito por\" \/>\n\t<meta name=\"twitter:data1\" content=\"Richard Diaz\" \/>\n\t<meta name=\"twitter:label2\" content=\"Tiempo de lectura\" \/>\n\t<meta name=\"twitter:data2\" content=\"2 minutos\" \/>\n<script type=\"application\/ld+json\" class=\"yoast-schema-graph\">{\"@context\":\"https:\/\/schema.org\",\"@graph\":[{\"@type\":\"WebPage\",\"@id\":\"https:\/\/www.aridane.org\/city\/2023\/03\/20\/tabaiba-band-y-senor-natillas-protagonistas-del-xvii-aniversario-de-contigo-almediodia-en-los-llanos-de-aridane\/\",\"url\":\"https:\/\/www.aridane.org\/city\/2023\/03\/20\/tabaiba-band-y-senor-natillas-protagonistas-del-xvii-aniversario-de-contigo-almediodia-en-los-llanos-de-aridane\/\",\"name\":\"Tabaiba Band y Se\u00f1or Natillas protagonistas del XVII aniversario de Contigo Almediod\u00eda en Los Llanos de Aridane - Ayuntamiento de Los Llanos de Aridane\",\"isPartOf\":{\"@id\":\"https:\/\/www.aridane.org\/city\/#website\"},\"primaryImageOfPage\":{\"@id\":\"https:\/\/www.aridane.org\/city\/2023\/03\/20\/tabaiba-band-y-senor-natillas-protagonistas-del-xvii-aniversario-de-contigo-almediodia-en-los-llanos-de-aridane\/#primaryimage\"},\"image\":{\"@id\":\"https:\/\/www.aridane.org\/city\/2023\/03\/20\/tabaiba-band-y-senor-natillas-protagonistas-del-xvii-aniversario-de-contigo-almediodia-en-los-llanos-de-aridane\/#primaryimage\"},\"thumbnailUrl\":\"https:\/\/www.aridane.org\/city\/wp-content\/uploads\/2023\/03\/contigo_al_mediodia.jpg\",\"datePublished\":\"2023-03-20T09:44:42+00:00\",\"dateModified\":\"2023-07-26T12:40:17+00:00\",\"author\":{\"@id\":\"https:\/\/www.aridane.org\/city\/#\/schema\/person\/7d352ec7f29881716f298394432e7209\"},\"description\":\"El Ayuntamiento de Los Llanos de Aridane presenta el cartel y el programa de La Patrona 2021 con el lema \u201cRemedios, m\u00e1s que un nombre.\u201d\",\"breadcrumb\":{\"@id\":\"https:\/\/www.aridane.org\/city\/2023\/03\/20\/tabaiba-band-y-senor-natillas-protagonistas-del-xvii-aniversario-de-contigo-almediodia-en-los-llanos-de-aridane\/#breadcrumb\"},\"inLanguage\":\"es\",\"potentialAction\":[{\"@type\":\"ReadAction\",\"target\":[\"https:\/\/www.aridane.org\/city\/2023\/03\/20\/tabaiba-band-y-senor-natillas-protagonistas-del-xvii-aniversario-de-contigo-almediodia-en-los-llanos-de-aridane\/\"]}]},{\"@type\":\"ImageObject\",\"inLanguage\":\"es\",\"@id\":\"https:\/\/www.aridane.org\/city\/2023\/03\/20\/tabaiba-band-y-senor-natillas-protagonistas-del-xvii-aniversario-de-contigo-almediodia-en-los-llanos-de-aridane\/#primaryimage\",\"url\":\"https:\/\/www.aridane.org\/city\/wp-content\/uploads\/2023\/03\/contigo_al_mediodia.jpg\",\"contentUrl\":\"https:\/\/www.aridane.org\/city\/wp-content\/uploads\/2023\/03\/contigo_al_mediodia.jpg\",\"width\":1200,\"height\":675},{\"@type\":\"BreadcrumbList\",\"@id\":\"https:\/\/www.aridane.org\/city\/2023\/03\/20\/tabaiba-band-y-senor-natillas-protagonistas-del-xvii-aniversario-de-contigo-almediodia-en-los-llanos-de-aridane\/#breadcrumb\",\"itemListElement\":[{\"@type\":\"ListItem\",\"position\":1,\"name\":\"Portada\",\"item\":\"https:\/\/www.aridane.org\/city\/\"},{\"@type\":\"ListItem\",\"position\":2,\"name\":\"Tabaiba Band y Se\u00f1or Natillas protagonistas del XVII aniversario de Contigo Almediod\u00eda en Los Llanos de Aridane\"}]},{\"@type\":\"WebSite\",\"@id\":\"https:\/\/www.aridane.org\/city\/#website\",\"url\":\"https:\/\/www.aridane.org\/city\/\",\"name\":\"Ayuntamiento de Los Llanos de Aridane\",\"description\":\"\",\"potentialAction\":[{\"@type\":\"SearchAction\",\"target\":{\"@type\":\"EntryPoint\",\"urlTemplate\":\"https:\/\/www.aridane.org\/city\/?s={search_term_string}\"},\"query-input\":\"required name=search_term_string\"}],\"inLanguage\":\"es\"},{\"@type\":\"Person\",\"@id\":\"https:\/\/www.aridane.org\/city\/#\/schema\/person\/7d352ec7f29881716f298394432e7209\",\"name\":\"Richard Diaz\",\"image\":{\"@type\":\"ImageObject\",\"inLanguage\":\"es\",\"@id\":\"https:\/\/www.aridane.org\/city\/#\/schema\/person\/image\/\",\"url\":\"https:\/\/secure.gravatar.com\/avatar\/bacd6aefc26a4a204943090a4c596cd10f0857081ef3cfd12084a70ecb3161d5?s=96&d=mm&r=g\",\"contentUrl\":\"https:\/\/secure.gravatar.com\/avatar\/bacd6aefc26a4a204943090a4c596cd10f0857081ef3cfd12084a70ecb3161d5?s=96&d=mm&r=g\",\"caption\":\"Richard Diaz\"},\"sameAs\":[\"https:\/\/www.aridane.org\/city\"],\"url\":\"https:\/\/www.aridane.org\/city\/author\/richard-diaz\/\"}]}<\/script>\n<!-- \/ Yoast SEO plugin. -->","yoast_head_json":{"title":"Tabaiba Band y Se\u00f1or Natillas protagonistas del XVII aniversario de Contigo Almediod\u00eda en Los Llanos de Aridane - Ayuntamiento de Los Llanos de Aridane","description":"El Ayuntamiento de Los Llanos de Aridane presenta el cartel y el programa de La Patrona 2021 con el lema \u201cRemedios, m\u00e1s que un nombre.\u201d","robots":{"index":"index","follow":"follow","max-snippet":"max-snippet:-1","max-image-preview":"max-image-preview:large","max-video-preview":"max-video-preview:-1"},"canonical":"https:\/\/www.aridane.org\/city\/2023\/03\/20\/tabaiba-band-y-senor-natillas-protagonistas-del-xvii-aniversario-de-contigo-almediodia-en-los-llanos-de-aridane\/","og_locale":"es_ES","og_type":"article","og_title":"Tabaiba Band y Se\u00f1or Natillas protagonistas del XVII aniversario de Contigo Almediod\u00eda en Los Llanos de Aridane - Ayuntamiento de Los Llanos de Aridane","og_description":"El Ayuntamiento de Los Llanos de Aridane presenta el cartel y el programa de La Patrona 2021 con el lema \u201cRemedios, m\u00e1s que un nombre.\u201d","og_url":"https:\/\/www.aridane.org\/city\/2023\/03\/20\/tabaiba-band-y-senor-natillas-protagonistas-del-xvii-aniversario-de-contigo-almediodia-en-los-llanos-de-aridane\/","og_site_name":"Ayuntamiento de Los Llanos de Aridane","article_published_time":"2023-03-20T09:44:42+00:00","article_modified_time":"2023-07-26T12:40:17+00:00","og_image":[{"width":1200,"height":675,"url":"https:\/\/www.aridane.org\/city\/wp-content\/uploads\/2023\/03\/contigo_al_mediodia.jpg","type":"image\/jpeg"}],"author":"Richard Diaz","twitter_card":"summary_large_image","twitter_misc":{"Escrito por":"Richard Diaz","Tiempo de lectura":"2 minutos"},"schema":{"@context":"https:\/\/schema.org","@graph":[{"@type":"WebPage","@id":"https:\/\/www.aridane.org\/city\/2023\/03\/20\/tabaiba-band-y-senor-natillas-protagonistas-del-xvii-aniversario-de-contigo-almediodia-en-los-llanos-de-aridane\/","url":"https:\/\/www.aridane.org\/city\/2023\/03\/20\/tabaiba-band-y-senor-natillas-protagonistas-del-xvii-aniversario-de-contigo-almediodia-en-los-llanos-de-aridane\/","name":"Tabaiba Band y Se\u00f1or Natillas protagonistas del XVII aniversario de Contigo Almediod\u00eda en Los Llanos de Aridane - Ayuntamiento de Los Llanos de Aridane","isPartOf":{"@id":"https:\/\/www.aridane.org\/city\/#website"},"primaryImageOfPage":{"@id":"https:\/\/www.aridane.org\/city\/2023\/03\/20\/tabaiba-band-y-senor-natillas-protagonistas-del-xvii-aniversario-de-contigo-almediodia-en-los-llanos-de-aridane\/#primaryimage"},"image":{"@id":"https:\/\/www.aridane.org\/city\/2023\/03\/20\/tabaiba-band-y-senor-natillas-protagonistas-del-xvii-aniversario-de-contigo-almediodia-en-los-llanos-de-aridane\/#primaryimage"},"thumbnailUrl":"https:\/\/www.aridane.org\/city\/wp-content\/uploads\/2023\/03\/contigo_al_mediodia.jpg","datePublished":"2023-03-20T09:44:42+00:00","dateModified":"2023-07-26T12:40:17+00:00","author":{"@id":"https:\/\/www.aridane.org\/city\/#\/schema\/person\/7d352ec7f29881716f298394432e7209"},"description":"El Ayuntamiento de Los Llanos de Aridane presenta el cartel y el programa de La Patrona 2021 con el lema \u201cRemedios, m\u00e1s que un nombre.\u201d","breadcrumb":{"@id":"https:\/\/www.aridane.org\/city\/2023\/03\/20\/tabaiba-band-y-senor-natillas-protagonistas-del-xvii-aniversario-de-contigo-almediodia-en-los-llanos-de-aridane\/#breadcrumb"},"inLanguage":"es","potentialAction":[{"@type":"ReadAction","target":["https:\/\/www.aridane.org\/city\/2023\/03\/20\/tabaiba-band-y-senor-natillas-protagonistas-del-xvii-aniversario-de-contigo-almediodia-en-los-llanos-de-aridane\/"]}]},{"@type":"ImageObject","inLanguage":"es","@id":"https:\/\/www.aridane.org\/city\/2023\/03\/20\/tabaiba-band-y-senor-natillas-protagonistas-del-xvii-aniversario-de-contigo-almediodia-en-los-llanos-de-aridane\/#primaryimage","url":"https:\/\/www.aridane.org\/city\/wp-content\/uploads\/2023\/03\/contigo_al_mediodia.jpg","contentUrl":"https:\/\/www.aridane.org\/city\/wp-content\/uploads\/2023\/03\/contigo_al_mediodia.jpg","width":1200,"height":675},{"@type":"BreadcrumbList","@id":"https:\/\/www.aridane.org\/city\/2023\/03\/20\/tabaiba-band-y-senor-natillas-protagonistas-del-xvii-aniversario-de-contigo-almediodia-en-los-llanos-de-aridane\/#breadcrumb","itemListElement":[{"@type":"ListItem","position":1,"name":"Portada","item":"https:\/\/www.aridane.org\/city\/"},{"@type":"ListItem","position":2,"name":"Tabaiba Band y Se\u00f1or Natillas protagonistas del XVII aniversario de Contigo Almediod\u00eda en Los Llanos de Aridane"}]},{"@type":"WebSite","@id":"https:\/\/www.aridane.org\/city\/#website","url":"https:\/\/www.aridane.org\/city\/","name":"Ayuntamiento de Los Llanos de Aridane","description":"","potentialAction":[{"@type":"SearchAction","target":{"@type":"EntryPoint","urlTemplate":"https:\/\/www.aridane.org\/city\/?s={search_term_string}"},"query-input":"required name=search_term_string"}],"inLanguage":"es"},{"@type":"Person","@id":"https:\/\/www.aridane.org\/city\/#\/schema\/person\/7d352ec7f29881716f298394432e7209","name":"Richard Diaz","image":{"@type":"ImageObject","inLanguage":"es","@id":"https:\/\/www.aridane.org\/city\/#\/schema\/person\/image\/","url":"https:\/\/secure.gravatar.com\/avatar\/bacd6aefc26a4a204943090a4c596cd10f0857081ef3cfd12084a70ecb3161d5?s=96&d=mm&r=g","contentUrl":"https:\/\/secure.gravatar.com\/avatar\/bacd6aefc26a4a204943090a4c596cd10f0857081ef3cfd12084a70ecb3161d5?s=96&d=mm&r=g","caption":"Richard Diaz"},"sameAs":["https:\/\/www.aridane.org\/city"],"url":"https:\/\/www.aridane.org\/city\/author\/richard-diaz\/"}]}},"_links":{"self":[{"href":"https:\/\/www.aridane.org\/city\/wp-json\/wp\/v2\/posts\/1495","targetHints":{"allow":["GET"]}}],"collection":[{"href":"https:\/\/www.aridane.org\/city\/wp-json\/wp\/v2\/posts"}],"about":[{"href":"https:\/\/www.aridane.org\/city\/wp-json\/wp\/v2\/types\/post"}],"author":[{"embeddable":true,"href":"https:\/\/www.aridane.org\/city\/wp-json\/wp\/v2\/users\/1"}],"replies":[{"embeddable":true,"href":"https:\/\/www.aridane.org\/city\/wp-json\/wp\/v2\/comments?post=1495"}],"version-history":[{"count":2,"href":"https:\/\/www.aridane.org\/city\/wp-json\/wp\/v2\/posts\/1495\/revisions"}],"predecessor-version":[{"id":2548,"href":"https:\/\/www.aridane.org\/city\/wp-json\/wp\/v2\/posts\/1495\/revisions\/2548"}],"wp:featuredmedia":[{"embeddable":true,"href":"https:\/\/www.aridane.org\/city\/wp-json\/wp\/v2\/media\/2546"}],"wp:attachment":[{"href":"https:\/\/www.aridane.org\/city\/wp-json\/wp\/v2\/media?parent=1495"}],"wp:term":[{"taxonomy":"category","embeddable":true,"href":"https:\/\/www.aridane.org\/city\/wp-json\/wp\/v2\/categories?post=1495"},{"taxonomy":"post_tag","embeddable":true,"href":"https:\/\/www.aridane.org\/city\/wp-json\/wp\/v2\/tags?post=1495"}],"curies":[{"name":"wp","href":"https:\/\/api.w.org\/{rel}","templated":true}]}}