{"id":1499,"date":"2023-03-20T14:27:17","date_gmt":"2023-03-20T14:27:17","guid":{"rendered":"https:\/\/aridane.org\/ciudad\/?p=1499"},"modified":"2023-07-26T12:37:09","modified_gmt":"2023-07-26T12:37:09","slug":"mas-de-80-profesionales-participan-en-la-celebracion-de-la-72-edicion-del-congreso-nacional-de-floristas-que-acoge-los-llanos-de-aridane","status":"publish","type":"post","link":"https:\/\/www.aridane.org\/city\/2023\/03\/20\/mas-de-80-profesionales-participan-en-la-celebracion-de-la-72-edicion-del-congreso-nacional-de-floristas-que-acoge-los-llanos-de-aridane\/","title":{"rendered":"M\u00e1s de 80 profesionales participan en la celebraci\u00f3n de la 72 edici\u00f3n del Congreso Nacional de Floristas que acoge Los Llanos de Aridane"},"content":{"rendered":"<section class=\"wpb-content-wrapper\"><p>[vc_row css_animation=\u00bb\u00bb row_type=\u00bbrow\u00bb use_row_as_full_screen_section=\u00bbno\u00bb type=\u00bbfull_width\u00bb angled_section=\u00bbno\u00bb text_align=\u00bbleft\u00bb background_image_as_pattern=\u00bbwithout_pattern\u00bb][vc_column][vc_row_inner row_type=\u00bbrow\u00bb type=\u00bbgrid\u00bb text_align=\u00bbleft\u00bb css_animation=\u00bb\u00bb][vc_column_inner][vc_empty_space height=\u00bb20px\u00bb][vc_empty_space height=\u00bb20px\u00bb][\/vc_column_inner][\/vc_row_inner][vc_column_text]<\/p>\n<ul>\n<li style=\"text-align: justify;\"><em>La concejal del \u00e1rea, Inmaculada Fern\u00e1ndez, explica que el viernes 24 a partir de las 18:00 en la Plaza de Espa\u00f1a se realizar\u00e1 un desfile con las piezas creadas por los congresistas. Mientras, de 17:30 a 18:30 se desarrollar\u00e1 un taller para ni\u00f1os en los bajos de la Casa de la Cultura.<\/em><\/li>\n<li style=\"text-align: justify;\"><em>Por su parte, Garc\u00eda Leal defiende que este evento responde al compromiso de seguir dinamizando el municipio, impulsando la recuperaci\u00f3n y posicionando a Los Llanos de Aridane como un municipio referente en la Isla.<\/em><\/li>\n<\/ul>\n<p>&nbsp;<\/p>\n<p style=\"text-align: justify;\"><strong>Los Llanos de Aridane, 20 de marzo 2023.-<\/strong> El Ayuntamiento de Los Llanos de Aridane a trav\u00e9s de la concejal de Promoci\u00f3n Econ\u00f3mica, Inmaculada Fern\u00e1ndez, junto con la Asociaci\u00f3n Espa\u00f1ola de Floristas, AEFI, han confirmado que \u201cm\u00e1s de 80 personas participar\u00e1n en la 72 edici\u00f3n del Congreso Nacional de Floristas, AEFI, que acoger\u00e1 el municipio este jueves 23 y viernes 24 de marzo\u201d, se\u00f1ala.<\/p>\n<p style=\"text-align: justify;\">La alcaldesa, Noelia Garc\u00eda Leal, se\u00f1ala que \u201ceste evento viene a reforzar el compromiso que tiene este equipo de gobierno municipal de seguir dinamizando el municipio para continuar fomentando e impulsando la recuperaci\u00f3n, y seguir haciendo de Los Llanos de Aridane un municipio referente en la Isla, y m\u00e1s en un momento clave como el que estamos viviendo\u201d.<\/p>\n<p style=\"text-align: justify;\">Por su parte Fern\u00e1ndez, explica que durante el jueves 23 los congresistas estar\u00e1n elaborando piezas que se podr\u00e1n disfrutar en el desfile que tendr\u00e1 lugar el viernes 24 a partir de las 18:00 horas en la Plaza de Espa\u00f1a.<\/p>\n<p style=\"text-align: justify;\">Adem\u00e1s, entre las 17:30 y 18:30 horas tendr\u00e1 lugar un taller para ni\u00f1os en los bajos de la Casa de la Cultura, \u201cy para poder participar ser\u00e1 por estricto orden de llegada\u201d.<\/p>\n<p style=\"text-align: justify;\">Tambi\u00e9n, la concejal pone en valor la celebraci\u00f3n de este congreso en el municipio, \u201cen el que floristas, mayoristas, cultivadores y otros actores vinculados a la industria de la flor de toda Espa\u00f1a van a conocer y poder disfrutar de nuestro folclore y cultura a trav\u00e9s de la actuaci\u00f3n del Grupo La Vereda\u201d.<\/p>\n<p style=\"text-align: justify;\">Por \u00faltimo, desde el Ayuntamiento aridanense se invita a los vecinos del municipio y de toda la Isla a disfrutar de las impresionantes creaciones de estos profesionales.<\/p>\n<p>[\/vc_column_text][\/vc_column][\/vc_row]<\/p>\n<\/section>","protected":false},"excerpt":{"rendered":"<p>[vc_row css_animation=\u00bb\u00bb row_type=\u00bbrow\u00bb use_row_as_full_screen_section=\u00bbno\u00bb type=\u00bbfull_width\u00bb angled_section=\u00bbno\u00bb text_align=\u00bbleft\u00bb background_image_as_pattern=\u00bbwithout_pattern\u00bb][vc_column][vc_row_inner row_type=\u00bbrow\u00bb type=\u00bbgrid\u00bb text_align=\u00bbleft\u00bb css_animation=\u00bb\u00bb][vc_column_inner][vc_empty_space height=\u00bb20px\u00bb][vc_empty_space height=\u00bb20px\u00bb][\/vc_column_inner][\/vc_row_inner][vc_column_text] La concejal del \u00e1rea, Inmaculada Fern\u00e1ndez, explica que el viernes 24 a partir de las 18:00 en la Plaza de Espa\u00f1a se realizar\u00e1 un desfile con las piezas creadas por los&#8230;<\/p>\n","protected":false},"author":1,"featured_media":2544,"comment_status":"closed","ping_status":"open","sticky":false,"template":"","format":"standard","meta":{"footnotes":""},"categories":[6],"tags":[],"class_list":["post-1499","post","type-post","status-publish","format-standard","has-post-thumbnail","hentry","category-prensa"],"yoast_head":"<!-- This site is optimized with the Yoast SEO plugin v22.7 - https:\/\/yoast.com\/wordpress\/plugins\/seo\/ -->\n<title>M\u00e1s de 80 profesionales participan en la celebraci\u00f3n de la 72 edici\u00f3n del Congreso Nacional de Floristas que acoge Los Llanos de Aridane - Ayuntamiento de Los Llanos de Aridane<\/title>\n<meta name=\"description\" content=\"El Ayuntamiento de Los Llanos de Aridane presenta el cartel y el programa de La Patrona 2021 con el lema \u201cRemedios, m\u00e1s que un nombre.\u201d\" \/>\n<meta name=\"robots\" content=\"index, follow, max-snippet:-1, max-image-preview:large, max-video-preview:-1\" \/>\n<link rel=\"canonical\" href=\"https:\/\/www.aridane.org\/city\/2023\/03\/20\/mas-de-80-profesionales-participan-en-la-celebracion-de-la-72-edicion-del-congreso-nacional-de-floristas-que-acoge-los-llanos-de-aridane\/\" \/>\n<meta property=\"og:locale\" content=\"es_ES\" \/>\n<meta property=\"og:type\" content=\"article\" \/>\n<meta property=\"og:title\" content=\"M\u00e1s de 80 profesionales participan en la celebraci\u00f3n de la 72 edici\u00f3n del Congreso Nacional de Floristas que acoge Los Llanos de Aridane - Ayuntamiento de Los Llanos de Aridane\" \/>\n<meta property=\"og:description\" content=\"El Ayuntamiento de Los Llanos de Aridane presenta el cartel y el programa de La Patrona 2021 con el lema \u201cRemedios, m\u00e1s que un nombre.\u201d\" \/>\n<meta property=\"og:url\" content=\"https:\/\/www.aridane.org\/city\/2023\/03\/20\/mas-de-80-profesionales-participan-en-la-celebracion-de-la-72-edicion-del-congreso-nacional-de-floristas-que-acoge-los-llanos-de-aridane\/\" \/>\n<meta property=\"og:site_name\" content=\"Ayuntamiento de Los Llanos de Aridane\" \/>\n<meta property=\"article:published_time\" content=\"2023-03-20T14:27:17+00:00\" \/>\n<meta property=\"article:modified_time\" content=\"2023-07-26T12:37:09+00:00\" \/>\n<meta property=\"og:image\" content=\"https:\/\/www.aridane.org\/city\/wp-content\/uploads\/2023\/03\/Congreso_Nacional_de_Floristas.jpg\" \/>\n\t<meta property=\"og:image:width\" content=\"1200\" \/>\n\t<meta property=\"og:image:height\" content=\"675\" \/>\n\t<meta property=\"og:image:type\" content=\"image\/jpeg\" \/>\n<meta name=\"author\" content=\"Richard Diaz\" \/>\n<meta name=\"twitter:card\" content=\"summary_large_image\" \/>\n<meta name=\"twitter:label1\" content=\"Escrito por\" \/>\n\t<meta name=\"twitter:data1\" content=\"Richard Diaz\" \/>\n\t<meta name=\"twitter:label2\" content=\"Tiempo de lectura\" \/>\n\t<meta name=\"twitter:data2\" content=\"2 minutos\" \/>\n<script type=\"application\/ld+json\" class=\"yoast-schema-graph\">{\"@context\":\"https:\/\/schema.org\",\"@graph\":[{\"@type\":\"WebPage\",\"@id\":\"https:\/\/www.aridane.org\/city\/2023\/03\/20\/mas-de-80-profesionales-participan-en-la-celebracion-de-la-72-edicion-del-congreso-nacional-de-floristas-que-acoge-los-llanos-de-aridane\/\",\"url\":\"https:\/\/www.aridane.org\/city\/2023\/03\/20\/mas-de-80-profesionales-participan-en-la-celebracion-de-la-72-edicion-del-congreso-nacional-de-floristas-que-acoge-los-llanos-de-aridane\/\",\"name\":\"M\u00e1s de 80 profesionales participan en la celebraci\u00f3n de la 72 edici\u00f3n del Congreso Nacional de Floristas que acoge Los Llanos de Aridane - Ayuntamiento de Los Llanos de Aridane\",\"isPartOf\":{\"@id\":\"https:\/\/www.aridane.org\/city\/#website\"},\"primaryImageOfPage\":{\"@id\":\"https:\/\/www.aridane.org\/city\/2023\/03\/20\/mas-de-80-profesionales-participan-en-la-celebracion-de-la-72-edicion-del-congreso-nacional-de-floristas-que-acoge-los-llanos-de-aridane\/#primaryimage\"},\"image\":{\"@id\":\"https:\/\/www.aridane.org\/city\/2023\/03\/20\/mas-de-80-profesionales-participan-en-la-celebracion-de-la-72-edicion-del-congreso-nacional-de-floristas-que-acoge-los-llanos-de-aridane\/#primaryimage\"},\"thumbnailUrl\":\"https:\/\/www.aridane.org\/city\/wp-content\/uploads\/2023\/03\/Congreso_Nacional_de_Floristas.jpg\",\"datePublished\":\"2023-03-20T14:27:17+00:00\",\"dateModified\":\"2023-07-26T12:37:09+00:00\",\"author\":{\"@id\":\"https:\/\/www.aridane.org\/city\/#\/schema\/person\/7d352ec7f29881716f298394432e7209\"},\"description\":\"El Ayuntamiento de Los Llanos de Aridane presenta el cartel y el programa de La Patrona 2021 con el lema \u201cRemedios, m\u00e1s que un nombre.\u201d\",\"breadcrumb\":{\"@id\":\"https:\/\/www.aridane.org\/city\/2023\/03\/20\/mas-de-80-profesionales-participan-en-la-celebracion-de-la-72-edicion-del-congreso-nacional-de-floristas-que-acoge-los-llanos-de-aridane\/#breadcrumb\"},\"inLanguage\":\"es\",\"potentialAction\":[{\"@type\":\"ReadAction\",\"target\":[\"https:\/\/www.aridane.org\/city\/2023\/03\/20\/mas-de-80-profesionales-participan-en-la-celebracion-de-la-72-edicion-del-congreso-nacional-de-floristas-que-acoge-los-llanos-de-aridane\/\"]}]},{\"@type\":\"ImageObject\",\"inLanguage\":\"es\",\"@id\":\"https:\/\/www.aridane.org\/city\/2023\/03\/20\/mas-de-80-profesionales-participan-en-la-celebracion-de-la-72-edicion-del-congreso-nacional-de-floristas-que-acoge-los-llanos-de-aridane\/#primaryimage\",\"url\":\"https:\/\/www.aridane.org\/city\/wp-content\/uploads\/2023\/03\/Congreso_Nacional_de_Floristas.jpg\",\"contentUrl\":\"https:\/\/www.aridane.org\/city\/wp-content\/uploads\/2023\/03\/Congreso_Nacional_de_Floristas.jpg\",\"width\":1200,\"height\":675},{\"@type\":\"BreadcrumbList\",\"@id\":\"https:\/\/www.aridane.org\/city\/2023\/03\/20\/mas-de-80-profesionales-participan-en-la-celebracion-de-la-72-edicion-del-congreso-nacional-de-floristas-que-acoge-los-llanos-de-aridane\/#breadcrumb\",\"itemListElement\":[{\"@type\":\"ListItem\",\"position\":1,\"name\":\"Portada\",\"item\":\"https:\/\/www.aridane.org\/city\/\"},{\"@type\":\"ListItem\",\"position\":2,\"name\":\"M\u00e1s de 80 profesionales participan en la celebraci\u00f3n de la 72 edici\u00f3n del Congreso Nacional de Floristas que acoge Los Llanos de Aridane\"}]},{\"@type\":\"WebSite\",\"@id\":\"https:\/\/www.aridane.org\/city\/#website\",\"url\":\"https:\/\/www.aridane.org\/city\/\",\"name\":\"Ayuntamiento de Los Llanos de Aridane\",\"description\":\"\",\"potentialAction\":[{\"@type\":\"SearchAction\",\"target\":{\"@type\":\"EntryPoint\",\"urlTemplate\":\"https:\/\/www.aridane.org\/city\/?s={search_term_string}\"},\"query-input\":\"required name=search_term_string\"}],\"inLanguage\":\"es\"},{\"@type\":\"Person\",\"@id\":\"https:\/\/www.aridane.org\/city\/#\/schema\/person\/7d352ec7f29881716f298394432e7209\",\"name\":\"Richard Diaz\",\"image\":{\"@type\":\"ImageObject\",\"inLanguage\":\"es\",\"@id\":\"https:\/\/www.aridane.org\/city\/#\/schema\/person\/image\/\",\"url\":\"https:\/\/secure.gravatar.com\/avatar\/bacd6aefc26a4a204943090a4c596cd10f0857081ef3cfd12084a70ecb3161d5?s=96&d=mm&r=g\",\"contentUrl\":\"https:\/\/secure.gravatar.com\/avatar\/bacd6aefc26a4a204943090a4c596cd10f0857081ef3cfd12084a70ecb3161d5?s=96&d=mm&r=g\",\"caption\":\"Richard Diaz\"},\"sameAs\":[\"https:\/\/www.aridane.org\/city\"],\"url\":\"https:\/\/www.aridane.org\/city\/author\/richard-diaz\/\"}]}<\/script>\n<!-- \/ Yoast SEO plugin. -->","yoast_head_json":{"title":"M\u00e1s de 80 profesionales participan en la celebraci\u00f3n de la 72 edici\u00f3n del Congreso Nacional de Floristas que acoge Los Llanos de Aridane - Ayuntamiento de Los Llanos de Aridane","description":"El Ayuntamiento de Los Llanos de Aridane presenta el cartel y el programa de La Patrona 2021 con el lema \u201cRemedios, m\u00e1s que un nombre.\u201d","robots":{"index":"index","follow":"follow","max-snippet":"max-snippet:-1","max-image-preview":"max-image-preview:large","max-video-preview":"max-video-preview:-1"},"canonical":"https:\/\/www.aridane.org\/city\/2023\/03\/20\/mas-de-80-profesionales-participan-en-la-celebracion-de-la-72-edicion-del-congreso-nacional-de-floristas-que-acoge-los-llanos-de-aridane\/","og_locale":"es_ES","og_type":"article","og_title":"M\u00e1s de 80 profesionales participan en la celebraci\u00f3n de la 72 edici\u00f3n del Congreso Nacional de Floristas que acoge Los Llanos de Aridane - Ayuntamiento de Los Llanos de Aridane","og_description":"El Ayuntamiento de Los Llanos de Aridane presenta el cartel y el programa de La Patrona 2021 con el lema \u201cRemedios, m\u00e1s que un nombre.\u201d","og_url":"https:\/\/www.aridane.org\/city\/2023\/03\/20\/mas-de-80-profesionales-participan-en-la-celebracion-de-la-72-edicion-del-congreso-nacional-de-floristas-que-acoge-los-llanos-de-aridane\/","og_site_name":"Ayuntamiento de Los Llanos de Aridane","article_published_time":"2023-03-20T14:27:17+00:00","article_modified_time":"2023-07-26T12:37:09+00:00","og_image":[{"width":1200,"height":675,"url":"https:\/\/www.aridane.org\/city\/wp-content\/uploads\/2023\/03\/Congreso_Nacional_de_Floristas.jpg","type":"image\/jpeg"}],"author":"Richard Diaz","twitter_card":"summary_large_image","twitter_misc":{"Escrito por":"Richard Diaz","Tiempo de lectura":"2 minutos"},"schema":{"@context":"https:\/\/schema.org","@graph":[{"@type":"WebPage","@id":"https:\/\/www.aridane.org\/city\/2023\/03\/20\/mas-de-80-profesionales-participan-en-la-celebracion-de-la-72-edicion-del-congreso-nacional-de-floristas-que-acoge-los-llanos-de-aridane\/","url":"https:\/\/www.aridane.org\/city\/2023\/03\/20\/mas-de-80-profesionales-participan-en-la-celebracion-de-la-72-edicion-del-congreso-nacional-de-floristas-que-acoge-los-llanos-de-aridane\/","name":"M\u00e1s de 80 profesionales participan en la celebraci\u00f3n de la 72 edici\u00f3n del Congreso Nacional de Floristas que acoge Los Llanos de Aridane - Ayuntamiento de Los Llanos de Aridane","isPartOf":{"@id":"https:\/\/www.aridane.org\/city\/#website"},"primaryImageOfPage":{"@id":"https:\/\/www.aridane.org\/city\/2023\/03\/20\/mas-de-80-profesionales-participan-en-la-celebracion-de-la-72-edicion-del-congreso-nacional-de-floristas-que-acoge-los-llanos-de-aridane\/#primaryimage"},"image":{"@id":"https:\/\/www.aridane.org\/city\/2023\/03\/20\/mas-de-80-profesionales-participan-en-la-celebracion-de-la-72-edicion-del-congreso-nacional-de-floristas-que-acoge-los-llanos-de-aridane\/#primaryimage"},"thumbnailUrl":"https:\/\/www.aridane.org\/city\/wp-content\/uploads\/2023\/03\/Congreso_Nacional_de_Floristas.jpg","datePublished":"2023-03-20T14:27:17+00:00","dateModified":"2023-07-26T12:37:09+00:00","author":{"@id":"https:\/\/www.aridane.org\/city\/#\/schema\/person\/7d352ec7f29881716f298394432e7209"},"description":"El Ayuntamiento de Los Llanos de Aridane presenta el cartel y el programa de La Patrona 2021 con el lema \u201cRemedios, m\u00e1s que un nombre.\u201d","breadcrumb":{"@id":"https:\/\/www.aridane.org\/city\/2023\/03\/20\/mas-de-80-profesionales-participan-en-la-celebracion-de-la-72-edicion-del-congreso-nacional-de-floristas-que-acoge-los-llanos-de-aridane\/#breadcrumb"},"inLanguage":"es","potentialAction":[{"@type":"ReadAction","target":["https:\/\/www.aridane.org\/city\/2023\/03\/20\/mas-de-80-profesionales-participan-en-la-celebracion-de-la-72-edicion-del-congreso-nacional-de-floristas-que-acoge-los-llanos-de-aridane\/"]}]},{"@type":"ImageObject","inLanguage":"es","@id":"https:\/\/www.aridane.org\/city\/2023\/03\/20\/mas-de-80-profesionales-participan-en-la-celebracion-de-la-72-edicion-del-congreso-nacional-de-floristas-que-acoge-los-llanos-de-aridane\/#primaryimage","url":"https:\/\/www.aridane.org\/city\/wp-content\/uploads\/2023\/03\/Congreso_Nacional_de_Floristas.jpg","contentUrl":"https:\/\/www.aridane.org\/city\/wp-content\/uploads\/2023\/03\/Congreso_Nacional_de_Floristas.jpg","width":1200,"height":675},{"@type":"BreadcrumbList","@id":"https:\/\/www.aridane.org\/city\/2023\/03\/20\/mas-de-80-profesionales-participan-en-la-celebracion-de-la-72-edicion-del-congreso-nacional-de-floristas-que-acoge-los-llanos-de-aridane\/#breadcrumb","itemListElement":[{"@type":"ListItem","position":1,"name":"Portada","item":"https:\/\/www.aridane.org\/city\/"},{"@type":"ListItem","position":2,"name":"M\u00e1s de 80 profesionales participan en la celebraci\u00f3n de la 72 edici\u00f3n del Congreso Nacional de Floristas que acoge Los Llanos de Aridane"}]},{"@type":"WebSite","@id":"https:\/\/www.aridane.org\/city\/#website","url":"https:\/\/www.aridane.org\/city\/","name":"Ayuntamiento de Los Llanos de Aridane","description":"","potentialAction":[{"@type":"SearchAction","target":{"@type":"EntryPoint","urlTemplate":"https:\/\/www.aridane.org\/city\/?s={search_term_string}"},"query-input":"required name=search_term_string"}],"inLanguage":"es"},{"@type":"Person","@id":"https:\/\/www.aridane.org\/city\/#\/schema\/person\/7d352ec7f29881716f298394432e7209","name":"Richard Diaz","image":{"@type":"ImageObject","inLanguage":"es","@id":"https:\/\/www.aridane.org\/city\/#\/schema\/person\/image\/","url":"https:\/\/secure.gravatar.com\/avatar\/bacd6aefc26a4a204943090a4c596cd10f0857081ef3cfd12084a70ecb3161d5?s=96&d=mm&r=g","contentUrl":"https:\/\/secure.gravatar.com\/avatar\/bacd6aefc26a4a204943090a4c596cd10f0857081ef3cfd12084a70ecb3161d5?s=96&d=mm&r=g","caption":"Richard Diaz"},"sameAs":["https:\/\/www.aridane.org\/city"],"url":"https:\/\/www.aridane.org\/city\/author\/richard-diaz\/"}]}},"_links":{"self":[{"href":"https:\/\/www.aridane.org\/city\/wp-json\/wp\/v2\/posts\/1499","targetHints":{"allow":["GET"]}}],"collection":[{"href":"https:\/\/www.aridane.org\/city\/wp-json\/wp\/v2\/posts"}],"about":[{"href":"https:\/\/www.aridane.org\/city\/wp-json\/wp\/v2\/types\/post"}],"author":[{"embeddable":true,"href":"https:\/\/www.aridane.org\/city\/wp-json\/wp\/v2\/users\/1"}],"replies":[{"embeddable":true,"href":"https:\/\/www.aridane.org\/city\/wp-json\/wp\/v2\/comments?post=1499"}],"version-history":[{"count":1,"href":"https:\/\/www.aridane.org\/city\/wp-json\/wp\/v2\/posts\/1499\/revisions"}],"predecessor-version":[{"id":2545,"href":"https:\/\/www.aridane.org\/city\/wp-json\/wp\/v2\/posts\/1499\/revisions\/2545"}],"wp:featuredmedia":[{"embeddable":true,"href":"https:\/\/www.aridane.org\/city\/wp-json\/wp\/v2\/media\/2544"}],"wp:attachment":[{"href":"https:\/\/www.aridane.org\/city\/wp-json\/wp\/v2\/media?parent=1499"}],"wp:term":[{"taxonomy":"category","embeddable":true,"href":"https:\/\/www.aridane.org\/city\/wp-json\/wp\/v2\/categories?post=1499"},{"taxonomy":"post_tag","embeddable":true,"href":"https:\/\/www.aridane.org\/city\/wp-json\/wp\/v2\/tags?post=1499"}],"curies":[{"name":"wp","href":"https:\/\/api.w.org\/{rel}","templated":true}]}}