{"id":1502,"date":"2023-03-21T10:29:48","date_gmt":"2023-03-21T10:29:48","guid":{"rendered":"https:\/\/aridane.org\/ciudad\/?p=1502"},"modified":"2023-07-26T12:34:36","modified_gmt":"2023-07-26T12:34:36","slug":"el-espacio-cultural-el-secadero-de-los-llanos-de-aridane-contara-con-un-concierto-y-dos-obras-de-teatro-este-fin-de-semana","status":"publish","type":"post","link":"https:\/\/www.aridane.org\/city\/2023\/03\/21\/el-espacio-cultural-el-secadero-de-los-llanos-de-aridane-contara-con-un-concierto-y-dos-obras-de-teatro-este-fin-de-semana\/","title":{"rendered":"El Espacio Cultural El Secadero de Los Llanos de Aridane contar\u00e1 con un concierto y dos obras de teatro este fin de semana"},"content":{"rendered":"<section class=\"wpb-content-wrapper\"><p>[vc_row css_animation=\u00bb\u00bb row_type=\u00bbrow\u00bb use_row_as_full_screen_section=\u00bbno\u00bb type=\u00bbfull_width\u00bb angled_section=\u00bbno\u00bb text_align=\u00bbleft\u00bb background_image_as_pattern=\u00bbwithout_pattern\u00bb][vc_column][vc_row_inner row_type=\u00bbrow\u00bb type=\u00bbgrid\u00bb text_align=\u00bbleft\u00bb css_animation=\u00bb\u00bb][vc_column_inner][vc_empty_space height=\u00bb20px\u00bb][vc_empty_space height=\u00bb20px\u00bb][\/vc_column_inner][\/vc_row_inner][vc_column_text]<\/p>\n<ul>\n<li style=\"text-align: justify;\">El concejal de Cultura, Charo Gonz\u00e1lez, confirma que las entradas para estas actividades se pueden reservar ya en <a href=\"http:\/\/www.tuticketlapalma.com\">www.tuticketlapalma.com<\/a>.<\/li>\n<\/ul>\n<p>&nbsp;<\/p>\n<p style=\"text-align: justify;\"><strong>Los Llanos de Aridane, 21 de marzo de 2023.-<\/strong> El Ayuntamiento de Los Llanos de Aridane a trav\u00e9s de la concejal de Cultura, Charo Gonz\u00e1lez, ha confirmado que \u201ceste fin de semana contin\u00faa la actividad en el Espacio Cultural El Secadero con un concierto y dos obras de teatro\u201d.<\/p>\n<p style=\"text-align: justify;\">La concejal explica que este viernes, 24 de marzo, a partir de las 20:30 horas, dentro del proyecto cultural Bocados Sonoros se podr\u00e1 disfrutar de la actuaci\u00f3n \u2018Vientos de Salmor\u2019. \u201cUn proyecto liderado por Pablo D\u00edaz, m\u00fasico nacido en Tenerife, que constituye una propuesta de renovaci\u00f3n del sonido del pito herre\u00f1o, y cuya experiencia profesional abarca tanto el g\u00e9nero cl\u00e1sico como la m\u00fasica popular, el jazz y las m\u00fasicas del mundo.<\/p>\n<p style=\"text-align: justify;\">D\u00edaz ha sido componente de la Joven Orquesta Sinf\u00f3nica de Tenerife, de la Camerata Cl\u00e1sica de Canarias, de la orquesta residente del FIMUCIT\u00c9, Festival Internacional de M\u00fasica de Cine de Tenerife, y de la \u00d3pera de C\u00e1mara de Canarias. Tambi\u00e9n ha formado parte de la orquesta de las producciones del Auditorio de Tenerife \u2018Jesucristo Superstar\u2019 y \u2018Sunset Boulevard\u2019, con Paloma San Basilio. Adem\u00e1s, es colaborador habitual de muchas formaciones como la \u2018Big Band de Canarias\u2019 dirigida por Kike Perdomo, con la que ha realizado dos trabajos discogr\u00e1ficos y ha tocado en varios festivales; del guitarrista David Minguill\u00f3n; o del grupo de m\u00fasica cubana \u2018Quimbao la nuit\u2019. Tambi\u00e9n ha sido adem\u00e1s componente del grupo Los Sabande\u00f1os durante 15 a\u00f1os.<\/p>\n<p style=\"text-align: justify;\">El s\u00e1bado 25 a partir de las 20:00 horas, y dentro del programa \u2018Secadero en Tablas\u2019 tendr\u00e1 lugar Diosas del Olvido de Z\u00e1latta Teatro.<\/p>\n<p style=\"text-align: justify;\">La edil explica que se trata de una obra teatral construida a partir de tres ejes complementarios: el m\u00edtico, el hist\u00f3rico y el social, y otras tantas miradas que se entrelazan para construir un espect\u00e1culo sobre la belleza, la fuerza y la capacidad creadora de la mujer contempor\u00e1nea, en un mundo cada vez m\u00e1s competitivo e insolidario, carente de ra\u00edces y afectos. \u201cSon historias de mujeres que siguen hoy en el olvido, bien en las orillas del mundo en desarrollo, o bien en el silencio carcelario en que se han convertido sus hogares, buscando su identidad en un mundo m\u00e1s<br \/>\npolarizado y competitivo\u201d.<\/p>\n<p style=\"text-align: justify;\">Z\u00e1latta Teatro se cre\u00f3 en 1988, de la uni\u00f3n del actor, director y productor Telesforo Rodr\u00edguez y la actriz, cantante y productora Eva Gonz\u00e1lez. En su prop\u00f3sito itinerante con sus propuestas teatrales, Z\u00e1latta Teatro ha llevado sus espect\u00e1culos a diferentes, Teatros, Salas, Festivales y Ferias de car\u00e1cter nacional e internacional. Entre otros lugares, adem\u00e1s de Canarias, sus obras se han podido ver en: Madrid, Barcelona, Galicia, Cantabria, Castilla \u2013 La Mancha, Andaluc\u00eda, Argentina, Colombia, etc. Es en Colombia donde en el a\u00f1o 2017, realiza la gira de un mes, primera compa\u00f1\u00eda canaria que hace este tipo de gira, con la obra \u2018La profesora Rosalba Scholasticus\u2019 del dramaturgo colombiano Rodrigo Rodr\u00edguez, Premio Nacional de Teatro de Colombia.<br \/>\nUna coproducci\u00f3n con Ditirambo Teatro de Colombia, presentada en cinco teatros y quince funciones entre Bogot\u00e1 y Medell\u00edn.<\/p>\n<p style=\"text-align: justify;\">Tambi\u00e9n ese mismo a\u00f1o inaugura en Las Mercedes, La Laguna, su propia sala de teatro: Z\u00e1latta Espacio Esc\u00e9nico. Un espacio que contar\u00e1 con una programaci\u00f3n de temporada. Una sala donde adem\u00e1s de sus propias propuestas teatrales, han pasado compa\u00f1\u00edas de Canarias, Cantabria, Barcelona, Madrid, Argentina, Colombia o M\u00e9xico; adem\u00e1s de diversos artistas canarios.<\/p>\n<p style=\"text-align: justify;\">Por otro lado, el domingo, 26 de marzo, a partir de las 12:00 horas tendr\u00e1 lugar la obra \u2018De aqu\u00ed para all\u00e1\u2019 , con Lydia Botana, dentro del ciclo de Menudo Teatro. \u201cSe trata de un proyecto de m\u00fasica infantil en el que viajamos alrededor del mundo aprendiendo, escuchando, bailando y cantando las m\u00fasicas de cada lugar, as\u00ed como haciendo part\u00edcipe al p\u00fablico en la b\u00fasqueda de nuevos sonidos. A trav\u00e9s de la m\u00fasica, contaremos la historia de una mariposa que termina su metamorfosis con el sonido de los instrumentos musicales. Nos embarcaremos en un viaje musical alrededor del mundo pasando por Brasil, Cuba, Jamaica, los Balcanes, Estados Unidos, Galicia y lugares que est\u00e1n por descubrir. Una divertida aventura en la que descubriremos paisajes sonoros distintos disfrutando y aprendiendo al mismo tiempo\u201d, explica.<\/p>\n<p style=\"text-align: justify;\">Lydia Botana se autodenomina m\u00fasica n\u00f3mada. Con sus proyectos \u201cBolboreta\u201d y \u201cDe aqu\u00ed para all\u00e1\u201d ha llevado sus canciones por todo el mundo, inspirando e inspir\u00e1ndose de un aut\u00e9ntico intercambio cultural all\u00ed donde va.<\/p>\n<p style=\"text-align: justify;\">Por \u00faltimo, desde el Ayuntamiento de Los Llanos de Aridane se recuerda que las entradas se pueden reservar en reservas en <a href=\"http:\/\/www.tuticketlapalma.com\">www.tuticketlapalma.com<\/a> a un precio de 5 euros el concierto de Bocados Sonoros y la obra teatral de Secadero en Tablas, mientras que la actividad de Menudo teatro es a un precio de 3 \u20ac\u201d.<\/p>\n<p>[\/vc_column_text][\/vc_column][\/vc_row]<\/p>\n<\/section>","protected":false},"excerpt":{"rendered":"<p>[vc_row css_animation=\u00bb\u00bb row_type=\u00bbrow\u00bb use_row_as_full_screen_section=\u00bbno\u00bb type=\u00bbfull_width\u00bb angled_section=\u00bbno\u00bb text_align=\u00bbleft\u00bb background_image_as_pattern=\u00bbwithout_pattern\u00bb][vc_column][vc_row_inner row_type=\u00bbrow\u00bb type=\u00bbgrid\u00bb text_align=\u00bbleft\u00bb css_animation=\u00bb\u00bb][vc_column_inner][vc_empty_space height=\u00bb20px\u00bb][vc_empty_space height=\u00bb20px\u00bb][\/vc_column_inner][\/vc_row_inner][vc_column_text] El concejal de Cultura, Charo Gonz\u00e1lez, confirma que las entradas para estas actividades se pueden reservar ya en www.tuticketlapalma.com. &nbsp; Los Llanos de Aridane, 21 de marzo de 2023.- El Ayuntamiento&#8230;<\/p>\n","protected":false},"author":1,"featured_media":2543,"comment_status":"closed","ping_status":"open","sticky":false,"template":"","format":"standard","meta":{"footnotes":""},"categories":[6],"tags":[],"class_list":["post-1502","post","type-post","status-publish","format-standard","has-post-thumbnail","hentry","category-prensa"],"yoast_head":"<!-- This site is optimized with the Yoast SEO plugin v22.7 - https:\/\/yoast.com\/wordpress\/plugins\/seo\/ -->\n<title>El Espacio Cultural El Secadero de Los Llanos de Aridane contar\u00e1 con un concierto y dos obras de teatro este fin de semana - Ayuntamiento de Los Llanos de Aridane<\/title>\n<meta name=\"description\" content=\"El Ayuntamiento de Los Llanos de Aridane presenta el cartel y el programa de La Patrona 2021 con el lema \u201cRemedios, m\u00e1s que un nombre.\u201d\" \/>\n<meta name=\"robots\" content=\"index, follow, max-snippet:-1, max-image-preview:large, max-video-preview:-1\" \/>\n<link rel=\"canonical\" href=\"https:\/\/www.aridane.org\/city\/2023\/03\/21\/el-espacio-cultural-el-secadero-de-los-llanos-de-aridane-contara-con-un-concierto-y-dos-obras-de-teatro-este-fin-de-semana\/\" \/>\n<meta property=\"og:locale\" content=\"es_ES\" \/>\n<meta property=\"og:type\" content=\"article\" \/>\n<meta property=\"og:title\" content=\"El Espacio Cultural El Secadero de Los Llanos de Aridane contar\u00e1 con un concierto y dos obras de teatro este fin de semana - Ayuntamiento de Los Llanos de Aridane\" \/>\n<meta property=\"og:description\" content=\"El Ayuntamiento de Los Llanos de Aridane presenta el cartel y el programa de La Patrona 2021 con el lema \u201cRemedios, m\u00e1s que un nombre.\u201d\" \/>\n<meta property=\"og:url\" content=\"https:\/\/www.aridane.org\/city\/2023\/03\/21\/el-espacio-cultural-el-secadero-de-los-llanos-de-aridane-contara-con-un-concierto-y-dos-obras-de-teatro-este-fin-de-semana\/\" \/>\n<meta property=\"og:site_name\" content=\"Ayuntamiento de Los Llanos de Aridane\" \/>\n<meta property=\"article:published_time\" content=\"2023-03-21T10:29:48+00:00\" \/>\n<meta property=\"article:modified_time\" content=\"2023-07-26T12:34:36+00:00\" \/>\n<meta property=\"og:image\" content=\"https:\/\/www.aridane.org\/city\/wp-content\/uploads\/2023\/03\/Cultura508609_2-1.jpg\" \/>\n\t<meta property=\"og:image:width\" content=\"1200\" \/>\n\t<meta property=\"og:image:height\" content=\"675\" \/>\n\t<meta property=\"og:image:type\" content=\"image\/jpeg\" \/>\n<meta name=\"author\" content=\"Richard Diaz\" \/>\n<meta name=\"twitter:card\" content=\"summary_large_image\" \/>\n<meta name=\"twitter:label1\" content=\"Escrito por\" \/>\n\t<meta name=\"twitter:data1\" content=\"Richard Diaz\" \/>\n\t<meta name=\"twitter:label2\" content=\"Tiempo de lectura\" \/>\n\t<meta name=\"twitter:data2\" content=\"4 minutos\" \/>\n<script type=\"application\/ld+json\" class=\"yoast-schema-graph\">{\"@context\":\"https:\/\/schema.org\",\"@graph\":[{\"@type\":\"WebPage\",\"@id\":\"https:\/\/www.aridane.org\/city\/2023\/03\/21\/el-espacio-cultural-el-secadero-de-los-llanos-de-aridane-contara-con-un-concierto-y-dos-obras-de-teatro-este-fin-de-semana\/\",\"url\":\"https:\/\/www.aridane.org\/city\/2023\/03\/21\/el-espacio-cultural-el-secadero-de-los-llanos-de-aridane-contara-con-un-concierto-y-dos-obras-de-teatro-este-fin-de-semana\/\",\"name\":\"El Espacio Cultural El Secadero de Los Llanos de Aridane contar\u00e1 con un concierto y dos obras de teatro este fin de semana - Ayuntamiento de Los Llanos de Aridane\",\"isPartOf\":{\"@id\":\"https:\/\/www.aridane.org\/city\/#website\"},\"primaryImageOfPage\":{\"@id\":\"https:\/\/www.aridane.org\/city\/2023\/03\/21\/el-espacio-cultural-el-secadero-de-los-llanos-de-aridane-contara-con-un-concierto-y-dos-obras-de-teatro-este-fin-de-semana\/#primaryimage\"},\"image\":{\"@id\":\"https:\/\/www.aridane.org\/city\/2023\/03\/21\/el-espacio-cultural-el-secadero-de-los-llanos-de-aridane-contara-con-un-concierto-y-dos-obras-de-teatro-este-fin-de-semana\/#primaryimage\"},\"thumbnailUrl\":\"https:\/\/www.aridane.org\/city\/wp-content\/uploads\/2023\/03\/Cultura508609_2-1.jpg\",\"datePublished\":\"2023-03-21T10:29:48+00:00\",\"dateModified\":\"2023-07-26T12:34:36+00:00\",\"author\":{\"@id\":\"https:\/\/www.aridane.org\/city\/#\/schema\/person\/7d352ec7f29881716f298394432e7209\"},\"description\":\"El Ayuntamiento de Los Llanos de Aridane presenta el cartel y el programa de La Patrona 2021 con el lema \u201cRemedios, m\u00e1s que un nombre.\u201d\",\"breadcrumb\":{\"@id\":\"https:\/\/www.aridane.org\/city\/2023\/03\/21\/el-espacio-cultural-el-secadero-de-los-llanos-de-aridane-contara-con-un-concierto-y-dos-obras-de-teatro-este-fin-de-semana\/#breadcrumb\"},\"inLanguage\":\"es\",\"potentialAction\":[{\"@type\":\"ReadAction\",\"target\":[\"https:\/\/www.aridane.org\/city\/2023\/03\/21\/el-espacio-cultural-el-secadero-de-los-llanos-de-aridane-contara-con-un-concierto-y-dos-obras-de-teatro-este-fin-de-semana\/\"]}]},{\"@type\":\"ImageObject\",\"inLanguage\":\"es\",\"@id\":\"https:\/\/www.aridane.org\/city\/2023\/03\/21\/el-espacio-cultural-el-secadero-de-los-llanos-de-aridane-contara-con-un-concierto-y-dos-obras-de-teatro-este-fin-de-semana\/#primaryimage\",\"url\":\"https:\/\/www.aridane.org\/city\/wp-content\/uploads\/2023\/03\/Cultura508609_2-1.jpg\",\"contentUrl\":\"https:\/\/www.aridane.org\/city\/wp-content\/uploads\/2023\/03\/Cultura508609_2-1.jpg\",\"width\":1200,\"height\":675},{\"@type\":\"BreadcrumbList\",\"@id\":\"https:\/\/www.aridane.org\/city\/2023\/03\/21\/el-espacio-cultural-el-secadero-de-los-llanos-de-aridane-contara-con-un-concierto-y-dos-obras-de-teatro-este-fin-de-semana\/#breadcrumb\",\"itemListElement\":[{\"@type\":\"ListItem\",\"position\":1,\"name\":\"Portada\",\"item\":\"https:\/\/www.aridane.org\/city\/\"},{\"@type\":\"ListItem\",\"position\":2,\"name\":\"El Espacio Cultural El Secadero de Los Llanos de Aridane contar\u00e1 con un concierto y dos obras de teatro este fin de semana\"}]},{\"@type\":\"WebSite\",\"@id\":\"https:\/\/www.aridane.org\/city\/#website\",\"url\":\"https:\/\/www.aridane.org\/city\/\",\"name\":\"Ayuntamiento de Los Llanos de Aridane\",\"description\":\"\",\"potentialAction\":[{\"@type\":\"SearchAction\",\"target\":{\"@type\":\"EntryPoint\",\"urlTemplate\":\"https:\/\/www.aridane.org\/city\/?s={search_term_string}\"},\"query-input\":\"required name=search_term_string\"}],\"inLanguage\":\"es\"},{\"@type\":\"Person\",\"@id\":\"https:\/\/www.aridane.org\/city\/#\/schema\/person\/7d352ec7f29881716f298394432e7209\",\"name\":\"Richard Diaz\",\"image\":{\"@type\":\"ImageObject\",\"inLanguage\":\"es\",\"@id\":\"https:\/\/www.aridane.org\/city\/#\/schema\/person\/image\/\",\"url\":\"https:\/\/secure.gravatar.com\/avatar\/bacd6aefc26a4a204943090a4c596cd10f0857081ef3cfd12084a70ecb3161d5?s=96&d=mm&r=g\",\"contentUrl\":\"https:\/\/secure.gravatar.com\/avatar\/bacd6aefc26a4a204943090a4c596cd10f0857081ef3cfd12084a70ecb3161d5?s=96&d=mm&r=g\",\"caption\":\"Richard Diaz\"},\"sameAs\":[\"https:\/\/www.aridane.org\/city\"],\"url\":\"https:\/\/www.aridane.org\/city\/author\/richard-diaz\/\"}]}<\/script>\n<!-- \/ Yoast SEO plugin. -->","yoast_head_json":{"title":"El Espacio Cultural El Secadero de Los Llanos de Aridane contar\u00e1 con un concierto y dos obras de teatro este fin de semana - Ayuntamiento de Los Llanos de Aridane","description":"El Ayuntamiento de Los Llanos de Aridane presenta el cartel y el programa de La Patrona 2021 con el lema \u201cRemedios, m\u00e1s que un nombre.\u201d","robots":{"index":"index","follow":"follow","max-snippet":"max-snippet:-1","max-image-preview":"max-image-preview:large","max-video-preview":"max-video-preview:-1"},"canonical":"https:\/\/www.aridane.org\/city\/2023\/03\/21\/el-espacio-cultural-el-secadero-de-los-llanos-de-aridane-contara-con-un-concierto-y-dos-obras-de-teatro-este-fin-de-semana\/","og_locale":"es_ES","og_type":"article","og_title":"El Espacio Cultural El Secadero de Los Llanos de Aridane contar\u00e1 con un concierto y dos obras de teatro este fin de semana - Ayuntamiento de Los Llanos de Aridane","og_description":"El Ayuntamiento de Los Llanos de Aridane presenta el cartel y el programa de La Patrona 2021 con el lema \u201cRemedios, m\u00e1s que un nombre.\u201d","og_url":"https:\/\/www.aridane.org\/city\/2023\/03\/21\/el-espacio-cultural-el-secadero-de-los-llanos-de-aridane-contara-con-un-concierto-y-dos-obras-de-teatro-este-fin-de-semana\/","og_site_name":"Ayuntamiento de Los Llanos de Aridane","article_published_time":"2023-03-21T10:29:48+00:00","article_modified_time":"2023-07-26T12:34:36+00:00","og_image":[{"width":1200,"height":675,"url":"https:\/\/www.aridane.org\/city\/wp-content\/uploads\/2023\/03\/Cultura508609_2-1.jpg","type":"image\/jpeg"}],"author":"Richard Diaz","twitter_card":"summary_large_image","twitter_misc":{"Escrito por":"Richard Diaz","Tiempo de lectura":"4 minutos"},"schema":{"@context":"https:\/\/schema.org","@graph":[{"@type":"WebPage","@id":"https:\/\/www.aridane.org\/city\/2023\/03\/21\/el-espacio-cultural-el-secadero-de-los-llanos-de-aridane-contara-con-un-concierto-y-dos-obras-de-teatro-este-fin-de-semana\/","url":"https:\/\/www.aridane.org\/city\/2023\/03\/21\/el-espacio-cultural-el-secadero-de-los-llanos-de-aridane-contara-con-un-concierto-y-dos-obras-de-teatro-este-fin-de-semana\/","name":"El Espacio Cultural El Secadero de Los Llanos de Aridane contar\u00e1 con un concierto y dos obras de teatro este fin de semana - Ayuntamiento de Los Llanos de Aridane","isPartOf":{"@id":"https:\/\/www.aridane.org\/city\/#website"},"primaryImageOfPage":{"@id":"https:\/\/www.aridane.org\/city\/2023\/03\/21\/el-espacio-cultural-el-secadero-de-los-llanos-de-aridane-contara-con-un-concierto-y-dos-obras-de-teatro-este-fin-de-semana\/#primaryimage"},"image":{"@id":"https:\/\/www.aridane.org\/city\/2023\/03\/21\/el-espacio-cultural-el-secadero-de-los-llanos-de-aridane-contara-con-un-concierto-y-dos-obras-de-teatro-este-fin-de-semana\/#primaryimage"},"thumbnailUrl":"https:\/\/www.aridane.org\/city\/wp-content\/uploads\/2023\/03\/Cultura508609_2-1.jpg","datePublished":"2023-03-21T10:29:48+00:00","dateModified":"2023-07-26T12:34:36+00:00","author":{"@id":"https:\/\/www.aridane.org\/city\/#\/schema\/person\/7d352ec7f29881716f298394432e7209"},"description":"El Ayuntamiento de Los Llanos de Aridane presenta el cartel y el programa de La Patrona 2021 con el lema \u201cRemedios, m\u00e1s que un nombre.\u201d","breadcrumb":{"@id":"https:\/\/www.aridane.org\/city\/2023\/03\/21\/el-espacio-cultural-el-secadero-de-los-llanos-de-aridane-contara-con-un-concierto-y-dos-obras-de-teatro-este-fin-de-semana\/#breadcrumb"},"inLanguage":"es","potentialAction":[{"@type":"ReadAction","target":["https:\/\/www.aridane.org\/city\/2023\/03\/21\/el-espacio-cultural-el-secadero-de-los-llanos-de-aridane-contara-con-un-concierto-y-dos-obras-de-teatro-este-fin-de-semana\/"]}]},{"@type":"ImageObject","inLanguage":"es","@id":"https:\/\/www.aridane.org\/city\/2023\/03\/21\/el-espacio-cultural-el-secadero-de-los-llanos-de-aridane-contara-con-un-concierto-y-dos-obras-de-teatro-este-fin-de-semana\/#primaryimage","url":"https:\/\/www.aridane.org\/city\/wp-content\/uploads\/2023\/03\/Cultura508609_2-1.jpg","contentUrl":"https:\/\/www.aridane.org\/city\/wp-content\/uploads\/2023\/03\/Cultura508609_2-1.jpg","width":1200,"height":675},{"@type":"BreadcrumbList","@id":"https:\/\/www.aridane.org\/city\/2023\/03\/21\/el-espacio-cultural-el-secadero-de-los-llanos-de-aridane-contara-con-un-concierto-y-dos-obras-de-teatro-este-fin-de-semana\/#breadcrumb","itemListElement":[{"@type":"ListItem","position":1,"name":"Portada","item":"https:\/\/www.aridane.org\/city\/"},{"@type":"ListItem","position":2,"name":"El Espacio Cultural El Secadero de Los Llanos de Aridane contar\u00e1 con un concierto y dos obras de teatro este fin de semana"}]},{"@type":"WebSite","@id":"https:\/\/www.aridane.org\/city\/#website","url":"https:\/\/www.aridane.org\/city\/","name":"Ayuntamiento de Los Llanos de Aridane","description":"","potentialAction":[{"@type":"SearchAction","target":{"@type":"EntryPoint","urlTemplate":"https:\/\/www.aridane.org\/city\/?s={search_term_string}"},"query-input":"required name=search_term_string"}],"inLanguage":"es"},{"@type":"Person","@id":"https:\/\/www.aridane.org\/city\/#\/schema\/person\/7d352ec7f29881716f298394432e7209","name":"Richard Diaz","image":{"@type":"ImageObject","inLanguage":"es","@id":"https:\/\/www.aridane.org\/city\/#\/schema\/person\/image\/","url":"https:\/\/secure.gravatar.com\/avatar\/bacd6aefc26a4a204943090a4c596cd10f0857081ef3cfd12084a70ecb3161d5?s=96&d=mm&r=g","contentUrl":"https:\/\/secure.gravatar.com\/avatar\/bacd6aefc26a4a204943090a4c596cd10f0857081ef3cfd12084a70ecb3161d5?s=96&d=mm&r=g","caption":"Richard Diaz"},"sameAs":["https:\/\/www.aridane.org\/city"],"url":"https:\/\/www.aridane.org\/city\/author\/richard-diaz\/"}]}},"_links":{"self":[{"href":"https:\/\/www.aridane.org\/city\/wp-json\/wp\/v2\/posts\/1502","targetHints":{"allow":["GET"]}}],"collection":[{"href":"https:\/\/www.aridane.org\/city\/wp-json\/wp\/v2\/posts"}],"about":[{"href":"https:\/\/www.aridane.org\/city\/wp-json\/wp\/v2\/types\/post"}],"author":[{"embeddable":true,"href":"https:\/\/www.aridane.org\/city\/wp-json\/wp\/v2\/users\/1"}],"replies":[{"embeddable":true,"href":"https:\/\/www.aridane.org\/city\/wp-json\/wp\/v2\/comments?post=1502"}],"version-history":[{"count":1,"href":"https:\/\/www.aridane.org\/city\/wp-json\/wp\/v2\/posts\/1502\/revisions"}],"predecessor-version":[{"id":2542,"href":"https:\/\/www.aridane.org\/city\/wp-json\/wp\/v2\/posts\/1502\/revisions\/2542"}],"wp:featuredmedia":[{"embeddable":true,"href":"https:\/\/www.aridane.org\/city\/wp-json\/wp\/v2\/media\/2543"}],"wp:attachment":[{"href":"https:\/\/www.aridane.org\/city\/wp-json\/wp\/v2\/media?parent=1502"}],"wp:term":[{"taxonomy":"category","embeddable":true,"href":"https:\/\/www.aridane.org\/city\/wp-json\/wp\/v2\/categories?post=1502"},{"taxonomy":"post_tag","embeddable":true,"href":"https:\/\/www.aridane.org\/city\/wp-json\/wp\/v2\/tags?post=1502"}],"curies":[{"name":"wp","href":"https:\/\/api.w.org\/{rel}","templated":true}]}}